{"id":67096,"date":"2012-12-24T19:08:50","date_gmt":"2012-12-24T18:08:50","guid":{"rendered":"http:\/\/www.visit-ulcinj.com\/blog\/?p=67096"},"modified":"2012-12-24T19:17:37","modified_gmt":"2012-12-24T18:17:37","slug":"sinistaj-ako-nas-dukanovic-prevari-napustam-vlast","status":"publish","type":"post","link":"https:\/\/www.visit-ulcinj.com\/blog\/2012\/12\/24\/sinistaj-ako-nas-dukanovic-prevari-napustam-vlast\/","title":{"rendered":"Sini\u0161taj: Ako nas \u0110ukanovi\u0107 prevari, napu\u0161tam vlast"},"content":{"rendered":"<p>&#8220;Mislim da \u0107e to biti zadnji put da stavljamo potpis na sporazume sa njim, ako ovo ne ispo\u0161tuje&#8221;, kazao je Sini\u0161taj<\/p>\n<div id=\"attachment_67100\" style=\"width: 518px\" class=\"wp-caption alignleft\"><a href=\"http:\/\/www.visit-ulcinj.com\/blog\/wp-content\/uploads\/2012\/12\/Vaselj-Sinistaj.jpg\"><img aria-describedby=\"caption-attachment-67100\" loading=\"lazy\" class=\" wp-image-67100\" alt=\"Vaselj Sinistaj\" src=\"http:\/\/www.visit-ulcinj.com\/blog\/wp-content\/uploads\/2012\/12\/Vaselj-Sinistaj.jpg\" width=\"508\" height=\"360\" \/><\/a><p id=\"caption-attachment-67100\" class=\"wp-caption-text\">Foto: Vijesti<\/p><\/div>\n<p>&nbsp;<\/p>\n<p>Funkcioner \u201cForce za jedinstvo\u201d Vaselj Sini\u0161taj kazao je da \u0107e napustiti vladaju\u0107u koaliciju ukoliko premijer Milo \u0110ukanovi\u0107 ne ispuni dogovor iz sporazuma sa predstavnicima manjinskih stranaka o formiranju vladaju\u0107e ve\u0107ine.<\/p>\n<p>Sini\u0161taj je na sjednici Gradske op\u0161tine Tuzi ju\u010de poru\u010dio da od \u0110ukanovi\u0107a prije svega o\u010dekuje da ispuni obe\u0107anje o formiranju punopravne op\u0161tine Tuzi.<\/p>\n<p>\u201cVjerujem da \u0107e premijer u\u010diniti sve da se ispo\u0161tuje ono na \u0161ta je stavio potpis. Mislim da \u0107e to biti zadnji put da stavljamo potpis na sporazume sa njim, ako ovo ne ispo\u0161tuje. Ja u\u010de\u0161\u0107e u vlasti ve\u017eem za odre\u0111eni vremenski peirod, a ako se nakon toga ne ispune zahtjevi, javno vam ka\u017eem da li\u010dno vi\u0161e ne\u0107u biti dio vlasti\u201d, kazao je Sini\u0161taj koji bi ponovo u poslani\u010dke klupe trebao da se vrati za dvije godine tako \u0161to bi zamijenio Genci Nimanbegua.<\/p>\n<p>On je kritikovao odluku Glavnog grada da prolongira odr\u017eavanje referenduma o op\u0161tini Tuzi, iako je \u0110ukanovi\u0107 tokom predizborne kampanje poru\u010dio da \u0107e referendum biti odr\u017ean uporedo sa predsjedni\u010dkim izborima na prolje\u0107e 2013. godine.<\/p>\n<p>U odluci koju je potpisao podgori\u010dki gradona\u010delnik Miomir Mugo\u0161a, navodi se da je prije raspisivanja referenduma Glavni grad mora da ispuni odre\u0111ene zakonske pretpostavke za finansiranje studije opravdanosti teritorijalne promjene. Kako je poja\u0161njeno, to podrazumijeva usvajanje bud\u017eeta za 2013. godinu, kao i dono\u0161enje programa rada podgori\u010dkog parlamenta za narednu godinu, programa javnih nabavki i raspisivanje tendera za najboljeg ponu\u0111a\u010da za izbor studije. U Mugo\u0161inom odgovoru odbornicima u Tuzima, navodi se da nema zakonskih smetnji da se konsultativni referendum odr\u017ei kad i predsjedni\u010dki izbori, ali da bi njihovo organizovanje istog dana uzrokovalo brojne probleme u organizaciji a ne bi smanjilo ukupne tro\u0161kove.<\/p>\n<p>Navodi se i da se Glavni grad izjasnio o studiju o opravdanosti formiranja op\u0161tine Malesija koju su dr\u017eavnom parlamentu ljetos predali Sini\u0161taj i poslanik Force Genci Nimanbegu, ali da ona nije procesuirana zbog ka\u0161njenja sa konstituisanjem vlade.<\/p>\n<p>Sini\u0161taj je kazao da vlast time nastavlja sa diskriminacijom lokalne samouprave.<\/p>\n<p><a href=\"http:\/\/www.vijesti.me\/vijesti\/sinistaj-ako-nas-dukanovic-prevari-napustam-vlast-clanak-105847\" target=\"_blank\"><strong>Haris \u0160aboti\u0107<\/strong><\/a><br \/>\n<a href=\"http:\/\/www.vijesti.me\/vijesti\/sinistaj-ako-nas-dukanovic-prevari-napustam-vlast-clanak-105847\" target=\"_blank\"><strong>Vijesti online<\/strong><\/a><\/p>\n","protected":false},"excerpt":{"rendered":"<p>&#8220;Mislim da \u0107e to biti zadnji put da stavljamo potpis na sporazume sa njim, ako ovo ne ispo\u0161tuje&#8221;, kazao je Sini\u0161taj &nbsp; Funkcioner \u201cForce za jedinstvo\u201d Vaselj Sini\u0161taj kazao je da \u0107e napustiti vladaju\u0107u koaliciju ukoliko premijer Milo \u0110ukanovi\u0107 ne ispuni dogovor iz sporazuma sa predstavnicima manjinskih stranaka o formiranju vladaju\u0107e ve\u0107ine. Sini\u0161taj je na [&hellip;]<\/p>\n","protected":false},"author":1,"featured_media":0,"comment_status":"open","ping_status":"closed","sticky":false,"template":"","format":"standard","meta":{"spay_email":"","jetpack_publicize_message":"","jetpack_is_tweetstorm":false,"jetpack_publicize_feature_enabled":true},"categories":[6950],"tags":[201,2474],"jetpack_publicize_connections":[],"yoast_head":"<!-- This site is optimized with the Yoast SEO plugin v19.1 - https:\/\/yoast.com\/wordpress\/plugins\/seo\/ -->\n<title>Sini\u0161taj: Ako nas \u0110ukanovi\u0107 prevari, napu\u0161tam vlast - Lajme nga Ulqini<\/title>\n<meta name=\"description\" content=\"&quot;Mislim da \u0107e to biti zadnji put da stavljamo potpis na sporazume sa njim, ako ovo ne ispo\u0161tuje&quot;, kazao je Sini\u0161taj &nbsp; Funkcioner \u201cForce za jedinstvo\u201d\" \/>\n<meta name=\"robots\" content=\"index, follow, max-snippet:-1, max-image-preview:large, max-video-preview:-1\" \/>\n<link rel=\"canonical\" href=\"https:\/\/www.visit-ulcinj.com\/blog\/2012\/12\/24\/sinistaj-ako-nas-dukanovic-prevari-napustam-vlast\/\" \/>\n<meta property=\"og:locale\" content=\"en_US\" \/>\n<meta property=\"og:type\" content=\"article\" \/>\n<meta property=\"og:title\" content=\"Sini\u0161taj: Ako nas \u0110ukanovi\u0107 prevari, napu\u0161tam vlast - Lajme nga Ulqini\" \/>\n<meta property=\"og:description\" content=\"&quot;Mislim da \u0107e to biti zadnji put da stavljamo potpis na sporazume sa njim, ako ovo ne ispo\u0161tuje&quot;, kazao je Sini\u0161taj &nbsp; Funkcioner \u201cForce za jedinstvo\u201d\" \/>\n<meta property=\"og:url\" content=\"https:\/\/www.visit-ulcinj.com\/blog\/2012\/12\/24\/sinistaj-ako-nas-dukanovic-prevari-napustam-vlast\/\" \/>\n<meta property=\"og:site_name\" content=\"Lajme nga Ulqini\" \/>\n<meta property=\"article:published_time\" content=\"2012-12-24T18:08:50+00:00\" \/>\n<meta property=\"article:modified_time\" content=\"2012-12-24T18:17:37+00:00\" \/>\n<meta property=\"og:image\" content=\"http:\/\/www.visit-ulcinj.com\/blog\/wp-content\/uploads\/2012\/12\/Vaselj-Sinistaj.jpg\" \/>\n<meta name=\"twitter:label1\" content=\"Written by\" \/>\n\t<meta name=\"twitter:data1\" content=\"ulqini\" \/>\n\t<meta name=\"twitter:label2\" content=\"Est. reading time\" \/>\n\t<meta name=\"twitter:data2\" content=\"2 minutes\" \/>\n<script type=\"application\/ld+json\" class=\"yoast-schema-graph\">{\"@context\":\"https:\/\/schema.org\",\"@graph\":[{\"@type\":\"WebSite\",\"@id\":\"https:\/\/www.visit-ulcinj.com\/blog\/#website\",\"url\":\"https:\/\/www.visit-ulcinj.com\/blog\/\",\"name\":\"Lajme nga Ulqini\",\"description\":\"Lajme,Vijesti,Ulqini,Ulqin,Crna Gora,Mali i Zi\",\"potentialAction\":[{\"@type\":\"SearchAction\",\"target\":{\"@type\":\"EntryPoint\",\"urlTemplate\":\"https:\/\/www.visit-ulcinj.com\/blog\/?s={search_term_string}\"},\"query-input\":\"required name=search_term_string\"}],\"inLanguage\":\"en-US\"},{\"@type\":\"ImageObject\",\"inLanguage\":\"en-US\",\"@id\":\"https:\/\/www.visit-ulcinj.com\/blog\/2012\/12\/24\/sinistaj-ako-nas-dukanovic-prevari-napustam-vlast\/#primaryimage\",\"url\":\"https:\/\/www.visit-ulcinj.com\/blog\/wp-content\/uploads\/2012\/12\/Vaselj-Sinistaj.jpg\",\"contentUrl\":\"https:\/\/www.visit-ulcinj.com\/blog\/wp-content\/uploads\/2012\/12\/Vaselj-Sinistaj.jpg\",\"width\":1000,\"height\":645},{\"@type\":\"WebPage\",\"@id\":\"https:\/\/www.visit-ulcinj.com\/blog\/2012\/12\/24\/sinistaj-ako-nas-dukanovic-prevari-napustam-vlast\/#webpage\",\"url\":\"https:\/\/www.visit-ulcinj.com\/blog\/2012\/12\/24\/sinistaj-ako-nas-dukanovic-prevari-napustam-vlast\/\",\"name\":\"Sini\u0161taj: Ako nas \u0110ukanovi\u0107 prevari, napu\u0161tam vlast - Lajme nga Ulqini\",\"isPartOf\":{\"@id\":\"https:\/\/www.visit-ulcinj.com\/blog\/#website\"},\"primaryImageOfPage\":{\"@id\":\"https:\/\/www.visit-ulcinj.com\/blog\/2012\/12\/24\/sinistaj-ako-nas-dukanovic-prevari-napustam-vlast\/#primaryimage\"},\"datePublished\":\"2012-12-24T18:08:50+00:00\",\"dateModified\":\"2012-12-24T18:17:37+00:00\",\"author\":{\"@id\":\"https:\/\/www.visit-ulcinj.com\/blog\/#\/schema\/person\/dcab619c614d3038751c63bc2aadc06d\"},\"description\":\"\\\"Mislim da \u0107e to biti zadnji put da stavljamo potpis na sporazume sa njim, ako ovo ne ispo\u0161tuje\\\", kazao je Sini\u0161taj &nbsp; Funkcioner \u201cForce za jedinstvo\u201d\",\"breadcrumb\":{\"@id\":\"https:\/\/www.visit-ulcinj.com\/blog\/2012\/12\/24\/sinistaj-ako-nas-dukanovic-prevari-napustam-vlast\/#breadcrumb\"},\"inLanguage\":\"en-US\",\"potentialAction\":[{\"@type\":\"ReadAction\",\"target\":[\"https:\/\/www.visit-ulcinj.com\/blog\/2012\/12\/24\/sinistaj-ako-nas-dukanovic-prevari-napustam-vlast\/\"]}]},{\"@type\":\"BreadcrumbList\",\"@id\":\"https:\/\/www.visit-ulcinj.com\/blog\/2012\/12\/24\/sinistaj-ako-nas-dukanovic-prevari-napustam-vlast\/#breadcrumb\",\"itemListElement\":[{\"@type\":\"ListItem\",\"position\":1,\"name\":\"Sini\u0161taj: Ako nas \u0110ukanovi\u0107 prevari, napu\u0161tam vlast\"}]},{\"@type\":\"Person\",\"@id\":\"https:\/\/www.visit-ulcinj.com\/blog\/#\/schema\/person\/dcab619c614d3038751c63bc2aadc06d\",\"name\":\"ulqini\",\"sameAs\":[\"http:\/\/www.visit-ulcinj.com\"],\"url\":\"https:\/\/www.visit-ulcinj.com\/blog\/author\/admin\/\"}]}<\/script>\n<!-- \/ Yoast SEO plugin. -->","yoast_head_json":{"title":"Sini\u0161taj: Ako nas \u0110ukanovi\u0107 prevari, napu\u0161tam vlast - Lajme nga Ulqini","description":"\"Mislim da \u0107e to biti zadnji put da stavljamo potpis na sporazume sa njim, ako ovo ne ispo\u0161tuje\", kazao je Sini\u0161taj &nbsp; Funkcioner \u201cForce za jedinstvo\u201d","robots":{"index":"index","follow":"follow","max-snippet":"max-snippet:-1","max-image-preview":"max-image-preview:large","max-video-preview":"max-video-preview:-1"},"canonical":"https:\/\/www.visit-ulcinj.com\/blog\/2012\/12\/24\/sinistaj-ako-nas-dukanovic-prevari-napustam-vlast\/","og_locale":"en_US","og_type":"article","og_title":"Sini\u0161taj: Ako nas \u0110ukanovi\u0107 prevari, napu\u0161tam vlast - Lajme nga Ulqini","og_description":"\"Mislim da \u0107e to biti zadnji put da stavljamo potpis na sporazume sa njim, ako ovo ne ispo\u0161tuje\", kazao je Sini\u0161taj &nbsp; Funkcioner \u201cForce za jedinstvo\u201d","og_url":"https:\/\/www.visit-ulcinj.com\/blog\/2012\/12\/24\/sinistaj-ako-nas-dukanovic-prevari-napustam-vlast\/","og_site_name":"Lajme nga Ulqini","article_published_time":"2012-12-24T18:08:50+00:00","article_modified_time":"2012-12-24T18:17:37+00:00","og_image":[{"url":"http:\/\/www.visit-ulcinj.com\/blog\/wp-content\/uploads\/2012\/12\/Vaselj-Sinistaj.jpg"}],"twitter_misc":{"Written by":"ulqini","Est. reading time":"2 minutes"},"schema":{"@context":"https:\/\/schema.org","@graph":[{"@type":"WebSite","@id":"https:\/\/www.visit-ulcinj.com\/blog\/#website","url":"https:\/\/www.visit-ulcinj.com\/blog\/","name":"Lajme nga Ulqini","description":"Lajme,Vijesti,Ulqini,Ulqin,Crna Gora,Mali i Zi","potentialAction":[{"@type":"SearchAction","target":{"@type":"EntryPoint","urlTemplate":"https:\/\/www.visit-ulcinj.com\/blog\/?s={search_term_string}"},"query-input":"required name=search_term_string"}],"inLanguage":"en-US"},{"@type":"ImageObject","inLanguage":"en-US","@id":"https:\/\/www.visit-ulcinj.com\/blog\/2012\/12\/24\/sinistaj-ako-nas-dukanovic-prevari-napustam-vlast\/#primaryimage","url":"https:\/\/www.visit-ulcinj.com\/blog\/wp-content\/uploads\/2012\/12\/Vaselj-Sinistaj.jpg","contentUrl":"https:\/\/www.visit-ulcinj.com\/blog\/wp-content\/uploads\/2012\/12\/Vaselj-Sinistaj.jpg","width":1000,"height":645},{"@type":"WebPage","@id":"https:\/\/www.visit-ulcinj.com\/blog\/2012\/12\/24\/sinistaj-ako-nas-dukanovic-prevari-napustam-vlast\/#webpage","url":"https:\/\/www.visit-ulcinj.com\/blog\/2012\/12\/24\/sinistaj-ako-nas-dukanovic-prevari-napustam-vlast\/","name":"Sini\u0161taj: Ako nas \u0110ukanovi\u0107 prevari, napu\u0161tam vlast - Lajme nga Ulqini","isPartOf":{"@id":"https:\/\/www.visit-ulcinj.com\/blog\/#website"},"primaryImageOfPage":{"@id":"https:\/\/www.visit-ulcinj.com\/blog\/2012\/12\/24\/sinistaj-ako-nas-dukanovic-prevari-napustam-vlast\/#primaryimage"},"datePublished":"2012-12-24T18:08:50+00:00","dateModified":"2012-12-24T18:17:37+00:00","author":{"@id":"https:\/\/www.visit-ulcinj.com\/blog\/#\/schema\/person\/dcab619c614d3038751c63bc2aadc06d"},"description":"\"Mislim da \u0107e to biti zadnji put da stavljamo potpis na sporazume sa njim, ako ovo ne ispo\u0161tuje\", kazao je Sini\u0161taj &nbsp; Funkcioner \u201cForce za jedinstvo\u201d","breadcrumb":{"@id":"https:\/\/www.visit-ulcinj.com\/blog\/2012\/12\/24\/sinistaj-ako-nas-dukanovic-prevari-napustam-vlast\/#breadcrumb"},"inLanguage":"en-US","potentialAction":[{"@type":"ReadAction","target":["https:\/\/www.visit-ulcinj.com\/blog\/2012\/12\/24\/sinistaj-ako-nas-dukanovic-prevari-napustam-vlast\/"]}]},{"@type":"BreadcrumbList","@id":"https:\/\/www.visit-ulcinj.com\/blog\/2012\/12\/24\/sinistaj-ako-nas-dukanovic-prevari-napustam-vlast\/#breadcrumb","itemListElement":[{"@type":"ListItem","position":1,"name":"Sini\u0161taj: Ako nas \u0110ukanovi\u0107 prevari, napu\u0161tam vlast"}]},{"@type":"Person","@id":"https:\/\/www.visit-ulcinj.com\/blog\/#\/schema\/person\/dcab619c614d3038751c63bc2aadc06d","name":"ulqini","sameAs":["http:\/\/www.visit-ulcinj.com"],"url":"https:\/\/www.visit-ulcinj.com\/blog\/author\/admin\/"}]}},"jetpack_featured_media_url":"","jetpack_sharing_enabled":true,"jetpack_shortlink":"https:\/\/wp.me\/pe6lTn-hsc","_links":{"self":[{"href":"https:\/\/www.visit-ulcinj.com\/blog\/wp-json\/wp\/v2\/posts\/67096"}],"collection":[{"href":"https:\/\/www.visit-ulcinj.com\/blog\/wp-json\/wp\/v2\/posts"}],"about":[{"href":"https:\/\/www.visit-ulcinj.com\/blog\/wp-json\/wp\/v2\/types\/post"}],"author":[{"embeddable":true,"href":"https:\/\/www.visit-ulcinj.com\/blog\/wp-json\/wp\/v2\/users\/1"}],"replies":[{"embeddable":true,"href":"https:\/\/www.visit-ulcinj.com\/blog\/wp-json\/wp\/v2\/comments?post=67096"}],"version-history":[{"count":4,"href":"https:\/\/www.visit-ulcinj.com\/blog\/wp-json\/wp\/v2\/posts\/67096\/revisions"}],"predecessor-version":[{"id":67099,"href":"https:\/\/www.visit-ulcinj.com\/blog\/wp-json\/wp\/v2\/posts\/67096\/revisions\/67099"}],"wp:attachment":[{"href":"https:\/\/www.visit-ulcinj.com\/blog\/wp-json\/wp\/v2\/media?parent=67096"}],"wp:term":[{"taxonomy":"category","embeddable":true,"href":"https:\/\/www.visit-ulcinj.com\/blog\/wp-json\/wp\/v2\/categories?post=67096"},{"taxonomy":"post_tag","embeddable":true,"href":"https:\/\/www.visit-ulcinj.com\/blog\/wp-json\/wp\/v2\/tags?post=67096"}],"curies":[{"name":"wp","href":"https:\/\/api.w.org\/{rel}","templated":true}]}}