{"id":6710,"date":"2008-11-25T21:22:35","date_gmt":"2008-11-25T20:22:35","guid":{"rendered":"http:\/\/www.visit-ulcinj.com\/blog\/?p=6710"},"modified":"2008-11-25T21:26:25","modified_gmt":"2008-11-25T20:26:25","slug":"cfare-permban-raporti-i-sekretarit-ban","status":"publish","type":"post","link":"https:\/\/www.visit-ulcinj.com\/blog\/2008\/11\/25\/cfare-permban-raporti-i-sekretarit-ban\/","title":{"rendered":"\u00c7far\u00eb p\u00ebrmban raporti i sekretarit Ban ?"},"content":{"rendered":"<p><a href=\"http:\/\/www.visit-ulcinj.com\/blog\/wp-content\/uploads\/2008\/11\/ban_ki_mun.jpg\"><img loading=\"lazy\" class=\"alignleft size-medium wp-image-6711\" title=\"ban_ki_mun\" src=\"http:\/\/www.visit-ulcinj.com\/blog\/wp-content\/uploads\/2008\/11\/ban_ki_mun-206x300.jpg\" alt=\"\" width=\"266\" height=\"334\" \/><\/a>Pas nj\u00eb hyrjeje ku flet p\u00ebr situat\u00ebn politike, ekonomike dhe t\u00eb siguris\u00eb prej 26 qershorit e deri m\u00eb 31 tetor 2008, Ban n\u00eb pik\u00ebn e 11 n\u00ebn titullin Diaolg me Beogradin, tregon se si i d\u00ebrguari i tij special n\u00eb Kosov\u00eb, Lamberto Zannier, ka zhvilluar konsultime dhe dialog me Prishtin\u00ebn e Beogradin, pa paragjykime p\u00ebr q\u00ebndrimin e tyre ndaj statusit n\u00eb lidhje me 6 pikat. Sipas tij, t\u00eb gjitha aranzhmanet p\u00ebr 6 pikat do t\u00eb vlejn\u00eb derisa nuk do t\u00eb krijohen mekanizma t\u00eb tjer\u00eb q\u00eb do t\u2019i pasojn\u00eb, prandaj n\u00eb k\u00ebt\u00eb kontekst Ban Ki Moon ka ardhur n\u00eb konkluzion se t\u00eb gjitha pal\u00ebt e p\u00ebrfshira n\u00eb \u00e7\u00ebshtjen e Kosov\u00ebs e kan\u00eb pranuar rikonfigurimin e pranis\u00eb nd\u00ebrkomb\u00ebtare civile. N\u00eb k\u00ebt\u00eb pik\u00eb ai m\u00eb pas paraqet rezultatet e diskutimeve p\u00ebr 6 pikat, dhe e p\u00ebrsh\u00ebndet reagimin pozitiv p\u00ebr to nga Serbia. Ban paraqet rezultatet e dialogut p\u00ebr rikonfigurimin n\u00ebp\u00ebrmjet 6 pikave, krejt\u00ebsisht t\u00eb nj\u00ebjta si\u00e7 i kishte raportuar p\u00ebr her\u00eb t\u00eb par\u00eb Kohavisioni m\u00eb 9 n\u00ebntor, nj\u00eb dit\u00eb para refuzimit t\u00eb par\u00eb zyrtar t\u00eb Prishtin\u00ebs. Kujtojm\u00eb se k\u00ebto pika q\u00eb jan\u00eb pjes\u00eb e raportit t\u00eb Ban-it kan\u00eb t\u00eb b\u00ebjn\u00eb me Policin\u00eb, doganat, drejt\u00ebsin\u00eb, transportin dhe infrastruktur\u00ebn, kufijt\u00eb dhe trash\u00ebgimin\u00eb serbe. Parashihet krijimi i stacioneve dhe n\u00ebnstacioneve t\u00eb reja policore p\u00ebr serb\u00ebt, ku v\u00ebmendje e ve\u00e7ant\u00eb do t\u2019u kushtohej kushteve t\u00eb pun\u00ebs s\u00eb polic\u00ebve serb\u00eb. K\u00ebto stacione e n\u00ebnstacione policore do t\u00eb vazhdojn\u00eb ta ken\u00eb zinxhirin e nj\u00ebjt\u00eb komandues dhe do t\u00eb monitorohen nga Policia nd\u00ebrkomb\u00ebtare. Komisari nd\u00ebrkomb\u00ebtar i policis\u00eb, n\u00eb konsultim me PSSP-n\u00eb do t\u00eb em\u00ebroj\u00eb komandant\u00ebt serb\u00eb t\u00eb policis\u00eb, q\u00eb do t\u2019i raportojn\u00eb nd\u00ebrkomb\u00ebtar\u00ebve. Kosova do t\u00eb vazhdoj\u00eb t\u00eb funksionoj\u00eb si nj\u00eb rajon i vet\u00ebm doganor, por n\u00eb portat 1 e 31 do t\u00eb ktheheshin oficer\u00eb nd\u00ebrkomb\u00ebtar\u00eb t\u00eb doganave. Do t\u00eb aplikohej Rezoluta 1244, kurse tarifat e aplikueshme do t\u00eb ishin n\u00eb p\u00ebrputhje me Rregulloren 2004\/1. T\u00eb tjera diskutime do t\u00eb zhvillohen p\u00ebr form\u00ebn e shp\u00ebrndarjes s\u00eb t\u00eb ardhurave nga k\u00ebto pika doganore. N\u00eb pik\u00ebn e tret\u00eb, at\u00eb t\u00eb drejt\u00ebsis\u00eb, thuhet se n\u00eb Gjykat\u00ebn e rihapur t\u00eb Mitrovic\u00ebs, n\u00eb nj\u00eb periudh\u00eb m\u00eb t\u00eb vonshme do t\u00eb em\u00ebrohen gjykat\u00ebs dhe prokuror\u00eb lokal\u00eb do n\u00eb pajtueshm\u00ebri me Rezolut\u00ebn 1244. Pika e kat\u00ebrt p\u00ebr transport dhe infrastruktur\u00eb thot\u00eb se diskutimet kan\u00eb dh\u00ebn\u00eb shenja t\u00eb pranimit t\u00eb nevoj\u00ebs p\u00ebr bashk\u00ebpunim t\u00eb ngusht\u00eb p\u00ebr \u00e7\u00ebshtjet e m\u00ebdha infrastrukturore (rrug\u00eb, hekurudh\u00eb, uj\u00eb, energji elektrike), dhe se dialogu do t\u00eb ndihmonte t\u00eb gjitha komunitetet n\u00eb Kosov\u00eb. Komiteti teknik p\u00ebr transport e infrastruktur\u00eb do t\u00eb adresoj\u00eb \u00e7\u00ebshtjen e kufijve, por n\u00eb nd\u00ebrkoh\u00eb KFOR-i do t\u00eb mbroj\u00eb kufijt\u00eb bashk\u00eb me organizatat e tjera nd\u00ebrkomb\u00ebtare. Pika e 6 dhe e fundit, ajo p\u00ebr trash\u00ebgimin\u00eb serbe, k\u00ebrkon m\u00eb shum\u00eb dialog n\u00eb k\u00ebt\u00eb \u00e7\u00ebshtje, dhe sipas saj agjenda do t\u00eb p\u00ebrfshij\u00eb zbatimin e marr\u00ebveshjeve mbrojt\u00ebse p\u00ebrreth vendeve t\u00eb Kish\u00ebs ortodokse serbe, aktiviteteve t\u00eb nd\u00ebrlidhura me mir\u00ebqenien e murgjve dhe murgeshave, si\u00e7 \u00ebsht\u00eb lirimi i Kish\u00ebs Ortodokse Serbe nga TVSH-ja, Taksa e Akciz\u00ebs dhe obligimeve doganore, modaliteteve p\u00ebr rind\u00ebrtimin e vendeve fetare nga Kisha ortodokse serbe si dhe \u00e7\u00ebshtjen e kthimit t\u00eb artefakteve arkeologjike. Pasi i paraqet 6 pikat, Ban thot\u00eb se konflikti n\u00eb mes t\u00eb UNMIK-ut dhe Kushtetut\u00ebs s\u00eb Kosov\u00ebs ka \u00e7uar n\u00eb nevoj\u00ebn p\u00ebr rikonfigurimin e UNMIK-ut, duke ruajtur neutralitetin p\u00ebr statusin nga ana e OKB-s\u00eb. \u2018EULEX-i do t\u00eb respektoj\u00eb n\u00eb t\u00ebr\u00ebsi Rezolut\u00ebn 1244 dhe do t\u00eb operoj\u00eb n\u00ebn autoritetin e p\u00ebrgjithsh\u00ebm dhe brenda korniz\u00ebs s\u00eb OKB-s\u00eb. EULEX-i do t\u00eb d\u00ebrgoj\u00eb raporte n\u00eb OKB n\u00eb baza t\u00eb rregullta\u201d, thot\u00eb n\u00eb raportin e tij Ban. M\u00eb pas ai tregon se si Serbia i ka p\u00ebrkrahur 6 pikat e tij, kurse Prishtina i ka refuzuar n\u00eb m\u00ebnyr\u00eb t\u00eb qart\u00eb, porse ka shprehur gatishm\u00ebrin\u00eb p\u00ebr bashk\u00ebpunim p\u00ebr shtrirjen e EULEX-it.<br \/>\n<strong>Koha Vizion<\/strong><\/p>\n<p>[flv]http:\/\/shqiphost.top-channel.tv\/18754796\/flv\/kronika\/ban-ki-mun.flv[\/flv]<\/p>\n","protected":false},"excerpt":{"rendered":"<p>Pas nj\u00eb hyrjeje ku flet p\u00ebr situat\u00ebn politike, ekonomike dhe t\u00eb siguris\u00eb prej 26 qershorit e deri m\u00eb 31 tetor 2008, Ban n\u00eb pik\u00ebn e 11 n\u00ebn titullin Diaolg me Beogradin, tregon se si i d\u00ebrguari i tij special n\u00eb Kosov\u00eb, Lamberto Zannier, ka zhvilluar konsultime dhe dialog me Prishtin\u00ebn e Beogradin, pa paragjykime p\u00ebr [&hellip;]<\/p>\n","protected":false},"author":1,"featured_media":0,"comment_status":"open","ping_status":"closed","sticky":false,"template":"","format":"standard","meta":{"spay_email":"","jetpack_publicize_message":"","jetpack_is_tweetstorm":false,"jetpack_publicize_feature_enabled":true},"categories":[14],"tags":[5140],"jetpack_publicize_connections":[],"yoast_head":"<!-- This site is optimized with the Yoast SEO plugin v19.1 - https:\/\/yoast.com\/wordpress\/plugins\/seo\/ -->\n<title>\u00c7far\u00eb p\u00ebrmban raporti i sekretarit Ban ? - Lajme nga Ulqini<\/title>\n<meta name=\"description\" content=\"Pas nj\u00eb hyrjeje ku flet p\u00ebr situat\u00ebn politike, ekonomike dhe t\u00eb siguris\u00eb prej 26 qershorit e deri m\u00eb 31 tetor 2008, Ban n\u00eb pik\u00ebn e 11 n\u00ebn titullin Diaolg\" \/>\n<meta name=\"robots\" content=\"index, follow, max-snippet:-1, max-image-preview:large, max-video-preview:-1\" \/>\n<link rel=\"canonical\" href=\"https:\/\/www.visit-ulcinj.com\/blog\/2008\/11\/25\/cfare-permban-raporti-i-sekretarit-ban\/\" \/>\n<meta property=\"og:locale\" content=\"en_US\" \/>\n<meta property=\"og:type\" content=\"article\" \/>\n<meta property=\"og:title\" content=\"\u00c7far\u00eb p\u00ebrmban raporti i sekretarit Ban ? - Lajme nga Ulqini\" \/>\n<meta property=\"og:description\" content=\"Pas nj\u00eb hyrjeje ku flet p\u00ebr situat\u00ebn politike, ekonomike dhe t\u00eb siguris\u00eb prej 26 qershorit e deri m\u00eb 31 tetor 2008, Ban n\u00eb pik\u00ebn e 11 n\u00ebn titullin Diaolg\" \/>\n<meta property=\"og:url\" content=\"https:\/\/www.visit-ulcinj.com\/blog\/2008\/11\/25\/cfare-permban-raporti-i-sekretarit-ban\/\" \/>\n<meta property=\"og:site_name\" content=\"Lajme nga Ulqini\" \/>\n<meta property=\"article:published_time\" content=\"2008-11-25T20:22:35+00:00\" \/>\n<meta property=\"article:modified_time\" content=\"2008-11-25T20:26:25+00:00\" \/>\n<meta property=\"og:image\" content=\"http:\/\/www.visit-ulcinj.com\/blog\/wp-content\/uploads\/2008\/11\/ban_ki_mun-206x300.jpg\" \/>\n<meta name=\"twitter:label1\" content=\"Written by\" \/>\n\t<meta name=\"twitter:data1\" content=\"ulqini\" \/>\n\t<meta name=\"twitter:label2\" content=\"Est. reading time\" \/>\n\t<meta name=\"twitter:data2\" content=\"4 minutes\" \/>\n<script type=\"application\/ld+json\" class=\"yoast-schema-graph\">{\"@context\":\"https:\/\/schema.org\",\"@graph\":[{\"@type\":\"WebSite\",\"@id\":\"https:\/\/www.visit-ulcinj.com\/blog\/#website\",\"url\":\"https:\/\/www.visit-ulcinj.com\/blog\/\",\"name\":\"Lajme nga Ulqini\",\"description\":\"Lajme,Vijesti,Ulqini,Ulqin,Crna Gora,Mali i Zi\",\"potentialAction\":[{\"@type\":\"SearchAction\",\"target\":{\"@type\":\"EntryPoint\",\"urlTemplate\":\"https:\/\/www.visit-ulcinj.com\/blog\/?s={search_term_string}\"},\"query-input\":\"required name=search_term_string\"}],\"inLanguage\":\"en-US\"},{\"@type\":\"ImageObject\",\"inLanguage\":\"en-US\",\"@id\":\"https:\/\/www.visit-ulcinj.com\/blog\/2008\/11\/25\/cfare-permban-raporti-i-sekretarit-ban\/#primaryimage\",\"url\":\"http:\/\/www.visit-ulcinj.com\/blog\/wp-content\/uploads\/2008\/11\/ban_ki_mun-206x300.jpg\",\"contentUrl\":\"http:\/\/www.visit-ulcinj.com\/blog\/wp-content\/uploads\/2008\/11\/ban_ki_mun-206x300.jpg\"},{\"@type\":\"WebPage\",\"@id\":\"https:\/\/www.visit-ulcinj.com\/blog\/2008\/11\/25\/cfare-permban-raporti-i-sekretarit-ban\/#webpage\",\"url\":\"https:\/\/www.visit-ulcinj.com\/blog\/2008\/11\/25\/cfare-permban-raporti-i-sekretarit-ban\/\",\"name\":\"\u00c7far\u00eb p\u00ebrmban raporti i sekretarit Ban ? - Lajme nga Ulqini\",\"isPartOf\":{\"@id\":\"https:\/\/www.visit-ulcinj.com\/blog\/#website\"},\"primaryImageOfPage\":{\"@id\":\"https:\/\/www.visit-ulcinj.com\/blog\/2008\/11\/25\/cfare-permban-raporti-i-sekretarit-ban\/#primaryimage\"},\"datePublished\":\"2008-11-25T20:22:35+00:00\",\"dateModified\":\"2008-11-25T20:26:25+00:00\",\"author\":{\"@id\":\"https:\/\/www.visit-ulcinj.com\/blog\/#\/schema\/person\/dcab619c614d3038751c63bc2aadc06d\"},\"description\":\"Pas nj\u00eb hyrjeje ku flet p\u00ebr situat\u00ebn politike, ekonomike dhe t\u00eb siguris\u00eb prej 26 qershorit e deri m\u00eb 31 tetor 2008, Ban n\u00eb pik\u00ebn e 11 n\u00ebn titullin Diaolg\",\"breadcrumb\":{\"@id\":\"https:\/\/www.visit-ulcinj.com\/blog\/2008\/11\/25\/cfare-permban-raporti-i-sekretarit-ban\/#breadcrumb\"},\"inLanguage\":\"en-US\",\"potentialAction\":[{\"@type\":\"ReadAction\",\"target\":[\"https:\/\/www.visit-ulcinj.com\/blog\/2008\/11\/25\/cfare-permban-raporti-i-sekretarit-ban\/\"]}]},{\"@type\":\"BreadcrumbList\",\"@id\":\"https:\/\/www.visit-ulcinj.com\/blog\/2008\/11\/25\/cfare-permban-raporti-i-sekretarit-ban\/#breadcrumb\",\"itemListElement\":[{\"@type\":\"ListItem\",\"position\":1,\"name\":\"\u00c7far\u00eb p\u00ebrmban raporti i sekretarit Ban ?\"}]},{\"@type\":\"Person\",\"@id\":\"https:\/\/www.visit-ulcinj.com\/blog\/#\/schema\/person\/dcab619c614d3038751c63bc2aadc06d\",\"name\":\"ulqini\",\"sameAs\":[\"http:\/\/www.visit-ulcinj.com\"],\"url\":\"https:\/\/www.visit-ulcinj.com\/blog\/author\/admin\/\"}]}<\/script>\n<!-- \/ Yoast SEO plugin. -->","yoast_head_json":{"title":"\u00c7far\u00eb p\u00ebrmban raporti i sekretarit Ban ? - Lajme nga Ulqini","description":"Pas nj\u00eb hyrjeje ku flet p\u00ebr situat\u00ebn politike, ekonomike dhe t\u00eb siguris\u00eb prej 26 qershorit e deri m\u00eb 31 tetor 2008, Ban n\u00eb pik\u00ebn e 11 n\u00ebn titullin Diaolg","robots":{"index":"index","follow":"follow","max-snippet":"max-snippet:-1","max-image-preview":"max-image-preview:large","max-video-preview":"max-video-preview:-1"},"canonical":"https:\/\/www.visit-ulcinj.com\/blog\/2008\/11\/25\/cfare-permban-raporti-i-sekretarit-ban\/","og_locale":"en_US","og_type":"article","og_title":"\u00c7far\u00eb p\u00ebrmban raporti i sekretarit Ban ? - Lajme nga Ulqini","og_description":"Pas nj\u00eb hyrjeje ku flet p\u00ebr situat\u00ebn politike, ekonomike dhe t\u00eb siguris\u00eb prej 26 qershorit e deri m\u00eb 31 tetor 2008, Ban n\u00eb pik\u00ebn e 11 n\u00ebn titullin Diaolg","og_url":"https:\/\/www.visit-ulcinj.com\/blog\/2008\/11\/25\/cfare-permban-raporti-i-sekretarit-ban\/","og_site_name":"Lajme nga Ulqini","article_published_time":"2008-11-25T20:22:35+00:00","article_modified_time":"2008-11-25T20:26:25+00:00","og_image":[{"url":"http:\/\/www.visit-ulcinj.com\/blog\/wp-content\/uploads\/2008\/11\/ban_ki_mun-206x300.jpg"}],"twitter_misc":{"Written by":"ulqini","Est. reading time":"4 minutes"},"schema":{"@context":"https:\/\/schema.org","@graph":[{"@type":"WebSite","@id":"https:\/\/www.visit-ulcinj.com\/blog\/#website","url":"https:\/\/www.visit-ulcinj.com\/blog\/","name":"Lajme nga Ulqini","description":"Lajme,Vijesti,Ulqini,Ulqin,Crna Gora,Mali i Zi","potentialAction":[{"@type":"SearchAction","target":{"@type":"EntryPoint","urlTemplate":"https:\/\/www.visit-ulcinj.com\/blog\/?s={search_term_string}"},"query-input":"required name=search_term_string"}],"inLanguage":"en-US"},{"@type":"ImageObject","inLanguage":"en-US","@id":"https:\/\/www.visit-ulcinj.com\/blog\/2008\/11\/25\/cfare-permban-raporti-i-sekretarit-ban\/#primaryimage","url":"http:\/\/www.visit-ulcinj.com\/blog\/wp-content\/uploads\/2008\/11\/ban_ki_mun-206x300.jpg","contentUrl":"http:\/\/www.visit-ulcinj.com\/blog\/wp-content\/uploads\/2008\/11\/ban_ki_mun-206x300.jpg"},{"@type":"WebPage","@id":"https:\/\/www.visit-ulcinj.com\/blog\/2008\/11\/25\/cfare-permban-raporti-i-sekretarit-ban\/#webpage","url":"https:\/\/www.visit-ulcinj.com\/blog\/2008\/11\/25\/cfare-permban-raporti-i-sekretarit-ban\/","name":"\u00c7far\u00eb p\u00ebrmban raporti i sekretarit Ban ? - Lajme nga Ulqini","isPartOf":{"@id":"https:\/\/www.visit-ulcinj.com\/blog\/#website"},"primaryImageOfPage":{"@id":"https:\/\/www.visit-ulcinj.com\/blog\/2008\/11\/25\/cfare-permban-raporti-i-sekretarit-ban\/#primaryimage"},"datePublished":"2008-11-25T20:22:35+00:00","dateModified":"2008-11-25T20:26:25+00:00","author":{"@id":"https:\/\/www.visit-ulcinj.com\/blog\/#\/schema\/person\/dcab619c614d3038751c63bc2aadc06d"},"description":"Pas nj\u00eb hyrjeje ku flet p\u00ebr situat\u00ebn politike, ekonomike dhe t\u00eb siguris\u00eb prej 26 qershorit e deri m\u00eb 31 tetor 2008, Ban n\u00eb pik\u00ebn e 11 n\u00ebn titullin Diaolg","breadcrumb":{"@id":"https:\/\/www.visit-ulcinj.com\/blog\/2008\/11\/25\/cfare-permban-raporti-i-sekretarit-ban\/#breadcrumb"},"inLanguage":"en-US","potentialAction":[{"@type":"ReadAction","target":["https:\/\/www.visit-ulcinj.com\/blog\/2008\/11\/25\/cfare-permban-raporti-i-sekretarit-ban\/"]}]},{"@type":"BreadcrumbList","@id":"https:\/\/www.visit-ulcinj.com\/blog\/2008\/11\/25\/cfare-permban-raporti-i-sekretarit-ban\/#breadcrumb","itemListElement":[{"@type":"ListItem","position":1,"name":"\u00c7far\u00eb p\u00ebrmban raporti i sekretarit Ban ?"}]},{"@type":"Person","@id":"https:\/\/www.visit-ulcinj.com\/blog\/#\/schema\/person\/dcab619c614d3038751c63bc2aadc06d","name":"ulqini","sameAs":["http:\/\/www.visit-ulcinj.com"],"url":"https:\/\/www.visit-ulcinj.com\/blog\/author\/admin\/"}]}},"jetpack_featured_media_url":"","jetpack_sharing_enabled":true,"jetpack_shortlink":"https:\/\/wp.me\/pe6lTn-1Ke","_links":{"self":[{"href":"https:\/\/www.visit-ulcinj.com\/blog\/wp-json\/wp\/v2\/posts\/6710"}],"collection":[{"href":"https:\/\/www.visit-ulcinj.com\/blog\/wp-json\/wp\/v2\/posts"}],"about":[{"href":"https:\/\/www.visit-ulcinj.com\/blog\/wp-json\/wp\/v2\/types\/post"}],"author":[{"embeddable":true,"href":"https:\/\/www.visit-ulcinj.com\/blog\/wp-json\/wp\/v2\/users\/1"}],"replies":[{"embeddable":true,"href":"https:\/\/www.visit-ulcinj.com\/blog\/wp-json\/wp\/v2\/comments?post=6710"}],"version-history":[{"count":0,"href":"https:\/\/www.visit-ulcinj.com\/blog\/wp-json\/wp\/v2\/posts\/6710\/revisions"}],"wp:attachment":[{"href":"https:\/\/www.visit-ulcinj.com\/blog\/wp-json\/wp\/v2\/media?parent=6710"}],"wp:term":[{"taxonomy":"category","embeddable":true,"href":"https:\/\/www.visit-ulcinj.com\/blog\/wp-json\/wp\/v2\/categories?post=6710"},{"taxonomy":"post_tag","embeddable":true,"href":"https:\/\/www.visit-ulcinj.com\/blog\/wp-json\/wp\/v2\/tags?post=6710"}],"curies":[{"name":"wp","href":"https:\/\/api.w.org\/{rel}","templated":true}]}}