{"id":67102,"date":"2012-12-24T20:11:19","date_gmt":"2012-12-24T19:11:19","guid":{"rendered":"http:\/\/www.visit-ulcinj.com\/blog\/?p=67102"},"modified":"2012-12-27T22:33:13","modified_gmt":"2012-12-27T21:33:13","slug":"in-memoriam-nefail-xhixhi-dragoviqi-nga-ulqini","status":"publish","type":"post","link":"https:\/\/www.visit-ulcinj.com\/blog\/2012\/12\/24\/in-memoriam-nefail-xhixhi-dragoviqi-nga-ulqini\/","title":{"rendered":"In Memoriam Nefail Xhixhi Dragoviqi nga Ulqini"},"content":{"rendered":"<p><a href=\"http:\/\/www.visit-ulcinj.com\/blog\/wp-content\/uploads\/2012\/12\/Nefail-Dragovic_Ulcinj_Ulqin_Montenegro.jpg\"><img loading=\"lazy\" class=\"alignleft  wp-image-67103\" alt=\"Nefail Dragovic_Ulcinj_Ulqin_Montenegro\" src=\"http:\/\/www.visit-ulcinj.com\/blog\/wp-content\/uploads\/2012\/12\/Nefail-Dragovic_Ulcinj_Ulqin_Montenegro.jpg\" width=\"508\" height=\"360\" \/><\/a>Njoftojme te gjithe lexuesit qe ne Cassel t\u00eb Gjermanis, Dje n\u00eb mosh\u00ebn 48 vje\u00e7are u nda nga jeta \u00a0dhe vdes nga sulmi n\u00eb zem\u00ebr, Nafail Dragoviqi \u2013 Xhixhi nga Ulqini.<\/p>\n<p>Vdekja e parakohshme e Nafail Dragoviqi \u2013 Xhixhi \u00a0\u00ebsht\u00eb nj\u00eb humbje e madhe p\u00ebr familjen, p\u00ebr shok\u00ebt e miqt\u00eb e tij t\u00eb shumt\u00eb q\u00eb i ka n\u00eb Ulqin por edhe n\u00eb mbar\u00eb bot\u00ebn.<br \/>\nNafail Dragoviqi \u2013 Xhixhi u nda prej nesh, por kujtimi i tij do t\u00eb mbetet i gdhendur n\u00eb mendjen e t\u00eb gjith\u00eb atyre q\u00eb e kan\u00eb njohur, ai do t\u00eb mbetet tek mendjet e zemrat e jona.<\/p>\n<p>Varrimi i t\u00eb ndjerit do b\u00ebhet k\u00ebto dit\u00eb q\u00eb vijojn ku stafi I Lajme nga Ulqini do ju informon.<\/p>\n<p>Te pikelluarit: Bashkeshortja Ermina Hasani,djali ,vajza,vellezerit Meti dhe Xhati, motra Mervetja,nana Dikoja dhe babai Qazimi dhe mbare farefisi.<br \/>\nStafi i Lajmeve nga Ulqini dergon ngushllimet e sinqerta familjes\u00a0 Dragoviqit n\u00eb Ulqin dhe Cassel t\u00eb Gjermanis.<\/p>\n\n\t\t<style type=\"text\/css\">\n\t\t\t#gallery-1 {\n\t\t\t\tmargin: auto;\n\t\t\t}\n\t\t\t#gallery-1 .gallery-item {\n\t\t\t\tfloat: left;\n\t\t\t\tmargin-top: 10px;\n\t\t\t\ttext-align: center;\n\t\t\t\twidth: 33%;\n\t\t\t}\n\t\t\t#gallery-1 img {\n\t\t\t\tborder: 2px solid #cfcfcf;\n\t\t\t}\n\t\t\t#gallery-1 .gallery-caption {\n\t\t\t\tmargin-left: 0;\n\t\t\t}\n\t\t\t\/* see gallery_shortcode() in wp-includes\/media.php *\/\n\t\t<\/style>\n\t\t<div id='gallery-1' class='gallery galleryid-67102 gallery-columns-3 gallery-size-thumbnail'><dl class='gallery-item'>\n\t\t\t<dt class='gallery-icon portrait'>\n\t\t\t\t<a href='https:\/\/www.visit-ulcinj.com\/blog\/2012\/12\/24\/in-memoriam-nefail-xhixhi-dragoviqi-nga-ulqini\/nefail-dragovic_ulqin\/'><img width=\"150\" height=\"150\" src=\"https:\/\/www.visit-ulcinj.com\/blog\/wp-content\/uploads\/2012\/12\/Nefail-Dragovic_Ulqin-150x150.jpg\" class=\"attachment-thumbnail size-thumbnail\" alt=\"\" loading=\"lazy\" \/><\/a>\n\t\t\t<\/dt><\/dl><dl class='gallery-item'>\n\t\t\t<dt class='gallery-icon landscape'>\n\t\t\t\t<a href='https:\/\/www.visit-ulcinj.com\/blog\/2012\/12\/24\/in-memoriam-nefail-xhixhi-dragoviqi-nga-ulqini\/nefail-dragovic_ulqin-1\/'><img width=\"150\" height=\"150\" src=\"https:\/\/www.visit-ulcinj.com\/blog\/wp-content\/uploads\/2012\/12\/Nefail-Dragovic_Ulqin.1-150x150.jpg\" class=\"attachment-thumbnail size-thumbnail\" alt=\"\" loading=\"lazy\" \/><\/a>\n\t\t\t<\/dt><\/dl><dl class='gallery-item'>\n\t\t\t<dt class='gallery-icon portrait'>\n\t\t\t\t<a href='https:\/\/www.visit-ulcinj.com\/blog\/2012\/12\/24\/in-memoriam-nefail-xhixhi-dragoviqi-nga-ulqini\/nefail-dragovic_ulqin-2\/'><img width=\"150\" height=\"150\" src=\"https:\/\/www.visit-ulcinj.com\/blog\/wp-content\/uploads\/2012\/12\/Nefail-Dragovic_Ulqin.2-150x150.jpg\" class=\"attachment-thumbnail size-thumbnail\" alt=\"\" loading=\"lazy\" \/><\/a>\n\t\t\t<\/dt><\/dl><br style=\"clear: both\" \/>\n\t\t<\/div>\n\n","protected":false},"excerpt":{"rendered":"<p>Njoftojme te gjithe lexuesit qe ne Cassel t\u00eb Gjermanis, Dje n\u00eb mosh\u00ebn 48 vje\u00e7are u nda nga jeta \u00a0dhe vdes nga sulmi n\u00eb zem\u00ebr, Nafail Dragoviqi \u2013 Xhixhi nga Ulqini. Vdekja e parakohshme e Nafail Dragoviqi \u2013 Xhixhi \u00a0\u00ebsht\u00eb nj\u00eb humbje e madhe p\u00ebr familjen, p\u00ebr shok\u00ebt e miqt\u00eb e tij t\u00eb shumt\u00eb q\u00eb i [&hellip;]<\/p>\n","protected":false},"author":1,"featured_media":0,"comment_status":"open","ping_status":"closed","sticky":false,"template":"","format":"standard","meta":{"spay_email":"","jetpack_publicize_message":"","jetpack_is_tweetstorm":false,"jetpack_publicize_feature_enabled":true},"categories":[1,6950],"tags":[11609,21509,21512,17977,212,17828,21239,17834,21237,18370,17811,21242,20884,7930,17831,21652,18362,14353,17808,14354,12340,17840,17839,18363,21221,21222,18532,19677,17835,21240,17814,17810,17816,17071,2319,21246,17807,21253,21468,21469,19517,3516,14652,17837,17827,21219,21416,8470,21244,21654,4607,21494,2338,21653,21238,21248,14358,19806,222,2321,17802,17812,17803,2323,3584,17820,16036,1499,21236,21250,17825,17817,17805,21252,3169,305,21251,840,17823,17832,3506,17818,214,21231,3993,5913,17680,14362,14363,18371,21493,21230,21241,21513,3507,730,21471,21249,17800,498,3500,21421,21228,21255,19514,115,14364,21234,18694,21254,21223,21418,17799,3327,21226,17841,3944,17826,15213,18236,3512,17806,18399,11648,18289,21233,17838,95,2348,21427,17813,17804,15141,347,19495,17836,14366,21510,3875,79,17073,18294,318,118,18368,18369,21417,21662,21661,19511,21257,21258,1653,21420,21426,21419,11584,2304,21261,21232,1909,21243,21224,14367,21235,2354,5380,17801,2306,2334,2335,21470,18360,21227,3577,17822,14368,14369,21225,21492,17824,14370,21247,18291,16228,21259,2083,3231,14371,21220,41,3617,5040,3582,2350,3722,21260,14372,17844,17821,18372,21256,17830,17077,18295,14375,17833,17829,899,21245,20894,3797,21229,4684,19,200,18,17819,19460,4243,16445,17809,2340,4265,14376],"jetpack_publicize_connections":[],"yoast_head":"<!-- This site is optimized with the Yoast SEO plugin v19.1 - https:\/\/yoast.com\/wordpress\/plugins\/seo\/ -->\n<title>In Memoriam Nefail Xhixhi Dragoviqi nga Ulqini - Lajme nga Ulqini<\/title>\n<meta name=\"description\" content=\"Njoftojme te gjithe lexuesit qe ne Cassel t\u00eb Gjermanis, Dje n\u00eb mosh\u00ebn 48 vje\u00e7are u nda nga jeta \u00a0dhe vdes nga sulmi n\u00eb zem\u00ebr, Nafail Dragoviqi \u2013 Xhixhi\" \/>\n<meta name=\"robots\" content=\"index, follow, max-snippet:-1, max-image-preview:large, max-video-preview:-1\" \/>\n<link rel=\"canonical\" href=\"https:\/\/www.visit-ulcinj.com\/blog\/2012\/12\/24\/in-memoriam-nefail-xhixhi-dragoviqi-nga-ulqini\/\" \/>\n<meta property=\"og:locale\" content=\"en_US\" \/>\n<meta property=\"og:type\" content=\"article\" \/>\n<meta property=\"og:title\" content=\"In Memoriam Nefail Xhixhi Dragoviqi nga Ulqini - Lajme nga Ulqini\" \/>\n<meta property=\"og:description\" content=\"Njoftojme te gjithe lexuesit qe ne Cassel t\u00eb Gjermanis, Dje n\u00eb mosh\u00ebn 48 vje\u00e7are u nda nga jeta \u00a0dhe vdes nga sulmi n\u00eb zem\u00ebr, Nafail Dragoviqi \u2013 Xhixhi\" \/>\n<meta property=\"og:url\" content=\"https:\/\/www.visit-ulcinj.com\/blog\/2012\/12\/24\/in-memoriam-nefail-xhixhi-dragoviqi-nga-ulqini\/\" \/>\n<meta property=\"og:site_name\" content=\"Lajme nga Ulqini\" \/>\n<meta property=\"article:published_time\" content=\"2012-12-24T19:11:19+00:00\" \/>\n<meta property=\"article:modified_time\" content=\"2012-12-27T21:33:13+00:00\" \/>\n<meta property=\"og:image\" content=\"https:\/\/www.visit-ulcinj.com\/blog\/wp-content\/uploads\/2012\/12\/Nefail-Dragovic_Ulqin-150x150.jpg\" \/>\n<meta name=\"twitter:label1\" content=\"Written by\" \/>\n\t<meta name=\"twitter:data1\" content=\"ulqini\" \/>\n\t<meta name=\"twitter:label2\" content=\"Est. reading time\" \/>\n\t<meta name=\"twitter:data2\" content=\"1 minute\" \/>\n<script type=\"application\/ld+json\" class=\"yoast-schema-graph\">{\"@context\":\"https:\/\/schema.org\",\"@graph\":[{\"@type\":\"WebSite\",\"@id\":\"https:\/\/www.visit-ulcinj.com\/blog\/#website\",\"url\":\"https:\/\/www.visit-ulcinj.com\/blog\/\",\"name\":\"Lajme nga Ulqini\",\"description\":\"Lajme,Vijesti,Ulqini,Ulqin,Crna Gora,Mali i Zi\",\"potentialAction\":[{\"@type\":\"SearchAction\",\"target\":{\"@type\":\"EntryPoint\",\"urlTemplate\":\"https:\/\/www.visit-ulcinj.com\/blog\/?s={search_term_string}\"},\"query-input\":\"required name=search_term_string\"}],\"inLanguage\":\"en-US\"},{\"@type\":\"ImageObject\",\"inLanguage\":\"en-US\",\"@id\":\"https:\/\/www.visit-ulcinj.com\/blog\/2012\/12\/24\/in-memoriam-nefail-xhixhi-dragoviqi-nga-ulqini\/#primaryimage\",\"url\":\"https:\/\/www.visit-ulcinj.com\/blog\/wp-content\/uploads\/2012\/12\/Nefail-Dragovic_Ulcinj_Ulqin_Montenegro.jpg\",\"contentUrl\":\"https:\/\/www.visit-ulcinj.com\/blog\/wp-content\/uploads\/2012\/12\/Nefail-Dragovic_Ulcinj_Ulqin_Montenegro.jpg\",\"width\":720,\"height\":544},{\"@type\":\"WebPage\",\"@id\":\"https:\/\/www.visit-ulcinj.com\/blog\/2012\/12\/24\/in-memoriam-nefail-xhixhi-dragoviqi-nga-ulqini\/#webpage\",\"url\":\"https:\/\/www.visit-ulcinj.com\/blog\/2012\/12\/24\/in-memoriam-nefail-xhixhi-dragoviqi-nga-ulqini\/\",\"name\":\"In Memoriam Nefail Xhixhi Dragoviqi nga Ulqini - Lajme nga Ulqini\",\"isPartOf\":{\"@id\":\"https:\/\/www.visit-ulcinj.com\/blog\/#website\"},\"primaryImageOfPage\":{\"@id\":\"https:\/\/www.visit-ulcinj.com\/blog\/2012\/12\/24\/in-memoriam-nefail-xhixhi-dragoviqi-nga-ulqini\/#primaryimage\"},\"datePublished\":\"2012-12-24T19:11:19+00:00\",\"dateModified\":\"2012-12-27T21:33:13+00:00\",\"author\":{\"@id\":\"https:\/\/www.visit-ulcinj.com\/blog\/#\/schema\/person\/dcab619c614d3038751c63bc2aadc06d\"},\"description\":\"Njoftojme te gjithe lexuesit qe ne Cassel t\u00eb Gjermanis, Dje n\u00eb mosh\u00ebn 48 vje\u00e7are u nda nga jeta \u00a0dhe vdes nga sulmi n\u00eb zem\u00ebr, Nafail Dragoviqi \u2013 Xhixhi\",\"breadcrumb\":{\"@id\":\"https:\/\/www.visit-ulcinj.com\/blog\/2012\/12\/24\/in-memoriam-nefail-xhixhi-dragoviqi-nga-ulqini\/#breadcrumb\"},\"inLanguage\":\"en-US\",\"potentialAction\":[{\"@type\":\"ReadAction\",\"target\":[\"https:\/\/www.visit-ulcinj.com\/blog\/2012\/12\/24\/in-memoriam-nefail-xhixhi-dragoviqi-nga-ulqini\/\"]}]},{\"@type\":\"BreadcrumbList\",\"@id\":\"https:\/\/www.visit-ulcinj.com\/blog\/2012\/12\/24\/in-memoriam-nefail-xhixhi-dragoviqi-nga-ulqini\/#breadcrumb\",\"itemListElement\":[{\"@type\":\"ListItem\",\"position\":1,\"name\":\"In Memoriam Nefail Xhixhi Dragoviqi nga Ulqini\"}]},{\"@type\":\"Person\",\"@id\":\"https:\/\/www.visit-ulcinj.com\/blog\/#\/schema\/person\/dcab619c614d3038751c63bc2aadc06d\",\"name\":\"ulqini\",\"sameAs\":[\"http:\/\/www.visit-ulcinj.com\"],\"url\":\"https:\/\/www.visit-ulcinj.com\/blog\/author\/admin\/\"}]}<\/script>\n<!-- \/ Yoast SEO plugin. -->","yoast_head_json":{"title":"In Memoriam Nefail Xhixhi Dragoviqi nga Ulqini - Lajme nga Ulqini","description":"Njoftojme te gjithe lexuesit qe ne Cassel t\u00eb Gjermanis, Dje n\u00eb mosh\u00ebn 48 vje\u00e7are u nda nga jeta \u00a0dhe vdes nga sulmi n\u00eb zem\u00ebr, Nafail Dragoviqi \u2013 Xhixhi","robots":{"index":"index","follow":"follow","max-snippet":"max-snippet:-1","max-image-preview":"max-image-preview:large","max-video-preview":"max-video-preview:-1"},"canonical":"https:\/\/www.visit-ulcinj.com\/blog\/2012\/12\/24\/in-memoriam-nefail-xhixhi-dragoviqi-nga-ulqini\/","og_locale":"en_US","og_type":"article","og_title":"In Memoriam Nefail Xhixhi Dragoviqi nga Ulqini - Lajme nga Ulqini","og_description":"Njoftojme te gjithe lexuesit qe ne Cassel t\u00eb Gjermanis, Dje n\u00eb mosh\u00ebn 48 vje\u00e7are u nda nga jeta \u00a0dhe vdes nga sulmi n\u00eb zem\u00ebr, Nafail Dragoviqi \u2013 Xhixhi","og_url":"https:\/\/www.visit-ulcinj.com\/blog\/2012\/12\/24\/in-memoriam-nefail-xhixhi-dragoviqi-nga-ulqini\/","og_site_name":"Lajme nga Ulqini","article_published_time":"2012-12-24T19:11:19+00:00","article_modified_time":"2012-12-27T21:33:13+00:00","og_image":[{"url":"https:\/\/www.visit-ulcinj.com\/blog\/wp-content\/uploads\/2012\/12\/Nefail-Dragovic_Ulqin-150x150.jpg"}],"twitter_misc":{"Written by":"ulqini","Est. reading time":"1 minute"},"schema":{"@context":"https:\/\/schema.org","@graph":[{"@type":"WebSite","@id":"https:\/\/www.visit-ulcinj.com\/blog\/#website","url":"https:\/\/www.visit-ulcinj.com\/blog\/","name":"Lajme nga Ulqini","description":"Lajme,Vijesti,Ulqini,Ulqin,Crna Gora,Mali i Zi","potentialAction":[{"@type":"SearchAction","target":{"@type":"EntryPoint","urlTemplate":"https:\/\/www.visit-ulcinj.com\/blog\/?s={search_term_string}"},"query-input":"required name=search_term_string"}],"inLanguage":"en-US"},{"@type":"ImageObject","inLanguage":"en-US","@id":"https:\/\/www.visit-ulcinj.com\/blog\/2012\/12\/24\/in-memoriam-nefail-xhixhi-dragoviqi-nga-ulqini\/#primaryimage","url":"https:\/\/www.visit-ulcinj.com\/blog\/wp-content\/uploads\/2012\/12\/Nefail-Dragovic_Ulcinj_Ulqin_Montenegro.jpg","contentUrl":"https:\/\/www.visit-ulcinj.com\/blog\/wp-content\/uploads\/2012\/12\/Nefail-Dragovic_Ulcinj_Ulqin_Montenegro.jpg","width":720,"height":544},{"@type":"WebPage","@id":"https:\/\/www.visit-ulcinj.com\/blog\/2012\/12\/24\/in-memoriam-nefail-xhixhi-dragoviqi-nga-ulqini\/#webpage","url":"https:\/\/www.visit-ulcinj.com\/blog\/2012\/12\/24\/in-memoriam-nefail-xhixhi-dragoviqi-nga-ulqini\/","name":"In Memoriam Nefail Xhixhi Dragoviqi nga Ulqini - Lajme nga Ulqini","isPartOf":{"@id":"https:\/\/www.visit-ulcinj.com\/blog\/#website"},"primaryImageOfPage":{"@id":"https:\/\/www.visit-ulcinj.com\/blog\/2012\/12\/24\/in-memoriam-nefail-xhixhi-dragoviqi-nga-ulqini\/#primaryimage"},"datePublished":"2012-12-24T19:11:19+00:00","dateModified":"2012-12-27T21:33:13+00:00","author":{"@id":"https:\/\/www.visit-ulcinj.com\/blog\/#\/schema\/person\/dcab619c614d3038751c63bc2aadc06d"},"description":"Njoftojme te gjithe lexuesit qe ne Cassel t\u00eb Gjermanis, Dje n\u00eb mosh\u00ebn 48 vje\u00e7are u nda nga jeta \u00a0dhe vdes nga sulmi n\u00eb zem\u00ebr, Nafail Dragoviqi \u2013 Xhixhi","breadcrumb":{"@id":"https:\/\/www.visit-ulcinj.com\/blog\/2012\/12\/24\/in-memoriam-nefail-xhixhi-dragoviqi-nga-ulqini\/#breadcrumb"},"inLanguage":"en-US","potentialAction":[{"@type":"ReadAction","target":["https:\/\/www.visit-ulcinj.com\/blog\/2012\/12\/24\/in-memoriam-nefail-xhixhi-dragoviqi-nga-ulqini\/"]}]},{"@type":"BreadcrumbList","@id":"https:\/\/www.visit-ulcinj.com\/blog\/2012\/12\/24\/in-memoriam-nefail-xhixhi-dragoviqi-nga-ulqini\/#breadcrumb","itemListElement":[{"@type":"ListItem","position":1,"name":"In Memoriam Nefail Xhixhi Dragoviqi nga Ulqini"}]},{"@type":"Person","@id":"https:\/\/www.visit-ulcinj.com\/blog\/#\/schema\/person\/dcab619c614d3038751c63bc2aadc06d","name":"ulqini","sameAs":["http:\/\/www.visit-ulcinj.com"],"url":"https:\/\/www.visit-ulcinj.com\/blog\/author\/admin\/"}]}},"jetpack_featured_media_url":"","jetpack_sharing_enabled":true,"jetpack_shortlink":"https:\/\/wp.me\/pe6lTn-hsi","_links":{"self":[{"href":"https:\/\/www.visit-ulcinj.com\/blog\/wp-json\/wp\/v2\/posts\/67102"}],"collection":[{"href":"https:\/\/www.visit-ulcinj.com\/blog\/wp-json\/wp\/v2\/posts"}],"about":[{"href":"https:\/\/www.visit-ulcinj.com\/blog\/wp-json\/wp\/v2\/types\/post"}],"author":[{"embeddable":true,"href":"https:\/\/www.visit-ulcinj.com\/blog\/wp-json\/wp\/v2\/users\/1"}],"replies":[{"embeddable":true,"href":"https:\/\/www.visit-ulcinj.com\/blog\/wp-json\/wp\/v2\/comments?post=67102"}],"version-history":[{"count":4,"href":"https:\/\/www.visit-ulcinj.com\/blog\/wp-json\/wp\/v2\/posts\/67102\/revisions"}],"predecessor-version":[{"id":67183,"href":"https:\/\/www.visit-ulcinj.com\/blog\/wp-json\/wp\/v2\/posts\/67102\/revisions\/67183"}],"wp:attachment":[{"href":"https:\/\/www.visit-ulcinj.com\/blog\/wp-json\/wp\/v2\/media?parent=67102"}],"wp:term":[{"taxonomy":"category","embeddable":true,"href":"https:\/\/www.visit-ulcinj.com\/blog\/wp-json\/wp\/v2\/categories?post=67102"},{"taxonomy":"post_tag","embeddable":true,"href":"https:\/\/www.visit-ulcinj.com\/blog\/wp-json\/wp\/v2\/tags?post=67102"}],"curies":[{"name":"wp","href":"https:\/\/api.w.org\/{rel}","templated":true}]}}