{"id":67118,"date":"2012-12-25T08:27:26","date_gmt":"2012-12-25T07:27:26","guid":{"rendered":"http:\/\/www.visit-ulcinj.com\/blog\/?p=67118"},"modified":"2013-01-10T20:37:32","modified_gmt":"2013-01-10T19:37:32","slug":"ppd-ja-urime-festat-e-krishtlindjes","status":"publish","type":"post","link":"https:\/\/www.visit-ulcinj.com\/blog\/2012\/12\/25\/ppd-ja-urime-festat-e-krishtlindjes\/","title":{"rendered":"PPD-ja: Urime Festat e Krishtlindjes"},"content":{"rendered":"<p><a href=\"http:\/\/www.visit-ulcinj.com\/blog\/wp-content\/uploads\/2012\/12\/PPD-ULQIN.jpg\"><img loading=\"lazy\" class=\"alignleft  wp-image-67119\" alt=\"PPD ULQIN\" src=\"http:\/\/www.visit-ulcinj.com\/blog\/wp-content\/uploads\/2012\/12\/PPD-ULQIN.jpg\" width=\"200\" height=\"200\" srcset=\"https:\/\/www.visit-ulcinj.com\/blog\/wp-content\/uploads\/2012\/12\/PPD-ULQIN.jpg 654w, https:\/\/www.visit-ulcinj.com\/blog\/wp-content\/uploads\/2012\/12\/PPD-ULQIN-150x150.jpg 150w, https:\/\/www.visit-ulcinj.com\/blog\/wp-content\/uploads\/2012\/12\/PPD-ULQIN-300x300.jpg 300w\" sizes=\"(max-width: 200px) 100vw, 200px\" \/><\/a><strong>PARTIA E PROSPERITETIT DEMOKRATIK<\/strong><\/p>\n<p><strong>PARTIJA DEMOKRATSKOG PROSPERITETA<\/strong><\/p>\n<p><strong>THE PARTY OF DEMOCRATIC PROSPERITY<\/strong><\/p>\n<p><strong>ULQIN \u2013 ULCINJ. Montenegro<\/strong><\/p>\n<p>&nbsp;<\/p>\n<p><strong>Ulqin, m\u00eb 24.12.2012<\/strong><\/p>\n<p>&nbsp;<\/p>\n<p style=\"text-align: left;\">\u00a0\u00a0\u00a0\u00a0\u00a0\u00a0\u00a0\u00a0\u00a0\u00a0\u00a0\u00a0\u00a0\u00a0\u00a0\u00a0\u00a0\u00a0\u00a0\u00a0\u00a0\u00a0\u00a0\u00a0\u00a0\u00a0\u00a0\u00a0\u00a0\u00a0\u00a0\u00a0\u00a0\u00a0\u00a0\u00a0\u00a0\u00a0\u00a0<strong>\u00a0\u00a0\u00a0\u00a0\u00a0\u00a0\u00a0\u00a0\u00a0 URIM<\/strong><\/p>\n<p>&nbsp;<\/p>\n<p>K\u00ebrsh\u00ebndellat n\u00eb vete simbolizojn\u00eb lindjen, jet\u00ebn, mbar\u00ebsin\u00eb dhe mesazhin p\u00ebr nj\u00eb shoq\u00ebri t\u00eb ndershme e t\u00eb moralshme, parime humane p\u00ebr t\u00eb cilat njer\u00ebzimi ka nevoj\u00eb gjithher\u00eb.<\/p>\n<p>&nbsp;<\/p>\n<p>Partia e Prosperitetit Demokratik ju uron t\u00eb gjith\u00eb besimtar\u00ebve katolik\u00eb q\u00eb k\u00ebt\u00eb dit\u00eb t\u00eb dashuris\u00eb dhe t\u00eb mir\u00ebkuptimit p\u00ebr nj\u00ebri tjetrin ta kalojn\u00eb me g\u00ebzim n\u00eb gjirin familjar, n\u00eb paqe dhe n\u00eb harmoni.<\/p>\n<p>&nbsp;<\/p>\n<p>Mbret\u00ebroft\u00eb paqja dhe toleranca n\u00eb mes njer\u00ebzve.<\/p>\n<p>&nbsp;<\/p>\n<p>&nbsp;<\/p>\n<p>Kryetari,<\/p>\n<p>Ali Rexha<br \/>\n<a href=\"http:\/\/www.visit-ulcinj.com\/blog\/wp-content\/uploads\/2012\/12\/PPD_krishtlindjen1.jpg\"><img loading=\"lazy\" class=\"alignleft  wp-image-67120\" alt=\"PPD_krishtlindjen[1]\" src=\"http:\/\/www.visit-ulcinj.com\/blog\/wp-content\/uploads\/2012\/12\/PPD_krishtlindjen1.jpg\" width=\"508\" height=\"360\" \/><\/a><\/p>\n<p>&nbsp;<\/p>\n<p>&nbsp;<\/p>\n<p>&nbsp;<\/p>\n","protected":false},"excerpt":{"rendered":"<p>PARTIA E PROSPERITETIT DEMOKRATIK PARTIJA DEMOKRATSKOG PROSPERITETA THE PARTY OF DEMOCRATIC PROSPERITY ULQIN \u2013 ULCINJ. Montenegro &nbsp; Ulqin, m\u00eb 24.12.2012 &nbsp; \u00a0\u00a0\u00a0\u00a0\u00a0\u00a0\u00a0\u00a0\u00a0\u00a0\u00a0\u00a0\u00a0\u00a0\u00a0\u00a0\u00a0\u00a0\u00a0\u00a0\u00a0\u00a0\u00a0\u00a0\u00a0\u00a0\u00a0\u00a0\u00a0\u00a0\u00a0\u00a0\u00a0\u00a0\u00a0\u00a0\u00a0\u00a0\u00a0\u00a0\u00a0\u00a0\u00a0\u00a0\u00a0\u00a0\u00a0\u00a0 URIM &nbsp; K\u00ebrsh\u00ebndellat n\u00eb vete simbolizojn\u00eb lindjen, jet\u00ebn, mbar\u00ebsin\u00eb dhe mesazhin p\u00ebr nj\u00eb shoq\u00ebri t\u00eb ndershme e t\u00eb moralshme, parime humane p\u00ebr t\u00eb cilat njer\u00ebzimi ka nevoj\u00eb gjithher\u00eb. &nbsp; Partia e Prosperitetit Demokratik [&hellip;]<\/p>\n","protected":false},"author":1,"featured_media":0,"comment_status":"open","ping_status":"closed","sticky":false,"template":"","format":"standard","meta":{"spay_email":"","jetpack_publicize_message":"","jetpack_is_tweetstorm":false,"jetpack_publicize_feature_enabled":true},"categories":[6950],"tags":[19676],"jetpack_publicize_connections":[],"yoast_head":"<!-- This site is optimized with the Yoast SEO plugin v19.1 - https:\/\/yoast.com\/wordpress\/plugins\/seo\/ -->\n<title>PPD-ja: Urime Festat e Krishtlindjes - Lajme nga Ulqini<\/title>\n<meta name=\"description\" content=\"PARTIA E PROSPERITETIT DEMOKRATIK PARTIJA DEMOKRATSKOG PROSPERITETA THE PARTY OF DEMOCRATIC PROSPERITY ULQIN \u2013 ULCINJ. Montenegro &nbsp; Ulqin, m\u00eb\" \/>\n<meta name=\"robots\" content=\"index, follow, max-snippet:-1, max-image-preview:large, max-video-preview:-1\" \/>\n<link rel=\"canonical\" href=\"https:\/\/www.visit-ulcinj.com\/blog\/2012\/12\/25\/ppd-ja-urime-festat-e-krishtlindjes\/\" \/>\n<meta property=\"og:locale\" content=\"en_US\" \/>\n<meta property=\"og:type\" content=\"article\" \/>\n<meta property=\"og:title\" content=\"PPD-ja: Urime Festat e Krishtlindjes - Lajme nga Ulqini\" \/>\n<meta property=\"og:description\" content=\"PARTIA E PROSPERITETIT DEMOKRATIK PARTIJA DEMOKRATSKOG PROSPERITETA THE PARTY OF DEMOCRATIC PROSPERITY ULQIN \u2013 ULCINJ. Montenegro &nbsp; Ulqin, m\u00eb\" \/>\n<meta property=\"og:url\" content=\"https:\/\/www.visit-ulcinj.com\/blog\/2012\/12\/25\/ppd-ja-urime-festat-e-krishtlindjes\/\" \/>\n<meta property=\"og:site_name\" content=\"Lajme nga Ulqini\" \/>\n<meta property=\"article:published_time\" content=\"2012-12-25T07:27:26+00:00\" \/>\n<meta property=\"article:modified_time\" content=\"2013-01-10T19:37:32+00:00\" \/>\n<meta property=\"og:image\" content=\"http:\/\/www.visit-ulcinj.com\/blog\/wp-content\/uploads\/2012\/12\/PPD-ULQIN.jpg\" \/>\n<meta name=\"twitter:label1\" content=\"Written by\" \/>\n\t<meta name=\"twitter:data1\" content=\"ulqini\" \/>\n\t<meta name=\"twitter:label2\" content=\"Est. reading time\" \/>\n\t<meta name=\"twitter:data2\" content=\"1 minute\" \/>\n<script type=\"application\/ld+json\" class=\"yoast-schema-graph\">{\"@context\":\"https:\/\/schema.org\",\"@graph\":[{\"@type\":\"WebSite\",\"@id\":\"https:\/\/www.visit-ulcinj.com\/blog\/#website\",\"url\":\"https:\/\/www.visit-ulcinj.com\/blog\/\",\"name\":\"Lajme nga Ulqini\",\"description\":\"Lajme,Vijesti,Ulqini,Ulqin,Crna Gora,Mali i Zi\",\"potentialAction\":[{\"@type\":\"SearchAction\",\"target\":{\"@type\":\"EntryPoint\",\"urlTemplate\":\"https:\/\/www.visit-ulcinj.com\/blog\/?s={search_term_string}\"},\"query-input\":\"required name=search_term_string\"}],\"inLanguage\":\"en-US\"},{\"@type\":\"ImageObject\",\"inLanguage\":\"en-US\",\"@id\":\"https:\/\/www.visit-ulcinj.com\/blog\/2012\/12\/25\/ppd-ja-urime-festat-e-krishtlindjes\/#primaryimage\",\"url\":\"https:\/\/www.visit-ulcinj.com\/blog\/wp-content\/uploads\/2012\/12\/PPD-ULQIN.jpg\",\"contentUrl\":\"https:\/\/www.visit-ulcinj.com\/blog\/wp-content\/uploads\/2012\/12\/PPD-ULQIN.jpg\",\"width\":654,\"height\":654},{\"@type\":\"WebPage\",\"@id\":\"https:\/\/www.visit-ulcinj.com\/blog\/2012\/12\/25\/ppd-ja-urime-festat-e-krishtlindjes\/#webpage\",\"url\":\"https:\/\/www.visit-ulcinj.com\/blog\/2012\/12\/25\/ppd-ja-urime-festat-e-krishtlindjes\/\",\"name\":\"PPD-ja: Urime Festat e Krishtlindjes - Lajme nga Ulqini\",\"isPartOf\":{\"@id\":\"https:\/\/www.visit-ulcinj.com\/blog\/#website\"},\"primaryImageOfPage\":{\"@id\":\"https:\/\/www.visit-ulcinj.com\/blog\/2012\/12\/25\/ppd-ja-urime-festat-e-krishtlindjes\/#primaryimage\"},\"datePublished\":\"2012-12-25T07:27:26+00:00\",\"dateModified\":\"2013-01-10T19:37:32+00:00\",\"author\":{\"@id\":\"https:\/\/www.visit-ulcinj.com\/blog\/#\/schema\/person\/dcab619c614d3038751c63bc2aadc06d\"},\"description\":\"PARTIA E PROSPERITETIT DEMOKRATIK PARTIJA DEMOKRATSKOG PROSPERITETA THE PARTY OF DEMOCRATIC PROSPERITY ULQIN \u2013 ULCINJ. Montenegro &nbsp; Ulqin, m\u00eb\",\"breadcrumb\":{\"@id\":\"https:\/\/www.visit-ulcinj.com\/blog\/2012\/12\/25\/ppd-ja-urime-festat-e-krishtlindjes\/#breadcrumb\"},\"inLanguage\":\"en-US\",\"potentialAction\":[{\"@type\":\"ReadAction\",\"target\":[\"https:\/\/www.visit-ulcinj.com\/blog\/2012\/12\/25\/ppd-ja-urime-festat-e-krishtlindjes\/\"]}]},{\"@type\":\"BreadcrumbList\",\"@id\":\"https:\/\/www.visit-ulcinj.com\/blog\/2012\/12\/25\/ppd-ja-urime-festat-e-krishtlindjes\/#breadcrumb\",\"itemListElement\":[{\"@type\":\"ListItem\",\"position\":1,\"name\":\"PPD-ja: Urime Festat e Krishtlindjes\"}]},{\"@type\":\"Person\",\"@id\":\"https:\/\/www.visit-ulcinj.com\/blog\/#\/schema\/person\/dcab619c614d3038751c63bc2aadc06d\",\"name\":\"ulqini\",\"sameAs\":[\"http:\/\/www.visit-ulcinj.com\"],\"url\":\"https:\/\/www.visit-ulcinj.com\/blog\/author\/admin\/\"}]}<\/script>\n<!-- \/ Yoast SEO plugin. -->","yoast_head_json":{"title":"PPD-ja: Urime Festat e Krishtlindjes - Lajme nga Ulqini","description":"PARTIA E PROSPERITETIT DEMOKRATIK PARTIJA DEMOKRATSKOG PROSPERITETA THE PARTY OF DEMOCRATIC PROSPERITY ULQIN \u2013 ULCINJ. Montenegro &nbsp; Ulqin, m\u00eb","robots":{"index":"index","follow":"follow","max-snippet":"max-snippet:-1","max-image-preview":"max-image-preview:large","max-video-preview":"max-video-preview:-1"},"canonical":"https:\/\/www.visit-ulcinj.com\/blog\/2012\/12\/25\/ppd-ja-urime-festat-e-krishtlindjes\/","og_locale":"en_US","og_type":"article","og_title":"PPD-ja: Urime Festat e Krishtlindjes - Lajme nga Ulqini","og_description":"PARTIA E PROSPERITETIT DEMOKRATIK PARTIJA DEMOKRATSKOG PROSPERITETA THE PARTY OF DEMOCRATIC PROSPERITY ULQIN \u2013 ULCINJ. Montenegro &nbsp; Ulqin, m\u00eb","og_url":"https:\/\/www.visit-ulcinj.com\/blog\/2012\/12\/25\/ppd-ja-urime-festat-e-krishtlindjes\/","og_site_name":"Lajme nga Ulqini","article_published_time":"2012-12-25T07:27:26+00:00","article_modified_time":"2013-01-10T19:37:32+00:00","og_image":[{"url":"http:\/\/www.visit-ulcinj.com\/blog\/wp-content\/uploads\/2012\/12\/PPD-ULQIN.jpg"}],"twitter_misc":{"Written by":"ulqini","Est. reading time":"1 minute"},"schema":{"@context":"https:\/\/schema.org","@graph":[{"@type":"WebSite","@id":"https:\/\/www.visit-ulcinj.com\/blog\/#website","url":"https:\/\/www.visit-ulcinj.com\/blog\/","name":"Lajme nga Ulqini","description":"Lajme,Vijesti,Ulqini,Ulqin,Crna Gora,Mali i Zi","potentialAction":[{"@type":"SearchAction","target":{"@type":"EntryPoint","urlTemplate":"https:\/\/www.visit-ulcinj.com\/blog\/?s={search_term_string}"},"query-input":"required name=search_term_string"}],"inLanguage":"en-US"},{"@type":"ImageObject","inLanguage":"en-US","@id":"https:\/\/www.visit-ulcinj.com\/blog\/2012\/12\/25\/ppd-ja-urime-festat-e-krishtlindjes\/#primaryimage","url":"https:\/\/www.visit-ulcinj.com\/blog\/wp-content\/uploads\/2012\/12\/PPD-ULQIN.jpg","contentUrl":"https:\/\/www.visit-ulcinj.com\/blog\/wp-content\/uploads\/2012\/12\/PPD-ULQIN.jpg","width":654,"height":654},{"@type":"WebPage","@id":"https:\/\/www.visit-ulcinj.com\/blog\/2012\/12\/25\/ppd-ja-urime-festat-e-krishtlindjes\/#webpage","url":"https:\/\/www.visit-ulcinj.com\/blog\/2012\/12\/25\/ppd-ja-urime-festat-e-krishtlindjes\/","name":"PPD-ja: Urime Festat e Krishtlindjes - Lajme nga Ulqini","isPartOf":{"@id":"https:\/\/www.visit-ulcinj.com\/blog\/#website"},"primaryImageOfPage":{"@id":"https:\/\/www.visit-ulcinj.com\/blog\/2012\/12\/25\/ppd-ja-urime-festat-e-krishtlindjes\/#primaryimage"},"datePublished":"2012-12-25T07:27:26+00:00","dateModified":"2013-01-10T19:37:32+00:00","author":{"@id":"https:\/\/www.visit-ulcinj.com\/blog\/#\/schema\/person\/dcab619c614d3038751c63bc2aadc06d"},"description":"PARTIA E PROSPERITETIT DEMOKRATIK PARTIJA DEMOKRATSKOG PROSPERITETA THE PARTY OF DEMOCRATIC PROSPERITY ULQIN \u2013 ULCINJ. Montenegro &nbsp; Ulqin, m\u00eb","breadcrumb":{"@id":"https:\/\/www.visit-ulcinj.com\/blog\/2012\/12\/25\/ppd-ja-urime-festat-e-krishtlindjes\/#breadcrumb"},"inLanguage":"en-US","potentialAction":[{"@type":"ReadAction","target":["https:\/\/www.visit-ulcinj.com\/blog\/2012\/12\/25\/ppd-ja-urime-festat-e-krishtlindjes\/"]}]},{"@type":"BreadcrumbList","@id":"https:\/\/www.visit-ulcinj.com\/blog\/2012\/12\/25\/ppd-ja-urime-festat-e-krishtlindjes\/#breadcrumb","itemListElement":[{"@type":"ListItem","position":1,"name":"PPD-ja: Urime Festat e Krishtlindjes"}]},{"@type":"Person","@id":"https:\/\/www.visit-ulcinj.com\/blog\/#\/schema\/person\/dcab619c614d3038751c63bc2aadc06d","name":"ulqini","sameAs":["http:\/\/www.visit-ulcinj.com"],"url":"https:\/\/www.visit-ulcinj.com\/blog\/author\/admin\/"}]}},"jetpack_featured_media_url":"","jetpack_sharing_enabled":true,"jetpack_shortlink":"https:\/\/wp.me\/pe6lTn-hsy","_links":{"self":[{"href":"https:\/\/www.visit-ulcinj.com\/blog\/wp-json\/wp\/v2\/posts\/67118"}],"collection":[{"href":"https:\/\/www.visit-ulcinj.com\/blog\/wp-json\/wp\/v2\/posts"}],"about":[{"href":"https:\/\/www.visit-ulcinj.com\/blog\/wp-json\/wp\/v2\/types\/post"}],"author":[{"embeddable":true,"href":"https:\/\/www.visit-ulcinj.com\/blog\/wp-json\/wp\/v2\/users\/1"}],"replies":[{"embeddable":true,"href":"https:\/\/www.visit-ulcinj.com\/blog\/wp-json\/wp\/v2\/comments?post=67118"}],"version-history":[{"count":3,"href":"https:\/\/www.visit-ulcinj.com\/blog\/wp-json\/wp\/v2\/posts\/67118\/revisions"}],"predecessor-version":[{"id":67544,"href":"https:\/\/www.visit-ulcinj.com\/blog\/wp-json\/wp\/v2\/posts\/67118\/revisions\/67544"}],"wp:attachment":[{"href":"https:\/\/www.visit-ulcinj.com\/blog\/wp-json\/wp\/v2\/media?parent=67118"}],"wp:term":[{"taxonomy":"category","embeddable":true,"href":"https:\/\/www.visit-ulcinj.com\/blog\/wp-json\/wp\/v2\/categories?post=67118"},{"taxonomy":"post_tag","embeddable":true,"href":"https:\/\/www.visit-ulcinj.com\/blog\/wp-json\/wp\/v2\/tags?post=67118"}],"curies":[{"name":"wp","href":"https:\/\/api.w.org\/{rel}","templated":true}]}}