{"id":67127,"date":"2012-12-25T17:22:19","date_gmt":"2012-12-25T16:22:19","guid":{"rendered":"http:\/\/www.visit-ulcinj.com\/blog\/?p=67127"},"modified":"2013-01-10T20:36:38","modified_gmt":"2013-01-10T19:36:38","slug":"dritan-abazoviq-gezuar-krishtlindjet","status":"publish","type":"post","link":"https:\/\/www.visit-ulcinj.com\/blog\/2012\/12\/25\/dritan-abazoviq-gezuar-krishtlindjet\/","title":{"rendered":"Dritan Abazoviq: G\u00ebzuar Krishtlindjet!"},"content":{"rendered":"<p><a href=\"http:\/\/www.visit-ulcinj.com\/blog\/wp-content\/uploads\/2012\/12\/gezuar-krishtlindjet.gif\"><img loading=\"lazy\" class=\"alignleft  wp-image-67128\" alt=\"gezuar krishtlindjet\" src=\"http:\/\/www.visit-ulcinj.com\/blog\/wp-content\/uploads\/2012\/12\/gezuar-krishtlindjet.gif\" width=\"508\" height=\"360\" \/><\/a>\u201cT\u00eb gjith\u00eb besimtar\u00ebve t\u00eb fes\u00eb Katolike ju uroj Krishtlindjet. N\u00eb k\u00ebt\u00eb fest\u00eb t\u00eb madhe q\u00eb simbolizon lindjen, le t\u00eb lind nj\u00eb shpres\u00eb t\u00eb re n\u00eb vlera universale dhe \u00e7do gj\u00eb q\u00eb njer\u00ebzit i b\u00ebn\u00eb t\u00eb denj\u00eb p\u00ebr ekzistenc\u00ebn e vet. N\u00eb bashk\u00ebsin\u00eb ton\u00eb multikulturale dhe multikonfesionale k\u00ebto festa kan\u00eb nj\u00eb vend t\u00eb ve\u00e7ant\u00eb sepse\u00a0 sh\u00ebrbejn\u00eb p\u00ebr forcimin e frym\u00ebs s\u00eb bashkimit dhe tregojn\u00eb nevoj\u00ebn e solidaritetit dhe respektit t\u00eb nd\u00ebrsjell\u00ebt. Me k\u00ebt\u00eb rast t\u00eb gjith\u00eb qytetar\u00ebve t\u00eb Ulqinit ju uroj Vitin e Ri me d\u00ebshir\u00eb q\u00eb t\u00eb jet\u00eb shum\u00eb m\u00eb i suksessh\u00ebm se i kaluari dhe fillimi i nj\u00eb periudhe t\u00eb re t\u00eb lumturis\u00eb dhe prosperitetit p\u00ebr qytetin ton\u00eb t\u00eb lavdish\u00ebm. Urime!\u201d<\/p>\n<p>Dritan Abazoviq<br \/>\nUlqin<\/p>\n","protected":false},"excerpt":{"rendered":"<p>\u201cT\u00eb gjith\u00eb besimtar\u00ebve t\u00eb fes\u00eb Katolike ju uroj Krishtlindjet. N\u00eb k\u00ebt\u00eb fest\u00eb t\u00eb madhe q\u00eb simbolizon lindjen, le t\u00eb lind nj\u00eb shpres\u00eb t\u00eb re n\u00eb vlera universale dhe \u00e7do gj\u00eb q\u00eb njer\u00ebzit i b\u00ebn\u00eb t\u00eb denj\u00eb p\u00ebr ekzistenc\u00ebn e vet. N\u00eb bashk\u00ebsin\u00eb ton\u00eb multikulturale dhe multikonfesionale k\u00ebto festa kan\u00eb nj\u00eb vend t\u00eb ve\u00e7ant\u00eb sepse\u00a0 sh\u00ebrbejn\u00eb [&hellip;]<\/p>\n","protected":false},"author":1,"featured_media":0,"comment_status":"open","ping_status":"closed","sticky":false,"template":"","format":"standard","meta":{"spay_email":"","jetpack_publicize_message":"","jetpack_is_tweetstorm":false,"jetpack_publicize_feature_enabled":true},"categories":[6950],"tags":[21663],"jetpack_publicize_connections":[],"yoast_head":"<!-- This site is optimized with the Yoast SEO plugin v19.1 - https:\/\/yoast.com\/wordpress\/plugins\/seo\/ -->\n<title>Dritan Abazoviq: G\u00ebzuar Krishtlindjet! - Lajme nga Ulqini<\/title>\n<meta name=\"description\" content=\"\u201cT\u00eb gjith\u00eb besimtar\u00ebve t\u00eb fes\u00eb Katolike ju uroj Krishtlindjet. N\u00eb k\u00ebt\u00eb fest\u00eb t\u00eb madhe q\u00eb simbolizon lindjen, le t\u00eb lind nj\u00eb shpres\u00eb t\u00eb re n\u00eb vlera\" \/>\n<meta name=\"robots\" content=\"index, follow, max-snippet:-1, max-image-preview:large, max-video-preview:-1\" \/>\n<link rel=\"canonical\" href=\"https:\/\/www.visit-ulcinj.com\/blog\/2012\/12\/25\/dritan-abazoviq-gezuar-krishtlindjet\/\" \/>\n<meta property=\"og:locale\" content=\"en_US\" \/>\n<meta property=\"og:type\" content=\"article\" \/>\n<meta property=\"og:title\" content=\"Dritan Abazoviq: G\u00ebzuar Krishtlindjet! - Lajme nga Ulqini\" \/>\n<meta property=\"og:description\" content=\"\u201cT\u00eb gjith\u00eb besimtar\u00ebve t\u00eb fes\u00eb Katolike ju uroj Krishtlindjet. N\u00eb k\u00ebt\u00eb fest\u00eb t\u00eb madhe q\u00eb simbolizon lindjen, le t\u00eb lind nj\u00eb shpres\u00eb t\u00eb re n\u00eb vlera\" \/>\n<meta property=\"og:url\" content=\"https:\/\/www.visit-ulcinj.com\/blog\/2012\/12\/25\/dritan-abazoviq-gezuar-krishtlindjet\/\" \/>\n<meta property=\"og:site_name\" content=\"Lajme nga Ulqini\" \/>\n<meta property=\"article:published_time\" content=\"2012-12-25T16:22:19+00:00\" \/>\n<meta property=\"article:modified_time\" content=\"2013-01-10T19:36:38+00:00\" \/>\n<meta property=\"og:image\" content=\"http:\/\/www.visit-ulcinj.com\/blog\/wp-content\/uploads\/2012\/12\/gezuar-krishtlindjet.gif\" \/>\n<meta name=\"twitter:label1\" content=\"Written by\" \/>\n\t<meta name=\"twitter:data1\" content=\"ulqini\" \/>\n\t<meta name=\"twitter:label2\" content=\"Est. reading time\" \/>\n\t<meta name=\"twitter:data2\" content=\"1 minute\" \/>\n<script type=\"application\/ld+json\" class=\"yoast-schema-graph\">{\"@context\":\"https:\/\/schema.org\",\"@graph\":[{\"@type\":\"WebSite\",\"@id\":\"https:\/\/www.visit-ulcinj.com\/blog\/#website\",\"url\":\"https:\/\/www.visit-ulcinj.com\/blog\/\",\"name\":\"Lajme nga Ulqini\",\"description\":\"Lajme,Vijesti,Ulqini,Ulqin,Crna Gora,Mali i Zi\",\"potentialAction\":[{\"@type\":\"SearchAction\",\"target\":{\"@type\":\"EntryPoint\",\"urlTemplate\":\"https:\/\/www.visit-ulcinj.com\/blog\/?s={search_term_string}\"},\"query-input\":\"required name=search_term_string\"}],\"inLanguage\":\"en-US\"},{\"@type\":\"ImageObject\",\"inLanguage\":\"en-US\",\"@id\":\"https:\/\/www.visit-ulcinj.com\/blog\/2012\/12\/25\/dritan-abazoviq-gezuar-krishtlindjet\/#primaryimage\",\"url\":\"https:\/\/www.visit-ulcinj.com\/blog\/wp-content\/uploads\/2012\/12\/gezuar-krishtlindjet.gif\",\"contentUrl\":\"https:\/\/www.visit-ulcinj.com\/blog\/wp-content\/uploads\/2012\/12\/gezuar-krishtlindjet.gif\",\"width\":512,\"height\":384},{\"@type\":\"WebPage\",\"@id\":\"https:\/\/www.visit-ulcinj.com\/blog\/2012\/12\/25\/dritan-abazoviq-gezuar-krishtlindjet\/#webpage\",\"url\":\"https:\/\/www.visit-ulcinj.com\/blog\/2012\/12\/25\/dritan-abazoviq-gezuar-krishtlindjet\/\",\"name\":\"Dritan Abazoviq: G\u00ebzuar Krishtlindjet! - Lajme nga Ulqini\",\"isPartOf\":{\"@id\":\"https:\/\/www.visit-ulcinj.com\/blog\/#website\"},\"primaryImageOfPage\":{\"@id\":\"https:\/\/www.visit-ulcinj.com\/blog\/2012\/12\/25\/dritan-abazoviq-gezuar-krishtlindjet\/#primaryimage\"},\"datePublished\":\"2012-12-25T16:22:19+00:00\",\"dateModified\":\"2013-01-10T19:36:38+00:00\",\"author\":{\"@id\":\"https:\/\/www.visit-ulcinj.com\/blog\/#\/schema\/person\/dcab619c614d3038751c63bc2aadc06d\"},\"description\":\"\u201cT\u00eb gjith\u00eb besimtar\u00ebve t\u00eb fes\u00eb Katolike ju uroj Krishtlindjet. N\u00eb k\u00ebt\u00eb fest\u00eb t\u00eb madhe q\u00eb simbolizon lindjen, le t\u00eb lind nj\u00eb shpres\u00eb t\u00eb re n\u00eb vlera\",\"breadcrumb\":{\"@id\":\"https:\/\/www.visit-ulcinj.com\/blog\/2012\/12\/25\/dritan-abazoviq-gezuar-krishtlindjet\/#breadcrumb\"},\"inLanguage\":\"en-US\",\"potentialAction\":[{\"@type\":\"ReadAction\",\"target\":[\"https:\/\/www.visit-ulcinj.com\/blog\/2012\/12\/25\/dritan-abazoviq-gezuar-krishtlindjet\/\"]}]},{\"@type\":\"BreadcrumbList\",\"@id\":\"https:\/\/www.visit-ulcinj.com\/blog\/2012\/12\/25\/dritan-abazoviq-gezuar-krishtlindjet\/#breadcrumb\",\"itemListElement\":[{\"@type\":\"ListItem\",\"position\":1,\"name\":\"Dritan Abazoviq: G\u00ebzuar Krishtlindjet!\"}]},{\"@type\":\"Person\",\"@id\":\"https:\/\/www.visit-ulcinj.com\/blog\/#\/schema\/person\/dcab619c614d3038751c63bc2aadc06d\",\"name\":\"ulqini\",\"sameAs\":[\"http:\/\/www.visit-ulcinj.com\"],\"url\":\"https:\/\/www.visit-ulcinj.com\/blog\/author\/admin\/\"}]}<\/script>\n<!-- \/ Yoast SEO plugin. -->","yoast_head_json":{"title":"Dritan Abazoviq: G\u00ebzuar Krishtlindjet! - Lajme nga Ulqini","description":"\u201cT\u00eb gjith\u00eb besimtar\u00ebve t\u00eb fes\u00eb Katolike ju uroj Krishtlindjet. N\u00eb k\u00ebt\u00eb fest\u00eb t\u00eb madhe q\u00eb simbolizon lindjen, le t\u00eb lind nj\u00eb shpres\u00eb t\u00eb re n\u00eb vlera","robots":{"index":"index","follow":"follow","max-snippet":"max-snippet:-1","max-image-preview":"max-image-preview:large","max-video-preview":"max-video-preview:-1"},"canonical":"https:\/\/www.visit-ulcinj.com\/blog\/2012\/12\/25\/dritan-abazoviq-gezuar-krishtlindjet\/","og_locale":"en_US","og_type":"article","og_title":"Dritan Abazoviq: G\u00ebzuar Krishtlindjet! - Lajme nga Ulqini","og_description":"\u201cT\u00eb gjith\u00eb besimtar\u00ebve t\u00eb fes\u00eb Katolike ju uroj Krishtlindjet. N\u00eb k\u00ebt\u00eb fest\u00eb t\u00eb madhe q\u00eb simbolizon lindjen, le t\u00eb lind nj\u00eb shpres\u00eb t\u00eb re n\u00eb vlera","og_url":"https:\/\/www.visit-ulcinj.com\/blog\/2012\/12\/25\/dritan-abazoviq-gezuar-krishtlindjet\/","og_site_name":"Lajme nga Ulqini","article_published_time":"2012-12-25T16:22:19+00:00","article_modified_time":"2013-01-10T19:36:38+00:00","og_image":[{"url":"http:\/\/www.visit-ulcinj.com\/blog\/wp-content\/uploads\/2012\/12\/gezuar-krishtlindjet.gif"}],"twitter_misc":{"Written by":"ulqini","Est. reading time":"1 minute"},"schema":{"@context":"https:\/\/schema.org","@graph":[{"@type":"WebSite","@id":"https:\/\/www.visit-ulcinj.com\/blog\/#website","url":"https:\/\/www.visit-ulcinj.com\/blog\/","name":"Lajme nga Ulqini","description":"Lajme,Vijesti,Ulqini,Ulqin,Crna Gora,Mali i Zi","potentialAction":[{"@type":"SearchAction","target":{"@type":"EntryPoint","urlTemplate":"https:\/\/www.visit-ulcinj.com\/blog\/?s={search_term_string}"},"query-input":"required name=search_term_string"}],"inLanguage":"en-US"},{"@type":"ImageObject","inLanguage":"en-US","@id":"https:\/\/www.visit-ulcinj.com\/blog\/2012\/12\/25\/dritan-abazoviq-gezuar-krishtlindjet\/#primaryimage","url":"https:\/\/www.visit-ulcinj.com\/blog\/wp-content\/uploads\/2012\/12\/gezuar-krishtlindjet.gif","contentUrl":"https:\/\/www.visit-ulcinj.com\/blog\/wp-content\/uploads\/2012\/12\/gezuar-krishtlindjet.gif","width":512,"height":384},{"@type":"WebPage","@id":"https:\/\/www.visit-ulcinj.com\/blog\/2012\/12\/25\/dritan-abazoviq-gezuar-krishtlindjet\/#webpage","url":"https:\/\/www.visit-ulcinj.com\/blog\/2012\/12\/25\/dritan-abazoviq-gezuar-krishtlindjet\/","name":"Dritan Abazoviq: G\u00ebzuar Krishtlindjet! - Lajme nga Ulqini","isPartOf":{"@id":"https:\/\/www.visit-ulcinj.com\/blog\/#website"},"primaryImageOfPage":{"@id":"https:\/\/www.visit-ulcinj.com\/blog\/2012\/12\/25\/dritan-abazoviq-gezuar-krishtlindjet\/#primaryimage"},"datePublished":"2012-12-25T16:22:19+00:00","dateModified":"2013-01-10T19:36:38+00:00","author":{"@id":"https:\/\/www.visit-ulcinj.com\/blog\/#\/schema\/person\/dcab619c614d3038751c63bc2aadc06d"},"description":"\u201cT\u00eb gjith\u00eb besimtar\u00ebve t\u00eb fes\u00eb Katolike ju uroj Krishtlindjet. N\u00eb k\u00ebt\u00eb fest\u00eb t\u00eb madhe q\u00eb simbolizon lindjen, le t\u00eb lind nj\u00eb shpres\u00eb t\u00eb re n\u00eb vlera","breadcrumb":{"@id":"https:\/\/www.visit-ulcinj.com\/blog\/2012\/12\/25\/dritan-abazoviq-gezuar-krishtlindjet\/#breadcrumb"},"inLanguage":"en-US","potentialAction":[{"@type":"ReadAction","target":["https:\/\/www.visit-ulcinj.com\/blog\/2012\/12\/25\/dritan-abazoviq-gezuar-krishtlindjet\/"]}]},{"@type":"BreadcrumbList","@id":"https:\/\/www.visit-ulcinj.com\/blog\/2012\/12\/25\/dritan-abazoviq-gezuar-krishtlindjet\/#breadcrumb","itemListElement":[{"@type":"ListItem","position":1,"name":"Dritan Abazoviq: G\u00ebzuar Krishtlindjet!"}]},{"@type":"Person","@id":"https:\/\/www.visit-ulcinj.com\/blog\/#\/schema\/person\/dcab619c614d3038751c63bc2aadc06d","name":"ulqini","sameAs":["http:\/\/www.visit-ulcinj.com"],"url":"https:\/\/www.visit-ulcinj.com\/blog\/author\/admin\/"}]}},"jetpack_featured_media_url":"","jetpack_sharing_enabled":true,"jetpack_shortlink":"https:\/\/wp.me\/pe6lTn-hsH","_links":{"self":[{"href":"https:\/\/www.visit-ulcinj.com\/blog\/wp-json\/wp\/v2\/posts\/67127"}],"collection":[{"href":"https:\/\/www.visit-ulcinj.com\/blog\/wp-json\/wp\/v2\/posts"}],"about":[{"href":"https:\/\/www.visit-ulcinj.com\/blog\/wp-json\/wp\/v2\/types\/post"}],"author":[{"embeddable":true,"href":"https:\/\/www.visit-ulcinj.com\/blog\/wp-json\/wp\/v2\/users\/1"}],"replies":[{"embeddable":true,"href":"https:\/\/www.visit-ulcinj.com\/blog\/wp-json\/wp\/v2\/comments?post=67127"}],"version-history":[{"count":4,"href":"https:\/\/www.visit-ulcinj.com\/blog\/wp-json\/wp\/v2\/posts\/67127\/revisions"}],"predecessor-version":[{"id":67542,"href":"https:\/\/www.visit-ulcinj.com\/blog\/wp-json\/wp\/v2\/posts\/67127\/revisions\/67542"}],"wp:attachment":[{"href":"https:\/\/www.visit-ulcinj.com\/blog\/wp-json\/wp\/v2\/media?parent=67127"}],"wp:term":[{"taxonomy":"category","embeddable":true,"href":"https:\/\/www.visit-ulcinj.com\/blog\/wp-json\/wp\/v2\/categories?post=67127"},{"taxonomy":"post_tag","embeddable":true,"href":"https:\/\/www.visit-ulcinj.com\/blog\/wp-json\/wp\/v2\/tags?post=67127"}],"curies":[{"name":"wp","href":"https:\/\/api.w.org\/{rel}","templated":true}]}}