{"id":67132,"date":"2012-12-25T17:36:51","date_gmt":"2012-12-25T16:36:51","guid":{"rendered":"http:\/\/www.visit-ulcinj.com\/blog\/?p=67132"},"modified":"2012-12-25T17:36:51","modified_gmt":"2012-12-25T16:36:51","slug":"dritan-abazovic-vam-zeli-srecan-bozic","status":"publish","type":"post","link":"https:\/\/www.visit-ulcinj.com\/blog\/2012\/12\/25\/dritan-abazovic-vam-zeli-srecan-bozic\/","title":{"rendered":"Dritan Abazovic vam \u017eeli sre\u0107an Bo\u017ei\u0107"},"content":{"rendered":"<p><a href=\"http:\/\/www.visit-ulcinj.com\/blog\/wp-content\/uploads\/2012\/12\/srecan-bozic.jpg\"><img loading=\"lazy\" class=\"alignleft  wp-image-67133\" alt=\"srecan bozic\" src=\"http:\/\/www.visit-ulcinj.com\/blog\/wp-content\/uploads\/2012\/12\/srecan-bozic.jpg\" width=\"508\" height=\"360\" \/><\/a>&#8220;Svim pripadnicima katoli\u010dke vjeroisposvjesti \u010desti\u010datm Bo\u017ei\u0107. Neka ovaj veliki blagdan koji simboli\u0161e ro\u0111enje, rodi novu nadu u univerzalne vrijednosti i sve ono \u0161to ljude \u010dine dostojone svog postojanja. U na\u0161oj multikulturalnoj i multikonfsionalnoj zajednici ovakvi praznici imaju posebno mjesto jer slu\u017ee ja\u010danju duha zajedni\u0161tva i ukazuju na potrebu solidarnosti i me\u0111usobnog po\u0161tovanja. Ovom prilikom i svim gra\u0111anima Ulcinja \u010destitam prestoje\u0107u novu godinu sa \u017eeljom da bude mnogo upsje\u0161nija od predhodne i po\u010detak jednog novog perioda radostiti i prosperiteta na\u0161eg slavnog grada. Sre\u0107no!&#8221;<\/p>\n<p>&nbsp;<\/p>\n<p>Dritan Abazovic<br \/>\nUlcinj<\/p>\n","protected":false},"excerpt":{"rendered":"<p>&#8220;Svim pripadnicima katoli\u010dke vjeroisposvjesti \u010desti\u010datm Bo\u017ei\u0107. Neka ovaj veliki blagdan koji simboli\u0161e ro\u0111enje, rodi novu nadu u univerzalne vrijednosti i sve ono \u0161to ljude \u010dine dostojone svog postojanja. U na\u0161oj multikulturalnoj i multikonfsionalnoj zajednici ovakvi praznici imaju posebno mjesto jer slu\u017ee ja\u010danju duha zajedni\u0161tva i ukazuju na potrebu solidarnosti i me\u0111usobnog po\u0161tovanja. Ovom prilikom i [&hellip;]<\/p>\n","protected":false},"author":1,"featured_media":0,"comment_status":"open","ping_status":"closed","sticky":false,"template":"","format":"standard","meta":{"spay_email":"","jetpack_publicize_message":"","jetpack_is_tweetstorm":false,"jetpack_publicize_feature_enabled":true},"categories":[7],"tags":[19696],"jetpack_publicize_connections":[],"yoast_head":"<!-- This site is optimized with the Yoast SEO plugin v19.1 - https:\/\/yoast.com\/wordpress\/plugins\/seo\/ -->\n<title>Dritan Abazovic vam \u017eeli sre\u0107an Bo\u017ei\u0107 - Lajme nga Ulqini<\/title>\n<meta name=\"description\" content=\"&quot;Svim pripadnicima katoli\u010dke vjeroisposvjesti \u010desti\u010datm Bo\u017ei\u0107. Neka ovaj veliki blagdan koji simboli\u0161e ro\u0111enje, rodi novu nadu u univerzalne vrijednosti i\" \/>\n<meta name=\"robots\" content=\"index, follow, max-snippet:-1, max-image-preview:large, max-video-preview:-1\" \/>\n<link rel=\"canonical\" href=\"https:\/\/www.visit-ulcinj.com\/blog\/2012\/12\/25\/dritan-abazovic-vam-zeli-srecan-bozic\/\" \/>\n<meta property=\"og:locale\" content=\"en_US\" \/>\n<meta property=\"og:type\" content=\"article\" \/>\n<meta property=\"og:title\" content=\"Dritan Abazovic vam \u017eeli sre\u0107an Bo\u017ei\u0107 - Lajme nga Ulqini\" \/>\n<meta property=\"og:description\" content=\"&quot;Svim pripadnicima katoli\u010dke vjeroisposvjesti \u010desti\u010datm Bo\u017ei\u0107. Neka ovaj veliki blagdan koji simboli\u0161e ro\u0111enje, rodi novu nadu u univerzalne vrijednosti i\" \/>\n<meta property=\"og:url\" content=\"https:\/\/www.visit-ulcinj.com\/blog\/2012\/12\/25\/dritan-abazovic-vam-zeli-srecan-bozic\/\" \/>\n<meta property=\"og:site_name\" content=\"Lajme nga Ulqini\" \/>\n<meta property=\"article:published_time\" content=\"2012-12-25T16:36:51+00:00\" \/>\n<meta property=\"og:image\" content=\"http:\/\/www.visit-ulcinj.com\/blog\/wp-content\/uploads\/2012\/12\/srecan-bozic.jpg\" \/>\n<meta name=\"twitter:label1\" content=\"Written by\" \/>\n\t<meta name=\"twitter:data1\" content=\"ulqini\" \/>\n\t<meta name=\"twitter:label2\" content=\"Est. reading time\" \/>\n\t<meta name=\"twitter:data2\" content=\"1 minute\" \/>\n<script type=\"application\/ld+json\" class=\"yoast-schema-graph\">{\"@context\":\"https:\/\/schema.org\",\"@graph\":[{\"@type\":\"WebSite\",\"@id\":\"https:\/\/www.visit-ulcinj.com\/blog\/#website\",\"url\":\"https:\/\/www.visit-ulcinj.com\/blog\/\",\"name\":\"Lajme nga Ulqini\",\"description\":\"Lajme,Vijesti,Ulqini,Ulqin,Crna Gora,Mali i Zi\",\"potentialAction\":[{\"@type\":\"SearchAction\",\"target\":{\"@type\":\"EntryPoint\",\"urlTemplate\":\"https:\/\/www.visit-ulcinj.com\/blog\/?s={search_term_string}\"},\"query-input\":\"required name=search_term_string\"}],\"inLanguage\":\"en-US\"},{\"@type\":\"ImageObject\",\"inLanguage\":\"en-US\",\"@id\":\"https:\/\/www.visit-ulcinj.com\/blog\/2012\/12\/25\/dritan-abazovic-vam-zeli-srecan-bozic\/#primaryimage\",\"url\":\"https:\/\/www.visit-ulcinj.com\/blog\/wp-content\/uploads\/2012\/12\/srecan-bozic.jpg\",\"contentUrl\":\"https:\/\/www.visit-ulcinj.com\/blog\/wp-content\/uploads\/2012\/12\/srecan-bozic.jpg\",\"width\":525,\"height\":382},{\"@type\":\"WebPage\",\"@id\":\"https:\/\/www.visit-ulcinj.com\/blog\/2012\/12\/25\/dritan-abazovic-vam-zeli-srecan-bozic\/#webpage\",\"url\":\"https:\/\/www.visit-ulcinj.com\/blog\/2012\/12\/25\/dritan-abazovic-vam-zeli-srecan-bozic\/\",\"name\":\"Dritan Abazovic vam \u017eeli sre\u0107an Bo\u017ei\u0107 - Lajme nga Ulqini\",\"isPartOf\":{\"@id\":\"https:\/\/www.visit-ulcinj.com\/blog\/#website\"},\"primaryImageOfPage\":{\"@id\":\"https:\/\/www.visit-ulcinj.com\/blog\/2012\/12\/25\/dritan-abazovic-vam-zeli-srecan-bozic\/#primaryimage\"},\"datePublished\":\"2012-12-25T16:36:51+00:00\",\"dateModified\":\"2012-12-25T16:36:51+00:00\",\"author\":{\"@id\":\"https:\/\/www.visit-ulcinj.com\/blog\/#\/schema\/person\/dcab619c614d3038751c63bc2aadc06d\"},\"description\":\"\\\"Svim pripadnicima katoli\u010dke vjeroisposvjesti \u010desti\u010datm Bo\u017ei\u0107. Neka ovaj veliki blagdan koji simboli\u0161e ro\u0111enje, rodi novu nadu u univerzalne vrijednosti i\",\"breadcrumb\":{\"@id\":\"https:\/\/www.visit-ulcinj.com\/blog\/2012\/12\/25\/dritan-abazovic-vam-zeli-srecan-bozic\/#breadcrumb\"},\"inLanguage\":\"en-US\",\"potentialAction\":[{\"@type\":\"ReadAction\",\"target\":[\"https:\/\/www.visit-ulcinj.com\/blog\/2012\/12\/25\/dritan-abazovic-vam-zeli-srecan-bozic\/\"]}]},{\"@type\":\"BreadcrumbList\",\"@id\":\"https:\/\/www.visit-ulcinj.com\/blog\/2012\/12\/25\/dritan-abazovic-vam-zeli-srecan-bozic\/#breadcrumb\",\"itemListElement\":[{\"@type\":\"ListItem\",\"position\":1,\"name\":\"Dritan Abazovic vam \u017eeli sre\u0107an Bo\u017ei\u0107\"}]},{\"@type\":\"Person\",\"@id\":\"https:\/\/www.visit-ulcinj.com\/blog\/#\/schema\/person\/dcab619c614d3038751c63bc2aadc06d\",\"name\":\"ulqini\",\"sameAs\":[\"http:\/\/www.visit-ulcinj.com\"],\"url\":\"https:\/\/www.visit-ulcinj.com\/blog\/author\/admin\/\"}]}<\/script>\n<!-- \/ Yoast SEO plugin. -->","yoast_head_json":{"title":"Dritan Abazovic vam \u017eeli sre\u0107an Bo\u017ei\u0107 - Lajme nga Ulqini","description":"\"Svim pripadnicima katoli\u010dke vjeroisposvjesti \u010desti\u010datm Bo\u017ei\u0107. Neka ovaj veliki blagdan koji simboli\u0161e ro\u0111enje, rodi novu nadu u univerzalne vrijednosti i","robots":{"index":"index","follow":"follow","max-snippet":"max-snippet:-1","max-image-preview":"max-image-preview:large","max-video-preview":"max-video-preview:-1"},"canonical":"https:\/\/www.visit-ulcinj.com\/blog\/2012\/12\/25\/dritan-abazovic-vam-zeli-srecan-bozic\/","og_locale":"en_US","og_type":"article","og_title":"Dritan Abazovic vam \u017eeli sre\u0107an Bo\u017ei\u0107 - Lajme nga Ulqini","og_description":"\"Svim pripadnicima katoli\u010dke vjeroisposvjesti \u010desti\u010datm Bo\u017ei\u0107. Neka ovaj veliki blagdan koji simboli\u0161e ro\u0111enje, rodi novu nadu u univerzalne vrijednosti i","og_url":"https:\/\/www.visit-ulcinj.com\/blog\/2012\/12\/25\/dritan-abazovic-vam-zeli-srecan-bozic\/","og_site_name":"Lajme nga Ulqini","article_published_time":"2012-12-25T16:36:51+00:00","og_image":[{"url":"http:\/\/www.visit-ulcinj.com\/blog\/wp-content\/uploads\/2012\/12\/srecan-bozic.jpg"}],"twitter_misc":{"Written by":"ulqini","Est. reading time":"1 minute"},"schema":{"@context":"https:\/\/schema.org","@graph":[{"@type":"WebSite","@id":"https:\/\/www.visit-ulcinj.com\/blog\/#website","url":"https:\/\/www.visit-ulcinj.com\/blog\/","name":"Lajme nga Ulqini","description":"Lajme,Vijesti,Ulqini,Ulqin,Crna Gora,Mali i Zi","potentialAction":[{"@type":"SearchAction","target":{"@type":"EntryPoint","urlTemplate":"https:\/\/www.visit-ulcinj.com\/blog\/?s={search_term_string}"},"query-input":"required name=search_term_string"}],"inLanguage":"en-US"},{"@type":"ImageObject","inLanguage":"en-US","@id":"https:\/\/www.visit-ulcinj.com\/blog\/2012\/12\/25\/dritan-abazovic-vam-zeli-srecan-bozic\/#primaryimage","url":"https:\/\/www.visit-ulcinj.com\/blog\/wp-content\/uploads\/2012\/12\/srecan-bozic.jpg","contentUrl":"https:\/\/www.visit-ulcinj.com\/blog\/wp-content\/uploads\/2012\/12\/srecan-bozic.jpg","width":525,"height":382},{"@type":"WebPage","@id":"https:\/\/www.visit-ulcinj.com\/blog\/2012\/12\/25\/dritan-abazovic-vam-zeli-srecan-bozic\/#webpage","url":"https:\/\/www.visit-ulcinj.com\/blog\/2012\/12\/25\/dritan-abazovic-vam-zeli-srecan-bozic\/","name":"Dritan Abazovic vam \u017eeli sre\u0107an Bo\u017ei\u0107 - Lajme nga Ulqini","isPartOf":{"@id":"https:\/\/www.visit-ulcinj.com\/blog\/#website"},"primaryImageOfPage":{"@id":"https:\/\/www.visit-ulcinj.com\/blog\/2012\/12\/25\/dritan-abazovic-vam-zeli-srecan-bozic\/#primaryimage"},"datePublished":"2012-12-25T16:36:51+00:00","dateModified":"2012-12-25T16:36:51+00:00","author":{"@id":"https:\/\/www.visit-ulcinj.com\/blog\/#\/schema\/person\/dcab619c614d3038751c63bc2aadc06d"},"description":"\"Svim pripadnicima katoli\u010dke vjeroisposvjesti \u010desti\u010datm Bo\u017ei\u0107. Neka ovaj veliki blagdan koji simboli\u0161e ro\u0111enje, rodi novu nadu u univerzalne vrijednosti i","breadcrumb":{"@id":"https:\/\/www.visit-ulcinj.com\/blog\/2012\/12\/25\/dritan-abazovic-vam-zeli-srecan-bozic\/#breadcrumb"},"inLanguage":"en-US","potentialAction":[{"@type":"ReadAction","target":["https:\/\/www.visit-ulcinj.com\/blog\/2012\/12\/25\/dritan-abazovic-vam-zeli-srecan-bozic\/"]}]},{"@type":"BreadcrumbList","@id":"https:\/\/www.visit-ulcinj.com\/blog\/2012\/12\/25\/dritan-abazovic-vam-zeli-srecan-bozic\/#breadcrumb","itemListElement":[{"@type":"ListItem","position":1,"name":"Dritan Abazovic vam \u017eeli sre\u0107an Bo\u017ei\u0107"}]},{"@type":"Person","@id":"https:\/\/www.visit-ulcinj.com\/blog\/#\/schema\/person\/dcab619c614d3038751c63bc2aadc06d","name":"ulqini","sameAs":["http:\/\/www.visit-ulcinj.com"],"url":"https:\/\/www.visit-ulcinj.com\/blog\/author\/admin\/"}]}},"jetpack_featured_media_url":"","jetpack_sharing_enabled":true,"jetpack_shortlink":"https:\/\/wp.me\/pe6lTn-hsM","_links":{"self":[{"href":"https:\/\/www.visit-ulcinj.com\/blog\/wp-json\/wp\/v2\/posts\/67132"}],"collection":[{"href":"https:\/\/www.visit-ulcinj.com\/blog\/wp-json\/wp\/v2\/posts"}],"about":[{"href":"https:\/\/www.visit-ulcinj.com\/blog\/wp-json\/wp\/v2\/types\/post"}],"author":[{"embeddable":true,"href":"https:\/\/www.visit-ulcinj.com\/blog\/wp-json\/wp\/v2\/users\/1"}],"replies":[{"embeddable":true,"href":"https:\/\/www.visit-ulcinj.com\/blog\/wp-json\/wp\/v2\/comments?post=67132"}],"version-history":[{"count":1,"href":"https:\/\/www.visit-ulcinj.com\/blog\/wp-json\/wp\/v2\/posts\/67132\/revisions"}],"predecessor-version":[{"id":67134,"href":"https:\/\/www.visit-ulcinj.com\/blog\/wp-json\/wp\/v2\/posts\/67132\/revisions\/67134"}],"wp:attachment":[{"href":"https:\/\/www.visit-ulcinj.com\/blog\/wp-json\/wp\/v2\/media?parent=67132"}],"wp:term":[{"taxonomy":"category","embeddable":true,"href":"https:\/\/www.visit-ulcinj.com\/blog\/wp-json\/wp\/v2\/categories?post=67132"},{"taxonomy":"post_tag","embeddable":true,"href":"https:\/\/www.visit-ulcinj.com\/blog\/wp-json\/wp\/v2\/tags?post=67132"}],"curies":[{"name":"wp","href":"https:\/\/api.w.org\/{rel}","templated":true}]}}