{"id":67149,"date":"2012-12-25T20:00:12","date_gmt":"2012-12-25T19:00:12","guid":{"rendered":"http:\/\/www.visit-ulcinj.com\/blog\/?p=67149"},"modified":"2012-12-30T22:11:45","modified_gmt":"2012-12-30T21:11:45","slug":"sretena-gjuriq-dhe-liridona-ceka-kampione","status":"publish","type":"post","link":"https:\/\/www.visit-ulcinj.com\/blog\/2012\/12\/25\/sretena-gjuriq-dhe-liridona-ceka-kampione\/","title":{"rendered":"Sretena Gjuriq dhe Liridona Ceka kampione"},"content":{"rendered":"<p><a href=\"http:\/\/www.visit-ulcinj.com\/blog\/wp-content\/uploads\/2012\/12\/Klubi-i-karates\u00eb-Ulqini.jpg\"><img loading=\"lazy\" class=\"alignleft  wp-image-67150\" alt=\"Klubi i karates\u00eb Ulqini\" src=\"http:\/\/www.visit-ulcinj.com\/blog\/wp-content\/uploads\/2012\/12\/Klubi-i-karates\u00eb-Ulqini.jpg\" width=\"508\" height=\"360\" \/><\/a>Klubi i karates\u00eb \u201cUlqini\u201d mori pjes\u00eb n\u00eb dy gara: n\u00eb Kampionatin e Malit t\u00eb Zi dhe n\u00eb turneun \u201cElbasani Open 2012\u201d<\/p>\n<p style=\"text-align: center;\">\u00a0\u00a0\u00a0\u00a0\u00a0\u00a0\u00a0\u00a0\u00a0\u00a0 \u00a0\u00a0\u00a0\u00a0\u00a0\u00a0\u00a0<strong>\u00a0\u00a0\u00a0\u00a0\u00a0Sretena Gjuriq Dhe Liridona Ceka Kampione<\/strong><\/p>\n<p>T\u00eb shtun\u00ebn, m\u00eb 22 dhjetor 2012 n\u00eb Podgoric\u00eb u mbajt Kampionati i Karates\u00eb s\u00eb Malit t\u00eb Zi p\u00ebr fatosa dhe pionier\u00eb n\u00eb kata individuale dhe ekipore dhe Kampionati p\u00ebr kadet\u00eb, junior\u00eb dhe senior\u00eb t\u00eb rinj. Klubi i karates\u00eb \u201cUlqini\u201d edhe k\u00ebsaj here d\u00ebshmoi primatin e vet duke qen\u00eb klub i sukseseve t\u00eb arta.<\/p>\n<p>N\u00eb disiplin\u00ebn individuale n\u00eb luft\u00ebra kampione e Malit t\u00eb Zi u shpall Sretena Gjuriq, juniore, +59 kg, kurse n\u00eb kata individuale kampione e Malit t\u00eb Zi u shpall Liridona Ceka. Po ashtu kampion i Malit t\u00eb Zi u shpall edhe ekipi i pionier\u00ebve n\u00eb kata i p\u00ebrb\u00ebr\u00eb nga Emin Kulla, Emro Bajrami dhe Elvir Islami. N\u00ebnkampion\u00eb t\u00eb Malit t\u00eb Zi n\u00eb disiplinat individuale u shpall\u00ebn Venesa Nuhi, Antigona Rama dhe Hantije Ibro\u00e7i. Po ashtu n\u00ebnkampion\u00eb t\u00eb Malit t\u00eb Zi u shpall\u00ebn edhe 2 ekipe: ekipi i kadet\u00ebve dhe junior\u00ebve n\u00eb kata i djemve dhe i vajzave. Ekipi i djemve ishte i p\u00ebrb\u00ebr\u00eb nga Lulzim Suma, Nderim Cuca dhe Edin Kraja, kurse ekipi i vajzave ishte i p\u00ebrb\u00ebr\u00eb nga Venesa Nuhi, Antigona Rama dhe Seida Suma.<\/p>\n<p>Me medalje t\u00eb bronzt\u00eb u kuror\u00ebzuan 5 garues. N\u00eb luft\u00ebra individuale me medalje u kuror\u00ebzuan Lulzim Suma, Edin Kraja, Seida Suma, Hantije Ibro\u00e7i dhe Albion Duraku. N\u00eb kata individuale me medaljen e bronzt\u00eb u kuror\u00ebzua Hantije Ibro\u00e7i.<\/p>\n<p>Klubi i Karates\u00eb \u201cUlqini\u201d n\u00eb Kampionatin e Malit t\u00eb Zi mori pjes\u00eb me 16 garues, t\u00eb cil\u00ebt u kuror\u00ebzuan me gjithsej 19 medalje n\u00eb disiplinat individuale dhe ekipore.<\/p>\n<p>T\u00eb h\u00ebn\u00ebn, m\u00eb 24 dhjetor 2012 n\u00eb Elbasan, Shqip\u00ebri, u mbajt Turneu i 12-t\u00eb i Karates\u00eb \u201cElbasani Open 2012\u201d, n\u00eb t\u00eb cilin mor\u00ebn pjes\u00eb garues nga Shqip\u00ebria, Maqedonia, Kosova dhe ne nga Ulqini.<br \/>\nKlubi i Karates\u00eb \u201cUlqini\u201d mori pjes\u00eb me 3 garues: Antigona Rama, Hantije Ibro\u00e7i dhe Albion Duraku, t\u00eb cil\u00ebt\u00a0 u kuror\u00ebzuan me 6 medalje t\u00eb arta n\u00eb disiplinat kata dhe luft\u00ebra individuale.<\/p>\n<p>Me k\u00ebto gara Klubi i Karates\u00eb \u201cUlqini\u201d p\u00ebrfundon sezonin e garave p\u00ebr vitin 2012. Me sakrifica t\u00eb m\u00ebdha klubi mori pjes\u00eb n\u00eb 28 gara n\u00eb vitin 2012 duke shk\u00eblqyer me nj\u00eb num\u00ebr t\u00eb madh t\u00eb medaljeve dhe kupave dhe gjithmon\u00eb ishte nd\u00ebr m\u00eb t\u00eb mir\u00ebt. Karateist\u00ebt e klubit \u201cUlqini\u201d vazhduan t\u00eb rradhisin suksese edhe k\u00ebt\u00eb vit, \u00e7ka b\u00ebri q\u00eb t\u00eb jen\u00eb edhe m\u00eb t\u00eb mir\u00eb se vitin e kaluar.<\/p>\n<p>Klubi i Karates\u00eb \u201cUlqini\u201d \u00a0n\u00eb vitin 2012 \u00ebsht\u00eb fitues i 36 kupave dhe 638 medaljeve: 251 t\u00eb arta, 197 t\u00eb argjendta dhe 190 t\u00eb bronzta n\u00eb garat vendore, komb\u00ebtare dhe nd\u00ebrkomb\u00ebtare n\u00eb disiplinat ekipore dhe individuale.<\/p>\n<p>Udh\u00ebheq\u00ebsia dhe trajner\u00ebt e klubit t\u00eb karates\u00eb \u201cUlqini\u201d fal\u00ebnderojn\u00eb t\u00eb gjith\u00eb ata q\u00eb i p\u00ebrkrah\u00ebn gjat\u00eb vitit 2012, edhe pse ato ishin t\u00eb pak\u00ebt, me shpres\u00eb q\u00eb ndoshta, kur t\u00eb shihen e njihen k\u00ebto suksese, vitin e ardhsh\u00ebm p\u00ebrkrahja do t\u00eb jet\u00eb m\u00eb e madhe.<\/p>\n<p>Udh\u00ebheq\u00ebsia, trajner\u00ebt dhe garuesit e klubit t\u00eb karates\u00eb \u201cUlqini\u201d i urojn\u00eb t\u00eb gjith\u00ebve festat e fundvitit dhe g\u00ebzuar Vitin e Ri 2013!!!<\/p>\n<p><strong>\u00a0Sh\u00ebrbimi informativ i Klubit t\u00eb Karates\u00eb \u201cUlqini\u201d<br \/>\n\n\t\t<style type=\"text\/css\">\n\t\t\t#gallery-1 {\n\t\t\t\tmargin: auto;\n\t\t\t}\n\t\t\t#gallery-1 .gallery-item {\n\t\t\t\tfloat: left;\n\t\t\t\tmargin-top: 10px;\n\t\t\t\ttext-align: center;\n\t\t\t\twidth: 33%;\n\t\t\t}\n\t\t\t#gallery-1 img {\n\t\t\t\tborder: 2px solid #cfcfcf;\n\t\t\t}\n\t\t\t#gallery-1 .gallery-caption {\n\t\t\t\tmargin-left: 0;\n\t\t\t}\n\t\t\t\/* see gallery_shortcode() in wp-includes\/media.php *\/\n\t\t<\/style>\n\t\t<div id='gallery-1' class='gallery galleryid-67149 gallery-columns-3 gallery-size-thumbnail'><dl class='gallery-item'>\n\t\t\t<dt class='gallery-icon landscape'>\n\t\t\t\t<a href='https:\/\/www.visit-ulcinj.com\/blog\/2012\/12\/25\/sretena-gjuriq-dhe-liridona-ceka-kampione\/klubi-i-karatese-ulqini-2-2\/'><img width=\"150\" height=\"150\" src=\"https:\/\/www.visit-ulcinj.com\/blog\/wp-content\/uploads\/2012\/12\/Klubi-i-karates\u00eb-Ulqini.2-150x150.jpg\" class=\"attachment-thumbnail size-thumbnail\" alt=\"\" loading=\"lazy\" \/><\/a>\n\t\t\t<\/dt><\/dl><dl class='gallery-item'>\n\t\t\t<dt class='gallery-icon landscape'>\n\t\t\t\t<a href='https:\/\/www.visit-ulcinj.com\/blog\/2012\/12\/25\/sretena-gjuriq-dhe-liridona-ceka-kampione\/klubi-i-karatese-ulqini-5-2\/'><img width=\"150\" height=\"150\" src=\"https:\/\/www.visit-ulcinj.com\/blog\/wp-content\/uploads\/2012\/12\/Klubi-i-karates\u00eb-Ulqini.5-150x150.jpg\" class=\"attachment-thumbnail size-thumbnail\" alt=\"\" loading=\"lazy\" \/><\/a>\n\t\t\t<\/dt><\/dl><dl class='gallery-item'>\n\t\t\t<dt class='gallery-icon landscape'>\n\t\t\t\t<a href='https:\/\/www.visit-ulcinj.com\/blog\/2012\/12\/25\/sretena-gjuriq-dhe-liridona-ceka-kampione\/klubi-i-karatese-ulqini-4-2\/'><img width=\"150\" height=\"150\" src=\"https:\/\/www.visit-ulcinj.com\/blog\/wp-content\/uploads\/2012\/12\/Klubi-i-karates\u00eb-Ulqini.4-150x150.jpg\" class=\"attachment-thumbnail size-thumbnail\" alt=\"\" loading=\"lazy\" \/><\/a>\n\t\t\t<\/dt><\/dl><br style=\"clear: both\" \/><dl class='gallery-item'>\n\t\t\t<dt class='gallery-icon landscape'>\n\t\t\t\t<a href='https:\/\/www.visit-ulcinj.com\/blog\/2012\/12\/25\/sretena-gjuriq-dhe-liridona-ceka-kampione\/klubi-i-karatese-ulqini-3-2\/'><img width=\"150\" height=\"150\" src=\"https:\/\/www.visit-ulcinj.com\/blog\/wp-content\/uploads\/2012\/12\/Klubi-i-karates\u00eb-Ulqini.3-150x150.jpg\" class=\"attachment-thumbnail size-thumbnail\" alt=\"\" loading=\"lazy\" \/><\/a>\n\t\t\t<\/dt><\/dl><dl class='gallery-item'>\n\t\t\t<dt class='gallery-icon landscape'>\n\t\t\t\t<a href='https:\/\/www.visit-ulcinj.com\/blog\/2012\/12\/25\/sretena-gjuriq-dhe-liridona-ceka-kampione\/klubi-i-karatese-ulqini-1\/'><img width=\"150\" height=\"150\" src=\"https:\/\/www.visit-ulcinj.com\/blog\/wp-content\/uploads\/2012\/12\/Klubi-i-karates\u00eb-Ulqini.1-150x150.jpg\" class=\"attachment-thumbnail size-thumbnail\" alt=\"\" loading=\"lazy\" \/><\/a>\n\t\t\t<\/dt><\/dl><dl class='gallery-item'>\n\t\t\t<dt class='gallery-icon landscape'>\n\t\t\t\t<a href='https:\/\/www.visit-ulcinj.com\/blog\/2012\/12\/25\/sretena-gjuriq-dhe-liridona-ceka-kampione\/klubi-i-karatese-ulqini-8\/'><img width=\"150\" height=\"150\" src=\"https:\/\/www.visit-ulcinj.com\/blog\/wp-content\/uploads\/2012\/12\/Klubi-i-karates\u00eb-Ulqini-150x150.jpg\" class=\"attachment-thumbnail size-thumbnail\" alt=\"\" loading=\"lazy\" \/><\/a>\n\t\t\t<\/dt><\/dl><br style=\"clear: both\" \/>\n\t\t<\/div>\n<br \/>\n<\/strong><\/p>\n","protected":false},"excerpt":{"rendered":"<p>Klubi i karates\u00eb \u201cUlqini\u201d mori pjes\u00eb n\u00eb dy gara: n\u00eb Kampionatin e Malit t\u00eb Zi dhe n\u00eb turneun \u201cElbasani Open 2012\u201d \u00a0\u00a0\u00a0\u00a0\u00a0\u00a0\u00a0\u00a0\u00a0\u00a0 \u00a0\u00a0\u00a0\u00a0\u00a0\u00a0\u00a0\u00a0\u00a0\u00a0\u00a0\u00a0Sretena Gjuriq Dhe Liridona Ceka Kampione T\u00eb shtun\u00ebn, m\u00eb 22 dhjetor 2012 n\u00eb Podgoric\u00eb u mbajt Kampionati i Karates\u00eb s\u00eb Malit t\u00eb Zi p\u00ebr fatosa dhe pionier\u00eb n\u00eb kata individuale dhe ekipore dhe [&hellip;]<\/p>\n","protected":false},"author":1,"featured_media":0,"comment_status":"open","ping_status":"closed","sticky":false,"template":"","format":"standard","meta":{"spay_email":"","jetpack_publicize_message":"","jetpack_is_tweetstorm":false,"jetpack_publicize_feature_enabled":true},"categories":[6950,3],"tags":[5025,5024],"jetpack_publicize_connections":[],"yoast_head":"<!-- This site is optimized with the Yoast SEO plugin v19.1 - https:\/\/yoast.com\/wordpress\/plugins\/seo\/ -->\n<title>Sretena Gjuriq dhe Liridona Ceka kampione - Lajme nga Ulqini<\/title>\n<meta name=\"description\" content=\"Klubi i karates\u00eb \u201cUlqini\u201d mori pjes\u00eb n\u00eb dy gara: n\u00eb Kampionatin e Malit t\u00eb Zi dhe n\u00eb turneun \u201cElbasani Open 2012\u201d \u00a0\u00a0\u00a0\u00a0\u00a0\u00a0\u00a0\u00a0\u00a0\u00a0 \u00a0\u00a0\u00a0\u00a0\u00a0\u00a0\u00a0\u00a0\u00a0\u00a0\u00a0\u00a0Sretena Gjuriq\" \/>\n<meta name=\"robots\" content=\"index, follow, max-snippet:-1, max-image-preview:large, max-video-preview:-1\" \/>\n<link rel=\"canonical\" href=\"https:\/\/www.visit-ulcinj.com\/blog\/2012\/12\/25\/sretena-gjuriq-dhe-liridona-ceka-kampione\/\" \/>\n<meta property=\"og:locale\" content=\"en_US\" \/>\n<meta property=\"og:type\" content=\"article\" \/>\n<meta property=\"og:title\" content=\"Sretena Gjuriq dhe Liridona Ceka kampione - Lajme nga Ulqini\" \/>\n<meta property=\"og:description\" content=\"Klubi i karates\u00eb \u201cUlqini\u201d mori pjes\u00eb n\u00eb dy gara: n\u00eb Kampionatin e Malit t\u00eb Zi dhe n\u00eb turneun \u201cElbasani Open 2012\u201d \u00a0\u00a0\u00a0\u00a0\u00a0\u00a0\u00a0\u00a0\u00a0\u00a0 \u00a0\u00a0\u00a0\u00a0\u00a0\u00a0\u00a0\u00a0\u00a0\u00a0\u00a0\u00a0Sretena Gjuriq\" \/>\n<meta property=\"og:url\" content=\"https:\/\/www.visit-ulcinj.com\/blog\/2012\/12\/25\/sretena-gjuriq-dhe-liridona-ceka-kampione\/\" \/>\n<meta property=\"og:site_name\" content=\"Lajme nga Ulqini\" \/>\n<meta property=\"article:published_time\" content=\"2012-12-25T19:00:12+00:00\" \/>\n<meta property=\"article:modified_time\" content=\"2012-12-30T21:11:45+00:00\" \/>\n<meta property=\"og:image\" content=\"https:\/\/www.visit-ulcinj.com\/blog\/wp-content\/uploads\/2012\/12\/Klubi-i-karates\u00eb-Ulqini.2-150x150.jpg\" \/>\n<meta name=\"twitter:label1\" content=\"Written by\" \/>\n\t<meta name=\"twitter:data1\" content=\"ulqini\" \/>\n\t<meta name=\"twitter:label2\" content=\"Est. reading time\" \/>\n\t<meta name=\"twitter:data2\" content=\"3 minutes\" \/>\n<script type=\"application\/ld+json\" class=\"yoast-schema-graph\">{\"@context\":\"https:\/\/schema.org\",\"@graph\":[{\"@type\":\"WebSite\",\"@id\":\"https:\/\/www.visit-ulcinj.com\/blog\/#website\",\"url\":\"https:\/\/www.visit-ulcinj.com\/blog\/\",\"name\":\"Lajme nga Ulqini\",\"description\":\"Lajme,Vijesti,Ulqini,Ulqin,Crna Gora,Mali i Zi\",\"potentialAction\":[{\"@type\":\"SearchAction\",\"target\":{\"@type\":\"EntryPoint\",\"urlTemplate\":\"https:\/\/www.visit-ulcinj.com\/blog\/?s={search_term_string}\"},\"query-input\":\"required name=search_term_string\"}],\"inLanguage\":\"en-US\"},{\"@type\":\"WebPage\",\"@id\":\"https:\/\/www.visit-ulcinj.com\/blog\/2012\/12\/25\/sretena-gjuriq-dhe-liridona-ceka-kampione\/#webpage\",\"url\":\"https:\/\/www.visit-ulcinj.com\/blog\/2012\/12\/25\/sretena-gjuriq-dhe-liridona-ceka-kampione\/\",\"name\":\"Sretena Gjuriq dhe Liridona Ceka kampione - Lajme nga Ulqini\",\"isPartOf\":{\"@id\":\"https:\/\/www.visit-ulcinj.com\/blog\/#website\"},\"datePublished\":\"2012-12-25T19:00:12+00:00\",\"dateModified\":\"2012-12-30T21:11:45+00:00\",\"author\":{\"@id\":\"https:\/\/www.visit-ulcinj.com\/blog\/#\/schema\/person\/dcab619c614d3038751c63bc2aadc06d\"},\"description\":\"Klubi i karates\u00eb \u201cUlqini\u201d mori pjes\u00eb n\u00eb dy gara: n\u00eb Kampionatin e Malit t\u00eb Zi dhe n\u00eb turneun \u201cElbasani Open 2012\u201d \u00a0\u00a0\u00a0\u00a0\u00a0\u00a0\u00a0\u00a0\u00a0\u00a0 \u00a0\u00a0\u00a0\u00a0\u00a0\u00a0\u00a0\u00a0\u00a0\u00a0\u00a0\u00a0Sretena Gjuriq\",\"breadcrumb\":{\"@id\":\"https:\/\/www.visit-ulcinj.com\/blog\/2012\/12\/25\/sretena-gjuriq-dhe-liridona-ceka-kampione\/#breadcrumb\"},\"inLanguage\":\"en-US\",\"potentialAction\":[{\"@type\":\"ReadAction\",\"target\":[\"https:\/\/www.visit-ulcinj.com\/blog\/2012\/12\/25\/sretena-gjuriq-dhe-liridona-ceka-kampione\/\"]}]},{\"@type\":\"BreadcrumbList\",\"@id\":\"https:\/\/www.visit-ulcinj.com\/blog\/2012\/12\/25\/sretena-gjuriq-dhe-liridona-ceka-kampione\/#breadcrumb\",\"itemListElement\":[{\"@type\":\"ListItem\",\"position\":1,\"name\":\"Sretena Gjuriq dhe Liridona Ceka kampione\"}]},{\"@type\":\"Person\",\"@id\":\"https:\/\/www.visit-ulcinj.com\/blog\/#\/schema\/person\/dcab619c614d3038751c63bc2aadc06d\",\"name\":\"ulqini\",\"sameAs\":[\"http:\/\/www.visit-ulcinj.com\"],\"url\":\"https:\/\/www.visit-ulcinj.com\/blog\/author\/admin\/\"}]}<\/script>\n<!-- \/ Yoast SEO plugin. -->","yoast_head_json":{"title":"Sretena Gjuriq dhe Liridona Ceka kampione - Lajme nga Ulqini","description":"Klubi i karates\u00eb \u201cUlqini\u201d mori pjes\u00eb n\u00eb dy gara: n\u00eb Kampionatin e Malit t\u00eb Zi dhe n\u00eb turneun \u201cElbasani Open 2012\u201d \u00a0\u00a0\u00a0\u00a0\u00a0\u00a0\u00a0\u00a0\u00a0\u00a0 \u00a0\u00a0\u00a0\u00a0\u00a0\u00a0\u00a0\u00a0\u00a0\u00a0\u00a0\u00a0Sretena Gjuriq","robots":{"index":"index","follow":"follow","max-snippet":"max-snippet:-1","max-image-preview":"max-image-preview:large","max-video-preview":"max-video-preview:-1"},"canonical":"https:\/\/www.visit-ulcinj.com\/blog\/2012\/12\/25\/sretena-gjuriq-dhe-liridona-ceka-kampione\/","og_locale":"en_US","og_type":"article","og_title":"Sretena Gjuriq dhe Liridona Ceka kampione - Lajme nga Ulqini","og_description":"Klubi i karates\u00eb \u201cUlqini\u201d mori pjes\u00eb n\u00eb dy gara: n\u00eb Kampionatin e Malit t\u00eb Zi dhe n\u00eb turneun \u201cElbasani Open 2012\u201d \u00a0\u00a0\u00a0\u00a0\u00a0\u00a0\u00a0\u00a0\u00a0\u00a0 \u00a0\u00a0\u00a0\u00a0\u00a0\u00a0\u00a0\u00a0\u00a0\u00a0\u00a0\u00a0Sretena Gjuriq","og_url":"https:\/\/www.visit-ulcinj.com\/blog\/2012\/12\/25\/sretena-gjuriq-dhe-liridona-ceka-kampione\/","og_site_name":"Lajme nga Ulqini","article_published_time":"2012-12-25T19:00:12+00:00","article_modified_time":"2012-12-30T21:11:45+00:00","og_image":[{"url":"https:\/\/www.visit-ulcinj.com\/blog\/wp-content\/uploads\/2012\/12\/Klubi-i-karates\u00eb-Ulqini.2-150x150.jpg"}],"twitter_misc":{"Written by":"ulqini","Est. reading time":"3 minutes"},"schema":{"@context":"https:\/\/schema.org","@graph":[{"@type":"WebSite","@id":"https:\/\/www.visit-ulcinj.com\/blog\/#website","url":"https:\/\/www.visit-ulcinj.com\/blog\/","name":"Lajme nga Ulqini","description":"Lajme,Vijesti,Ulqini,Ulqin,Crna Gora,Mali i Zi","potentialAction":[{"@type":"SearchAction","target":{"@type":"EntryPoint","urlTemplate":"https:\/\/www.visit-ulcinj.com\/blog\/?s={search_term_string}"},"query-input":"required name=search_term_string"}],"inLanguage":"en-US"},{"@type":"WebPage","@id":"https:\/\/www.visit-ulcinj.com\/blog\/2012\/12\/25\/sretena-gjuriq-dhe-liridona-ceka-kampione\/#webpage","url":"https:\/\/www.visit-ulcinj.com\/blog\/2012\/12\/25\/sretena-gjuriq-dhe-liridona-ceka-kampione\/","name":"Sretena Gjuriq dhe Liridona Ceka kampione - Lajme nga Ulqini","isPartOf":{"@id":"https:\/\/www.visit-ulcinj.com\/blog\/#website"},"datePublished":"2012-12-25T19:00:12+00:00","dateModified":"2012-12-30T21:11:45+00:00","author":{"@id":"https:\/\/www.visit-ulcinj.com\/blog\/#\/schema\/person\/dcab619c614d3038751c63bc2aadc06d"},"description":"Klubi i karates\u00eb \u201cUlqini\u201d mori pjes\u00eb n\u00eb dy gara: n\u00eb Kampionatin e Malit t\u00eb Zi dhe n\u00eb turneun \u201cElbasani Open 2012\u201d \u00a0\u00a0\u00a0\u00a0\u00a0\u00a0\u00a0\u00a0\u00a0\u00a0 \u00a0\u00a0\u00a0\u00a0\u00a0\u00a0\u00a0\u00a0\u00a0\u00a0\u00a0\u00a0Sretena Gjuriq","breadcrumb":{"@id":"https:\/\/www.visit-ulcinj.com\/blog\/2012\/12\/25\/sretena-gjuriq-dhe-liridona-ceka-kampione\/#breadcrumb"},"inLanguage":"en-US","potentialAction":[{"@type":"ReadAction","target":["https:\/\/www.visit-ulcinj.com\/blog\/2012\/12\/25\/sretena-gjuriq-dhe-liridona-ceka-kampione\/"]}]},{"@type":"BreadcrumbList","@id":"https:\/\/www.visit-ulcinj.com\/blog\/2012\/12\/25\/sretena-gjuriq-dhe-liridona-ceka-kampione\/#breadcrumb","itemListElement":[{"@type":"ListItem","position":1,"name":"Sretena Gjuriq dhe Liridona Ceka kampione"}]},{"@type":"Person","@id":"https:\/\/www.visit-ulcinj.com\/blog\/#\/schema\/person\/dcab619c614d3038751c63bc2aadc06d","name":"ulqini","sameAs":["http:\/\/www.visit-ulcinj.com"],"url":"https:\/\/www.visit-ulcinj.com\/blog\/author\/admin\/"}]}},"jetpack_featured_media_url":"","jetpack_sharing_enabled":true,"jetpack_shortlink":"https:\/\/wp.me\/pe6lTn-ht3","_links":{"self":[{"href":"https:\/\/www.visit-ulcinj.com\/blog\/wp-json\/wp\/v2\/posts\/67149"}],"collection":[{"href":"https:\/\/www.visit-ulcinj.com\/blog\/wp-json\/wp\/v2\/posts"}],"about":[{"href":"https:\/\/www.visit-ulcinj.com\/blog\/wp-json\/wp\/v2\/types\/post"}],"author":[{"embeddable":true,"href":"https:\/\/www.visit-ulcinj.com\/blog\/wp-json\/wp\/v2\/users\/1"}],"replies":[{"embeddable":true,"href":"https:\/\/www.visit-ulcinj.com\/blog\/wp-json\/wp\/v2\/comments?post=67149"}],"version-history":[{"count":2,"href":"https:\/\/www.visit-ulcinj.com\/blog\/wp-json\/wp\/v2\/posts\/67149\/revisions"}],"predecessor-version":[{"id":67272,"href":"https:\/\/www.visit-ulcinj.com\/blog\/wp-json\/wp\/v2\/posts\/67149\/revisions\/67272"}],"wp:attachment":[{"href":"https:\/\/www.visit-ulcinj.com\/blog\/wp-json\/wp\/v2\/media?parent=67149"}],"wp:term":[{"taxonomy":"category","embeddable":true,"href":"https:\/\/www.visit-ulcinj.com\/blog\/wp-json\/wp\/v2\/categories?post=67149"},{"taxonomy":"post_tag","embeddable":true,"href":"https:\/\/www.visit-ulcinj.com\/blog\/wp-json\/wp\/v2\/tags?post=67149"}],"curies":[{"name":"wp","href":"https:\/\/api.w.org\/{rel}","templated":true}]}}