{"id":67161,"date":"2012-12-25T20:20:46","date_gmt":"2012-12-25T19:20:46","guid":{"rendered":"http:\/\/www.visit-ulcinj.com\/blog\/?p=67161"},"modified":"2012-12-25T20:20:46","modified_gmt":"2012-12-25T19:20:46","slug":"pocelo-rusenje-nelegalnih-kucica-na-obali-bojane-video","status":"publish","type":"post","link":"https:\/\/www.visit-ulcinj.com\/blog\/2012\/12\/25\/pocelo-rusenje-nelegalnih-kucica-na-obali-bojane-video\/","title":{"rendered":"Po\u010delo ru\u0161enje nelegalnih ku\u0107ica na obali Bojane &#8211; Video"},"content":{"rendered":"<p>Bi\u0107e poru\u0161eno jo\u0161 oko desetak vikendica, ako do sjutra ne do\u0111e do sklapanja novih ugovora sa Morskim dobrom<br \/>\n<a href=\"http:\/\/www.visit-ulcinj.com\/blog\/wp-content\/uploads\/2012\/12\/Rusenje-Ada-Bojana.jpg\"><img loading=\"lazy\" class=\"alignleft  wp-image-67162\" alt=\"Rusenje Ada Bojana\" src=\"http:\/\/www.visit-ulcinj.com\/blog\/wp-content\/uploads\/2012\/12\/Rusenje-Ada-Bojana.jpg\" width=\"508\" height=\"300\" \/><\/a><\/p>\n<div id=\"article_text\">\n<p>U Ulcinju je po\u010delo ru\u0161enje nelegalnih ku\u0107ica na obalama rijeke Bojane. Iako je bilo predvi\u0111eno da bude poru\u0161eno oko 40 vikendica, taj broj se danas znatno smanjio, jer su vlasnici, u posljednji \u010das, sklopili ugovore sa Morskim dobrom.<\/p>\n<p>Prva na udaru Inspekcije za\u0161tite prostora, danas je bila vikendica Skendera Zekaja, koja je ujedno bila i jedna od ve\u0107ih na obalama Bojane. Kako saznajemo, Zekaj je dugovao Morskom dobru preko 20.000 eura, a danas se tokom ru\u0161enja nije ni pojavio.<\/p>\n<p>&#8220;U pitanju su gabariti od oko 250 kvadrata, vlasnik nije izmirio svoje obaveze i bio je saglasan da se ku\u0107ica ukloni&#8221;, ka\u017ee Hajrudin Osmanovi\u0107, glavni inspektor za\u0161tite prostora.<\/p>\n<p>Bi\u0107e poru\u0161eno jo\u0161 oko desetak vikendica, ako do sjutra ne do\u0111e do sklapanja novih ugovora. Vlasnici ku\u0107ica su izgleda uvidjeli da \u0107e &#8220;ako ne plate na mostu, platiti na \u0107upriji&#8221;, pa su ugrabili posljednju priliku i sklopili ugovor o zakupu zemlji\u0161ta sa Morskim dobrom. Posljednjih dana sklopljeno je \u010dak oko 30 ugovora.<\/p>\n<p>&#8220;Planirano je oko 40 objekata za uklanjanje, me\u0111utim, ve\u0107ina vlasnika je u me\u0111uvremenu izmirila svoje obaveze i dobili su odobrenje za produ\u017eetak ugovora s Morskim dobrom&#8221;, dodaje Osmanagi\u0107.<\/p>\n<p>Vlasnici, popularno nazvanih- vikend ku\u0107ica, pla\u0107aju godi\u0161nje deset eura po kvadratu, ako im ku\u0107ica ne prelazi 30 kvadrata, svaki dodatni kvadrat ko\u0161ta 20 eura &#8211; do 60 kvadrata, a od 60 pa navi\u0161e, potrebno je izdvojiti 40 eura po kvadratu.<\/p>\n<p>Posebno se pla\u0107a prostor koji zauzimaju terase i to pet eura po kvadratu.<\/p>\n<p>Godina 2010, kada je naplata zakupa zemlji\u0161ta na Bojani u pitanju, bila je najplodnija za Morsko dobro. Tada je inkasirano preko pola miliona eura, a i tome je prethodila akcija uklanjanja nelegalno sagra\u0111enih ku\u0107ica, u kojoj je poru\u0161eno njih 30.<\/p>\n<p><strong>Suzana Gani\u0107<\/strong><br \/>\n<strong><a href=\"http:\/\/www.vijesti.me\/\">Vijesti online<\/a><\/strong><br \/>\n<iframe loading=\"lazy\" width=\"508\" height=\"360\" src=\"http:\/\/www.youtube.com\/embed\/uWE4j7V26Os\" frameborder=\"0\" allowfullscreen><\/iframe><\/p>\n","protected":false},"excerpt":{"rendered":"<p>Bi\u0107e poru\u0161eno jo\u0161 oko desetak vikendica, ako do sjutra ne do\u0111e do sklapanja novih ugovora sa Morskim dobrom U Ulcinju je po\u010delo ru\u0161enje nelegalnih ku\u0107ica na obalama rijeke Bojane. Iako je bilo predvi\u0111eno da bude poru\u0161eno oko 40 vikendica, taj broj se danas znatno smanjio, jer su vlasnici, u posljednji \u010das, sklopili ugovore sa Morskim [&hellip;]<\/p>\n","protected":false},"author":1,"featured_media":0,"comment_status":"open","ping_status":"closed","sticky":false,"template":"","format":"standard","meta":{"spay_email":"","jetpack_publicize_message":"","jetpack_is_tweetstorm":false,"jetpack_publicize_feature_enabled":true},"categories":[8337],"tags":[138,19],"jetpack_publicize_connections":[],"yoast_head":"<!-- This site is optimized with the Yoast SEO plugin v19.1 - https:\/\/yoast.com\/wordpress\/plugins\/seo\/ -->\n<title>Po\u010delo ru\u0161enje nelegalnih ku\u0107ica na obali Bojane - Video - Lajme nga Ulqini<\/title>\n<meta name=\"description\" content=\"Bi\u0107e poru\u0161eno jo\u0161 oko desetak vikendica, ako do sjutra ne do\u0111e do sklapanja novih ugovora sa Morskim dobrom U Ulcinju je po\u010delo ru\u0161enje nelegalnih ku\u0107ica\" \/>\n<meta name=\"robots\" content=\"index, follow, max-snippet:-1, max-image-preview:large, max-video-preview:-1\" \/>\n<link rel=\"canonical\" href=\"https:\/\/www.visit-ulcinj.com\/blog\/2012\/12\/25\/pocelo-rusenje-nelegalnih-kucica-na-obali-bojane-video\/\" \/>\n<meta property=\"og:locale\" content=\"en_US\" \/>\n<meta property=\"og:type\" content=\"article\" \/>\n<meta property=\"og:title\" content=\"Po\u010delo ru\u0161enje nelegalnih ku\u0107ica na obali Bojane - Video - Lajme nga Ulqini\" \/>\n<meta property=\"og:description\" content=\"Bi\u0107e poru\u0161eno jo\u0161 oko desetak vikendica, ako do sjutra ne do\u0111e do sklapanja novih ugovora sa Morskim dobrom U Ulcinju je po\u010delo ru\u0161enje nelegalnih ku\u0107ica\" \/>\n<meta property=\"og:url\" content=\"https:\/\/www.visit-ulcinj.com\/blog\/2012\/12\/25\/pocelo-rusenje-nelegalnih-kucica-na-obali-bojane-video\/\" \/>\n<meta property=\"og:site_name\" content=\"Lajme nga Ulqini\" \/>\n<meta property=\"article:published_time\" content=\"2012-12-25T19:20:46+00:00\" \/>\n<meta property=\"og:image\" content=\"http:\/\/www.visit-ulcinj.com\/blog\/wp-content\/uploads\/2012\/12\/Rusenje-Ada-Bojana.jpg\" \/>\n<meta name=\"twitter:label1\" content=\"Written by\" \/>\n\t<meta name=\"twitter:data1\" content=\"ulqini\" \/>\n\t<meta name=\"twitter:label2\" content=\"Est. reading time\" \/>\n\t<meta name=\"twitter:data2\" content=\"2 minutes\" \/>\n<script type=\"application\/ld+json\" class=\"yoast-schema-graph\">{\"@context\":\"https:\/\/schema.org\",\"@graph\":[{\"@type\":\"WebSite\",\"@id\":\"https:\/\/www.visit-ulcinj.com\/blog\/#website\",\"url\":\"https:\/\/www.visit-ulcinj.com\/blog\/\",\"name\":\"Lajme nga Ulqini\",\"description\":\"Lajme,Vijesti,Ulqini,Ulqin,Crna Gora,Mali i Zi\",\"potentialAction\":[{\"@type\":\"SearchAction\",\"target\":{\"@type\":\"EntryPoint\",\"urlTemplate\":\"https:\/\/www.visit-ulcinj.com\/blog\/?s={search_term_string}\"},\"query-input\":\"required name=search_term_string\"}],\"inLanguage\":\"en-US\"},{\"@type\":\"ImageObject\",\"inLanguage\":\"en-US\",\"@id\":\"https:\/\/www.visit-ulcinj.com\/blog\/2012\/12\/25\/pocelo-rusenje-nelegalnih-kucica-na-obali-bojane-video\/#primaryimage\",\"url\":\"https:\/\/www.visit-ulcinj.com\/blog\/wp-content\/uploads\/2012\/12\/Rusenje-Ada-Bojana.jpg\",\"contentUrl\":\"https:\/\/www.visit-ulcinj.com\/blog\/wp-content\/uploads\/2012\/12\/Rusenje-Ada-Bojana.jpg\",\"width\":492,\"height\":253},{\"@type\":\"WebPage\",\"@id\":\"https:\/\/www.visit-ulcinj.com\/blog\/2012\/12\/25\/pocelo-rusenje-nelegalnih-kucica-na-obali-bojane-video\/#webpage\",\"url\":\"https:\/\/www.visit-ulcinj.com\/blog\/2012\/12\/25\/pocelo-rusenje-nelegalnih-kucica-na-obali-bojane-video\/\",\"name\":\"Po\u010delo ru\u0161enje nelegalnih ku\u0107ica na obali Bojane - Video - Lajme nga Ulqini\",\"isPartOf\":{\"@id\":\"https:\/\/www.visit-ulcinj.com\/blog\/#website\"},\"primaryImageOfPage\":{\"@id\":\"https:\/\/www.visit-ulcinj.com\/blog\/2012\/12\/25\/pocelo-rusenje-nelegalnih-kucica-na-obali-bojane-video\/#primaryimage\"},\"datePublished\":\"2012-12-25T19:20:46+00:00\",\"dateModified\":\"2012-12-25T19:20:46+00:00\",\"author\":{\"@id\":\"https:\/\/www.visit-ulcinj.com\/blog\/#\/schema\/person\/dcab619c614d3038751c63bc2aadc06d\"},\"description\":\"Bi\u0107e poru\u0161eno jo\u0161 oko desetak vikendica, ako do sjutra ne do\u0111e do sklapanja novih ugovora sa Morskim dobrom U Ulcinju je po\u010delo ru\u0161enje nelegalnih ku\u0107ica\",\"breadcrumb\":{\"@id\":\"https:\/\/www.visit-ulcinj.com\/blog\/2012\/12\/25\/pocelo-rusenje-nelegalnih-kucica-na-obali-bojane-video\/#breadcrumb\"},\"inLanguage\":\"en-US\",\"potentialAction\":[{\"@type\":\"ReadAction\",\"target\":[\"https:\/\/www.visit-ulcinj.com\/blog\/2012\/12\/25\/pocelo-rusenje-nelegalnih-kucica-na-obali-bojane-video\/\"]}]},{\"@type\":\"BreadcrumbList\",\"@id\":\"https:\/\/www.visit-ulcinj.com\/blog\/2012\/12\/25\/pocelo-rusenje-nelegalnih-kucica-na-obali-bojane-video\/#breadcrumb\",\"itemListElement\":[{\"@type\":\"ListItem\",\"position\":1,\"name\":\"Po\u010delo ru\u0161enje nelegalnih ku\u0107ica na obali Bojane &#8211; Video\"}]},{\"@type\":\"Person\",\"@id\":\"https:\/\/www.visit-ulcinj.com\/blog\/#\/schema\/person\/dcab619c614d3038751c63bc2aadc06d\",\"name\":\"ulqini\",\"sameAs\":[\"http:\/\/www.visit-ulcinj.com\"],\"url\":\"https:\/\/www.visit-ulcinj.com\/blog\/author\/admin\/\"}]}<\/script>\n<!-- \/ Yoast SEO plugin. -->","yoast_head_json":{"title":"Po\u010delo ru\u0161enje nelegalnih ku\u0107ica na obali Bojane - Video - Lajme nga Ulqini","description":"Bi\u0107e poru\u0161eno jo\u0161 oko desetak vikendica, ako do sjutra ne do\u0111e do sklapanja novih ugovora sa Morskim dobrom U Ulcinju je po\u010delo ru\u0161enje nelegalnih ku\u0107ica","robots":{"index":"index","follow":"follow","max-snippet":"max-snippet:-1","max-image-preview":"max-image-preview:large","max-video-preview":"max-video-preview:-1"},"canonical":"https:\/\/www.visit-ulcinj.com\/blog\/2012\/12\/25\/pocelo-rusenje-nelegalnih-kucica-na-obali-bojane-video\/","og_locale":"en_US","og_type":"article","og_title":"Po\u010delo ru\u0161enje nelegalnih ku\u0107ica na obali Bojane - Video - Lajme nga Ulqini","og_description":"Bi\u0107e poru\u0161eno jo\u0161 oko desetak vikendica, ako do sjutra ne do\u0111e do sklapanja novih ugovora sa Morskim dobrom U Ulcinju je po\u010delo ru\u0161enje nelegalnih ku\u0107ica","og_url":"https:\/\/www.visit-ulcinj.com\/blog\/2012\/12\/25\/pocelo-rusenje-nelegalnih-kucica-na-obali-bojane-video\/","og_site_name":"Lajme nga Ulqini","article_published_time":"2012-12-25T19:20:46+00:00","og_image":[{"url":"http:\/\/www.visit-ulcinj.com\/blog\/wp-content\/uploads\/2012\/12\/Rusenje-Ada-Bojana.jpg"}],"twitter_misc":{"Written by":"ulqini","Est. reading time":"2 minutes"},"schema":{"@context":"https:\/\/schema.org","@graph":[{"@type":"WebSite","@id":"https:\/\/www.visit-ulcinj.com\/blog\/#website","url":"https:\/\/www.visit-ulcinj.com\/blog\/","name":"Lajme nga Ulqini","description":"Lajme,Vijesti,Ulqini,Ulqin,Crna Gora,Mali i Zi","potentialAction":[{"@type":"SearchAction","target":{"@type":"EntryPoint","urlTemplate":"https:\/\/www.visit-ulcinj.com\/blog\/?s={search_term_string}"},"query-input":"required name=search_term_string"}],"inLanguage":"en-US"},{"@type":"ImageObject","inLanguage":"en-US","@id":"https:\/\/www.visit-ulcinj.com\/blog\/2012\/12\/25\/pocelo-rusenje-nelegalnih-kucica-na-obali-bojane-video\/#primaryimage","url":"https:\/\/www.visit-ulcinj.com\/blog\/wp-content\/uploads\/2012\/12\/Rusenje-Ada-Bojana.jpg","contentUrl":"https:\/\/www.visit-ulcinj.com\/blog\/wp-content\/uploads\/2012\/12\/Rusenje-Ada-Bojana.jpg","width":492,"height":253},{"@type":"WebPage","@id":"https:\/\/www.visit-ulcinj.com\/blog\/2012\/12\/25\/pocelo-rusenje-nelegalnih-kucica-na-obali-bojane-video\/#webpage","url":"https:\/\/www.visit-ulcinj.com\/blog\/2012\/12\/25\/pocelo-rusenje-nelegalnih-kucica-na-obali-bojane-video\/","name":"Po\u010delo ru\u0161enje nelegalnih ku\u0107ica na obali Bojane - Video - Lajme nga Ulqini","isPartOf":{"@id":"https:\/\/www.visit-ulcinj.com\/blog\/#website"},"primaryImageOfPage":{"@id":"https:\/\/www.visit-ulcinj.com\/blog\/2012\/12\/25\/pocelo-rusenje-nelegalnih-kucica-na-obali-bojane-video\/#primaryimage"},"datePublished":"2012-12-25T19:20:46+00:00","dateModified":"2012-12-25T19:20:46+00:00","author":{"@id":"https:\/\/www.visit-ulcinj.com\/blog\/#\/schema\/person\/dcab619c614d3038751c63bc2aadc06d"},"description":"Bi\u0107e poru\u0161eno jo\u0161 oko desetak vikendica, ako do sjutra ne do\u0111e do sklapanja novih ugovora sa Morskim dobrom U Ulcinju je po\u010delo ru\u0161enje nelegalnih ku\u0107ica","breadcrumb":{"@id":"https:\/\/www.visit-ulcinj.com\/blog\/2012\/12\/25\/pocelo-rusenje-nelegalnih-kucica-na-obali-bojane-video\/#breadcrumb"},"inLanguage":"en-US","potentialAction":[{"@type":"ReadAction","target":["https:\/\/www.visit-ulcinj.com\/blog\/2012\/12\/25\/pocelo-rusenje-nelegalnih-kucica-na-obali-bojane-video\/"]}]},{"@type":"BreadcrumbList","@id":"https:\/\/www.visit-ulcinj.com\/blog\/2012\/12\/25\/pocelo-rusenje-nelegalnih-kucica-na-obali-bojane-video\/#breadcrumb","itemListElement":[{"@type":"ListItem","position":1,"name":"Po\u010delo ru\u0161enje nelegalnih ku\u0107ica na obali Bojane &#8211; Video"}]},{"@type":"Person","@id":"https:\/\/www.visit-ulcinj.com\/blog\/#\/schema\/person\/dcab619c614d3038751c63bc2aadc06d","name":"ulqini","sameAs":["http:\/\/www.visit-ulcinj.com"],"url":"https:\/\/www.visit-ulcinj.com\/blog\/author\/admin\/"}]}},"jetpack_featured_media_url":"","jetpack_sharing_enabled":true,"jetpack_shortlink":"https:\/\/wp.me\/pe6lTn-htf","_links":{"self":[{"href":"https:\/\/www.visit-ulcinj.com\/blog\/wp-json\/wp\/v2\/posts\/67161"}],"collection":[{"href":"https:\/\/www.visit-ulcinj.com\/blog\/wp-json\/wp\/v2\/posts"}],"about":[{"href":"https:\/\/www.visit-ulcinj.com\/blog\/wp-json\/wp\/v2\/types\/post"}],"author":[{"embeddable":true,"href":"https:\/\/www.visit-ulcinj.com\/blog\/wp-json\/wp\/v2\/users\/1"}],"replies":[{"embeddable":true,"href":"https:\/\/www.visit-ulcinj.com\/blog\/wp-json\/wp\/v2\/comments?post=67161"}],"version-history":[{"count":1,"href":"https:\/\/www.visit-ulcinj.com\/blog\/wp-json\/wp\/v2\/posts\/67161\/revisions"}],"predecessor-version":[{"id":67163,"href":"https:\/\/www.visit-ulcinj.com\/blog\/wp-json\/wp\/v2\/posts\/67161\/revisions\/67163"}],"wp:attachment":[{"href":"https:\/\/www.visit-ulcinj.com\/blog\/wp-json\/wp\/v2\/media?parent=67161"}],"wp:term":[{"taxonomy":"category","embeddable":true,"href":"https:\/\/www.visit-ulcinj.com\/blog\/wp-json\/wp\/v2\/categories?post=67161"},{"taxonomy":"post_tag","embeddable":true,"href":"https:\/\/www.visit-ulcinj.com\/blog\/wp-json\/wp\/v2\/tags?post=67161"}],"curies":[{"name":"wp","href":"https:\/\/api.w.org\/{rel}","templated":true}]}}