{"id":67172,"date":"2012-12-26T23:01:48","date_gmt":"2012-12-26T22:01:48","guid":{"rendered":"http:\/\/www.visit-ulcinj.com\/blog\/?p=67172"},"modified":"2012-12-28T09:02:36","modified_gmt":"2012-12-28T08:02:36","slug":"klubi-i-taekwondo-se-ulqini-sportistet-me-te-sukseshem-per-vitin-2012","status":"publish","type":"post","link":"https:\/\/www.visit-ulcinj.com\/blog\/2012\/12\/26\/klubi-i-taekwondo-se-ulqini-sportistet-me-te-sukseshem-per-vitin-2012\/","title":{"rendered":"Klubi i Taekwondo-s\u00eb Ulqini &#8211; Sportist\u00ebt m\u00eb t\u00eb suksesh\u00ebm p\u00ebr vitin 2012"},"content":{"rendered":"<p><a href=\"http:\/\/www.visit-ulcinj.com\/blog\/wp-content\/uploads\/2012\/12\/Klubi-i-Taekwondo-s\u00eb-Ulqini.jpg\"><img loading=\"lazy\" class=\"alignleft  wp-image-67173\" alt=\"Klubi i Taekwondo-s\u00eb Ulqini\" src=\"http:\/\/www.visit-ulcinj.com\/blog\/wp-content\/uploads\/2012\/12\/Klubi-i-Taekwondo-s\u00eb-Ulqini.jpg\" width=\"508\" height=\"360\" \/><\/a>Me dat\u00eb 26.12.2012 n\u00eb Podgoric\u00eb federata e Taekwondo-s\u00eb Malit t\u00eb Zi shpalli sportist\u00ebt m\u00eb t\u00eb suksesh\u00ebm p\u00ebr vitin 2012.Klubi i Taekwondo-s\u00eb Ulqini fiton 7 \u00e7mime.<\/p>\n<p>Nga TK Ulqini sportist\u00ebt m\u00eb t\u00eb suksesh\u00ebm p\u00ebr vitin 2012 u shpallen k\u00ebto garues:<\/p>\n<p>Esad Kraja shpallet garuesi m\u00eb i suksesh\u00ebm n\u00eb kategorin\u00eb e pionir\u00ebve n\u00eb t\u00eb dy diciplinat, si garuesi m\u00eb i suksesh\u00ebm n\u00eb luft\u00ebra e poashtu edhe n\u00eb forma &#8211; poomsae. Poashtu edhe Edina Kraja shpallet garuesja m\u00eb e sukseshme n\u00eb t\u00eb dy diciplinat, luft\u00ebra dhe forma kategoria e pionir\u00ebve.<br \/>\n<a href=\"http:\/\/www.visit-ulcinj.com\/blog\/wp-content\/uploads\/2012\/12\/Klubi-i-Taekwondo-s\u00eb-Ulqini.1.jpg\"><img loading=\"lazy\" class=\"alignleft  wp-image-67174\" alt=\"Klubi i Taekwondo-s\u00eb Ulqini.1\" src=\"http:\/\/www.visit-ulcinj.com\/blog\/wp-content\/uploads\/2012\/12\/Klubi-i-Taekwondo-s\u00eb-Ulqini.1.jpg\" width=\"508\" height=\"300\" \/><\/a><\/p>\n<p>N\u00eb kategorin\u00eb e kadet\u00ebve nga TK Ulqini shpallen garuesi Bojan Vladisavljevic dhe garuesja Nuri Kanai n\u00eb diciplin\u00ebn e formave &#8211; poomsae.<\/p>\n<p>N\u00eb kategorin\u00eb e junior\u00ebve poashtu \u00e7mimi i takoi garueses nga TK Ulqini Medina Kanaqi, e cila \u00a0p\u00ebr shkak t\u00eb munges\u00ebs \u00e7mimin e saj e t\u00ebrhoqi garuesja Arijeta Zati.<\/p>\n<p>&nbsp;<\/p>\n<p>Sherbimi informativ i TK Ulqinit<\/p>\n<p><a href=\"https:\/\/www.facebook.com\/media\/set\/?set=a.319924271445652.64289.100002842451824&amp;type=1\" target=\"_blank\"><strong>Taekwon Do Ulqini Facebook<\/strong><\/p>\n<p><\/a><\/p>\n","protected":false},"excerpt":{"rendered":"<p>Me dat\u00eb 26.12.2012 n\u00eb Podgoric\u00eb federata e Taekwondo-s\u00eb Malit t\u00eb Zi shpalli sportist\u00ebt m\u00eb t\u00eb suksesh\u00ebm p\u00ebr vitin 2012.Klubi i Taekwondo-s\u00eb Ulqini fiton 7 \u00e7mime. Nga TK Ulqini sportist\u00ebt m\u00eb t\u00eb suksesh\u00ebm p\u00ebr vitin 2012 u shpallen k\u00ebto garues: Esad Kraja shpallet garuesi m\u00eb i suksesh\u00ebm n\u00eb kategorin\u00eb e pionir\u00ebve n\u00eb t\u00eb dy diciplinat, si [&hellip;]<\/p>\n","protected":false},"author":1,"featured_media":0,"comment_status":"open","ping_status":"closed","sticky":false,"template":"","format":"standard","meta":{"spay_email":"","jetpack_publicize_message":"","jetpack_is_tweetstorm":false,"jetpack_publicize_feature_enabled":true},"categories":[3],"tags":[6336],"jetpack_publicize_connections":[],"yoast_head":"<!-- This site is optimized with the Yoast SEO plugin v19.1 - https:\/\/yoast.com\/wordpress\/plugins\/seo\/ -->\n<title>Klubi i Taekwondo-s\u00eb Ulqini - Sportist\u00ebt m\u00eb t\u00eb suksesh\u00ebm p\u00ebr vitin 2012 - Lajme nga Ulqini<\/title>\n<meta name=\"description\" content=\"Me dat\u00eb 26.12.2012 n\u00eb Podgoric\u00eb federata e Taekwondo-s\u00eb Malit t\u00eb Zi shpalli sportist\u00ebt m\u00eb t\u00eb suksesh\u00ebm p\u00ebr vitin 2012.Klubi i Taekwondo-s\u00eb Ulqini fiton 7\" \/>\n<meta name=\"robots\" content=\"index, follow, max-snippet:-1, max-image-preview:large, max-video-preview:-1\" \/>\n<link rel=\"canonical\" href=\"https:\/\/www.visit-ulcinj.com\/blog\/2012\/12\/26\/klubi-i-taekwondo-se-ulqini-sportistet-me-te-sukseshem-per-vitin-2012\/\" \/>\n<meta property=\"og:locale\" content=\"en_US\" \/>\n<meta property=\"og:type\" content=\"article\" \/>\n<meta property=\"og:title\" content=\"Klubi i Taekwondo-s\u00eb Ulqini - Sportist\u00ebt m\u00eb t\u00eb suksesh\u00ebm p\u00ebr vitin 2012 - Lajme nga Ulqini\" \/>\n<meta property=\"og:description\" content=\"Me dat\u00eb 26.12.2012 n\u00eb Podgoric\u00eb federata e Taekwondo-s\u00eb Malit t\u00eb Zi shpalli sportist\u00ebt m\u00eb t\u00eb suksesh\u00ebm p\u00ebr vitin 2012.Klubi i Taekwondo-s\u00eb Ulqini fiton 7\" \/>\n<meta property=\"og:url\" content=\"https:\/\/www.visit-ulcinj.com\/blog\/2012\/12\/26\/klubi-i-taekwondo-se-ulqini-sportistet-me-te-sukseshem-per-vitin-2012\/\" \/>\n<meta property=\"og:site_name\" content=\"Lajme nga Ulqini\" \/>\n<meta property=\"article:published_time\" content=\"2012-12-26T22:01:48+00:00\" \/>\n<meta property=\"article:modified_time\" content=\"2012-12-28T08:02:36+00:00\" \/>\n<meta name=\"twitter:label1\" content=\"Written by\" \/>\n\t<meta name=\"twitter:data1\" content=\"ulqini\" \/>\n\t<meta name=\"twitter:label2\" content=\"Est. reading time\" \/>\n\t<meta name=\"twitter:data2\" content=\"1 minute\" \/>\n<script type=\"application\/ld+json\" class=\"yoast-schema-graph\">{\"@context\":\"https:\/\/schema.org\",\"@graph\":[{\"@type\":\"WebSite\",\"@id\":\"https:\/\/www.visit-ulcinj.com\/blog\/#website\",\"url\":\"https:\/\/www.visit-ulcinj.com\/blog\/\",\"name\":\"Lajme nga Ulqini\",\"description\":\"Lajme,Vijesti,Ulqini,Ulqin,Crna Gora,Mali i Zi\",\"potentialAction\":[{\"@type\":\"SearchAction\",\"target\":{\"@type\":\"EntryPoint\",\"urlTemplate\":\"https:\/\/www.visit-ulcinj.com\/blog\/?s={search_term_string}\"},\"query-input\":\"required name=search_term_string\"}],\"inLanguage\":\"en-US\"},{\"@type\":\"WebPage\",\"@id\":\"https:\/\/www.visit-ulcinj.com\/blog\/2012\/12\/26\/klubi-i-taekwondo-se-ulqini-sportistet-me-te-sukseshem-per-vitin-2012\/#webpage\",\"url\":\"https:\/\/www.visit-ulcinj.com\/blog\/2012\/12\/26\/klubi-i-taekwondo-se-ulqini-sportistet-me-te-sukseshem-per-vitin-2012\/\",\"name\":\"Klubi i Taekwondo-s\u00eb Ulqini - Sportist\u00ebt m\u00eb t\u00eb suksesh\u00ebm p\u00ebr vitin 2012 - Lajme nga Ulqini\",\"isPartOf\":{\"@id\":\"https:\/\/www.visit-ulcinj.com\/blog\/#website\"},\"datePublished\":\"2012-12-26T22:01:48+00:00\",\"dateModified\":\"2012-12-28T08:02:36+00:00\",\"author\":{\"@id\":\"https:\/\/www.visit-ulcinj.com\/blog\/#\/schema\/person\/dcab619c614d3038751c63bc2aadc06d\"},\"description\":\"Me dat\u00eb 26.12.2012 n\u00eb Podgoric\u00eb federata e Taekwondo-s\u00eb Malit t\u00eb Zi shpalli sportist\u00ebt m\u00eb t\u00eb suksesh\u00ebm p\u00ebr vitin 2012.Klubi i Taekwondo-s\u00eb Ulqini fiton 7\",\"breadcrumb\":{\"@id\":\"https:\/\/www.visit-ulcinj.com\/blog\/2012\/12\/26\/klubi-i-taekwondo-se-ulqini-sportistet-me-te-sukseshem-per-vitin-2012\/#breadcrumb\"},\"inLanguage\":\"en-US\",\"potentialAction\":[{\"@type\":\"ReadAction\",\"target\":[\"https:\/\/www.visit-ulcinj.com\/blog\/2012\/12\/26\/klubi-i-taekwondo-se-ulqini-sportistet-me-te-sukseshem-per-vitin-2012\/\"]}]},{\"@type\":\"BreadcrumbList\",\"@id\":\"https:\/\/www.visit-ulcinj.com\/blog\/2012\/12\/26\/klubi-i-taekwondo-se-ulqini-sportistet-me-te-sukseshem-per-vitin-2012\/#breadcrumb\",\"itemListElement\":[{\"@type\":\"ListItem\",\"position\":1,\"name\":\"Klubi i Taekwondo-s\u00eb Ulqini &#8211; Sportist\u00ebt m\u00eb t\u00eb suksesh\u00ebm p\u00ebr vitin 2012\"}]},{\"@type\":\"Person\",\"@id\":\"https:\/\/www.visit-ulcinj.com\/blog\/#\/schema\/person\/dcab619c614d3038751c63bc2aadc06d\",\"name\":\"ulqini\",\"sameAs\":[\"http:\/\/www.visit-ulcinj.com\"],\"url\":\"https:\/\/www.visit-ulcinj.com\/blog\/author\/admin\/\"}]}<\/script>\n<!-- \/ Yoast SEO plugin. -->","yoast_head_json":{"title":"Klubi i Taekwondo-s\u00eb Ulqini - Sportist\u00ebt m\u00eb t\u00eb suksesh\u00ebm p\u00ebr vitin 2012 - Lajme nga Ulqini","description":"Me dat\u00eb 26.12.2012 n\u00eb Podgoric\u00eb federata e Taekwondo-s\u00eb Malit t\u00eb Zi shpalli sportist\u00ebt m\u00eb t\u00eb suksesh\u00ebm p\u00ebr vitin 2012.Klubi i Taekwondo-s\u00eb Ulqini fiton 7","robots":{"index":"index","follow":"follow","max-snippet":"max-snippet:-1","max-image-preview":"max-image-preview:large","max-video-preview":"max-video-preview:-1"},"canonical":"https:\/\/www.visit-ulcinj.com\/blog\/2012\/12\/26\/klubi-i-taekwondo-se-ulqini-sportistet-me-te-sukseshem-per-vitin-2012\/","og_locale":"en_US","og_type":"article","og_title":"Klubi i Taekwondo-s\u00eb Ulqini - Sportist\u00ebt m\u00eb t\u00eb suksesh\u00ebm p\u00ebr vitin 2012 - Lajme nga Ulqini","og_description":"Me dat\u00eb 26.12.2012 n\u00eb Podgoric\u00eb federata e Taekwondo-s\u00eb Malit t\u00eb Zi shpalli sportist\u00ebt m\u00eb t\u00eb suksesh\u00ebm p\u00ebr vitin 2012.Klubi i Taekwondo-s\u00eb Ulqini fiton 7","og_url":"https:\/\/www.visit-ulcinj.com\/blog\/2012\/12\/26\/klubi-i-taekwondo-se-ulqini-sportistet-me-te-sukseshem-per-vitin-2012\/","og_site_name":"Lajme nga Ulqini","article_published_time":"2012-12-26T22:01:48+00:00","article_modified_time":"2012-12-28T08:02:36+00:00","twitter_misc":{"Written by":"ulqini","Est. reading time":"1 minute"},"schema":{"@context":"https:\/\/schema.org","@graph":[{"@type":"WebSite","@id":"https:\/\/www.visit-ulcinj.com\/blog\/#website","url":"https:\/\/www.visit-ulcinj.com\/blog\/","name":"Lajme nga Ulqini","description":"Lajme,Vijesti,Ulqini,Ulqin,Crna Gora,Mali i Zi","potentialAction":[{"@type":"SearchAction","target":{"@type":"EntryPoint","urlTemplate":"https:\/\/www.visit-ulcinj.com\/blog\/?s={search_term_string}"},"query-input":"required name=search_term_string"}],"inLanguage":"en-US"},{"@type":"WebPage","@id":"https:\/\/www.visit-ulcinj.com\/blog\/2012\/12\/26\/klubi-i-taekwondo-se-ulqini-sportistet-me-te-sukseshem-per-vitin-2012\/#webpage","url":"https:\/\/www.visit-ulcinj.com\/blog\/2012\/12\/26\/klubi-i-taekwondo-se-ulqini-sportistet-me-te-sukseshem-per-vitin-2012\/","name":"Klubi i Taekwondo-s\u00eb Ulqini - Sportist\u00ebt m\u00eb t\u00eb suksesh\u00ebm p\u00ebr vitin 2012 - Lajme nga Ulqini","isPartOf":{"@id":"https:\/\/www.visit-ulcinj.com\/blog\/#website"},"datePublished":"2012-12-26T22:01:48+00:00","dateModified":"2012-12-28T08:02:36+00:00","author":{"@id":"https:\/\/www.visit-ulcinj.com\/blog\/#\/schema\/person\/dcab619c614d3038751c63bc2aadc06d"},"description":"Me dat\u00eb 26.12.2012 n\u00eb Podgoric\u00eb federata e Taekwondo-s\u00eb Malit t\u00eb Zi shpalli sportist\u00ebt m\u00eb t\u00eb suksesh\u00ebm p\u00ebr vitin 2012.Klubi i Taekwondo-s\u00eb Ulqini fiton 7","breadcrumb":{"@id":"https:\/\/www.visit-ulcinj.com\/blog\/2012\/12\/26\/klubi-i-taekwondo-se-ulqini-sportistet-me-te-sukseshem-per-vitin-2012\/#breadcrumb"},"inLanguage":"en-US","potentialAction":[{"@type":"ReadAction","target":["https:\/\/www.visit-ulcinj.com\/blog\/2012\/12\/26\/klubi-i-taekwondo-se-ulqini-sportistet-me-te-sukseshem-per-vitin-2012\/"]}]},{"@type":"BreadcrumbList","@id":"https:\/\/www.visit-ulcinj.com\/blog\/2012\/12\/26\/klubi-i-taekwondo-se-ulqini-sportistet-me-te-sukseshem-per-vitin-2012\/#breadcrumb","itemListElement":[{"@type":"ListItem","position":1,"name":"Klubi i Taekwondo-s\u00eb Ulqini &#8211; Sportist\u00ebt m\u00eb t\u00eb suksesh\u00ebm p\u00ebr vitin 2012"}]},{"@type":"Person","@id":"https:\/\/www.visit-ulcinj.com\/blog\/#\/schema\/person\/dcab619c614d3038751c63bc2aadc06d","name":"ulqini","sameAs":["http:\/\/www.visit-ulcinj.com"],"url":"https:\/\/www.visit-ulcinj.com\/blog\/author\/admin\/"}]}},"jetpack_featured_media_url":"","jetpack_sharing_enabled":true,"jetpack_shortlink":"https:\/\/wp.me\/pe6lTn-htq","_links":{"self":[{"href":"https:\/\/www.visit-ulcinj.com\/blog\/wp-json\/wp\/v2\/posts\/67172"}],"collection":[{"href":"https:\/\/www.visit-ulcinj.com\/blog\/wp-json\/wp\/v2\/posts"}],"about":[{"href":"https:\/\/www.visit-ulcinj.com\/blog\/wp-json\/wp\/v2\/types\/post"}],"author":[{"embeddable":true,"href":"https:\/\/www.visit-ulcinj.com\/blog\/wp-json\/wp\/v2\/users\/1"}],"replies":[{"embeddable":true,"href":"https:\/\/www.visit-ulcinj.com\/blog\/wp-json\/wp\/v2\/comments?post=67172"}],"version-history":[{"count":4,"href":"https:\/\/www.visit-ulcinj.com\/blog\/wp-json\/wp\/v2\/posts\/67172\/revisions"}],"predecessor-version":[{"id":67185,"href":"https:\/\/www.visit-ulcinj.com\/blog\/wp-json\/wp\/v2\/posts\/67172\/revisions\/67185"}],"wp:attachment":[{"href":"https:\/\/www.visit-ulcinj.com\/blog\/wp-json\/wp\/v2\/media?parent=67172"}],"wp:term":[{"taxonomy":"category","embeddable":true,"href":"https:\/\/www.visit-ulcinj.com\/blog\/wp-json\/wp\/v2\/categories?post=67172"},{"taxonomy":"post_tag","embeddable":true,"href":"https:\/\/www.visit-ulcinj.com\/blog\/wp-json\/wp\/v2\/tags?post=67172"}],"curies":[{"name":"wp","href":"https:\/\/api.w.org\/{rel}","templated":true}]}}