{"id":67187,"date":"2012-12-28T19:02:12","date_gmt":"2012-12-28T18:02:12","guid":{"rendered":"http:\/\/www.visit-ulcinj.com\/blog\/?p=67187"},"modified":"2013-01-09T15:55:48","modified_gmt":"2013-01-09T14:55:48","slug":"konferenca-per-shtyp-e-kryetarit-te-ulqinit-nazif-cungut","status":"publish","type":"post","link":"https:\/\/www.visit-ulcinj.com\/blog\/2012\/12\/28\/konferenca-per-shtyp-e-kryetarit-te-ulqinit-nazif-cungut\/","title":{"rendered":"Konferenca p\u00ebr shtyp e kryetarit t\u00eb Ulqinit Nazif Cungut"},"content":{"rendered":"<p><a href=\"http:\/\/www.visit-ulcinj.com\/blog\/wp-content\/uploads\/2012\/12\/Konferenca-_Nazif-Cungut.jpg\"><img loading=\"lazy\" class=\"alignleft  wp-image-67188\" alt=\"Konferenca _Nazif Cungut\" src=\"http:\/\/www.visit-ulcinj.com\/blog\/wp-content\/uploads\/2012\/12\/Konferenca-_Nazif-Cungut.jpg\" width=\"508\" height=\"360\" \/><\/a>T\u00eb nderuar,<\/p>\n<p>Tani n\u00eb fund t\u00eb k\u00ebtij viti, \u00ebsht\u00eb rasti q\u00eb s\u00eb bashku t\u00eb p\u00ebrkujtojm\u00eb sfidat me t\u00eb cilat Komuna e Ulqinit u ballafaqua gjat\u00eb k\u00ebtij viti, projektet n\u00eb vijim, dhe planet p\u00ebr vitin e ardhsh\u00ebm<\/p>\n<p>Si\u00e7 e dini Komuna e Ulqinit ka trashiguar obligime t\u00eb m\u00ebdha financiare nga pushtetet e kaluara, dhe duhet t\u00eb kaloj\u00eb nj\u00eb koh\u00eb e gjat\u00eb q\u00eb t\u00eb vihet deri te konsolidimi i situat\u00ebs financiare.<\/p>\n<p>Obligimet e komun\u00ebs s\u00eb bashku me nd\u00ebrmarrjet publike arrijn\u00eb shum\u00ebn e mbi 21.000.000 euro, ku hyjn\u00eb borxhet ndaj puntor\u00ebve, borxhet p\u00ebr tatime dhe kontribute t\u00eb papaguara vite me radh\u00eb, borxhet ndaj personave fizik dhe juridik, kreditet, borxhet potenciale rreth proceseve gjygjsor\u00eb, dhe boxhet tjera. Un\u00eb do t ju jap edhe nj\u00eb tabel\u00eb ku sakt\u00ebsisht p\u00ebrshkruhen obligime dhe shuma e borxheve t\u00eb komun\u00ebs s\u00eb Ulqinit.<\/p>\n<p>Shum\u00eb seriozisht jemi qas\u00eb analiz\u00ebs s\u00eb obligimeve, kemi tentuar q\u00eb nj\u00eb pjes\u00eb t\u00eb k\u00ebtyre obligimeve ti shlyjm\u00eb, ti amortizojm\u00eb, ose ti shtyjm\u00eb p\u00ebr nj\u00eb koh\u00eb m\u00eb t\u00eb gjat\u00eb dhe me k\u00ebt\u00eb q\u00ebllim kemi arrit\u00eb t\u00eb<\/p>\n<p>&nbsp;<\/p>\n<p>Zvoglojm\u00eb t\u00eb gjitha shpenzimet operative (rrym\u00ebs, telefonit, karburanteve, udhtimeve zyrtare, reprezentacionit, etj)<\/p>\n<p>Reprogramimin e disa obligimeve p\u00ebr afat nj\u00ebvje\u00e7ar ose m\u00eb t\u00eb gjat\u00eb<\/p>\n<p>Aprovimin e planeve urbanistike p\u00ebr objektet e investitor\u00ebve q\u00eb ma heret kan\u00eb kryer obligimet p\u00ebr komunali, dhe q\u00eb kan\u00eb paditur Komun\u00ebn n\u00eb gjygj, p\u00ebr shkak t\u00eb moskryerjes s\u00eb obligimeve ndaj tyre,<\/p>\n<p><a href=\"http:\/\/www.visit-ulcinj.com\/blog\/wp-content\/uploads\/2012\/12\/buxheti-i-ulqinit-2012.jpg\"><img loading=\"lazy\" class=\"alignleft  wp-image-67189\" alt=\"buxheti-i-ulqinit-2012\" src=\"http:\/\/www.visit-ulcinj.com\/blog\/wp-content\/uploads\/2012\/12\/buxheti-i-ulqinit-2012.jpg\" width=\"508\" height=\"137\" \/><\/a><\/p>\n<p>Kemi arritur q\u00eb deri n\u00eb nj\u00eb mas\u00eb ta konsolidojm\u00eb sistemin e financave n\u00eb komun\u00ebn e Ulqinit. N\u00eb at\u00eb aspekt kemi<\/p>\n<p>&nbsp;<\/p>\n<p>Rritur baz\u00ebn e paguesve t\u00eb tatimit<\/p>\n<p>Rritur vjeljen e t\u00eb ardhurave burimore t\u00eb buxhetit<\/p>\n<p>Zvog\u00ebluar rrogat e t\u00eb punsuarve 10%<\/p>\n<p>Zvogluar numrin e puntor\u00ebve<\/p>\n<p>Zvogluar borxhin ndaj puntor\u00ebve n\u00eb nd\u00ebrmarrjet publike<\/p>\n<p>&nbsp;<\/p>\n<p>Kemi arritur t\u00eb marrim masa n\u00eb regjistrimin e pron\u00ebs s\u00eb komun\u00ebs, gj\u00eb q\u00eb ishte obligim t\u00eb b\u00ebhet n\u00eb vitin 2009. Me kt\u00eb formojm\u00eb kushtet p\u00ebr shitjen dhe valorizimin e pron\u00ebs, realizimin e disa investimeve, kompletimin e parcelave urbanistike, gj\u00eb q\u00eb \u00ebsht\u00eb dashur t\u00eb kryhet ma heret, a q\u00eb p\u00ebr pasoj\u00eb ka q\u00eb tani procedurat jan\u00eb m\u00eb t\u00eb komplikuara.<\/p>\n<p><a href=\"http:\/\/www.visit-ulcinj.com\/blog\/wp-content\/uploads\/2012\/12\/plani-hapsinor-i-Ulqinit.jpg\"><img loading=\"lazy\" class=\"alignleft  wp-image-67190\" alt=\"plani hapsinor i Ulqinit\" src=\"http:\/\/www.visit-ulcinj.com\/blog\/wp-content\/uploads\/2012\/12\/plani-hapsinor-i-Ulqinit.jpg\" width=\"508\" height=\"300\" \/><\/a><\/p>\n<p>Sa i p\u00ebrket rregullimit hapsinor situata e trash\u00ebguar ka qen\u00eb shum\u00eb e pavolitshme duke marr parasysh se me vite t\u00eb t\u00ebra nuk jan\u00eb aprovuar planet urbanistike. N\u00eb k\u00ebt\u00eb aspekt kemi arritur q\u00eb<\/p>\n<p>T\u00eb aprovojm\u00eb 17 plane urbanistike me t\u00eb cilat p\u00ebrfshihen mbi 1700 objekte dhe rreth 350 hektar,<\/p>\n<p>kemi kontraktu dhe nis procedurat p\u00ebr plane t\u00eb ri urbanistike n\u00eb sip\u00ebrfaqe prej 800 hektar\u00ebsh<\/p>\n<p>kemi sjell vendimin p\u00ebr objektet e p\u00ebrkohsh\u00ebm<\/p>\n<p>jan dhan 72 kushte urbanistike n\u00eb baz t\u00eb planeve t\u00eb aprovuara<\/p>\n<p>n\u00eb procedur\u00eb \u00ebsht\u00eb p\u00ebrpilimi i planit hapsinor p\u00ebr Komun\u00ebn e Ulqinit<\/p>\n<p>kemi transformuar nd\u00ebrmarrjen UPIN n\u00eb Agjensi p\u00ebr projektim e cila p\u00ebr nj\u00eb periudh t\u00eb shkurt\u00eb ka arritur t\u00eb kompletoj\u00eb kuadrot dhe t\u00eb p\u00ebrgadisin 76 projekte dhe vler\u00ebsime<\/p>\n<p>&nbsp;<\/p>\n<p>Sa i p\u00ebrket infrastruktur\u00ebs s\u00eb ujsjellsit dhe kanalizimit situat\u00ebn e kemi trash\u00ebguar t\u00eb pavolitshme jemi duke marr masa, dhe kemi arritur t\u00eb b\u00ebjm\u00eb p\u00ebrmirsime t\u00eb dukshme. Kshtu q\u00eb gjat\u00eb k\u00ebtij viti:<\/p>\n<p>Jan\u00eb ven\u00eb n\u00eb funksion kolektorat n\u00eb Gjerana dhe te ish hoteli Galeb<\/p>\n<p>\u00cbsht\u00eb ven\u00eb n\u00eb funksion ujsjellsi regjional, dhe me kt\u00eb \u00ebsht\u00eb zgjedh\u00eb problemi i furnizimit me uj t\u00eb pish\u00ebm gjat\u00eb sezonit turistik<\/p>\n<p>\u00cbsht b\u00ebr\u00eb projekti i bazenit t\u00eb ujit t\u00eb pijsh\u00ebm n\u00eb Brajsh\u00eb<\/p>\n<p>\u00cbsht duke u b\u00ebr\u00eb projekti p\u00ebr sistemin e ujsjellsit dhe kanalizimit p\u00ebr Totosh, Bratic\u00eb, Mal t\u00eb Bardh\u00eb dhe Kodra<\/p>\n<p>Kemi marr masat p\u00ebr pastrimin e kanalit t\u00eb Port Milen\u00ebs \u2013 \u00ebsht hap\u00eb tenderi p\u00ebr analiz\u00ebn e balt\u00ebs, dhe pas ksaj do t\u00eb fillojn\u00eb punimet n\u00eb pastrimin e kanalit<\/p>\n<p>komuna e Ulqinit asht\u00eb antar\u00ebsua n\u00eb VODACOM<\/p>\n<p>nga KFW banka kemi fituar donacion prej 487,000 EUR p\u00ebr p\u00ebrgaditjen e investimeve n\u00eb sistem t\u00eb kanalizimit dhe uj\u00ebsjellsit q\u00eb do t\u00eb b\u00ebhen n\u00eb periudh\u00ebn e ardhshme,<\/p>\n<p>kemi arrit marrveshje p\u00ebr mjete t\u00eb volitshme kreditore prej Bank\u00ebs gjermane KfW n\u00eb shum\u00eb prej 22 deri n\u00eb 24 milion EUR, p\u00ebr rregullimin komplet t\u00eb kanalizimit dhe ujsjellsit n\u00eb komun\u00ebn e Ulqinit.<\/p>\n<p><a href=\"http:\/\/www.visit-ulcinj.com\/blog\/wp-content\/uploads\/2012\/12\/Vodacom.jpg\"><img loading=\"lazy\" class=\"alignleft  wp-image-67191\" alt=\"Vodacom\" src=\"http:\/\/www.visit-ulcinj.com\/blog\/wp-content\/uploads\/2012\/12\/Vodacom.jpg\" width=\"508\" height=\"100\" \/><\/a><\/p>\n<p>Jan\u00eb b\u00ebr\u00eb investime n\u00eb infrastruktur\u00ebn rrugore, gj\u00eb q\u00eb pritet t\u00eb vazhdoj\u00eb edhe n\u00eb t\u00eb ardhmen, k\u00ebshtu:<\/p>\n<p>\u00ebsht\u00eb kryer faza e par\u00eb e rrug\u00ebs Ulqin Sukobin\u00eb, pritet t\u00eb filloj\u00eb faza e dyt\u00eb<\/p>\n<p>jan b\u00ebr\u00eb investime tjera n\u00eb rekonstruimin e infrastruktur\u00ebs rrugore me vler\u00eb prej 3.600.000 euro, ku posa\u00e7arisht vlen t\u00eb p\u00ebrmendet unaza te nd\u00ebrmarrja komunale, me t\u00eb cil\u00ebn n\u00eb t\u00eb ardhmen do t\u00eb parandalohen aksidentet e shumta n\u00eb at\u00eb pjes\u00eb<\/p>\n<p>po punohet intenzivisht n\u00eb kryerjen e pun\u00ebve n\u00eb ur\u00ebn mbi Port Milen\u00eb, \u00ebsht\u00eb b\u00ebr\u00eb projekti dhe eksproprimi p\u00ebr unaz\u00ebn te furra Evropa, po shqyrtohen mund\u00ebsit\u00eb m\u00eb t\u00eb mira p\u00ebr ky\u00e7jen e ur\u00ebs n\u00eb rrug\u00ebn e Shtojit<\/p>\n<p>\u00ebsht b\u00ebr\u00eb signalizimi horizontal dhe vertikal n\u00eb qytet, kjo pun\u00eb ende vazhdon<\/p>\n<p>\u00ebsht\u00eb b\u00ebr\u00eb rregullimi, dhe venja n\u00eb funksion t\u00eb parkingut n\u00ebn Pllo\u00e7, dhe parkingut n\u00eb Plazhin e madh<\/p>\n<p>\u00ebsht\u00eb b\u00ebr\u00eb elektrifikimi i disa rrug\u00ebve, dhe jan nis\u00eb procedurat p\u00ebr elektrifikimin e disa rrug\u00ebve tjera, ku m\u00eb i r\u00ebndsishmi \u00ebsht\u00eb elektrifikimi i rrug\u00ebs deri te qendra e Shtojit, ku tenderi \u00ebsht\u00eb hapur dhe ka vler\u00ebn e 225.000 euro.<\/p>\n<p>Me vendimin e qeveris\u00eb s\u00eb Malit t\u00eb Zi, komun\u00ebs s\u00eb Ulqinit jan dhan\u00eb kompetenca n\u00eb baz t\u00eb\u00a0\u00a0 ligjit p\u00ebr komunikacion t\u00eb cilat kan\u00eb t\u00eb b\u00ebjn\u00eb me parking, pritet t\u00eb pajisemi me automjet special \u2013 marimang\u00eb, q\u00eb n\u00eb t\u00eb ardhmen ta zgjedhim problemin e parkingut<\/p>\n<p>&nbsp;<\/p>\n<p>Kemi trashiguar situat\u00eb jo t\u00eb lakmishme n\u00eb aspektin e past\u00ebrtis\u00eb, ku kemi arritur t\u00eb b\u00ebjm\u00eb p\u00ebrmirsime t\u00eb shumta. K\u00ebshtu n\u00eb at\u00eb aspekt:<\/p>\n<p>\u00ebsht\u00eb ven\u00eb n\u00eb funksion deponia sanitare p\u00ebr Komun\u00eb t\u00eb Ulqinit dhe Tivarit<\/p>\n<p>kemi nd\u00ebrmarr\u00eb disa aksione t\u00eb p\u00ebrgjithshme me qytetar\u00eb dhe institucione p\u00ebr pastrimin e qytetit<\/p>\n<p>Mbrenda nj\u00eb viti p\u00ebr nd\u00ebrmarrjen komunale kemi sigurua 10 kamiona dhe 400 kontejner p\u00ebr mir\u00ebmbajtjen e past\u00ebrtis, me t\u00eb cil\u00ebn gja kualiteti i sh\u00ebrbimeve t\u00eb k\u00ebsaj nd\u00ebrmarrje \u00ebsht<\/p>\n<p>Kemi b\u00ebr\u00eb caktimin dhe rregullimin e vendeve p\u00ebr kontejner\u00eb<\/p>\n<p>Kemi dislokuar kontejner\u00ebt n\u00eb qendr\u00ebn e Shtojit<\/p>\n<p>&nbsp;<\/p>\n<p>Situata ekonomike n\u00eb komun\u00ebn e Ulqinit \u00ebsht\u00eb akoma e pavolitshme, por kemi marr\u00eb masa p\u00ebr tejkalimin e saj, k\u00ebshtu q\u00eb:<\/p>\n<p>N\u00eb Kuvendin komunal \u00ebsht\u00eb aprovuar vendimi mbi Biznis zon\u00ebn n\u00eb Kryth\u00eb n\u00eb sip\u00ebrfaqe prej 27 hektar\u00ebsh, ku me kushte shum\u00eb t\u00eb volitshme do t\u00eb mund\u00ebsohet investimi n\u00eb sfera t\u00eb ndryshme<\/p>\n<p>\u00cbsht\u00eb n\u00eb p\u00ebrfundim p\u00ebrpilimi i planit strategjik t\u00eb zhvillimit p\u00ebr komun\u00ebn e Ulqinit deri n\u00eb vitin 2018.<\/p>\n<p>Mbahen takime t\u00eb rregullta me afarist\u00eb, ku me kontakte direkte shqyrtohet zgjidhja e problemeve t\u00eb p\u00ebrditshme<\/p>\n<p>&nbsp;<\/p>\n<p>Si arritje t\u00eb ve\u00e7ant\u00eb gjat\u00eb k\u00ebtij viti potencoj themelimin e byros\u00eb p\u00ebr integrime europiane e cila ka p\u00ebrgadit dhe aplikua me 20 projekte dhe momentalisht kan\u00eb n\u00eb implementim 6 projekte n\u00eb shum\u00eb prej 1,090,000 EUR<\/p>\n<p>Kemi vazhdimisht bashkpunim me organizat\u00ebn TIKA, e cila ka kontribu financiarisht n\u00eb zgjidhjen e disa problemeve n\u00eb komun\u00ebn e Ulqinit, ktu vlen t\u00eb p\u00ebrmendim regullimin e kolektorave ne Gjerana dhe te ish hoteli Galeb, donacionin e najllonit per sera qe jan\u00eb damtu prej bore (80.000 m2), d\u00ebrgimi i ekspertit p\u00ebr ullishtari, por jemi n\u00eb pritje edhe t\u00eb donacioneve tjera nga kjo organizat\u00eb, ktu vlem\u00eb t\u00eb p\u00ebrmendim ambulancen ne Katerkolle, renovimi I krojeve te vjetra, investime ne Kala, ndertimi i frigos per mandarina ne Shtoj, bazenin e Brajshes etj<\/p>\n<p>Kemi b\u00ebr\u00eb p\u00ebrpjekje t\u00eb vazhdueshme p\u00ebr kthimin e pron\u00ebs s\u00eb Valdanosit. N\u00eb k\u00ebt\u00eb drejtim kemi organizuar shum\u00eb takime me Shoqat\u00ebn p\u00ebr kthim dhe me ministrit\u00eb p\u00ebrkat\u00ebse, dhe kjo pun\u00eb na pret edhe n\u00eb t\u00eb ardhmen<\/p>\n<p>Kemi b\u00ebr\u00eb transformimin e RTV Ulqinit<\/p>\n<p>Kemi formuar qendr\u00ebn ditore p\u00ebr f\u00ebmij\u00eb me aft\u00ebsi t\u00eb kufizuara<\/p>\n<p>I kemi b\u00ebr\u00eb t\u00eb gjitha p\u00ebrgaditjet p\u00ebr fillimin e pun\u00ebve p\u00ebr biro p\u00ebr qytetar me sistem t\u00eb ri t\u00eb lidhur n\u00eb rrjet elektronik, p\u00ebr k\u00ebt\u00eb investim mbi 100,000 EUR jan\u00eb t\u00eb siguruara mjetet prej USAD-it.<\/p>\n<p>Kemi rrit\u00eb transparenc\u00ebn e pun\u00ebs s\u00eb organeve t\u00eb Komun\u00ebs s\u00eb Ulqinit. N\u00eb k\u00ebt\u00eb drejtim e kemi ven\u00eb n\u00eb funksion web faqen e komun\u00ebs, dhe kemi jap\u00eb p\u00ebrgjigjen n\u00eb numrin m\u00eb t\u00eb madh t\u00eb k\u00ebrkesave n\u00eb baz\u00eb t\u00eb ligjit mbi qasjen e lir\u00eb t\u00eb informatave.<\/p>\n<p>T\u00eb gjith\u00eb k\u00ebto arritje dhe p\u00ebrgaditje t\u00eb p\u00ebrmendura m\u00eb japin shpres\u00eb q\u00eb viti i ardhsh\u00ebm do t\u00eb jet\u00eb viti i zhvillimit dhe i investimeve p\u00ebr komun\u00ebn e Ulqinit, p\u00ebr interesin dhe t\u00eb mir\u00ebn e gjith\u00eb qytetar\u00ebve.<\/p>\n<p>Faleminderit<\/p>\n<p><a href=\"https:\/\/docs.google.com\/viewer?a=v&amp;pid=gmail&amp;attid=0.3&amp;thid=13be266dd2d7179a&amp;mt=application\/vnd.ms-excel&amp;url=https:\/\/mail.google.com\/mail\/u\/0\/?ui%3D2%26ik%3D995a46e9ef%26view%3Datt%26th%3D13be266dd2d7179a%26attid%3D0.3%26disp%3Dsafe%26zw&amp;sig=AHIEtbQKxzoBcFp9Qf3NGySxAam2hCaqvw\" target=\"_blank\"><strong>Shikimi i tabel\u00ebs Kliko n\u00eb dokument<\/strong><\/a><\/p>\n<p><strong>Op\u0161tina Ulcinj \/ Komuna e Ulqinit<\/strong><br \/>\nTel: +382 30 412 050<br \/>\nFax: +382 30 412 413<br \/>\nAdresa: Bul. Skenderbeu bb, 85360 Ulcinj, MNE<\/p>\n\n\t\t<style type=\"text\/css\">\n\t\t\t#gallery-1 {\n\t\t\t\tmargin: auto;\n\t\t\t}\n\t\t\t#gallery-1 .gallery-item {\n\t\t\t\tfloat: left;\n\t\t\t\tmargin-top: 10px;\n\t\t\t\ttext-align: center;\n\t\t\t\twidth: 33%;\n\t\t\t}\n\t\t\t#gallery-1 img {\n\t\t\t\tborder: 2px solid #cfcfcf;\n\t\t\t}\n\t\t\t#gallery-1 .gallery-caption {\n\t\t\t\tmargin-left: 0;\n\t\t\t}\n\t\t\t\/* see gallery_shortcode() in wp-includes\/media.php *\/\n\t\t<\/style>\n\t\t<div id='gallery-1' class='gallery galleryid-67187 gallery-columns-3 gallery-size-thumbnail'><dl class='gallery-item'>\n\t\t\t<dt class='gallery-icon landscape'>\n\t\t\t\t<a href='https:\/\/www.visit-ulcinj.com\/blog\/2012\/12\/28\/konferenca-per-shtyp-e-kryetarit-te-ulqinit-nazif-cungut\/kryetari-cungu-organizoi-konferencen-e-fundvitit-1\/'><img width=\"150\" height=\"150\" src=\"https:\/\/www.visit-ulcinj.com\/blog\/wp-content\/uploads\/2012\/12\/Kryetari-Cungu-organizoi-konferencen-e-fundvitit.1-150x150.jpg\" class=\"attachment-thumbnail size-thumbnail\" alt=\"\" loading=\"lazy\" \/><\/a>\n\t\t\t<\/dt><\/dl><dl class='gallery-item'>\n\t\t\t<dt class='gallery-icon landscape'>\n\t\t\t\t<a href='https:\/\/www.visit-ulcinj.com\/blog\/2012\/12\/28\/konferenca-per-shtyp-e-kryetarit-te-ulqinit-nazif-cungut\/kryetari-cungu-organizoi-konferencen-e-fundvitit-2\/'><img width=\"150\" height=\"150\" src=\"https:\/\/www.visit-ulcinj.com\/blog\/wp-content\/uploads\/2012\/12\/Kryetari-Cungu-organizoi-konferencen-e-fundvitit.2-150x150.jpg\" class=\"attachment-thumbnail size-thumbnail\" alt=\"\" loading=\"lazy\" \/><\/a>\n\t\t\t<\/dt><\/dl><dl class='gallery-item'>\n\t\t\t<dt class='gallery-icon landscape'>\n\t\t\t\t<a href='https:\/\/www.visit-ulcinj.com\/blog\/2012\/12\/28\/konferenca-per-shtyp-e-kryetarit-te-ulqinit-nazif-cungut\/kryetari-cungu-organizoi-konferencen-e-fundvitit\/'><img width=\"150\" height=\"150\" src=\"https:\/\/www.visit-ulcinj.com\/blog\/wp-content\/uploads\/2012\/12\/Kryetari-Cungu-organizoi-konferencen-e-fundvitit-150x150.jpg\" class=\"attachment-thumbnail size-thumbnail\" alt=\"\" loading=\"lazy\" \/><\/a>\n\t\t\t<\/dt><\/dl><br style=\"clear: both\" \/>\n\t\t<\/div>\n\n","protected":false},"excerpt":{"rendered":"<p>T\u00eb nderuar, Tani n\u00eb fund t\u00eb k\u00ebtij viti, \u00ebsht\u00eb rasti q\u00eb s\u00eb bashku t\u00eb p\u00ebrkujtojm\u00eb sfidat me t\u00eb cilat Komuna e Ulqinit u ballafaqua gjat\u00eb k\u00ebtij viti, projektet n\u00eb vijim, dhe planet p\u00ebr vitin e ardhsh\u00ebm Si\u00e7 e dini Komuna e Ulqinit ka trashiguar obligime t\u00eb m\u00ebdha financiare nga pushtetet e kaluara, dhe duhet t\u00eb [&hellip;]<\/p>\n","protected":false},"author":1,"featured_media":0,"comment_status":"open","ping_status":"closed","sticky":false,"template":"","format":"standard","meta":{"spay_email":"","jetpack_publicize_message":"","jetpack_is_tweetstorm":false,"jetpack_publicize_feature_enabled":true},"categories":[10,1],"tags":[19776,200,18],"jetpack_publicize_connections":[],"yoast_head":"<!-- This site is optimized with the Yoast SEO plugin v19.1 - https:\/\/yoast.com\/wordpress\/plugins\/seo\/ -->\n<title>Konferenca p\u00ebr shtyp e kryetarit t\u00eb Ulqinit Nazif Cungut - Lajme nga Ulqini<\/title>\n<meta name=\"description\" content=\"T\u00eb nderuar, Tani n\u00eb fund t\u00eb k\u00ebtij viti, \u00ebsht\u00eb rasti q\u00eb s\u00eb bashku t\u00eb p\u00ebrkujtojm\u00eb sfidat me t\u00eb cilat Komuna e Ulqinit u ballafaqua gjat\u00eb k\u00ebtij viti,\" \/>\n<meta name=\"robots\" content=\"index, follow, max-snippet:-1, max-image-preview:large, max-video-preview:-1\" \/>\n<link rel=\"canonical\" href=\"https:\/\/www.visit-ulcinj.com\/blog\/2012\/12\/28\/konferenca-per-shtyp-e-kryetarit-te-ulqinit-nazif-cungut\/\" \/>\n<meta property=\"og:locale\" content=\"en_US\" \/>\n<meta property=\"og:type\" content=\"article\" \/>\n<meta property=\"og:title\" content=\"Konferenca p\u00ebr shtyp e kryetarit t\u00eb Ulqinit Nazif Cungut - Lajme nga Ulqini\" \/>\n<meta property=\"og:description\" content=\"T\u00eb nderuar, Tani n\u00eb fund t\u00eb k\u00ebtij viti, \u00ebsht\u00eb rasti q\u00eb s\u00eb bashku t\u00eb p\u00ebrkujtojm\u00eb sfidat me t\u00eb cilat Komuna e Ulqinit u ballafaqua gjat\u00eb k\u00ebtij viti,\" \/>\n<meta property=\"og:url\" content=\"https:\/\/www.visit-ulcinj.com\/blog\/2012\/12\/28\/konferenca-per-shtyp-e-kryetarit-te-ulqinit-nazif-cungut\/\" \/>\n<meta property=\"og:site_name\" content=\"Lajme nga Ulqini\" \/>\n<meta property=\"article:published_time\" content=\"2012-12-28T18:02:12+00:00\" \/>\n<meta property=\"article:modified_time\" content=\"2013-01-09T14:55:48+00:00\" \/>\n<meta property=\"og:image\" content=\"https:\/\/www.visit-ulcinj.com\/blog\/wp-content\/uploads\/2012\/12\/Kryetari-Cungu-organizoi-konferencen-e-fundvitit.1-150x150.jpg\" \/>\n<meta name=\"twitter:label1\" content=\"Written by\" \/>\n\t<meta name=\"twitter:data1\" content=\"ulqini\" \/>\n\t<meta name=\"twitter:label2\" content=\"Est. reading time\" \/>\n\t<meta name=\"twitter:data2\" content=\"8 minutes\" \/>\n<script type=\"application\/ld+json\" class=\"yoast-schema-graph\">{\"@context\":\"https:\/\/schema.org\",\"@graph\":[{\"@type\":\"WebSite\",\"@id\":\"https:\/\/www.visit-ulcinj.com\/blog\/#website\",\"url\":\"https:\/\/www.visit-ulcinj.com\/blog\/\",\"name\":\"Lajme nga Ulqini\",\"description\":\"Lajme,Vijesti,Ulqini,Ulqin,Crna Gora,Mali i Zi\",\"potentialAction\":[{\"@type\":\"SearchAction\",\"target\":{\"@type\":\"EntryPoint\",\"urlTemplate\":\"https:\/\/www.visit-ulcinj.com\/blog\/?s={search_term_string}\"},\"query-input\":\"required name=search_term_string\"}],\"inLanguage\":\"en-US\"},{\"@type\":\"ImageObject\",\"inLanguage\":\"en-US\",\"@id\":\"https:\/\/www.visit-ulcinj.com\/blog\/2012\/12\/28\/konferenca-per-shtyp-e-kryetarit-te-ulqinit-nazif-cungut\/#primaryimage\",\"url\":\"https:\/\/www.visit-ulcinj.com\/blog\/wp-content\/uploads\/2012\/12\/Konferenca-_Nazif-Cungut.jpg\",\"contentUrl\":\"https:\/\/www.visit-ulcinj.com\/blog\/wp-content\/uploads\/2012\/12\/Konferenca-_Nazif-Cungut.jpg\",\"width\":1024,\"height\":678},{\"@type\":\"WebPage\",\"@id\":\"https:\/\/www.visit-ulcinj.com\/blog\/2012\/12\/28\/konferenca-per-shtyp-e-kryetarit-te-ulqinit-nazif-cungut\/#webpage\",\"url\":\"https:\/\/www.visit-ulcinj.com\/blog\/2012\/12\/28\/konferenca-per-shtyp-e-kryetarit-te-ulqinit-nazif-cungut\/\",\"name\":\"Konferenca p\u00ebr shtyp e kryetarit t\u00eb Ulqinit Nazif Cungut - Lajme nga Ulqini\",\"isPartOf\":{\"@id\":\"https:\/\/www.visit-ulcinj.com\/blog\/#website\"},\"primaryImageOfPage\":{\"@id\":\"https:\/\/www.visit-ulcinj.com\/blog\/2012\/12\/28\/konferenca-per-shtyp-e-kryetarit-te-ulqinit-nazif-cungut\/#primaryimage\"},\"datePublished\":\"2012-12-28T18:02:12+00:00\",\"dateModified\":\"2013-01-09T14:55:48+00:00\",\"author\":{\"@id\":\"https:\/\/www.visit-ulcinj.com\/blog\/#\/schema\/person\/dcab619c614d3038751c63bc2aadc06d\"},\"description\":\"T\u00eb nderuar, Tani n\u00eb fund t\u00eb k\u00ebtij viti, \u00ebsht\u00eb rasti q\u00eb s\u00eb bashku t\u00eb p\u00ebrkujtojm\u00eb sfidat me t\u00eb cilat Komuna e Ulqinit u ballafaqua gjat\u00eb k\u00ebtij viti,\",\"breadcrumb\":{\"@id\":\"https:\/\/www.visit-ulcinj.com\/blog\/2012\/12\/28\/konferenca-per-shtyp-e-kryetarit-te-ulqinit-nazif-cungut\/#breadcrumb\"},\"inLanguage\":\"en-US\",\"potentialAction\":[{\"@type\":\"ReadAction\",\"target\":[\"https:\/\/www.visit-ulcinj.com\/blog\/2012\/12\/28\/konferenca-per-shtyp-e-kryetarit-te-ulqinit-nazif-cungut\/\"]}]},{\"@type\":\"BreadcrumbList\",\"@id\":\"https:\/\/www.visit-ulcinj.com\/blog\/2012\/12\/28\/konferenca-per-shtyp-e-kryetarit-te-ulqinit-nazif-cungut\/#breadcrumb\",\"itemListElement\":[{\"@type\":\"ListItem\",\"position\":1,\"name\":\"Konferenca p\u00ebr shtyp e kryetarit t\u00eb Ulqinit Nazif Cungut\"}]},{\"@type\":\"Person\",\"@id\":\"https:\/\/www.visit-ulcinj.com\/blog\/#\/schema\/person\/dcab619c614d3038751c63bc2aadc06d\",\"name\":\"ulqini\",\"sameAs\":[\"http:\/\/www.visit-ulcinj.com\"],\"url\":\"https:\/\/www.visit-ulcinj.com\/blog\/author\/admin\/\"}]}<\/script>\n<!-- \/ Yoast SEO plugin. -->","yoast_head_json":{"title":"Konferenca p\u00ebr shtyp e kryetarit t\u00eb Ulqinit Nazif Cungut - Lajme nga Ulqini","description":"T\u00eb nderuar, Tani n\u00eb fund t\u00eb k\u00ebtij viti, \u00ebsht\u00eb rasti q\u00eb s\u00eb bashku t\u00eb p\u00ebrkujtojm\u00eb sfidat me t\u00eb cilat Komuna e Ulqinit u ballafaqua gjat\u00eb k\u00ebtij viti,","robots":{"index":"index","follow":"follow","max-snippet":"max-snippet:-1","max-image-preview":"max-image-preview:large","max-video-preview":"max-video-preview:-1"},"canonical":"https:\/\/www.visit-ulcinj.com\/blog\/2012\/12\/28\/konferenca-per-shtyp-e-kryetarit-te-ulqinit-nazif-cungut\/","og_locale":"en_US","og_type":"article","og_title":"Konferenca p\u00ebr shtyp e kryetarit t\u00eb Ulqinit Nazif Cungut - Lajme nga Ulqini","og_description":"T\u00eb nderuar, Tani n\u00eb fund t\u00eb k\u00ebtij viti, \u00ebsht\u00eb rasti q\u00eb s\u00eb bashku t\u00eb p\u00ebrkujtojm\u00eb sfidat me t\u00eb cilat Komuna e Ulqinit u ballafaqua gjat\u00eb k\u00ebtij viti,","og_url":"https:\/\/www.visit-ulcinj.com\/blog\/2012\/12\/28\/konferenca-per-shtyp-e-kryetarit-te-ulqinit-nazif-cungut\/","og_site_name":"Lajme nga Ulqini","article_published_time":"2012-12-28T18:02:12+00:00","article_modified_time":"2013-01-09T14:55:48+00:00","og_image":[{"url":"https:\/\/www.visit-ulcinj.com\/blog\/wp-content\/uploads\/2012\/12\/Kryetari-Cungu-organizoi-konferencen-e-fundvitit.1-150x150.jpg"}],"twitter_misc":{"Written by":"ulqini","Est. reading time":"8 minutes"},"schema":{"@context":"https:\/\/schema.org","@graph":[{"@type":"WebSite","@id":"https:\/\/www.visit-ulcinj.com\/blog\/#website","url":"https:\/\/www.visit-ulcinj.com\/blog\/","name":"Lajme nga Ulqini","description":"Lajme,Vijesti,Ulqini,Ulqin,Crna Gora,Mali i Zi","potentialAction":[{"@type":"SearchAction","target":{"@type":"EntryPoint","urlTemplate":"https:\/\/www.visit-ulcinj.com\/blog\/?s={search_term_string}"},"query-input":"required name=search_term_string"}],"inLanguage":"en-US"},{"@type":"ImageObject","inLanguage":"en-US","@id":"https:\/\/www.visit-ulcinj.com\/blog\/2012\/12\/28\/konferenca-per-shtyp-e-kryetarit-te-ulqinit-nazif-cungut\/#primaryimage","url":"https:\/\/www.visit-ulcinj.com\/blog\/wp-content\/uploads\/2012\/12\/Konferenca-_Nazif-Cungut.jpg","contentUrl":"https:\/\/www.visit-ulcinj.com\/blog\/wp-content\/uploads\/2012\/12\/Konferenca-_Nazif-Cungut.jpg","width":1024,"height":678},{"@type":"WebPage","@id":"https:\/\/www.visit-ulcinj.com\/blog\/2012\/12\/28\/konferenca-per-shtyp-e-kryetarit-te-ulqinit-nazif-cungut\/#webpage","url":"https:\/\/www.visit-ulcinj.com\/blog\/2012\/12\/28\/konferenca-per-shtyp-e-kryetarit-te-ulqinit-nazif-cungut\/","name":"Konferenca p\u00ebr shtyp e kryetarit t\u00eb Ulqinit Nazif Cungut - Lajme nga Ulqini","isPartOf":{"@id":"https:\/\/www.visit-ulcinj.com\/blog\/#website"},"primaryImageOfPage":{"@id":"https:\/\/www.visit-ulcinj.com\/blog\/2012\/12\/28\/konferenca-per-shtyp-e-kryetarit-te-ulqinit-nazif-cungut\/#primaryimage"},"datePublished":"2012-12-28T18:02:12+00:00","dateModified":"2013-01-09T14:55:48+00:00","author":{"@id":"https:\/\/www.visit-ulcinj.com\/blog\/#\/schema\/person\/dcab619c614d3038751c63bc2aadc06d"},"description":"T\u00eb nderuar, Tani n\u00eb fund t\u00eb k\u00ebtij viti, \u00ebsht\u00eb rasti q\u00eb s\u00eb bashku t\u00eb p\u00ebrkujtojm\u00eb sfidat me t\u00eb cilat Komuna e Ulqinit u ballafaqua gjat\u00eb k\u00ebtij viti,","breadcrumb":{"@id":"https:\/\/www.visit-ulcinj.com\/blog\/2012\/12\/28\/konferenca-per-shtyp-e-kryetarit-te-ulqinit-nazif-cungut\/#breadcrumb"},"inLanguage":"en-US","potentialAction":[{"@type":"ReadAction","target":["https:\/\/www.visit-ulcinj.com\/blog\/2012\/12\/28\/konferenca-per-shtyp-e-kryetarit-te-ulqinit-nazif-cungut\/"]}]},{"@type":"BreadcrumbList","@id":"https:\/\/www.visit-ulcinj.com\/blog\/2012\/12\/28\/konferenca-per-shtyp-e-kryetarit-te-ulqinit-nazif-cungut\/#breadcrumb","itemListElement":[{"@type":"ListItem","position":1,"name":"Konferenca p\u00ebr shtyp e kryetarit t\u00eb Ulqinit Nazif Cungut"}]},{"@type":"Person","@id":"https:\/\/www.visit-ulcinj.com\/blog\/#\/schema\/person\/dcab619c614d3038751c63bc2aadc06d","name":"ulqini","sameAs":["http:\/\/www.visit-ulcinj.com"],"url":"https:\/\/www.visit-ulcinj.com\/blog\/author\/admin\/"}]}},"jetpack_featured_media_url":"","jetpack_sharing_enabled":true,"jetpack_shortlink":"https:\/\/wp.me\/pe6lTn-htF","_links":{"self":[{"href":"https:\/\/www.visit-ulcinj.com\/blog\/wp-json\/wp\/v2\/posts\/67187"}],"collection":[{"href":"https:\/\/www.visit-ulcinj.com\/blog\/wp-json\/wp\/v2\/posts"}],"about":[{"href":"https:\/\/www.visit-ulcinj.com\/blog\/wp-json\/wp\/v2\/types\/post"}],"author":[{"embeddable":true,"href":"https:\/\/www.visit-ulcinj.com\/blog\/wp-json\/wp\/v2\/users\/1"}],"replies":[{"embeddable":true,"href":"https:\/\/www.visit-ulcinj.com\/blog\/wp-json\/wp\/v2\/comments?post=67187"}],"version-history":[{"count":10,"href":"https:\/\/www.visit-ulcinj.com\/blog\/wp-json\/wp\/v2\/posts\/67187\/revisions"}],"predecessor-version":[{"id":67194,"href":"https:\/\/www.visit-ulcinj.com\/blog\/wp-json\/wp\/v2\/posts\/67187\/revisions\/67194"}],"wp:attachment":[{"href":"https:\/\/www.visit-ulcinj.com\/blog\/wp-json\/wp\/v2\/media?parent=67187"}],"wp:term":[{"taxonomy":"category","embeddable":true,"href":"https:\/\/www.visit-ulcinj.com\/blog\/wp-json\/wp\/v2\/categories?post=67187"},{"taxonomy":"post_tag","embeddable":true,"href":"https:\/\/www.visit-ulcinj.com\/blog\/wp-json\/wp\/v2\/tags?post=67187"}],"curies":[{"name":"wp","href":"https:\/\/api.w.org\/{rel}","templated":true}]}}