{"id":6719,"date":"2008-11-25T23:42:51","date_gmt":"2008-11-25T22:42:51","guid":{"rendered":"http:\/\/www.visit-ulcinj.com\/blog\/?p=6719"},"modified":"2008-11-25T23:42:51","modified_gmt":"2008-11-25T22:42:51","slug":"e-shesin-femijen-ne-ebay","status":"publish","type":"post","link":"https:\/\/www.visit-ulcinj.com\/blog\/2008\/11\/25\/e-shesin-femijen-ne-ebay\/","title":{"rendered":"E shesin f\u00ebmij\u00ebn n\u00eb eBay"},"content":{"rendered":"<p><img loading=\"lazy\" class=\"alignleft size-medium wp-image-6720\" title=\"bebja\" src=\"http:\/\/www.visit-ulcinj.com\/blog\/wp-content\/uploads\/2008\/11\/bebja-300x132.jpg\" alt=\"\" width=\"381\" height=\"167\" \/>Nj\u00eb f\u00ebmij\u00eb i posalindur \u00ebsht\u00eb \u201cbler\u00eb\u201d n\u00eb internet n\u00ebp\u00ebrmjet rrjetit e-Bay nga nj\u00eb \u00e7ift n\u00eb Holand\u00eb.<br \/>\nNj\u00eb gazetar holandez ka zbuluar dhe denoncuar ngjarjen e r\u00ebnd\u00eb.<br \/>\nF\u00ebmija ishte v\u00ebn\u00eb n\u00eb shitje p\u00ebrpara se t\u00eb lindte, nga prind\u00ebrit e tij t\u00eb mosh\u00ebs 24 dhe 22 vje\u00e7are, nj\u00eb \u00e7ift belg q\u00eb kishte tashm\u00eb nj\u00eb f\u00ebmij\u00eb. Shkak sipas tyre, ishte gjendja e v\u00ebshtir\u00eb ekonomike.<br \/>\nMenj\u00ebher\u00eb pas lindjes foshnja i \u00ebsht\u00eb dh\u00ebn\u00eb prind\u00ebrve t\u00eb rinj n\u00eb k\u00ebmbim t\u00eb parave.<br \/>\nFoshnja kishte lindur n\u00eb spital n\u00eb qytetin Ghent t\u00eb Belgjik\u00ebs, por e \u00e7ma e tij e kishte regjistruar n\u00eb em\u00ebr t\u00eb burrit holandez.<br \/>\n\u201c\u00c7ifti dyshohen p\u00ebr regjistrim t\u00eb lindjes me em\u00ebr t\u00eb falsifikuar. Mbiemri i cili i \u00ebsht\u00eb shkruar foshnj\u00ebs, nuk \u00ebsht\u00eb mbiemri i v\u00ebrtet\u00eb i n\u00ebn\u00ebs s\u00eb tij,\u201d tha nj\u00eb prokuror.<br \/>\nAutoritetet kan\u00eb filluar hetimet p\u00ebr ngjarjen, nd\u00ebrkoh\u00eb q\u00eb f\u00ebmija deri n\u00eb p\u00ebrfundimin e tyre do t\u00eb q\u00ebndroj\u00eb me prind\u00ebrit \u201cadoptues\u201d.<br \/>\nKritik\u00ebt tani po pyesin n\u00ebse f\u00ebmij\u00ebt tani jan\u00eb p\u00ebr t\u2019u shitur n\u00eb eBay, duke e quajtur k\u00ebt\u00eb trafikim t\u00eb qenieve njer\u00ebzore.<br \/>\n<strong>Gazeta Express<\/strong><\/p>\n<p>[flv]http:\/\/shqiphost.top-channel.tv\/18754796\/flv\/kronika\/femija-ebay.flv[\/flv]<\/p>\n","protected":false},"excerpt":{"rendered":"<p>Nj\u00eb f\u00ebmij\u00eb i posalindur \u00ebsht\u00eb \u201cbler\u00eb\u201d n\u00eb internet n\u00ebp\u00ebrmjet rrjetit e-Bay nga nj\u00eb \u00e7ift n\u00eb Holand\u00eb. Nj\u00eb gazetar holandez ka zbuluar dhe denoncuar ngjarjen e r\u00ebnd\u00eb. F\u00ebmija ishte v\u00ebn\u00eb n\u00eb shitje p\u00ebrpara se t\u00eb lindte, nga prind\u00ebrit e tij t\u00eb mosh\u00ebs 24 dhe 22 vje\u00e7are, nj\u00eb \u00e7ift belg q\u00eb kishte tashm\u00eb nj\u00eb f\u00ebmij\u00eb. Shkak sipas [&hellip;]<\/p>\n","protected":false},"author":1,"featured_media":0,"comment_status":"open","ping_status":"closed","sticky":false,"template":"","format":"standard","meta":{"spay_email":"","jetpack_publicize_message":"","jetpack_is_tweetstorm":false,"jetpack_publicize_feature_enabled":true},"categories":[12],"tags":[5141],"jetpack_publicize_connections":[],"yoast_head":"<!-- This site is optimized with the Yoast SEO plugin v19.1 - https:\/\/yoast.com\/wordpress\/plugins\/seo\/ -->\n<title>E shesin f\u00ebmij\u00ebn n\u00eb eBay - Lajme nga Ulqini<\/title>\n<meta name=\"description\" content=\"Nj\u00eb f\u00ebmij\u00eb i posalindur \u00ebsht\u00eb \u201cbler\u00eb\u201d n\u00eb internet n\u00ebp\u00ebrmjet rrjetit e-Bay nga nj\u00eb \u00e7ift n\u00eb Holand\u00eb. Nj\u00eb gazetar holandez ka zbuluar dhe denoncuar ngjarjen\" \/>\n<meta name=\"robots\" content=\"index, follow, max-snippet:-1, max-image-preview:large, max-video-preview:-1\" \/>\n<link rel=\"canonical\" href=\"https:\/\/www.visit-ulcinj.com\/blog\/2008\/11\/25\/e-shesin-femijen-ne-ebay\/\" \/>\n<meta property=\"og:locale\" content=\"en_US\" \/>\n<meta property=\"og:type\" content=\"article\" \/>\n<meta property=\"og:title\" content=\"E shesin f\u00ebmij\u00ebn n\u00eb eBay - Lajme nga Ulqini\" \/>\n<meta property=\"og:description\" content=\"Nj\u00eb f\u00ebmij\u00eb i posalindur \u00ebsht\u00eb \u201cbler\u00eb\u201d n\u00eb internet n\u00ebp\u00ebrmjet rrjetit e-Bay nga nj\u00eb \u00e7ift n\u00eb Holand\u00eb. Nj\u00eb gazetar holandez ka zbuluar dhe denoncuar ngjarjen\" \/>\n<meta property=\"og:url\" content=\"https:\/\/www.visit-ulcinj.com\/blog\/2008\/11\/25\/e-shesin-femijen-ne-ebay\/\" \/>\n<meta property=\"og:site_name\" content=\"Lajme nga Ulqini\" \/>\n<meta property=\"article:published_time\" content=\"2008-11-25T22:42:51+00:00\" \/>\n<meta property=\"og:image\" content=\"http:\/\/www.visit-ulcinj.com\/blog\/wp-content\/uploads\/2008\/11\/bebja-300x132.jpg\" \/>\n<meta name=\"twitter:label1\" content=\"Written by\" \/>\n\t<meta name=\"twitter:data1\" content=\"ulqini\" \/>\n\t<meta name=\"twitter:label2\" content=\"Est. reading time\" \/>\n\t<meta name=\"twitter:data2\" content=\"1 minute\" \/>\n<script type=\"application\/ld+json\" class=\"yoast-schema-graph\">{\"@context\":\"https:\/\/schema.org\",\"@graph\":[{\"@type\":\"WebSite\",\"@id\":\"https:\/\/www.visit-ulcinj.com\/blog\/#website\",\"url\":\"https:\/\/www.visit-ulcinj.com\/blog\/\",\"name\":\"Lajme nga Ulqini\",\"description\":\"Lajme,Vijesti,Ulqini,Ulqin,Crna Gora,Mali i Zi\",\"potentialAction\":[{\"@type\":\"SearchAction\",\"target\":{\"@type\":\"EntryPoint\",\"urlTemplate\":\"https:\/\/www.visit-ulcinj.com\/blog\/?s={search_term_string}\"},\"query-input\":\"required name=search_term_string\"}],\"inLanguage\":\"en-US\"},{\"@type\":\"ImageObject\",\"inLanguage\":\"en-US\",\"@id\":\"https:\/\/www.visit-ulcinj.com\/blog\/2008\/11\/25\/e-shesin-femijen-ne-ebay\/#primaryimage\",\"url\":\"http:\/\/www.visit-ulcinj.com\/blog\/wp-content\/uploads\/2008\/11\/bebja-300x132.jpg\",\"contentUrl\":\"http:\/\/www.visit-ulcinj.com\/blog\/wp-content\/uploads\/2008\/11\/bebja-300x132.jpg\"},{\"@type\":\"WebPage\",\"@id\":\"https:\/\/www.visit-ulcinj.com\/blog\/2008\/11\/25\/e-shesin-femijen-ne-ebay\/#webpage\",\"url\":\"https:\/\/www.visit-ulcinj.com\/blog\/2008\/11\/25\/e-shesin-femijen-ne-ebay\/\",\"name\":\"E shesin f\u00ebmij\u00ebn n\u00eb eBay - Lajme nga Ulqini\",\"isPartOf\":{\"@id\":\"https:\/\/www.visit-ulcinj.com\/blog\/#website\"},\"primaryImageOfPage\":{\"@id\":\"https:\/\/www.visit-ulcinj.com\/blog\/2008\/11\/25\/e-shesin-femijen-ne-ebay\/#primaryimage\"},\"datePublished\":\"2008-11-25T22:42:51+00:00\",\"dateModified\":\"2008-11-25T22:42:51+00:00\",\"author\":{\"@id\":\"https:\/\/www.visit-ulcinj.com\/blog\/#\/schema\/person\/dcab619c614d3038751c63bc2aadc06d\"},\"description\":\"Nj\u00eb f\u00ebmij\u00eb i posalindur \u00ebsht\u00eb \u201cbler\u00eb\u201d n\u00eb internet n\u00ebp\u00ebrmjet rrjetit e-Bay nga nj\u00eb \u00e7ift n\u00eb Holand\u00eb. Nj\u00eb gazetar holandez ka zbuluar dhe denoncuar ngjarjen\",\"breadcrumb\":{\"@id\":\"https:\/\/www.visit-ulcinj.com\/blog\/2008\/11\/25\/e-shesin-femijen-ne-ebay\/#breadcrumb\"},\"inLanguage\":\"en-US\",\"potentialAction\":[{\"@type\":\"ReadAction\",\"target\":[\"https:\/\/www.visit-ulcinj.com\/blog\/2008\/11\/25\/e-shesin-femijen-ne-ebay\/\"]}]},{\"@type\":\"BreadcrumbList\",\"@id\":\"https:\/\/www.visit-ulcinj.com\/blog\/2008\/11\/25\/e-shesin-femijen-ne-ebay\/#breadcrumb\",\"itemListElement\":[{\"@type\":\"ListItem\",\"position\":1,\"name\":\"E shesin f\u00ebmij\u00ebn n\u00eb eBay\"}]},{\"@type\":\"Person\",\"@id\":\"https:\/\/www.visit-ulcinj.com\/blog\/#\/schema\/person\/dcab619c614d3038751c63bc2aadc06d\",\"name\":\"ulqini\",\"sameAs\":[\"http:\/\/www.visit-ulcinj.com\"],\"url\":\"https:\/\/www.visit-ulcinj.com\/blog\/author\/admin\/\"}]}<\/script>\n<!-- \/ Yoast SEO plugin. -->","yoast_head_json":{"title":"E shesin f\u00ebmij\u00ebn n\u00eb eBay - Lajme nga Ulqini","description":"Nj\u00eb f\u00ebmij\u00eb i posalindur \u00ebsht\u00eb \u201cbler\u00eb\u201d n\u00eb internet n\u00ebp\u00ebrmjet rrjetit e-Bay nga nj\u00eb \u00e7ift n\u00eb Holand\u00eb. Nj\u00eb gazetar holandez ka zbuluar dhe denoncuar ngjarjen","robots":{"index":"index","follow":"follow","max-snippet":"max-snippet:-1","max-image-preview":"max-image-preview:large","max-video-preview":"max-video-preview:-1"},"canonical":"https:\/\/www.visit-ulcinj.com\/blog\/2008\/11\/25\/e-shesin-femijen-ne-ebay\/","og_locale":"en_US","og_type":"article","og_title":"E shesin f\u00ebmij\u00ebn n\u00eb eBay - Lajme nga Ulqini","og_description":"Nj\u00eb f\u00ebmij\u00eb i posalindur \u00ebsht\u00eb \u201cbler\u00eb\u201d n\u00eb internet n\u00ebp\u00ebrmjet rrjetit e-Bay nga nj\u00eb \u00e7ift n\u00eb Holand\u00eb. Nj\u00eb gazetar holandez ka zbuluar dhe denoncuar ngjarjen","og_url":"https:\/\/www.visit-ulcinj.com\/blog\/2008\/11\/25\/e-shesin-femijen-ne-ebay\/","og_site_name":"Lajme nga Ulqini","article_published_time":"2008-11-25T22:42:51+00:00","og_image":[{"url":"http:\/\/www.visit-ulcinj.com\/blog\/wp-content\/uploads\/2008\/11\/bebja-300x132.jpg"}],"twitter_misc":{"Written by":"ulqini","Est. reading time":"1 minute"},"schema":{"@context":"https:\/\/schema.org","@graph":[{"@type":"WebSite","@id":"https:\/\/www.visit-ulcinj.com\/blog\/#website","url":"https:\/\/www.visit-ulcinj.com\/blog\/","name":"Lajme nga Ulqini","description":"Lajme,Vijesti,Ulqini,Ulqin,Crna Gora,Mali i Zi","potentialAction":[{"@type":"SearchAction","target":{"@type":"EntryPoint","urlTemplate":"https:\/\/www.visit-ulcinj.com\/blog\/?s={search_term_string}"},"query-input":"required name=search_term_string"}],"inLanguage":"en-US"},{"@type":"ImageObject","inLanguage":"en-US","@id":"https:\/\/www.visit-ulcinj.com\/blog\/2008\/11\/25\/e-shesin-femijen-ne-ebay\/#primaryimage","url":"http:\/\/www.visit-ulcinj.com\/blog\/wp-content\/uploads\/2008\/11\/bebja-300x132.jpg","contentUrl":"http:\/\/www.visit-ulcinj.com\/blog\/wp-content\/uploads\/2008\/11\/bebja-300x132.jpg"},{"@type":"WebPage","@id":"https:\/\/www.visit-ulcinj.com\/blog\/2008\/11\/25\/e-shesin-femijen-ne-ebay\/#webpage","url":"https:\/\/www.visit-ulcinj.com\/blog\/2008\/11\/25\/e-shesin-femijen-ne-ebay\/","name":"E shesin f\u00ebmij\u00ebn n\u00eb eBay - Lajme nga Ulqini","isPartOf":{"@id":"https:\/\/www.visit-ulcinj.com\/blog\/#website"},"primaryImageOfPage":{"@id":"https:\/\/www.visit-ulcinj.com\/blog\/2008\/11\/25\/e-shesin-femijen-ne-ebay\/#primaryimage"},"datePublished":"2008-11-25T22:42:51+00:00","dateModified":"2008-11-25T22:42:51+00:00","author":{"@id":"https:\/\/www.visit-ulcinj.com\/blog\/#\/schema\/person\/dcab619c614d3038751c63bc2aadc06d"},"description":"Nj\u00eb f\u00ebmij\u00eb i posalindur \u00ebsht\u00eb \u201cbler\u00eb\u201d n\u00eb internet n\u00ebp\u00ebrmjet rrjetit e-Bay nga nj\u00eb \u00e7ift n\u00eb Holand\u00eb. Nj\u00eb gazetar holandez ka zbuluar dhe denoncuar ngjarjen","breadcrumb":{"@id":"https:\/\/www.visit-ulcinj.com\/blog\/2008\/11\/25\/e-shesin-femijen-ne-ebay\/#breadcrumb"},"inLanguage":"en-US","potentialAction":[{"@type":"ReadAction","target":["https:\/\/www.visit-ulcinj.com\/blog\/2008\/11\/25\/e-shesin-femijen-ne-ebay\/"]}]},{"@type":"BreadcrumbList","@id":"https:\/\/www.visit-ulcinj.com\/blog\/2008\/11\/25\/e-shesin-femijen-ne-ebay\/#breadcrumb","itemListElement":[{"@type":"ListItem","position":1,"name":"E shesin f\u00ebmij\u00ebn n\u00eb eBay"}]},{"@type":"Person","@id":"https:\/\/www.visit-ulcinj.com\/blog\/#\/schema\/person\/dcab619c614d3038751c63bc2aadc06d","name":"ulqini","sameAs":["http:\/\/www.visit-ulcinj.com"],"url":"https:\/\/www.visit-ulcinj.com\/blog\/author\/admin\/"}]}},"jetpack_featured_media_url":"","jetpack_sharing_enabled":true,"jetpack_shortlink":"https:\/\/wp.me\/pe6lTn-1Kn","_links":{"self":[{"href":"https:\/\/www.visit-ulcinj.com\/blog\/wp-json\/wp\/v2\/posts\/6719"}],"collection":[{"href":"https:\/\/www.visit-ulcinj.com\/blog\/wp-json\/wp\/v2\/posts"}],"about":[{"href":"https:\/\/www.visit-ulcinj.com\/blog\/wp-json\/wp\/v2\/types\/post"}],"author":[{"embeddable":true,"href":"https:\/\/www.visit-ulcinj.com\/blog\/wp-json\/wp\/v2\/users\/1"}],"replies":[{"embeddable":true,"href":"https:\/\/www.visit-ulcinj.com\/blog\/wp-json\/wp\/v2\/comments?post=6719"}],"version-history":[{"count":0,"href":"https:\/\/www.visit-ulcinj.com\/blog\/wp-json\/wp\/v2\/posts\/6719\/revisions"}],"wp:attachment":[{"href":"https:\/\/www.visit-ulcinj.com\/blog\/wp-json\/wp\/v2\/media?parent=6719"}],"wp:term":[{"taxonomy":"category","embeddable":true,"href":"https:\/\/www.visit-ulcinj.com\/blog\/wp-json\/wp\/v2\/categories?post=6719"},{"taxonomy":"post_tag","embeddable":true,"href":"https:\/\/www.visit-ulcinj.com\/blog\/wp-json\/wp\/v2\/tags?post=6719"}],"curies":[{"name":"wp","href":"https:\/\/api.w.org\/{rel}","templated":true}]}}