{"id":67196,"date":"2012-12-28T19:14:24","date_gmt":"2012-12-28T18:14:24","guid":{"rendered":"http:\/\/www.visit-ulcinj.com\/blog\/?p=67196"},"modified":"2012-12-28T19:37:27","modified_gmt":"2012-12-28T18:37:27","slug":"konferencija-za-medije-predsjednika-opstine-ulcinj-nazifa-cungua","status":"publish","type":"post","link":"https:\/\/www.visit-ulcinj.com\/blog\/2012\/12\/28\/konferencija-za-medije-predsjednika-opstine-ulcinj-nazifa-cungua\/","title":{"rendered":"Konferencija za medije predsjednika Op\u0161tine Ulcinj Nazifa Cungua"},"content":{"rendered":"<p><a href=\"http:\/\/www.visit-ulcinj.com\/blog\/wp-content\/uploads\/2012\/12\/Nazif-Cungu_konferencija-za-medije_ulcinj.jpg\"><img loading=\"lazy\" class=\"alignleft  wp-image-67197\" alt=\"Nazif Cungu_konferencija za medije_ulcinj\" src=\"http:\/\/www.visit-ulcinj.com\/blog\/wp-content\/uploads\/2012\/12\/Nazif-Cungu_konferencija-za-medije_ulcinj.jpg\" width=\"508\" height=\"360\" \/><\/a>Po\u0161tovani,<\/p>\n<p>&nbsp;<\/p>\n<p>Sada na kraju godine, je vrijeme da se\u00a0 zajedno podsjetimo\u00a0 izazova\u00a0 sa kojima\u00a0 se Op\u0161tina Ulcinj susretala u toku godine, projekti koji su u toku I planova za narednu godinu.<\/p>\n<p>Kao \u0161to znate Op\u0161tina\u00a0 Ulcinj je naslijedila\u00a0 velike finansijske\u00a0 obaveze od predhodnih vlasti, tako da treba pro\u0107i\u00a0 puno vremena\u00a0 da se postigne\u00a0 konsolidacija finansiske situacije.\u00a0 Obaveze Op\u0161tine zajedno sa\u00a0 javnim preduze\u0107ima\u00a0 dosti\u017eu sumu od preko 21 .000.0000 E.\u00a0 tu su uklju\u010dena\u00a0 dugovanja prema radnicima,\u00a0\u00a0 dugovanja za godinama nepla\u0107ene poreze I doprinose, dugovanja\u00a0 prema\u00a0 pravnim I fizi\u010dkim licima, krediti, potencijalna dugovanja u vezi sudskih sporova I druga dugovanja.<\/p>\n<p>Ja \u0107u vam prilo\u017eiti jednu tabelu koja sadr\u017ei opis\u00a0 obaveza i ukupnu\u00a0 sumu dugovanja Op\u0161tine Ulcinj.<\/p>\n<p>Mi\u00a0 smo\u00a0 veoma ozbiljno pri\u0161li analizi obaveza, potrudili smo se da dio tog duga\u00a0 izmirimo, amortizujemo ili odlo\u017eimo za jedan du\u017ei period\u00a0 tako da smo uspijeli da<\/p>\n<p>umanjimo sve operativne tro\u0161kove (struju, telefon, gorivo, slu\u017ebena putovanja, reprezentaciju itd.)<\/p>\n<p>izvr\u0161imo reprogramiranje\u00a0 dijela dugova za jednogodi\u0161nji period ili du\u017ee<\/p>\n<p>Dono\u0161enje urbanisti\u010dkih planova za objekte investitora koji su ranije platili obaveze za komunalije I koji su tu\u017eili Op\u0161tinu zbog neizvr\u0161enih obaveza.<\/p>\n<p>Postigli smo da u izvjesnoj mjeri konsolidujemo\u00a0 finansijski sistem u Op\u0161tini Ulcinj. U ovom smislu smo :<\/p>\n<p>Pove\u0107ali\u00a0 smo\u00a0 bazu poreskih obveznika;<\/p>\n<p>Pove\u0107ali smo\u00a0\u00a0 izvorne\u00a0\u00a0 prihoda bud\u017eeta<\/p>\n<p>Umanjili\u00a0 LD radnika 10%<\/p>\n<p>Smanjili smo broj radnika<\/p>\n<p>Umanjili\u00a0 smo dug prema radnicima\u00a0 u\u00a0 javnim preduze\u0107ima.<\/p>\n<p>Preduzeli smo mjere\u00a0 za uknji\u017ebu op\u0161tinske\u00a0 imovine, \u0161to\u00a0 je bila obaveza da se zavr\u0161i u 2009.god., sa ovim\u00a0 dobijamo uslove za prodaju I valorizaciju\u00a0\u00a0 imovine,\u00a0 realizaciju nekih investicija, kompletiranje urbanisti\u010dkih parcela \u0161to je\u00a0 takodje trebalo ranije uraditi, \u0161to sada dovodi do komplikovanijih procedura.<\/p>\n<p>\u0160to se ti\u010de uredjenja prostora situacija koju smo naslijedili je bila nepovoljna, uzimaju\u0107i u obzir da godinama nisu dono\u0161eni urbanisti\u010dki planovi.<\/p>\n<p>&nbsp;<\/p>\n<p>Mi smo uspjeli da :<\/p>\n<p>Usvojimo sedamnaest urbanisti\u010dkih planova, koji obuhvataju preko 1700 objekata I\u00a0 oko 350 ha ;<\/p>\n<p>U proceduri je i usvajanje novih urbanisti\u010dkih planova koji \u0107e obuhvatiti 800 ha.<\/p>\n<p>Usvojili smo\u00a0 Odluku o privremenim objektima<\/p>\n<p>Izdali\u00a0 smo 72 urbanisti\u010dka uslova\u00a0 na osnovu usvojenih planova<\/p>\n<p>U\u00a0 toku je\u00a0 izrada prostornog plana za Op\u0161tinu Ulcinj.<\/p>\n<p>Transformisali smo Preduze\u0107e UPIN\u00a0 u Agenciju za projektovanje, koja je\u00a0 za kratko vrijeme\u00a0 dostigla da kompletira kadar I ujedno pripremi\u00a0 76 projekata I procjena.<\/p>\n<p>Investiralo se u putnoj infrastrukturi, sto \u0107e se \u010diniti i ubuduce.<\/p>\n<p>Izdvajamo:<\/p>\n<p>Zavr\u0161etak prve faze izgranje puta Ulcinj Sukobin, o\u010dekuje se po\u010detak druge faze<\/p>\n<p>Realizovane su I druge investicje u rekonstrukciji putne infrastructure u vrijednosti od 3.600.000eur od kojih treba pomenuti kru\u017eni tok kod Komunalnog preduze\u0107a sa kojim \u0107e se u budu\u0107e sprije\u010diti saobra\u0107ajne nesre\u0107e koje su bile \u010desta pojava u tom dijelu<\/p>\n<p>Intenzivno se radi na zavr\u0161etku radova na mostu na Porto Mileni, zavr\u0161en je projekat i proces ekspropriacije\u00a0 zemlji\u0161ta za kru\u017eni tok kod pekare Evropa<\/p>\n<p>Obnovljena je horizontalna i vertikalna signalizacija u gradu, \u0161to \u0107e se i u narednoj godini nastaviti<\/p>\n<p>Ure\u0111en je I stavljen u funkciji parking ispod Plo\u010de kao I parking na Velikoj pla\u017ei<\/p>\n<p>Zavr\u0161ena je javna rasvjeta na nekoliko saobra\u0107ajnica I zapo\u010dete su procedure za rasvjetu nekoliko drugih saobra\u0107ajnica od kojih je najbitniji projekat rasvjete puta do centra \u0160toja, za koji je otvoren tender u vijednosti od 225.000 eur<\/p>\n<p>Odlukom Vlade Crne Gore Op\u0161tini Ulcinj su prene\u0161ene nadle\u017enosti na osnovu Zakona o saobra\u0107aju koje se ti\u010du parkiranja, o\u010dekuje se nabavka specijalnog vozila \u2013 pauk za rije\u0161avanje ovog problema<\/p>\n<p>Naslijedili smo nezahvalnu situaciju \u0161to se ti\u010de \u010disto\u0107e gde smo uspjeli puno toga da uradimo. Izdvajamo:<\/p>\n<p>Izgradnjom zajedni\u010dke deponije \u201eMo\u017eura\u201c za Op\u0161tinu Ulcinj i Bar<\/p>\n<p>Preuzet je niz akcija sa gra\u0111anima I instutucijama za \u010di\u0161\u0107enje grada<\/p>\n<p>Zavr\u0161ena je nabavka vozila i opreme za potrebe JP \u201eKomunalne Djelatnosti\u201d i odr\u017eavanje \u010disto\u0107e i to: 10 Vozila i 400 kontejnera.<\/p>\n<p>Odredili pozicije za kontejnere<\/p>\n<p>Premjesili smo kontejnere u centru \u0160toja<\/p>\n<p>Preuzete su mjere za pobolj\u0161anje ekonomske situacije u op\u0161tini Ulcinj<\/p>\n<p>Na Skup\u0161tini Op\u0161tine odobrena je odluka o progla\u0161enju Biznis zone u Krutama u povr\u0161ini od 27 ha, na kojoj \u0107e se omogu\u0107iti povoljni uslovi za investicije iz raznih oblasti<\/p>\n<p>U toku je izrada strate\u0161kog plana razvoja\u00a0 op\u0161tine Ulcinj do 2018 godine.<\/p>\n<p>Odr\u017eavaju se redovni sastanci sa preduzetnicima sa kojima u direktnom kontaktu razmatramo rije\u0161avanje svakodnevnih problema<\/p>\n<p>Kao posebno dostignu\u0107e izdvajam osnivanje biroa za evropske integracije koji je do sada pripremio\u00a0 I aplicirao na 20 projekata od kojih je 6 u implementaciji u vrijednosti od 1.090.000eur<\/p>\n<p>Imamo konstantnu saradnju sa organizacijom TIKA koja je finansijski pomogla rije\u0161avanje niza problema u op\u0161tini Ulcinj, od kojih izdvajamo: sanaciju kolektora\u00a0 \u0110erane I Galeb, donaciju najlona za plastenike o\u0161te\u0107enih od snijega (80.000m2), posjeta eksperta za masninastvo. U narednom periodu o\u010dekujemo i druge donacije ove organizacije za: dom zdravlja Vladmir, renoviranje starih \u010desmi, ure\u0111enje kaldrme u Starom Gradu, hladnja\u010du za mandarine u \u0160toju, bazen pitke vode u Braj\u0161i itd.<\/p>\n<p>Ulo\u017eili smo puno napora u cilju vra\u0107anja vlasni\u0161tva na Maslinadi u Valdanosu I tim povodom smo organizovali niz sastanaka sa\u00a0 Udru\u017eenjem za vra\u0107anje I nadle\u017enim ministarstvima. Ovaj zadatak nas o\u010dekuje i ubudu\u0107e.<\/p>\n<p>Izvr\u0161ena je transofmacija RTV Ulcinj<\/p>\n<p>Osnivali smo dnevni centar za djecu sa posebnim potrebama.<\/p>\n<p>U toku je implementacija projekta za osnivanje Gra\u0111anskog biroa kao i IT infrastrukture u vrijednosti od 100.000eur, donacija USAID.<\/p>\n<p>Uradilo se puno toga u pravcu pobolj\u0161anja transparentnosti organa lokalne uprave. U ovom pravcu smo postavili websajt op\u0161tine koji se redovno a\u017eurira. Odgovorili smo na puno zahtjeva na osnovu zakona o slobodnom pristupu informacja<\/p>\n<p>Sva navedena dostignu\u0107a i pripreme daju nam nadu da \u0107e naredna godina biti godina razvoja I investicija u op\u0161tini Ulcinj u inteesu svih na\u0161ih gra\u0111ana<\/p>\n<p>&nbsp;<\/p>\n<p>Hvala!<\/p>\n<p><a href=\"https:\/\/docs.google.com\/viewer?a=v&amp;pid=gmail&amp;attid=0.3&amp;thid=13be266dd2d7179a&amp;mt=application\/vnd.ms-excel&amp;url=https:\/\/mail.google.com\/mail\/u\/0\/?ui%3D2%26ik%3D995a46e9ef%26view%3Datt%26th%3D13be266dd2d7179a%26attid%3D0.3%26disp%3Dsafe%26zw&amp;sig=AHIEtbQKxzoBcFp9Qf3NGySxAam2hCaqvw\" target=\"_blank\"><strong>Tabelarni prikaz dokument Ulcinj<\/strong><\/a><\/p>\n<p><strong>Op\u0161tina Ulcinj \/ Komuna e Ulqinit<\/strong><br \/>\nTel: +382 30 412 050<br \/>\nFax: +382 30 412 413<br \/>\nAdresa: Bul. Skenderbeu bb, 85360 Ulcinj, MNE<\/p>\n","protected":false},"excerpt":{"rendered":"<p>Po\u0161tovani, &nbsp; Sada na kraju godine, je vrijeme da se\u00a0 zajedno podsjetimo\u00a0 izazova\u00a0 sa kojima\u00a0 se Op\u0161tina Ulcinj susretala u toku godine, projekti koji su u toku I planova za narednu godinu. Kao \u0161to znate Op\u0161tina\u00a0 Ulcinj je naslijedila\u00a0 velike finansijske\u00a0 obaveze od predhodnih vlasti, tako da treba pro\u0107i\u00a0 puno vremena\u00a0 da se postigne\u00a0 konsolidacija [&hellip;]<\/p>\n","protected":false},"author":1,"featured_media":0,"comment_status":"open","ping_status":"closed","sticky":false,"template":"","format":"standard","meta":{"spay_email":"","jetpack_publicize_message":"","jetpack_is_tweetstorm":false,"jetpack_publicize_feature_enabled":true},"categories":[8337],"tags":[19],"jetpack_publicize_connections":[],"yoast_head":"<!-- This site is optimized with the Yoast SEO plugin v19.1 - https:\/\/yoast.com\/wordpress\/plugins\/seo\/ -->\n<title>Konferencija za medije predsjednika Op\u0161tine Ulcinj Nazifa Cungua - Lajme nga Ulqini<\/title>\n<meta name=\"description\" content=\"Po\u0161tovani, &nbsp; Sada na kraju godine, je vrijeme da se\u00a0 zajedno podsjetimo\u00a0 izazova\u00a0 sa kojima\u00a0 se Op\u0161tina Ulcinj susretala u toku godine, projekti koji\" \/>\n<meta name=\"robots\" content=\"index, follow, max-snippet:-1, max-image-preview:large, max-video-preview:-1\" \/>\n<link rel=\"canonical\" href=\"https:\/\/www.visit-ulcinj.com\/blog\/2012\/12\/28\/konferencija-za-medije-predsjednika-opstine-ulcinj-nazifa-cungua\/\" \/>\n<meta property=\"og:locale\" content=\"en_US\" \/>\n<meta property=\"og:type\" content=\"article\" \/>\n<meta property=\"og:title\" content=\"Konferencija za medije predsjednika Op\u0161tine Ulcinj Nazifa Cungua - Lajme nga Ulqini\" \/>\n<meta property=\"og:description\" content=\"Po\u0161tovani, &nbsp; Sada na kraju godine, je vrijeme da se\u00a0 zajedno podsjetimo\u00a0 izazova\u00a0 sa kojima\u00a0 se Op\u0161tina Ulcinj susretala u toku godine, projekti koji\" \/>\n<meta property=\"og:url\" content=\"https:\/\/www.visit-ulcinj.com\/blog\/2012\/12\/28\/konferencija-za-medije-predsjednika-opstine-ulcinj-nazifa-cungua\/\" \/>\n<meta property=\"og:site_name\" content=\"Lajme nga Ulqini\" \/>\n<meta property=\"article:published_time\" content=\"2012-12-28T18:14:24+00:00\" \/>\n<meta property=\"article:modified_time\" content=\"2012-12-28T18:37:27+00:00\" \/>\n<meta property=\"og:image\" content=\"http:\/\/www.visit-ulcinj.com\/blog\/wp-content\/uploads\/2012\/12\/Nazif-Cungu_konferencija-za-medije_ulcinj.jpg\" \/>\n<meta name=\"twitter:label1\" content=\"Written by\" \/>\n\t<meta name=\"twitter:data1\" content=\"ulqini\" \/>\n\t<meta name=\"twitter:label2\" content=\"Est. reading time\" \/>\n\t<meta name=\"twitter:data2\" content=\"5 minutes\" \/>\n<script type=\"application\/ld+json\" class=\"yoast-schema-graph\">{\"@context\":\"https:\/\/schema.org\",\"@graph\":[{\"@type\":\"WebSite\",\"@id\":\"https:\/\/www.visit-ulcinj.com\/blog\/#website\",\"url\":\"https:\/\/www.visit-ulcinj.com\/blog\/\",\"name\":\"Lajme nga Ulqini\",\"description\":\"Lajme,Vijesti,Ulqini,Ulqin,Crna Gora,Mali i Zi\",\"potentialAction\":[{\"@type\":\"SearchAction\",\"target\":{\"@type\":\"EntryPoint\",\"urlTemplate\":\"https:\/\/www.visit-ulcinj.com\/blog\/?s={search_term_string}\"},\"query-input\":\"required name=search_term_string\"}],\"inLanguage\":\"en-US\"},{\"@type\":\"ImageObject\",\"inLanguage\":\"en-US\",\"@id\":\"https:\/\/www.visit-ulcinj.com\/blog\/2012\/12\/28\/konferencija-za-medije-predsjednika-opstine-ulcinj-nazifa-cungua\/#primaryimage\",\"url\":\"https:\/\/www.visit-ulcinj.com\/blog\/wp-content\/uploads\/2012\/12\/Nazif-Cungu_konferencija-za-medije_ulcinj.jpg\",\"contentUrl\":\"https:\/\/www.visit-ulcinj.com\/blog\/wp-content\/uploads\/2012\/12\/Nazif-Cungu_konferencija-za-medije_ulcinj.jpg\",\"width\":640,\"height\":424},{\"@type\":\"WebPage\",\"@id\":\"https:\/\/www.visit-ulcinj.com\/blog\/2012\/12\/28\/konferencija-za-medije-predsjednika-opstine-ulcinj-nazifa-cungua\/#webpage\",\"url\":\"https:\/\/www.visit-ulcinj.com\/blog\/2012\/12\/28\/konferencija-za-medije-predsjednika-opstine-ulcinj-nazifa-cungua\/\",\"name\":\"Konferencija za medije predsjednika Op\u0161tine Ulcinj Nazifa Cungua - Lajme nga Ulqini\",\"isPartOf\":{\"@id\":\"https:\/\/www.visit-ulcinj.com\/blog\/#website\"},\"primaryImageOfPage\":{\"@id\":\"https:\/\/www.visit-ulcinj.com\/blog\/2012\/12\/28\/konferencija-za-medije-predsjednika-opstine-ulcinj-nazifa-cungua\/#primaryimage\"},\"datePublished\":\"2012-12-28T18:14:24+00:00\",\"dateModified\":\"2012-12-28T18:37:27+00:00\",\"author\":{\"@id\":\"https:\/\/www.visit-ulcinj.com\/blog\/#\/schema\/person\/dcab619c614d3038751c63bc2aadc06d\"},\"description\":\"Po\u0161tovani, &nbsp; Sada na kraju godine, je vrijeme da se\u00a0 zajedno podsjetimo\u00a0 izazova\u00a0 sa kojima\u00a0 se Op\u0161tina Ulcinj susretala u toku godine, projekti koji\",\"breadcrumb\":{\"@id\":\"https:\/\/www.visit-ulcinj.com\/blog\/2012\/12\/28\/konferencija-za-medije-predsjednika-opstine-ulcinj-nazifa-cungua\/#breadcrumb\"},\"inLanguage\":\"en-US\",\"potentialAction\":[{\"@type\":\"ReadAction\",\"target\":[\"https:\/\/www.visit-ulcinj.com\/blog\/2012\/12\/28\/konferencija-za-medije-predsjednika-opstine-ulcinj-nazifa-cungua\/\"]}]},{\"@type\":\"BreadcrumbList\",\"@id\":\"https:\/\/www.visit-ulcinj.com\/blog\/2012\/12\/28\/konferencija-za-medije-predsjednika-opstine-ulcinj-nazifa-cungua\/#breadcrumb\",\"itemListElement\":[{\"@type\":\"ListItem\",\"position\":1,\"name\":\"Konferencija za medije predsjednika Op\u0161tine Ulcinj Nazifa Cungua\"}]},{\"@type\":\"Person\",\"@id\":\"https:\/\/www.visit-ulcinj.com\/blog\/#\/schema\/person\/dcab619c614d3038751c63bc2aadc06d\",\"name\":\"ulqini\",\"sameAs\":[\"http:\/\/www.visit-ulcinj.com\"],\"url\":\"https:\/\/www.visit-ulcinj.com\/blog\/author\/admin\/\"}]}<\/script>\n<!-- \/ Yoast SEO plugin. -->","yoast_head_json":{"title":"Konferencija za medije predsjednika Op\u0161tine Ulcinj Nazifa Cungua - Lajme nga Ulqini","description":"Po\u0161tovani, &nbsp; Sada na kraju godine, je vrijeme da se\u00a0 zajedno podsjetimo\u00a0 izazova\u00a0 sa kojima\u00a0 se Op\u0161tina Ulcinj susretala u toku godine, projekti koji","robots":{"index":"index","follow":"follow","max-snippet":"max-snippet:-1","max-image-preview":"max-image-preview:large","max-video-preview":"max-video-preview:-1"},"canonical":"https:\/\/www.visit-ulcinj.com\/blog\/2012\/12\/28\/konferencija-za-medije-predsjednika-opstine-ulcinj-nazifa-cungua\/","og_locale":"en_US","og_type":"article","og_title":"Konferencija za medije predsjednika Op\u0161tine Ulcinj Nazifa Cungua - Lajme nga Ulqini","og_description":"Po\u0161tovani, &nbsp; Sada na kraju godine, je vrijeme da se\u00a0 zajedno podsjetimo\u00a0 izazova\u00a0 sa kojima\u00a0 se Op\u0161tina Ulcinj susretala u toku godine, projekti koji","og_url":"https:\/\/www.visit-ulcinj.com\/blog\/2012\/12\/28\/konferencija-za-medije-predsjednika-opstine-ulcinj-nazifa-cungua\/","og_site_name":"Lajme nga Ulqini","article_published_time":"2012-12-28T18:14:24+00:00","article_modified_time":"2012-12-28T18:37:27+00:00","og_image":[{"url":"http:\/\/www.visit-ulcinj.com\/blog\/wp-content\/uploads\/2012\/12\/Nazif-Cungu_konferencija-za-medije_ulcinj.jpg"}],"twitter_misc":{"Written by":"ulqini","Est. reading time":"5 minutes"},"schema":{"@context":"https:\/\/schema.org","@graph":[{"@type":"WebSite","@id":"https:\/\/www.visit-ulcinj.com\/blog\/#website","url":"https:\/\/www.visit-ulcinj.com\/blog\/","name":"Lajme nga Ulqini","description":"Lajme,Vijesti,Ulqini,Ulqin,Crna Gora,Mali i Zi","potentialAction":[{"@type":"SearchAction","target":{"@type":"EntryPoint","urlTemplate":"https:\/\/www.visit-ulcinj.com\/blog\/?s={search_term_string}"},"query-input":"required name=search_term_string"}],"inLanguage":"en-US"},{"@type":"ImageObject","inLanguage":"en-US","@id":"https:\/\/www.visit-ulcinj.com\/blog\/2012\/12\/28\/konferencija-za-medije-predsjednika-opstine-ulcinj-nazifa-cungua\/#primaryimage","url":"https:\/\/www.visit-ulcinj.com\/blog\/wp-content\/uploads\/2012\/12\/Nazif-Cungu_konferencija-za-medije_ulcinj.jpg","contentUrl":"https:\/\/www.visit-ulcinj.com\/blog\/wp-content\/uploads\/2012\/12\/Nazif-Cungu_konferencija-za-medije_ulcinj.jpg","width":640,"height":424},{"@type":"WebPage","@id":"https:\/\/www.visit-ulcinj.com\/blog\/2012\/12\/28\/konferencija-za-medije-predsjednika-opstine-ulcinj-nazifa-cungua\/#webpage","url":"https:\/\/www.visit-ulcinj.com\/blog\/2012\/12\/28\/konferencija-za-medije-predsjednika-opstine-ulcinj-nazifa-cungua\/","name":"Konferencija za medije predsjednika Op\u0161tine Ulcinj Nazifa Cungua - Lajme nga Ulqini","isPartOf":{"@id":"https:\/\/www.visit-ulcinj.com\/blog\/#website"},"primaryImageOfPage":{"@id":"https:\/\/www.visit-ulcinj.com\/blog\/2012\/12\/28\/konferencija-za-medije-predsjednika-opstine-ulcinj-nazifa-cungua\/#primaryimage"},"datePublished":"2012-12-28T18:14:24+00:00","dateModified":"2012-12-28T18:37:27+00:00","author":{"@id":"https:\/\/www.visit-ulcinj.com\/blog\/#\/schema\/person\/dcab619c614d3038751c63bc2aadc06d"},"description":"Po\u0161tovani, &nbsp; Sada na kraju godine, je vrijeme da se\u00a0 zajedno podsjetimo\u00a0 izazova\u00a0 sa kojima\u00a0 se Op\u0161tina Ulcinj susretala u toku godine, projekti koji","breadcrumb":{"@id":"https:\/\/www.visit-ulcinj.com\/blog\/2012\/12\/28\/konferencija-za-medije-predsjednika-opstine-ulcinj-nazifa-cungua\/#breadcrumb"},"inLanguage":"en-US","potentialAction":[{"@type":"ReadAction","target":["https:\/\/www.visit-ulcinj.com\/blog\/2012\/12\/28\/konferencija-za-medije-predsjednika-opstine-ulcinj-nazifa-cungua\/"]}]},{"@type":"BreadcrumbList","@id":"https:\/\/www.visit-ulcinj.com\/blog\/2012\/12\/28\/konferencija-za-medije-predsjednika-opstine-ulcinj-nazifa-cungua\/#breadcrumb","itemListElement":[{"@type":"ListItem","position":1,"name":"Konferencija za medije predsjednika Op\u0161tine Ulcinj Nazifa Cungua"}]},{"@type":"Person","@id":"https:\/\/www.visit-ulcinj.com\/blog\/#\/schema\/person\/dcab619c614d3038751c63bc2aadc06d","name":"ulqini","sameAs":["http:\/\/www.visit-ulcinj.com"],"url":"https:\/\/www.visit-ulcinj.com\/blog\/author\/admin\/"}]}},"jetpack_featured_media_url":"","jetpack_sharing_enabled":true,"jetpack_shortlink":"https:\/\/wp.me\/pe6lTn-htO","_links":{"self":[{"href":"https:\/\/www.visit-ulcinj.com\/blog\/wp-json\/wp\/v2\/posts\/67196"}],"collection":[{"href":"https:\/\/www.visit-ulcinj.com\/blog\/wp-json\/wp\/v2\/posts"}],"about":[{"href":"https:\/\/www.visit-ulcinj.com\/blog\/wp-json\/wp\/v2\/types\/post"}],"author":[{"embeddable":true,"href":"https:\/\/www.visit-ulcinj.com\/blog\/wp-json\/wp\/v2\/users\/1"}],"replies":[{"embeddable":true,"href":"https:\/\/www.visit-ulcinj.com\/blog\/wp-json\/wp\/v2\/comments?post=67196"}],"version-history":[{"count":4,"href":"https:\/\/www.visit-ulcinj.com\/blog\/wp-json\/wp\/v2\/posts\/67196\/revisions"}],"predecessor-version":[{"id":67200,"href":"https:\/\/www.visit-ulcinj.com\/blog\/wp-json\/wp\/v2\/posts\/67196\/revisions\/67200"}],"wp:attachment":[{"href":"https:\/\/www.visit-ulcinj.com\/blog\/wp-json\/wp\/v2\/media?parent=67196"}],"wp:term":[{"taxonomy":"category","embeddable":true,"href":"https:\/\/www.visit-ulcinj.com\/blog\/wp-json\/wp\/v2\/categories?post=67196"},{"taxonomy":"post_tag","embeddable":true,"href":"https:\/\/www.visit-ulcinj.com\/blog\/wp-json\/wp\/v2\/tags?post=67196"}],"curies":[{"name":"wp","href":"https:\/\/api.w.org\/{rel}","templated":true}]}}