{"id":67202,"date":"2012-12-29T07:59:09","date_gmt":"2012-12-29T06:59:09","guid":{"rendered":"http:\/\/www.visit-ulcinj.com\/blog\/?p=67202"},"modified":"2012-12-29T07:59:09","modified_gmt":"2012-12-29T06:59:09","slug":"nazif-cungu-posjetio-oiz-e-ulcinj","status":"publish","type":"post","link":"https:\/\/www.visit-ulcinj.com\/blog\/2012\/12\/29\/nazif-cungu-posjetio-oiz-e-ulcinj\/","title":{"rendered":"Nazif Cungu posjetio OIZ-e Ulcinj"},"content":{"rendered":"<p><a href=\"http:\/\/www.visit-ulcinj.com\/blog\/wp-content\/uploads\/2012\/12\/Nazif-Cungu-posjetio-OIZ-e-Ulcinj.1.jpg\"><img loading=\"lazy\" class=\"alignleft  wp-image-67203\" alt=\"Nazif Cungu posjetio OIZ-e Ulcinj.1\" src=\"http:\/\/www.visit-ulcinj.com\/blog\/wp-content\/uploads\/2012\/12\/Nazif-Cungu-posjetio-OIZ-e-Ulcinj.1.jpg\" width=\"508\" height=\"360\" \/><\/a>Ulcinj \u2013 U \u010detvrtak, 13.12.2012, Odbor IZ-e Ulcinj posjetio je predsjednik op\u0161tine Ulcinj Nazif Cungu. U srda\u010dnom i bratskom razgovoru, Odbor IZ-e Ulcinj je predsjedniku op\u0161tine predo\u010dio nekoliko planova koje ovaj Odbor planira realizovati u skorije vrijeme. Me\u0111u njima je povra\u0107aj zemlji\u0161ta d\u017eamije \u201cMeraja\u201d odnosno, dana\u0161njeg gradskog parkinga, za kojeg je predsjednik op\u0161tine obavijestio ovaj Odbor da \u0107e Skup\u0161tina op\u0161tine Ulcinj na svom zasijedanju 21.12.2012. godine raspravljati o davanju na kori\u0161\u0107enje ove parcele Odboru IZ-e Ulcinj, jer o definitivnom povra\u0107aju mora odlu\u010diti Zakon o povra\u0107aju oduzetog zemlji\u0161ta vjerskim zajednicama, pa se nada da \u0107e Skup\u0161tina pozitivno odgovoriti na ovaj zahtjev.<br \/>\n<a href=\"http:\/\/www.visit-ulcinj.com\/blog\/wp-content\/uploads\/2012\/12\/Nazif-Cungu-posjetio-OIZ-e-Ulcinj.jpg\"><img loading=\"lazy\" class=\"alignleft  wp-image-67204\" alt=\"Nazif Cungu posjetio OIZ-e Ulcinj\" src=\"http:\/\/www.visit-ulcinj.com\/blog\/wp-content\/uploads\/2012\/12\/Nazif-Cungu-posjetio-OIZ-e-Ulcinj.jpg\" width=\"508\" height=\"300\" \/><\/a><\/p>\n<p>Pomenuta je zavr\u0161na procedura oko priprema po\u010detka izgradnje \u017eenske medrese i d\u017eamije sa prate\u0107im objektima u Ulcinjskom polju (Kodre), zatim je pomenuta izgradnja ve\u0107eg dje\u010dijeg obdani\u0161ta, za \u010diju izgradnju Odbor IZ-e Ulcinj ima svoju parcelu, a nada se, i investitora iz Turske, pa se od lokalnih organa tra\u017ei ucrtavanje ovog objekta na gra\u0111evinskim planovima, na \u0161ta je predsjednik op\u0161tine iskazao svoje slaganje i obe\u0107ao je da \u0107e u\u010diniti maksimum kako bi udovoljio i ovoj potrebi Odbor IZ-e Ulcinj. Isto tako, tema diskusije bila je i izgradnja d\u017eamije u naselju \u0160toj, na Velikoj Pla\u017ei, za koju se osje\u0107a velika potreba, obzirom da je to naselje trenutno naseljena ve\u0107inskim muslimanskim \u017eivljem, a i turisti koji dolaze preko ljetnje sezone puno bi rasteretili gradske d\u017eamije, na\u0161ta se gospodin Cungu slo\u017eio, pa se nadamo zajedni\u010dkom naporu na realizaciji ovog bitnog objekta. Pomenuta je i gra\u0111evinska dozvola za d\u017eamiju Pomoraca, budu\u0107em investiranju jednog turisti\u010dkog objekta na jednoj parceli u naselju \u0110erane, o zajedni\u010dkom projektu Odbora IZ-e Ulcinj i op\u0161tine Ulcinj ure\u0111enja ruiniranog objekta \u201cBeledije\u201d, koja bi se mogla turiskti\u010dki valorizirati, i sl. Razgovor je tekao u vrlo prijatnoj atmosferi, a Odbor IZ-e Ulcinj vjeruje da \u0107e se pomenuti objekti po\u010deti realizirati u \u0161to skorijem vremenu.<\/p>\n<p><strong>Suad Ukoshata<\/strong><\/p>\n<p><strong>Monteislam<\/strong><\/p>\n","protected":false},"excerpt":{"rendered":"<p>Ulcinj \u2013 U \u010detvrtak, 13.12.2012, Odbor IZ-e Ulcinj posjetio je predsjednik op\u0161tine Ulcinj Nazif Cungu. U srda\u010dnom i bratskom razgovoru, Odbor IZ-e Ulcinj je predsjedniku op\u0161tine predo\u010dio nekoliko planova koje ovaj Odbor planira realizovati u skorije vrijeme. Me\u0111u njima je povra\u0107aj zemlji\u0161ta d\u017eamije \u201cMeraja\u201d odnosno, dana\u0161njeg gradskog parkinga, za kojeg je predsjednik op\u0161tine obavijestio ovaj [&hellip;]<\/p>\n","protected":false},"author":1,"featured_media":0,"comment_status":"open","ping_status":"closed","sticky":false,"template":"","format":"standard","meta":{"spay_email":"","jetpack_publicize_message":"","jetpack_is_tweetstorm":false,"jetpack_publicize_feature_enabled":true},"categories":[8],"tags":[19],"jetpack_publicize_connections":[],"yoast_head":"<!-- This site is optimized with the Yoast SEO plugin v19.1 - https:\/\/yoast.com\/wordpress\/plugins\/seo\/ -->\n<title>Nazif Cungu posjetio OIZ-e Ulcinj - Lajme nga Ulqini<\/title>\n<meta name=\"description\" content=\"Ulcinj \u2013 U \u010detvrtak, 13.12.2012, Odbor IZ-e Ulcinj posjetio je predsjednik op\u0161tine Ulcinj Nazif Cungu. U srda\u010dnom i bratskom razgovoru, Odbor IZ-e Ulcinj\" \/>\n<meta name=\"robots\" content=\"index, follow, max-snippet:-1, max-image-preview:large, max-video-preview:-1\" \/>\n<link rel=\"canonical\" href=\"https:\/\/www.visit-ulcinj.com\/blog\/2012\/12\/29\/nazif-cungu-posjetio-oiz-e-ulcinj\/\" \/>\n<meta property=\"og:locale\" content=\"en_US\" \/>\n<meta property=\"og:type\" content=\"article\" \/>\n<meta property=\"og:title\" content=\"Nazif Cungu posjetio OIZ-e Ulcinj - Lajme nga Ulqini\" \/>\n<meta property=\"og:description\" content=\"Ulcinj \u2013 U \u010detvrtak, 13.12.2012, Odbor IZ-e Ulcinj posjetio je predsjednik op\u0161tine Ulcinj Nazif Cungu. U srda\u010dnom i bratskom razgovoru, Odbor IZ-e Ulcinj\" \/>\n<meta property=\"og:url\" content=\"https:\/\/www.visit-ulcinj.com\/blog\/2012\/12\/29\/nazif-cungu-posjetio-oiz-e-ulcinj\/\" \/>\n<meta property=\"og:site_name\" content=\"Lajme nga Ulqini\" \/>\n<meta property=\"article:published_time\" content=\"2012-12-29T06:59:09+00:00\" \/>\n<meta property=\"og:image\" content=\"http:\/\/www.visit-ulcinj.com\/blog\/wp-content\/uploads\/2012\/12\/Nazif-Cungu-posjetio-OIZ-e-Ulcinj.1.jpg\" \/>\n<meta name=\"twitter:label1\" content=\"Written by\" \/>\n\t<meta name=\"twitter:data1\" content=\"ulqini\" \/>\n\t<meta name=\"twitter:label2\" content=\"Est. reading time\" \/>\n\t<meta name=\"twitter:data2\" content=\"2 minutes\" \/>\n<script type=\"application\/ld+json\" class=\"yoast-schema-graph\">{\"@context\":\"https:\/\/schema.org\",\"@graph\":[{\"@type\":\"WebSite\",\"@id\":\"https:\/\/www.visit-ulcinj.com\/blog\/#website\",\"url\":\"https:\/\/www.visit-ulcinj.com\/blog\/\",\"name\":\"Lajme nga Ulqini\",\"description\":\"Lajme,Vijesti,Ulqini,Ulqin,Crna Gora,Mali i Zi\",\"potentialAction\":[{\"@type\":\"SearchAction\",\"target\":{\"@type\":\"EntryPoint\",\"urlTemplate\":\"https:\/\/www.visit-ulcinj.com\/blog\/?s={search_term_string}\"},\"query-input\":\"required name=search_term_string\"}],\"inLanguage\":\"en-US\"},{\"@type\":\"ImageObject\",\"inLanguage\":\"en-US\",\"@id\":\"https:\/\/www.visit-ulcinj.com\/blog\/2012\/12\/29\/nazif-cungu-posjetio-oiz-e-ulcinj\/#primaryimage\",\"url\":\"https:\/\/www.visit-ulcinj.com\/blog\/wp-content\/uploads\/2012\/12\/Nazif-Cungu-posjetio-OIZ-e-Ulcinj.1.jpg\",\"contentUrl\":\"https:\/\/www.visit-ulcinj.com\/blog\/wp-content\/uploads\/2012\/12\/Nazif-Cungu-posjetio-OIZ-e-Ulcinj.1.jpg\",\"width\":640,\"height\":480},{\"@type\":\"WebPage\",\"@id\":\"https:\/\/www.visit-ulcinj.com\/blog\/2012\/12\/29\/nazif-cungu-posjetio-oiz-e-ulcinj\/#webpage\",\"url\":\"https:\/\/www.visit-ulcinj.com\/blog\/2012\/12\/29\/nazif-cungu-posjetio-oiz-e-ulcinj\/\",\"name\":\"Nazif Cungu posjetio OIZ-e Ulcinj - Lajme nga Ulqini\",\"isPartOf\":{\"@id\":\"https:\/\/www.visit-ulcinj.com\/blog\/#website\"},\"primaryImageOfPage\":{\"@id\":\"https:\/\/www.visit-ulcinj.com\/blog\/2012\/12\/29\/nazif-cungu-posjetio-oiz-e-ulcinj\/#primaryimage\"},\"datePublished\":\"2012-12-29T06:59:09+00:00\",\"dateModified\":\"2012-12-29T06:59:09+00:00\",\"author\":{\"@id\":\"https:\/\/www.visit-ulcinj.com\/blog\/#\/schema\/person\/dcab619c614d3038751c63bc2aadc06d\"},\"description\":\"Ulcinj \u2013 U \u010detvrtak, 13.12.2012, Odbor IZ-e Ulcinj posjetio je predsjednik op\u0161tine Ulcinj Nazif Cungu. U srda\u010dnom i bratskom razgovoru, Odbor IZ-e Ulcinj\",\"breadcrumb\":{\"@id\":\"https:\/\/www.visit-ulcinj.com\/blog\/2012\/12\/29\/nazif-cungu-posjetio-oiz-e-ulcinj\/#breadcrumb\"},\"inLanguage\":\"en-US\",\"potentialAction\":[{\"@type\":\"ReadAction\",\"target\":[\"https:\/\/www.visit-ulcinj.com\/blog\/2012\/12\/29\/nazif-cungu-posjetio-oiz-e-ulcinj\/\"]}]},{\"@type\":\"BreadcrumbList\",\"@id\":\"https:\/\/www.visit-ulcinj.com\/blog\/2012\/12\/29\/nazif-cungu-posjetio-oiz-e-ulcinj\/#breadcrumb\",\"itemListElement\":[{\"@type\":\"ListItem\",\"position\":1,\"name\":\"Nazif Cungu posjetio OIZ-e Ulcinj\"}]},{\"@type\":\"Person\",\"@id\":\"https:\/\/www.visit-ulcinj.com\/blog\/#\/schema\/person\/dcab619c614d3038751c63bc2aadc06d\",\"name\":\"ulqini\",\"sameAs\":[\"http:\/\/www.visit-ulcinj.com\"],\"url\":\"https:\/\/www.visit-ulcinj.com\/blog\/author\/admin\/\"}]}<\/script>\n<!-- \/ Yoast SEO plugin. -->","yoast_head_json":{"title":"Nazif Cungu posjetio OIZ-e Ulcinj - Lajme nga Ulqini","description":"Ulcinj \u2013 U \u010detvrtak, 13.12.2012, Odbor IZ-e Ulcinj posjetio je predsjednik op\u0161tine Ulcinj Nazif Cungu. U srda\u010dnom i bratskom razgovoru, Odbor IZ-e Ulcinj","robots":{"index":"index","follow":"follow","max-snippet":"max-snippet:-1","max-image-preview":"max-image-preview:large","max-video-preview":"max-video-preview:-1"},"canonical":"https:\/\/www.visit-ulcinj.com\/blog\/2012\/12\/29\/nazif-cungu-posjetio-oiz-e-ulcinj\/","og_locale":"en_US","og_type":"article","og_title":"Nazif Cungu posjetio OIZ-e Ulcinj - Lajme nga Ulqini","og_description":"Ulcinj \u2013 U \u010detvrtak, 13.12.2012, Odbor IZ-e Ulcinj posjetio je predsjednik op\u0161tine Ulcinj Nazif Cungu. U srda\u010dnom i bratskom razgovoru, Odbor IZ-e Ulcinj","og_url":"https:\/\/www.visit-ulcinj.com\/blog\/2012\/12\/29\/nazif-cungu-posjetio-oiz-e-ulcinj\/","og_site_name":"Lajme nga Ulqini","article_published_time":"2012-12-29T06:59:09+00:00","og_image":[{"url":"http:\/\/www.visit-ulcinj.com\/blog\/wp-content\/uploads\/2012\/12\/Nazif-Cungu-posjetio-OIZ-e-Ulcinj.1.jpg"}],"twitter_misc":{"Written by":"ulqini","Est. reading time":"2 minutes"},"schema":{"@context":"https:\/\/schema.org","@graph":[{"@type":"WebSite","@id":"https:\/\/www.visit-ulcinj.com\/blog\/#website","url":"https:\/\/www.visit-ulcinj.com\/blog\/","name":"Lajme nga Ulqini","description":"Lajme,Vijesti,Ulqini,Ulqin,Crna Gora,Mali i Zi","potentialAction":[{"@type":"SearchAction","target":{"@type":"EntryPoint","urlTemplate":"https:\/\/www.visit-ulcinj.com\/blog\/?s={search_term_string}"},"query-input":"required name=search_term_string"}],"inLanguage":"en-US"},{"@type":"ImageObject","inLanguage":"en-US","@id":"https:\/\/www.visit-ulcinj.com\/blog\/2012\/12\/29\/nazif-cungu-posjetio-oiz-e-ulcinj\/#primaryimage","url":"https:\/\/www.visit-ulcinj.com\/blog\/wp-content\/uploads\/2012\/12\/Nazif-Cungu-posjetio-OIZ-e-Ulcinj.1.jpg","contentUrl":"https:\/\/www.visit-ulcinj.com\/blog\/wp-content\/uploads\/2012\/12\/Nazif-Cungu-posjetio-OIZ-e-Ulcinj.1.jpg","width":640,"height":480},{"@type":"WebPage","@id":"https:\/\/www.visit-ulcinj.com\/blog\/2012\/12\/29\/nazif-cungu-posjetio-oiz-e-ulcinj\/#webpage","url":"https:\/\/www.visit-ulcinj.com\/blog\/2012\/12\/29\/nazif-cungu-posjetio-oiz-e-ulcinj\/","name":"Nazif Cungu posjetio OIZ-e Ulcinj - Lajme nga Ulqini","isPartOf":{"@id":"https:\/\/www.visit-ulcinj.com\/blog\/#website"},"primaryImageOfPage":{"@id":"https:\/\/www.visit-ulcinj.com\/blog\/2012\/12\/29\/nazif-cungu-posjetio-oiz-e-ulcinj\/#primaryimage"},"datePublished":"2012-12-29T06:59:09+00:00","dateModified":"2012-12-29T06:59:09+00:00","author":{"@id":"https:\/\/www.visit-ulcinj.com\/blog\/#\/schema\/person\/dcab619c614d3038751c63bc2aadc06d"},"description":"Ulcinj \u2013 U \u010detvrtak, 13.12.2012, Odbor IZ-e Ulcinj posjetio je predsjednik op\u0161tine Ulcinj Nazif Cungu. U srda\u010dnom i bratskom razgovoru, Odbor IZ-e Ulcinj","breadcrumb":{"@id":"https:\/\/www.visit-ulcinj.com\/blog\/2012\/12\/29\/nazif-cungu-posjetio-oiz-e-ulcinj\/#breadcrumb"},"inLanguage":"en-US","potentialAction":[{"@type":"ReadAction","target":["https:\/\/www.visit-ulcinj.com\/blog\/2012\/12\/29\/nazif-cungu-posjetio-oiz-e-ulcinj\/"]}]},{"@type":"BreadcrumbList","@id":"https:\/\/www.visit-ulcinj.com\/blog\/2012\/12\/29\/nazif-cungu-posjetio-oiz-e-ulcinj\/#breadcrumb","itemListElement":[{"@type":"ListItem","position":1,"name":"Nazif Cungu posjetio OIZ-e Ulcinj"}]},{"@type":"Person","@id":"https:\/\/www.visit-ulcinj.com\/blog\/#\/schema\/person\/dcab619c614d3038751c63bc2aadc06d","name":"ulqini","sameAs":["http:\/\/www.visit-ulcinj.com"],"url":"https:\/\/www.visit-ulcinj.com\/blog\/author\/admin\/"}]}},"jetpack_featured_media_url":"","jetpack_sharing_enabled":true,"jetpack_shortlink":"https:\/\/wp.me\/pe6lTn-htU","_links":{"self":[{"href":"https:\/\/www.visit-ulcinj.com\/blog\/wp-json\/wp\/v2\/posts\/67202"}],"collection":[{"href":"https:\/\/www.visit-ulcinj.com\/blog\/wp-json\/wp\/v2\/posts"}],"about":[{"href":"https:\/\/www.visit-ulcinj.com\/blog\/wp-json\/wp\/v2\/types\/post"}],"author":[{"embeddable":true,"href":"https:\/\/www.visit-ulcinj.com\/blog\/wp-json\/wp\/v2\/users\/1"}],"replies":[{"embeddable":true,"href":"https:\/\/www.visit-ulcinj.com\/blog\/wp-json\/wp\/v2\/comments?post=67202"}],"version-history":[{"count":1,"href":"https:\/\/www.visit-ulcinj.com\/blog\/wp-json\/wp\/v2\/posts\/67202\/revisions"}],"predecessor-version":[{"id":67205,"href":"https:\/\/www.visit-ulcinj.com\/blog\/wp-json\/wp\/v2\/posts\/67202\/revisions\/67205"}],"wp:attachment":[{"href":"https:\/\/www.visit-ulcinj.com\/blog\/wp-json\/wp\/v2\/media?parent=67202"}],"wp:term":[{"taxonomy":"category","embeddable":true,"href":"https:\/\/www.visit-ulcinj.com\/blog\/wp-json\/wp\/v2\/categories?post=67202"},{"taxonomy":"post_tag","embeddable":true,"href":"https:\/\/www.visit-ulcinj.com\/blog\/wp-json\/wp\/v2\/tags?post=67202"}],"curies":[{"name":"wp","href":"https:\/\/api.w.org\/{rel}","templated":true}]}}