{"id":67206,"date":"2012-12-30T17:30:49","date_gmt":"2012-12-30T16:30:49","guid":{"rendered":"http:\/\/www.visit-ulcinj.com\/blog\/?p=67206"},"modified":"2013-01-02T14:49:41","modified_gmt":"2013-01-02T13:49:41","slug":"prof-dr-sime-dobreci-laureat-i-cmimit-tradicional-te-art-club-it","status":"publish","type":"post","link":"https:\/\/www.visit-ulcinj.com\/blog\/2012\/12\/30\/prof-dr-sime-dobreci-laureat-i-cmimit-tradicional-te-art-club-it\/","title":{"rendered":"Prof. Dr. Sim\u00eb Dobreci laureat i \u00c7mimit Tradicional t\u00eb \u201cArt Club\u201d-it"},"content":{"rendered":"<p><a href=\"http:\/\/www.visit-ulcinj.com\/blog\/wp-content\/uploads\/2012\/12\/Sime-Dobreci-cmimi_Art-Club-it_Ulqin.jpg\"><img loading=\"lazy\" class=\"alignleft  wp-image-67213\" alt=\"Sime Dobreci cmimi_Art Club-it_Ulqin\" src=\"http:\/\/www.visit-ulcinj.com\/blog\/wp-content\/uploads\/2012\/12\/Sime-Dobreci-cmimi_Art-Club-it_Ulqin.jpg\" width=\"508\" height=\"360\" \/><\/a>Shoqata e Artist\u00ebve dhe Intelektual\u00ebve \u201cArt Club\u201d ka ndar\u00eb sot, me rastin e sh\u00ebnimit t\u00eb 22-vjetorit t\u00eb themelimit t\u00eb saj, \u00c7mimin Tradicional p\u00ebr t\u00eb arritura t\u00eb jasht\u00ebzakonshme n\u00eb shkenc\u00eb, kultur\u00eb dhe art.<\/p>\n<p>Juria n\u00eb p\u00ebrb\u00ebrje: Prof. Dr. Ruzhdi Ushaku, Mustaf\u00eb Canka dhe Ma. Ismet Kallaba, pasi ka analizuar rezultatet e arritura n\u00eb fusha t\u00eb ndryshme nga krijuesit dhe studiuesit shqiptar\u00eb n\u00eb Mal t\u00eb Zi, gjat\u00eb periudh\u00ebs kohore 2010-2012, ka vendosur q\u00eb \u00c7mimit Tradicional i \u201cArt Club\u201d-it t\u2019i jepet Prof. Dr. Sim\u00eb Dobrecit, me motivacionin \u201cp\u00ebr kontributin e dh\u00ebn\u00eb si profesor universitar n\u00eb edukimin e shum\u00eb brezave t\u00eb Fakultetit t\u00eb Mjek\u00ebsis\u00eb, si autor i teksteve n\u00eb fush\u00ebn e dermatologjis\u00eb, si mjek &#8211; dermatolog i dalluar dhe p\u00ebr veprimtarin\u00eb publicistike me karakter komb\u00ebtar, me q\u00ebllim t\u00eb ruajtjes s\u00eb vlerave autoktone dhe identitetit komb\u00ebtar t\u00eb shqiptar\u00ebve n\u00eb Malin e Zi\u201d.<br \/>\n<a href=\"http:\/\/www.visit-ulcinj.com\/blog\/wp-content\/uploads\/2012\/12\/Sime-Dobreci-cmimi_Art-Club-it_Ulqin.2_Ruzhdi-Ushaku.jpg\"><img loading=\"lazy\" class=\"alignleft  wp-image-67215\" alt=\"Sime Dobreci cmimi_Art Club-it_Ulqin.2_Ruzhdi Ushaku\" src=\"http:\/\/www.visit-ulcinj.com\/blog\/wp-content\/uploads\/2012\/12\/Sime-Dobreci-cmimi_Art-Club-it_Ulqin.2_Ruzhdi-Ushaku.jpg\" width=\"508\" height=\"300\" \/><\/a><\/p>\n<p>\u00c7mimi i SHAI \u201cArt Club\u201d \u00ebsht\u00eb themeluar n\u00eb vitin 1991 dhe deri n\u00eb vitin 2005 \u00ebsht\u00eb dh\u00ebn\u00eb p\u00ebr \u00e7do vit, kurse q\u00eb nga viti 2009 p\u00ebr \u00e7do tri vjet. K\u00ebt\u00eb \u00c7mim deri tani e kan\u00eb fituar: Rudi Goga, Dom Simon Filipaj, Basri \u00c7apriqi, Asllan Bisha dhe redaksia e revist\u00ebs \u201cFati\u201d, K\u00ebshilli i Simpoziumit \u201cMeshari i Gjon Buzukut \u2013 monument i kultur\u00ebs shqiptare 1555-1995\u201d, Ali Salaj, Nail Draga, Riza Rexha, Emin Halili, Cafo Boga, Bajram Rexha, Ruzhdi Ushaku, Gjelosh Gjokaj, Hajro Ulqinaku, Mehmet \u00a0Kraja, Fiqiri Hasanaga (pas vdekjes).<\/p>\n<p><a href=\"http:\/\/www.visit-ulcinj.com\/blog\/wp-content\/uploads\/2012\/12\/Sime-Dobreci-cmimi_Art-Club-it_Ulqin.1Salaj.jpg\"><img loading=\"lazy\" class=\"alignleft  wp-image-67216\" alt=\"Sime Dobreci cmimi_Art Club-it_Ulqin.1Salaj\" src=\"http:\/\/www.visit-ulcinj.com\/blog\/wp-content\/uploads\/2012\/12\/Sime-Dobreci-cmimi_Art-Club-it_Ulqin.1Salaj.jpg\" width=\"508\" height=\"300\" \/><\/a><\/p>\n<p>SHAI \u201cArt Club\u201d \u00ebsht\u00eb subjekti i vet\u00ebm nd\u00ebr shqihttp:\/\/www.visit-ulcinj.com\/blog\/wp-admin\/post.php?post=67206&amp;action=edit&amp;message=10ptar\u00ebt n\u00eb Mal t\u00eb Zi, i cili ndan \u00c7mim p\u00ebr krijuesit shqiptar\u00eb.<\/p>\n<p>&nbsp;<\/p>\n<p>Ulqin, m\u00eb 28 dhjetor 2012<\/p>\n<p><strong>Biografia\u00a0<\/strong><\/p>\n<p><a href=\"http:\/\/www.visit-ulcinj.com\/blog\/wp-content\/uploads\/2012\/12\/Sime-Dobreci-foto.jpg\"><img loading=\"lazy\" class=\"alignleft  wp-image-67217\" alt=\"Sime Dobreci - foto\" src=\"http:\/\/www.visit-ulcinj.com\/blog\/wp-content\/uploads\/2012\/12\/Sime-Dobreci-foto.jpg\" width=\"350\" height=\"400\" \/><\/a>Sim\u00eb Gjon Dobreci lindi (27.3.1934) n\u00eb Bratic\u00eb, Ulqin, Mali i Zi. Shkoll\u00ebn tet\u00ebvje\u00e7are e kreu n\u00eb Bratic\u00eb e Ulqin (1953), gjimnazin klasik n\u00eb Tivar (1957), fakultetin e mjek\u00ebsis\u00eb n\u00eb Beograd (1963). Punoi n\u00eb Tivar e Ulqin (1964-1967). Shkoi n\u00eb Spitalin e Prishtin\u00ebs (1967), ku e filloi specializimin e dermatologjis\u00eb dhe e kreu n\u00eb Zagreb (1970). Me 1973 zgjidhet asistent i dermatologjis\u00eb n\u00eb Fakultetin e Mjek\u00ebsis\u00eb t\u00eb Prishtin\u00ebs themeluar m\u00eb 1969. M\u00eb 1974, ai q\u00ebndroi nj\u00eb vit n\u00eb Klinik\u00ebn dermatologjike t\u00eb Vankuverit, Kanada. N\u00eb Klinik\u00ebn e Prishtin\u00ebs u mor me veprimtari sh\u00ebndet\u00ebsore, edukative dhe shkencore. Nj\u00eb koh\u00eb ishte drejtor i Klinik\u00ebs. U zgjodh docent i dermatologjis\u00eb (1984), profesor inordiner (1989), profesor ordiner (1994). P\u00ebr student\u00ebt e mjek\u00ebsis\u00eb botoi tekstin Dermatologjia m\u00eb 1980, i cili u ribotua i p\u00ebrmir\u00ebsuar m\u00eb 1984, si dhe botimi i tret\u00eb i ripunuar m\u00eb 1998, kurse ribotimi i kat\u00ebrt i plot\u00ebsuar m\u00eb 2009. P\u00ebr student\u00ebt e stomatologjis\u00eb botoi tekstin S\u00ebmundjet e L\u00ebkur\u00ebs m\u00eb 1989.<br \/>\nM\u00eb 1990\/91, regjimi serb e p\u00ebrjashtoi prej klinikave kuadrin arsimor shqiptar. Fakulteti i Mjek\u00ebsis\u00eb e vazhdoi pun\u00ebn n\u00ebp\u00ebr sht\u00ebpia private.<\/p>\n<p>Sa i takon veprimtaris\u00eb shkencore, Dobreci\u00a0 kryesisht u mor me mikozat e l\u00ebkur\u00ebs. Tem\u00ebn e doktoratur\u00ebs Dermatomikozat endemike n\u00eb Kosov\u00eb e mbrojti m\u00eb 1980 dhe u zgjodh doktor shkencash n\u00eb mjek\u00ebsi. Botoi 25 punime shkencore n\u00eb revista profesionale (kryesisht n\u00eb Acta dermatologica jugoslavica dhe n\u00eb Praxis Medica). Me paraqitje t\u00eb punimeve shkencore mori pjes\u00eb n\u00eb Kongresin e Dermatolog\u00ebve Bot\u00ebror n\u00eb Berlin m\u00eb 1987, n\u00eb Kongresin e Dermatolog\u00ebve Europian\u00eb n\u00eb Bari t\u00eb Italis\u00eb m\u00eb 1987 dhe n\u00eb Konferenc\u00ebn Internacionale t\u00eb Dermatolog\u00ebve n\u00eb Atin\u00eb m\u00eb 1994. Prej 1994-1999 ishte kryeredaktor i Praxis Medica, revist\u00ebs profesionale-shkencore t\u00eb Shoqat\u00ebs s\u00eb Mjek\u00ebve t\u00eb Kosov\u00ebs. I pensionuar, tash\u00a0 jeton n\u00eb Bratic\u00eb, Ulqin, ku redakton revist\u00ebn kulturore Buzuku, si dhe nga pak ende merret me profesionin e vet.<\/p>\n<p>Shkruan Prof. Dr. sci. Mentor Disha, Prishtin\u00eb, m\u00eb 15.4.2012.<\/p>\n","protected":false},"excerpt":{"rendered":"<p>Shoqata e Artist\u00ebve dhe Intelektual\u00ebve \u201cArt Club\u201d ka ndar\u00eb sot, me rastin e sh\u00ebnimit t\u00eb 22-vjetorit t\u00eb themelimit t\u00eb saj, \u00c7mimin Tradicional p\u00ebr t\u00eb arritura t\u00eb jasht\u00ebzakonshme n\u00eb shkenc\u00eb, kultur\u00eb dhe art. Juria n\u00eb p\u00ebrb\u00ebrje: Prof. Dr. Ruzhdi Ushaku, Mustaf\u00eb Canka dhe Ma. Ismet Kallaba, pasi ka analizuar rezultatet e arritura n\u00eb fusha t\u00eb ndryshme [&hellip;]<\/p>\n","protected":false},"author":1,"featured_media":0,"comment_status":"open","ping_status":"closed","sticky":false,"template":"","format":"standard","meta":{"spay_email":"","jetpack_publicize_message":"","jetpack_is_tweetstorm":false,"jetpack_publicize_feature_enabled":true},"categories":[5,1],"tags":[14042,21666,3489,200],"jetpack_publicize_connections":[],"yoast_head":"<!-- This site is optimized with the Yoast SEO plugin v19.1 - https:\/\/yoast.com\/wordpress\/plugins\/seo\/ -->\n<title>Prof. Dr. Sim\u00eb Dobreci laureat i \u00c7mimit Tradicional t\u00eb \u201cArt Club\u201d-it - Lajme nga Ulqini<\/title>\n<meta name=\"description\" content=\"Shoqata e Artist\u00ebve dhe Intelektual\u00ebve \u201cArt Club\u201d ka ndar\u00eb sot, me rastin e sh\u00ebnimit t\u00eb 22-vjetorit t\u00eb themelimit t\u00eb saj, \u00c7mimin Tradicional p\u00ebr t\u00eb\" \/>\n<meta name=\"robots\" content=\"index, follow, max-snippet:-1, max-image-preview:large, max-video-preview:-1\" \/>\n<link rel=\"canonical\" href=\"https:\/\/www.visit-ulcinj.com\/blog\/2012\/12\/30\/prof-dr-sime-dobreci-laureat-i-cmimit-tradicional-te-art-club-it\/\" \/>\n<meta property=\"og:locale\" content=\"en_US\" \/>\n<meta property=\"og:type\" content=\"article\" \/>\n<meta property=\"og:title\" content=\"Prof. Dr. Sim\u00eb Dobreci laureat i \u00c7mimit Tradicional t\u00eb \u201cArt Club\u201d-it - Lajme nga Ulqini\" \/>\n<meta property=\"og:description\" content=\"Shoqata e Artist\u00ebve dhe Intelektual\u00ebve \u201cArt Club\u201d ka ndar\u00eb sot, me rastin e sh\u00ebnimit t\u00eb 22-vjetorit t\u00eb themelimit t\u00eb saj, \u00c7mimin Tradicional p\u00ebr t\u00eb\" \/>\n<meta property=\"og:url\" content=\"https:\/\/www.visit-ulcinj.com\/blog\/2012\/12\/30\/prof-dr-sime-dobreci-laureat-i-cmimit-tradicional-te-art-club-it\/\" \/>\n<meta property=\"og:site_name\" content=\"Lajme nga Ulqini\" \/>\n<meta property=\"article:published_time\" content=\"2012-12-30T16:30:49+00:00\" \/>\n<meta property=\"article:modified_time\" content=\"2013-01-02T13:49:41+00:00\" \/>\n<meta property=\"og:image\" content=\"http:\/\/www.visit-ulcinj.com\/blog\/wp-content\/uploads\/2012\/12\/Sime-Dobreci-cmimi_Art-Club-it_Ulqin.jpg\" \/>\n<meta name=\"twitter:label1\" content=\"Written by\" \/>\n\t<meta name=\"twitter:data1\" content=\"ulqini\" \/>\n\t<meta name=\"twitter:label2\" content=\"Est. reading time\" \/>\n\t<meta name=\"twitter:data2\" content=\"3 minutes\" \/>\n<script type=\"application\/ld+json\" class=\"yoast-schema-graph\">{\"@context\":\"https:\/\/schema.org\",\"@graph\":[{\"@type\":\"WebSite\",\"@id\":\"https:\/\/www.visit-ulcinj.com\/blog\/#website\",\"url\":\"https:\/\/www.visit-ulcinj.com\/blog\/\",\"name\":\"Lajme nga Ulqini\",\"description\":\"Lajme,Vijesti,Ulqini,Ulqin,Crna Gora,Mali i Zi\",\"potentialAction\":[{\"@type\":\"SearchAction\",\"target\":{\"@type\":\"EntryPoint\",\"urlTemplate\":\"https:\/\/www.visit-ulcinj.com\/blog\/?s={search_term_string}\"},\"query-input\":\"required name=search_term_string\"}],\"inLanguage\":\"en-US\"},{\"@type\":\"ImageObject\",\"inLanguage\":\"en-US\",\"@id\":\"https:\/\/www.visit-ulcinj.com\/blog\/2012\/12\/30\/prof-dr-sime-dobreci-laureat-i-cmimit-tradicional-te-art-club-it\/#primaryimage\",\"url\":\"https:\/\/www.visit-ulcinj.com\/blog\/wp-content\/uploads\/2012\/12\/Sime-Dobreci-cmimi_Art-Club-it_Ulqin.jpg\",\"contentUrl\":\"https:\/\/www.visit-ulcinj.com\/blog\/wp-content\/uploads\/2012\/12\/Sime-Dobreci-cmimi_Art-Club-it_Ulqin.jpg\",\"width\":999,\"height\":665},{\"@type\":\"WebPage\",\"@id\":\"https:\/\/www.visit-ulcinj.com\/blog\/2012\/12\/30\/prof-dr-sime-dobreci-laureat-i-cmimit-tradicional-te-art-club-it\/#webpage\",\"url\":\"https:\/\/www.visit-ulcinj.com\/blog\/2012\/12\/30\/prof-dr-sime-dobreci-laureat-i-cmimit-tradicional-te-art-club-it\/\",\"name\":\"Prof. Dr. Sim\u00eb Dobreci laureat i \u00c7mimit Tradicional t\u00eb \u201cArt Club\u201d-it - Lajme nga Ulqini\",\"isPartOf\":{\"@id\":\"https:\/\/www.visit-ulcinj.com\/blog\/#website\"},\"primaryImageOfPage\":{\"@id\":\"https:\/\/www.visit-ulcinj.com\/blog\/2012\/12\/30\/prof-dr-sime-dobreci-laureat-i-cmimit-tradicional-te-art-club-it\/#primaryimage\"},\"datePublished\":\"2012-12-30T16:30:49+00:00\",\"dateModified\":\"2013-01-02T13:49:41+00:00\",\"author\":{\"@id\":\"https:\/\/www.visit-ulcinj.com\/blog\/#\/schema\/person\/dcab619c614d3038751c63bc2aadc06d\"},\"description\":\"Shoqata e Artist\u00ebve dhe Intelektual\u00ebve \u201cArt Club\u201d ka ndar\u00eb sot, me rastin e sh\u00ebnimit t\u00eb 22-vjetorit t\u00eb themelimit t\u00eb saj, \u00c7mimin Tradicional p\u00ebr t\u00eb\",\"breadcrumb\":{\"@id\":\"https:\/\/www.visit-ulcinj.com\/blog\/2012\/12\/30\/prof-dr-sime-dobreci-laureat-i-cmimit-tradicional-te-art-club-it\/#breadcrumb\"},\"inLanguage\":\"en-US\",\"potentialAction\":[{\"@type\":\"ReadAction\",\"target\":[\"https:\/\/www.visit-ulcinj.com\/blog\/2012\/12\/30\/prof-dr-sime-dobreci-laureat-i-cmimit-tradicional-te-art-club-it\/\"]}]},{\"@type\":\"BreadcrumbList\",\"@id\":\"https:\/\/www.visit-ulcinj.com\/blog\/2012\/12\/30\/prof-dr-sime-dobreci-laureat-i-cmimit-tradicional-te-art-club-it\/#breadcrumb\",\"itemListElement\":[{\"@type\":\"ListItem\",\"position\":1,\"name\":\"Prof. Dr. Sim\u00eb Dobreci laureat i \u00c7mimit Tradicional t\u00eb \u201cArt Club\u201d-it\"}]},{\"@type\":\"Person\",\"@id\":\"https:\/\/www.visit-ulcinj.com\/blog\/#\/schema\/person\/dcab619c614d3038751c63bc2aadc06d\",\"name\":\"ulqini\",\"sameAs\":[\"http:\/\/www.visit-ulcinj.com\"],\"url\":\"https:\/\/www.visit-ulcinj.com\/blog\/author\/admin\/\"}]}<\/script>\n<!-- \/ Yoast SEO plugin. -->","yoast_head_json":{"title":"Prof. Dr. Sim\u00eb Dobreci laureat i \u00c7mimit Tradicional t\u00eb \u201cArt Club\u201d-it - Lajme nga Ulqini","description":"Shoqata e Artist\u00ebve dhe Intelektual\u00ebve \u201cArt Club\u201d ka ndar\u00eb sot, me rastin e sh\u00ebnimit t\u00eb 22-vjetorit t\u00eb themelimit t\u00eb saj, \u00c7mimin Tradicional p\u00ebr t\u00eb","robots":{"index":"index","follow":"follow","max-snippet":"max-snippet:-1","max-image-preview":"max-image-preview:large","max-video-preview":"max-video-preview:-1"},"canonical":"https:\/\/www.visit-ulcinj.com\/blog\/2012\/12\/30\/prof-dr-sime-dobreci-laureat-i-cmimit-tradicional-te-art-club-it\/","og_locale":"en_US","og_type":"article","og_title":"Prof. Dr. Sim\u00eb Dobreci laureat i \u00c7mimit Tradicional t\u00eb \u201cArt Club\u201d-it - Lajme nga Ulqini","og_description":"Shoqata e Artist\u00ebve dhe Intelektual\u00ebve \u201cArt Club\u201d ka ndar\u00eb sot, me rastin e sh\u00ebnimit t\u00eb 22-vjetorit t\u00eb themelimit t\u00eb saj, \u00c7mimin Tradicional p\u00ebr t\u00eb","og_url":"https:\/\/www.visit-ulcinj.com\/blog\/2012\/12\/30\/prof-dr-sime-dobreci-laureat-i-cmimit-tradicional-te-art-club-it\/","og_site_name":"Lajme nga Ulqini","article_published_time":"2012-12-30T16:30:49+00:00","article_modified_time":"2013-01-02T13:49:41+00:00","og_image":[{"url":"http:\/\/www.visit-ulcinj.com\/blog\/wp-content\/uploads\/2012\/12\/Sime-Dobreci-cmimi_Art-Club-it_Ulqin.jpg"}],"twitter_misc":{"Written by":"ulqini","Est. reading time":"3 minutes"},"schema":{"@context":"https:\/\/schema.org","@graph":[{"@type":"WebSite","@id":"https:\/\/www.visit-ulcinj.com\/blog\/#website","url":"https:\/\/www.visit-ulcinj.com\/blog\/","name":"Lajme nga Ulqini","description":"Lajme,Vijesti,Ulqini,Ulqin,Crna Gora,Mali i Zi","potentialAction":[{"@type":"SearchAction","target":{"@type":"EntryPoint","urlTemplate":"https:\/\/www.visit-ulcinj.com\/blog\/?s={search_term_string}"},"query-input":"required name=search_term_string"}],"inLanguage":"en-US"},{"@type":"ImageObject","inLanguage":"en-US","@id":"https:\/\/www.visit-ulcinj.com\/blog\/2012\/12\/30\/prof-dr-sime-dobreci-laureat-i-cmimit-tradicional-te-art-club-it\/#primaryimage","url":"https:\/\/www.visit-ulcinj.com\/blog\/wp-content\/uploads\/2012\/12\/Sime-Dobreci-cmimi_Art-Club-it_Ulqin.jpg","contentUrl":"https:\/\/www.visit-ulcinj.com\/blog\/wp-content\/uploads\/2012\/12\/Sime-Dobreci-cmimi_Art-Club-it_Ulqin.jpg","width":999,"height":665},{"@type":"WebPage","@id":"https:\/\/www.visit-ulcinj.com\/blog\/2012\/12\/30\/prof-dr-sime-dobreci-laureat-i-cmimit-tradicional-te-art-club-it\/#webpage","url":"https:\/\/www.visit-ulcinj.com\/blog\/2012\/12\/30\/prof-dr-sime-dobreci-laureat-i-cmimit-tradicional-te-art-club-it\/","name":"Prof. Dr. Sim\u00eb Dobreci laureat i \u00c7mimit Tradicional t\u00eb \u201cArt Club\u201d-it - Lajme nga Ulqini","isPartOf":{"@id":"https:\/\/www.visit-ulcinj.com\/blog\/#website"},"primaryImageOfPage":{"@id":"https:\/\/www.visit-ulcinj.com\/blog\/2012\/12\/30\/prof-dr-sime-dobreci-laureat-i-cmimit-tradicional-te-art-club-it\/#primaryimage"},"datePublished":"2012-12-30T16:30:49+00:00","dateModified":"2013-01-02T13:49:41+00:00","author":{"@id":"https:\/\/www.visit-ulcinj.com\/blog\/#\/schema\/person\/dcab619c614d3038751c63bc2aadc06d"},"description":"Shoqata e Artist\u00ebve dhe Intelektual\u00ebve \u201cArt Club\u201d ka ndar\u00eb sot, me rastin e sh\u00ebnimit t\u00eb 22-vjetorit t\u00eb themelimit t\u00eb saj, \u00c7mimin Tradicional p\u00ebr t\u00eb","breadcrumb":{"@id":"https:\/\/www.visit-ulcinj.com\/blog\/2012\/12\/30\/prof-dr-sime-dobreci-laureat-i-cmimit-tradicional-te-art-club-it\/#breadcrumb"},"inLanguage":"en-US","potentialAction":[{"@type":"ReadAction","target":["https:\/\/www.visit-ulcinj.com\/blog\/2012\/12\/30\/prof-dr-sime-dobreci-laureat-i-cmimit-tradicional-te-art-club-it\/"]}]},{"@type":"BreadcrumbList","@id":"https:\/\/www.visit-ulcinj.com\/blog\/2012\/12\/30\/prof-dr-sime-dobreci-laureat-i-cmimit-tradicional-te-art-club-it\/#breadcrumb","itemListElement":[{"@type":"ListItem","position":1,"name":"Prof. Dr. Sim\u00eb Dobreci laureat i \u00c7mimit Tradicional t\u00eb \u201cArt Club\u201d-it"}]},{"@type":"Person","@id":"https:\/\/www.visit-ulcinj.com\/blog\/#\/schema\/person\/dcab619c614d3038751c63bc2aadc06d","name":"ulqini","sameAs":["http:\/\/www.visit-ulcinj.com"],"url":"https:\/\/www.visit-ulcinj.com\/blog\/author\/admin\/"}]}},"jetpack_featured_media_url":"","jetpack_sharing_enabled":true,"jetpack_shortlink":"https:\/\/wp.me\/pe6lTn-htY","_links":{"self":[{"href":"https:\/\/www.visit-ulcinj.com\/blog\/wp-json\/wp\/v2\/posts\/67206"}],"collection":[{"href":"https:\/\/www.visit-ulcinj.com\/blog\/wp-json\/wp\/v2\/posts"}],"about":[{"href":"https:\/\/www.visit-ulcinj.com\/blog\/wp-json\/wp\/v2\/types\/post"}],"author":[{"embeddable":true,"href":"https:\/\/www.visit-ulcinj.com\/blog\/wp-json\/wp\/v2\/users\/1"}],"replies":[{"embeddable":true,"href":"https:\/\/www.visit-ulcinj.com\/blog\/wp-json\/wp\/v2\/comments?post=67206"}],"version-history":[{"count":3,"href":"https:\/\/www.visit-ulcinj.com\/blog\/wp-json\/wp\/v2\/posts\/67206\/revisions"}],"predecessor-version":[{"id":67366,"href":"https:\/\/www.visit-ulcinj.com\/blog\/wp-json\/wp\/v2\/posts\/67206\/revisions\/67366"}],"wp:attachment":[{"href":"https:\/\/www.visit-ulcinj.com\/blog\/wp-json\/wp\/v2\/media?parent=67206"}],"wp:term":[{"taxonomy":"category","embeddable":true,"href":"https:\/\/www.visit-ulcinj.com\/blog\/wp-json\/wp\/v2\/categories?post=67206"},{"taxonomy":"post_tag","embeddable":true,"href":"https:\/\/www.visit-ulcinj.com\/blog\/wp-json\/wp\/v2\/tags?post=67206"}],"curies":[{"name":"wp","href":"https:\/\/api.w.org\/{rel}","templated":true}]}}