{"id":67227,"date":"2012-12-30T17:52:13","date_gmt":"2012-12-30T16:52:13","guid":{"rendered":"http:\/\/www.visit-ulcinj.com\/blog\/?p=67227"},"modified":"2012-12-30T17:52:13","modified_gmt":"2012-12-30T16:52:13","slug":"salaj-krijuesit-shqiptare-dhe-shperblimet-vjetore","status":"publish","type":"post","link":"https:\/\/www.visit-ulcinj.com\/blog\/2012\/12\/30\/salaj-krijuesit-shqiptare-dhe-shperblimet-vjetore\/","title":{"rendered":"Salaj: Krijuesit shqiptar\u00eb dhe shp\u00ebrblimet vjetore"},"content":{"rendered":"<p><a href=\"http:\/\/www.visit-ulcinj.com\/blog\/wp-content\/uploads\/2012\/12\/AliSalaj_Ulqin.jpg\"><img loading=\"lazy\" class=\"alignleft size-full wp-image-67228\" alt=\"AliSalaj_Ulqin\" src=\"http:\/\/www.visit-ulcinj.com\/blog\/wp-content\/uploads\/2012\/12\/AliSalaj_Ulqin.jpg\" width=\"508\" height=\"360\" \/><\/a><\/p>\n<p>Ndarja e shp\u00ebrblimeve tradicionale paraqet nj\u00eb performanc\u00eb nderimi p\u00ebr pun\u00ebn e personaliteteve t\u00eb kultur\u00ebs, artit, shkenc\u00ebs, sportit por edhe t\u00eb njer\u00ebzve t\u00eb thjesht\u00eb q\u00eb me veprimtarin\u00eb e tyre kontribuan n\u00eb zhvillimin dhe emancipimin e shoq\u00ebris\u00eb. N\u00eb vendet e zhvilluara dhe t\u00eb konsoliduara k\u00ebt\u00eb performanc\u00eb e mbajn\u00eb institucionet kulturore publike dhe shtet\u00ebrore, t\u00eb cilat kan\u00eb mund\u00ebsi dhe kapacitet q\u00eb laureat\u00ebve p\u00ebrve\u00e7 nderimit dhe k\u00ebnaq\u00ebsis\u00eb tu ofrohet edhe ndonj\u00eb shp\u00ebrblim material q\u00eb do t\u00eb ishte shum\u00eb motivues p\u00ebr ata.<\/p>\n<p>P\u00ebr fat t\u00eb keq n\u00eb hap\u00ebsir\u00ebn ton\u00eb kulturore mungon kjo lloj\u00eb\u00a0 praktike k\u00ebshtu q\u00eb n\u00eb munges\u00eb t\u00eb saj, Art Club-i u p\u00ebrpoq q\u00eb si shoqat\u00eb joqeveritare ta animoj\u00eb dhe promovoj\u00eb k\u00ebt\u00eb ngjarje kulturore. Shoqata e Artist\u00ebve dhe Intelektual\u00ebve Art Club gjat\u00eb veprimtaris\u00eb s\u00eb saj 22 vje\u00e7are po e ndan k\u00ebt\u00eb \u00e7mim p\u00ebr t\u00eb 17 her\u00eb.\u00a0 Ky \u00e7mim,\u00a0 q\u00eb fillimisht nisi si shp\u00ebrblim vjetor padyshim e ka pasuruar jet\u00ebn kulturore t\u00eb shqiptar\u00ebve n\u00eb Mal t\u00eb Zi duke ndikuar pozitivisht tek krijuesit, t\u00eb cil\u00ebt duhet pranuar\u00a0 se ende\u00a0 sot gjenden n\u00eb margjina t\u00eb shoq\u00ebris\u00eb. Ky \u00e7mim edhe pse tejet modest \u00ebsht\u00eb nj\u00eb satisfakcion p\u00ebr krijuesin ,i cili n\u00eb tranzicionin e rr\u00ebmujsh\u00ebm ka mbetur n\u00eb udh\u00ebkryq dhe i hutuar nga neglizhenca e institucioneve dhe t\u00eb shoq\u00ebris\u00eb.<\/p>\n<p>Shp\u00ebrblimi\u00a0 i Art Club-it m\u00eb tep\u00ebr \u00ebsht\u00eb i karakterit shpirt\u00ebror, por megjithat\u00eb p\u00ebrmbushi synimin q\u00eb edhe krijuesit nga Ulqini dhe n\u00eb p\u00ebrgjith\u00ebsi krijuesit shqiptar\u00eb n\u00eb Mal t\u00eb Zi\u00a0 t\u00eb p\u00ebrjetojn\u00eb p\u00ebr nj\u00eb \u00e7ast k\u00ebnaq\u00ebsin\u00eb suptile p\u00ebr krijimtarin\u00eb e tyre.<\/p>\n<p>N\u00eb k\u00ebt\u00eb kuad\u00ebr do t\u00eb ishte e nevojshme q\u00eb institucionet e ndryshme duke nisur nga Komuna e Ulqinit, Qendra Kulturore, K\u00ebshilli Nacional i Shqiptar\u00ebve e ndonj\u00eb tjet\u00ebr t\u00eb themelojn\u00eb ndonj\u00eb \u00e7mim vjetor p\u00ebr krijuesit shqiptar\u00eb dhe n\u00eb nj\u00eb far\u00eb menyre ti dilet hakut angazhimit t\u00eb tyre t\u00eb vazhduesh\u00ebm n\u00eb zhvillimin dhe afirmimin e artit, kultur\u00ebs dhe shkenc\u00ebs.<\/p>\n<p>( Fjala me rastin e ndarjes s\u00eb \u00c7mimit Tradicional t\u00eb Art Club-it lauret i s\u00eb cilit ishte\u00a0 Dr. Sim\u00eb Dobreci )<\/p>\n<p><strong>Ali Salaj<\/strong><\/p>\n","protected":false},"excerpt":{"rendered":"<p>Ndarja e shp\u00ebrblimeve tradicionale paraqet nj\u00eb performanc\u00eb nderimi p\u00ebr pun\u00ebn e personaliteteve t\u00eb kultur\u00ebs, artit, shkenc\u00ebs, sportit por edhe t\u00eb njer\u00ebzve t\u00eb thjesht\u00eb q\u00eb me veprimtarin\u00eb e tyre kontribuan n\u00eb zhvillimin dhe emancipimin e shoq\u00ebris\u00eb. N\u00eb vendet e zhvilluara dhe t\u00eb konsoliduara k\u00ebt\u00eb performanc\u00eb e mbajn\u00eb institucionet kulturore publike dhe shtet\u00ebrore, t\u00eb cilat kan\u00eb mund\u00ebsi [&hellip;]<\/p>\n","protected":false},"author":1,"featured_media":0,"comment_status":"open","ping_status":"closed","sticky":false,"template":"","format":"standard","meta":{"spay_email":"","jetpack_publicize_message":"","jetpack_is_tweetstorm":false,"jetpack_publicize_feature_enabled":true},"categories":[4],"tags":[4995,16818,200],"jetpack_publicize_connections":[],"yoast_head":"<!-- This site is optimized with the Yoast SEO plugin v19.1 - https:\/\/yoast.com\/wordpress\/plugins\/seo\/ -->\n<title>Salaj: Krijuesit shqiptar\u00eb dhe shp\u00ebrblimet vjetore - Lajme nga Ulqini<\/title>\n<meta name=\"description\" content=\"Ndarja e shp\u00ebrblimeve tradicionale paraqet nj\u00eb performanc\u00eb nderimi p\u00ebr pun\u00ebn e personaliteteve t\u00eb kultur\u00ebs, artit, shkenc\u00ebs, sportit por edhe t\u00eb njer\u00ebzve\" \/>\n<meta name=\"robots\" content=\"index, follow, max-snippet:-1, max-image-preview:large, max-video-preview:-1\" \/>\n<link rel=\"canonical\" href=\"https:\/\/www.visit-ulcinj.com\/blog\/2012\/12\/30\/salaj-krijuesit-shqiptare-dhe-shperblimet-vjetore\/\" \/>\n<meta property=\"og:locale\" content=\"en_US\" \/>\n<meta property=\"og:type\" content=\"article\" \/>\n<meta property=\"og:title\" content=\"Salaj: Krijuesit shqiptar\u00eb dhe shp\u00ebrblimet vjetore - Lajme nga Ulqini\" \/>\n<meta property=\"og:description\" content=\"Ndarja e shp\u00ebrblimeve tradicionale paraqet nj\u00eb performanc\u00eb nderimi p\u00ebr pun\u00ebn e personaliteteve t\u00eb kultur\u00ebs, artit, shkenc\u00ebs, sportit por edhe t\u00eb njer\u00ebzve\" \/>\n<meta property=\"og:url\" content=\"https:\/\/www.visit-ulcinj.com\/blog\/2012\/12\/30\/salaj-krijuesit-shqiptare-dhe-shperblimet-vjetore\/\" \/>\n<meta property=\"og:site_name\" content=\"Lajme nga Ulqini\" \/>\n<meta property=\"article:published_time\" content=\"2012-12-30T16:52:13+00:00\" \/>\n<meta property=\"og:image\" content=\"http:\/\/www.visit-ulcinj.com\/blog\/wp-content\/uploads\/2012\/12\/AliSalaj_Ulqin.jpg\" \/>\n<meta name=\"twitter:label1\" content=\"Written by\" \/>\n\t<meta name=\"twitter:data1\" content=\"ulqini\" \/>\n\t<meta name=\"twitter:label2\" content=\"Est. reading time\" \/>\n\t<meta name=\"twitter:data2\" content=\"2 minutes\" \/>\n<script type=\"application\/ld+json\" class=\"yoast-schema-graph\">{\"@context\":\"https:\/\/schema.org\",\"@graph\":[{\"@type\":\"WebSite\",\"@id\":\"https:\/\/www.visit-ulcinj.com\/blog\/#website\",\"url\":\"https:\/\/www.visit-ulcinj.com\/blog\/\",\"name\":\"Lajme nga Ulqini\",\"description\":\"Lajme,Vijesti,Ulqini,Ulqin,Crna Gora,Mali i Zi\",\"potentialAction\":[{\"@type\":\"SearchAction\",\"target\":{\"@type\":\"EntryPoint\",\"urlTemplate\":\"https:\/\/www.visit-ulcinj.com\/blog\/?s={search_term_string}\"},\"query-input\":\"required name=search_term_string\"}],\"inLanguage\":\"en-US\"},{\"@type\":\"ImageObject\",\"inLanguage\":\"en-US\",\"@id\":\"https:\/\/www.visit-ulcinj.com\/blog\/2012\/12\/30\/salaj-krijuesit-shqiptare-dhe-shperblimet-vjetore\/#primaryimage\",\"url\":\"https:\/\/www.visit-ulcinj.com\/blog\/wp-content\/uploads\/2012\/12\/AliSalaj_Ulqin.jpg\",\"contentUrl\":\"https:\/\/www.visit-ulcinj.com\/blog\/wp-content\/uploads\/2012\/12\/AliSalaj_Ulqin.jpg\",\"width\":999,\"height\":666},{\"@type\":\"WebPage\",\"@id\":\"https:\/\/www.visit-ulcinj.com\/blog\/2012\/12\/30\/salaj-krijuesit-shqiptare-dhe-shperblimet-vjetore\/#webpage\",\"url\":\"https:\/\/www.visit-ulcinj.com\/blog\/2012\/12\/30\/salaj-krijuesit-shqiptare-dhe-shperblimet-vjetore\/\",\"name\":\"Salaj: Krijuesit shqiptar\u00eb dhe shp\u00ebrblimet vjetore - Lajme nga Ulqini\",\"isPartOf\":{\"@id\":\"https:\/\/www.visit-ulcinj.com\/blog\/#website\"},\"primaryImageOfPage\":{\"@id\":\"https:\/\/www.visit-ulcinj.com\/blog\/2012\/12\/30\/salaj-krijuesit-shqiptare-dhe-shperblimet-vjetore\/#primaryimage\"},\"datePublished\":\"2012-12-30T16:52:13+00:00\",\"dateModified\":\"2012-12-30T16:52:13+00:00\",\"author\":{\"@id\":\"https:\/\/www.visit-ulcinj.com\/blog\/#\/schema\/person\/dcab619c614d3038751c63bc2aadc06d\"},\"description\":\"Ndarja e shp\u00ebrblimeve tradicionale paraqet nj\u00eb performanc\u00eb nderimi p\u00ebr pun\u00ebn e personaliteteve t\u00eb kultur\u00ebs, artit, shkenc\u00ebs, sportit por edhe t\u00eb njer\u00ebzve\",\"breadcrumb\":{\"@id\":\"https:\/\/www.visit-ulcinj.com\/blog\/2012\/12\/30\/salaj-krijuesit-shqiptare-dhe-shperblimet-vjetore\/#breadcrumb\"},\"inLanguage\":\"en-US\",\"potentialAction\":[{\"@type\":\"ReadAction\",\"target\":[\"https:\/\/www.visit-ulcinj.com\/blog\/2012\/12\/30\/salaj-krijuesit-shqiptare-dhe-shperblimet-vjetore\/\"]}]},{\"@type\":\"BreadcrumbList\",\"@id\":\"https:\/\/www.visit-ulcinj.com\/blog\/2012\/12\/30\/salaj-krijuesit-shqiptare-dhe-shperblimet-vjetore\/#breadcrumb\",\"itemListElement\":[{\"@type\":\"ListItem\",\"position\":1,\"name\":\"Salaj: Krijuesit shqiptar\u00eb dhe shp\u00ebrblimet vjetore\"}]},{\"@type\":\"Person\",\"@id\":\"https:\/\/www.visit-ulcinj.com\/blog\/#\/schema\/person\/dcab619c614d3038751c63bc2aadc06d\",\"name\":\"ulqini\",\"sameAs\":[\"http:\/\/www.visit-ulcinj.com\"],\"url\":\"https:\/\/www.visit-ulcinj.com\/blog\/author\/admin\/\"}]}<\/script>\n<!-- \/ Yoast SEO plugin. -->","yoast_head_json":{"title":"Salaj: Krijuesit shqiptar\u00eb dhe shp\u00ebrblimet vjetore - Lajme nga Ulqini","description":"Ndarja e shp\u00ebrblimeve tradicionale paraqet nj\u00eb performanc\u00eb nderimi p\u00ebr pun\u00ebn e personaliteteve t\u00eb kultur\u00ebs, artit, shkenc\u00ebs, sportit por edhe t\u00eb njer\u00ebzve","robots":{"index":"index","follow":"follow","max-snippet":"max-snippet:-1","max-image-preview":"max-image-preview:large","max-video-preview":"max-video-preview:-1"},"canonical":"https:\/\/www.visit-ulcinj.com\/blog\/2012\/12\/30\/salaj-krijuesit-shqiptare-dhe-shperblimet-vjetore\/","og_locale":"en_US","og_type":"article","og_title":"Salaj: Krijuesit shqiptar\u00eb dhe shp\u00ebrblimet vjetore - Lajme nga Ulqini","og_description":"Ndarja e shp\u00ebrblimeve tradicionale paraqet nj\u00eb performanc\u00eb nderimi p\u00ebr pun\u00ebn e personaliteteve t\u00eb kultur\u00ebs, artit, shkenc\u00ebs, sportit por edhe t\u00eb njer\u00ebzve","og_url":"https:\/\/www.visit-ulcinj.com\/blog\/2012\/12\/30\/salaj-krijuesit-shqiptare-dhe-shperblimet-vjetore\/","og_site_name":"Lajme nga Ulqini","article_published_time":"2012-12-30T16:52:13+00:00","og_image":[{"url":"http:\/\/www.visit-ulcinj.com\/blog\/wp-content\/uploads\/2012\/12\/AliSalaj_Ulqin.jpg"}],"twitter_misc":{"Written by":"ulqini","Est. reading time":"2 minutes"},"schema":{"@context":"https:\/\/schema.org","@graph":[{"@type":"WebSite","@id":"https:\/\/www.visit-ulcinj.com\/blog\/#website","url":"https:\/\/www.visit-ulcinj.com\/blog\/","name":"Lajme nga Ulqini","description":"Lajme,Vijesti,Ulqini,Ulqin,Crna Gora,Mali i Zi","potentialAction":[{"@type":"SearchAction","target":{"@type":"EntryPoint","urlTemplate":"https:\/\/www.visit-ulcinj.com\/blog\/?s={search_term_string}"},"query-input":"required name=search_term_string"}],"inLanguage":"en-US"},{"@type":"ImageObject","inLanguage":"en-US","@id":"https:\/\/www.visit-ulcinj.com\/blog\/2012\/12\/30\/salaj-krijuesit-shqiptare-dhe-shperblimet-vjetore\/#primaryimage","url":"https:\/\/www.visit-ulcinj.com\/blog\/wp-content\/uploads\/2012\/12\/AliSalaj_Ulqin.jpg","contentUrl":"https:\/\/www.visit-ulcinj.com\/blog\/wp-content\/uploads\/2012\/12\/AliSalaj_Ulqin.jpg","width":999,"height":666},{"@type":"WebPage","@id":"https:\/\/www.visit-ulcinj.com\/blog\/2012\/12\/30\/salaj-krijuesit-shqiptare-dhe-shperblimet-vjetore\/#webpage","url":"https:\/\/www.visit-ulcinj.com\/blog\/2012\/12\/30\/salaj-krijuesit-shqiptare-dhe-shperblimet-vjetore\/","name":"Salaj: Krijuesit shqiptar\u00eb dhe shp\u00ebrblimet vjetore - Lajme nga Ulqini","isPartOf":{"@id":"https:\/\/www.visit-ulcinj.com\/blog\/#website"},"primaryImageOfPage":{"@id":"https:\/\/www.visit-ulcinj.com\/blog\/2012\/12\/30\/salaj-krijuesit-shqiptare-dhe-shperblimet-vjetore\/#primaryimage"},"datePublished":"2012-12-30T16:52:13+00:00","dateModified":"2012-12-30T16:52:13+00:00","author":{"@id":"https:\/\/www.visit-ulcinj.com\/blog\/#\/schema\/person\/dcab619c614d3038751c63bc2aadc06d"},"description":"Ndarja e shp\u00ebrblimeve tradicionale paraqet nj\u00eb performanc\u00eb nderimi p\u00ebr pun\u00ebn e personaliteteve t\u00eb kultur\u00ebs, artit, shkenc\u00ebs, sportit por edhe t\u00eb njer\u00ebzve","breadcrumb":{"@id":"https:\/\/www.visit-ulcinj.com\/blog\/2012\/12\/30\/salaj-krijuesit-shqiptare-dhe-shperblimet-vjetore\/#breadcrumb"},"inLanguage":"en-US","potentialAction":[{"@type":"ReadAction","target":["https:\/\/www.visit-ulcinj.com\/blog\/2012\/12\/30\/salaj-krijuesit-shqiptare-dhe-shperblimet-vjetore\/"]}]},{"@type":"BreadcrumbList","@id":"https:\/\/www.visit-ulcinj.com\/blog\/2012\/12\/30\/salaj-krijuesit-shqiptare-dhe-shperblimet-vjetore\/#breadcrumb","itemListElement":[{"@type":"ListItem","position":1,"name":"Salaj: Krijuesit shqiptar\u00eb dhe shp\u00ebrblimet vjetore"}]},{"@type":"Person","@id":"https:\/\/www.visit-ulcinj.com\/blog\/#\/schema\/person\/dcab619c614d3038751c63bc2aadc06d","name":"ulqini","sameAs":["http:\/\/www.visit-ulcinj.com"],"url":"https:\/\/www.visit-ulcinj.com\/blog\/author\/admin\/"}]}},"jetpack_featured_media_url":"","jetpack_sharing_enabled":true,"jetpack_shortlink":"https:\/\/wp.me\/pe6lTn-huj","_links":{"self":[{"href":"https:\/\/www.visit-ulcinj.com\/blog\/wp-json\/wp\/v2\/posts\/67227"}],"collection":[{"href":"https:\/\/www.visit-ulcinj.com\/blog\/wp-json\/wp\/v2\/posts"}],"about":[{"href":"https:\/\/www.visit-ulcinj.com\/blog\/wp-json\/wp\/v2\/types\/post"}],"author":[{"embeddable":true,"href":"https:\/\/www.visit-ulcinj.com\/blog\/wp-json\/wp\/v2\/users\/1"}],"replies":[{"embeddable":true,"href":"https:\/\/www.visit-ulcinj.com\/blog\/wp-json\/wp\/v2\/comments?post=67227"}],"version-history":[{"count":1,"href":"https:\/\/www.visit-ulcinj.com\/blog\/wp-json\/wp\/v2\/posts\/67227\/revisions"}],"predecessor-version":[{"id":67229,"href":"https:\/\/www.visit-ulcinj.com\/blog\/wp-json\/wp\/v2\/posts\/67227\/revisions\/67229"}],"wp:attachment":[{"href":"https:\/\/www.visit-ulcinj.com\/blog\/wp-json\/wp\/v2\/media?parent=67227"}],"wp:term":[{"taxonomy":"category","embeddable":true,"href":"https:\/\/www.visit-ulcinj.com\/blog\/wp-json\/wp\/v2\/categories?post=67227"},{"taxonomy":"post_tag","embeddable":true,"href":"https:\/\/www.visit-ulcinj.com\/blog\/wp-json\/wp\/v2\/tags?post=67227"}],"curies":[{"name":"wp","href":"https:\/\/api.w.org\/{rel}","templated":true}]}}