{"id":67230,"date":"2012-12-30T18:08:51","date_gmt":"2012-12-30T17:08:51","guid":{"rendered":"http:\/\/www.visit-ulcinj.com\/blog\/?p=67230"},"modified":"2013-01-08T21:44:31","modified_gmt":"2013-01-08T20:44:31","slug":"gjeka-dergon-urim-per-vitin-e-ri","status":"publish","type":"post","link":"https:\/\/www.visit-ulcinj.com\/blog\/2012\/12\/30\/gjeka-dergon-urim-per-vitin-e-ri\/","title":{"rendered":"Gjeka d\u00ebrgon urim p\u00ebr vitin e ri"},"content":{"rendered":"<p><a href=\"http:\/\/www.visit-ulcinj.com\/blog\/wp-content\/uploads\/2012\/12\/Gezuar-vitin-e-ri-2013_Partia-Demokratike-Ulqin_Mali-i-Zi.jpg\"><img loading=\"lazy\" class=\"alignnone size-full wp-image-67237\" alt=\"Gezuar vitin e ri 2013_Partia Demokratike Ulqin_Mali i Zi\" src=\"http:\/\/www.visit-ulcinj.com\/blog\/wp-content\/uploads\/2012\/12\/Gezuar-vitin-e-ri-2013_Partia-Demokratike-Ulqin_Mali-i-Zi.jpg\" width=\"508\" height=\"381\" srcset=\"https:\/\/www.visit-ulcinj.com\/blog\/wp-content\/uploads\/2012\/12\/Gezuar-vitin-e-ri-2013_Partia-Demokratike-Ulqin_Mali-i-Zi.jpg 508w, https:\/\/www.visit-ulcinj.com\/blog\/wp-content\/uploads\/2012\/12\/Gezuar-vitin-e-ri-2013_Partia-Demokratike-Ulqin_Mali-i-Zi-300x224.jpg 300w\" sizes=\"(max-width: 508px) 100vw, 508px\" \/><\/a><br \/>\nKryetari i Partis\u00eb Demokratike dhe deputeti i Koalicionit shqiptar n\u00eb Parlamentin e Malit t\u00eb Zi,z. Fatmir Gjeka u ka d\u00ebrguar urimet m\u00eb t\u00eb bukura dhe m\u00eb t\u00eb p\u00ebrzem\u00ebrta an\u00ebtar\u00ebve dhe simpatizuesve t\u00eb subjektit politik shqiptar q\u00eb drejton, an\u00ebtar\u00ebsis\u00eb s\u00eb partive n\u00eb bashk\u00ebqeverisje, si dhe t\u00eb gjith\u00eb qytetar\u00ebve,me d\u00ebshir\u00eb q\u00eb Vitin e Ri ta presin t\u00eb lumtur, n\u00eb harmoni,mbar\u00ebsi dhe t\u00eb g\u00ebzuar.<\/p>\n<p>Populli yn\u00eb fisnik,vizionar, humanist, bujar dhe pun\u00ebtor,p\u00ebrher\u00eb ka qen\u00eb optimist p\u00ebr nj\u00eb t\u00eb ardhme m\u00eb t\u00eb mir\u00eb.N\u00eb saje urtis\u00eb,men\u00e7uris\u00eb dhe qytetaris\u00eb s\u00eb tij,populli shqiptar ka arritur ta ruaj,arsimoj\u00eb dhe edukoj\u00eb familjen, duke i kontribuar k\u00ebshtu ngritjes s\u00eb komunitetit t\u00eb vet gjat\u00eb gjith\u00eb historis\u00eb son\u00eb t\u00eb bujshme ,por t\u00eb lavdishme.<br \/>\nRrethanat jet\u00ebsore,ekonomike, besa edhe politike,si dhe nevoja p\u00ebr nj\u00eb p\u00ebrspektiv\u00eb m\u00eb t\u00eb sigurt ,ka ndikuar q\u00eb nj\u00eb pjes\u00eb e madhe e shqiptar\u00ebve nga trojet e veta etnike n\u00eb Mal t\u00eb Zi kan\u00eb ikur n\u00eb m\u00ebrgim,edhe familjarisht.Sigurisht se g\u00ebzimi dhe hareja m\u00eb e madhe do t\u00eb ishte po t\u00eb g\u00ebzoheshit e festonit n\u00eb gjirin tuaj t\u00eb dashur familjar n\u00eb vendlindje.Shpresoj se do t\u00eb realizohet edhe ajo d\u00ebshir\u00eb.<br \/>\nUroj sh\u00ebndet,mbar\u00ebsi dhe mir\u00ebqenie n\u00eb sht\u00ebpit\u00eb tuaja.<\/p>\n<p><strong>FATMIR GJEKA,<\/strong><br \/>\n<strong>Kryetar i Partis\u00eb Demokratike<\/strong><\/p>\n","protected":false},"excerpt":{"rendered":"<p>Kryetari i Partis\u00eb Demokratike dhe deputeti i Koalicionit shqiptar n\u00eb Parlamentin e Malit t\u00eb Zi,z. Fatmir Gjeka u ka d\u00ebrguar urimet m\u00eb t\u00eb bukura dhe m\u00eb t\u00eb p\u00ebrzem\u00ebrta an\u00ebtar\u00ebve dhe simpatizuesve t\u00eb subjektit politik shqiptar q\u00eb drejton, an\u00ebtar\u00ebsis\u00eb s\u00eb partive n\u00eb bashk\u00ebqeverisje, si dhe t\u00eb gjith\u00eb qytetar\u00ebve,me d\u00ebshir\u00eb q\u00eb Vitin e Ri ta presin t\u00eb [&hellip;]<\/p>\n","protected":false},"author":1,"featured_media":0,"comment_status":"open","ping_status":"closed","sticky":false,"template":"","format":"standard","meta":{"spay_email":"","jetpack_publicize_message":"","jetpack_is_tweetstorm":false,"jetpack_publicize_feature_enabled":true},"categories":[6950],"tags":[212,4607,200],"jetpack_publicize_connections":[],"yoast_head":"<!-- This site is optimized with the Yoast SEO plugin v19.1 - https:\/\/yoast.com\/wordpress\/plugins\/seo\/ -->\n<title>Gjeka d\u00ebrgon urim p\u00ebr vitin e ri - Lajme nga Ulqini<\/title>\n<meta name=\"description\" content=\"Kryetari i Partis\u00eb Demokratike dhe deputeti i Koalicionit shqiptar n\u00eb Parlamentin e Malit t\u00eb Zi,z. Fatmir Gjeka u ka d\u00ebrguar urimet m\u00eb t\u00eb bukura dhe m\u00eb t\u00eb\" \/>\n<meta name=\"robots\" content=\"index, follow, max-snippet:-1, max-image-preview:large, max-video-preview:-1\" \/>\n<link rel=\"canonical\" href=\"https:\/\/www.visit-ulcinj.com\/blog\/2012\/12\/30\/gjeka-dergon-urim-per-vitin-e-ri\/\" \/>\n<meta property=\"og:locale\" content=\"en_US\" \/>\n<meta property=\"og:type\" content=\"article\" \/>\n<meta property=\"og:title\" content=\"Gjeka d\u00ebrgon urim p\u00ebr vitin e ri - Lajme nga Ulqini\" \/>\n<meta property=\"og:description\" content=\"Kryetari i Partis\u00eb Demokratike dhe deputeti i Koalicionit shqiptar n\u00eb Parlamentin e Malit t\u00eb Zi,z. Fatmir Gjeka u ka d\u00ebrguar urimet m\u00eb t\u00eb bukura dhe m\u00eb t\u00eb\" \/>\n<meta property=\"og:url\" content=\"https:\/\/www.visit-ulcinj.com\/blog\/2012\/12\/30\/gjeka-dergon-urim-per-vitin-e-ri\/\" \/>\n<meta property=\"og:site_name\" content=\"Lajme nga Ulqini\" \/>\n<meta property=\"article:published_time\" content=\"2012-12-30T17:08:51+00:00\" \/>\n<meta property=\"article:modified_time\" content=\"2013-01-08T20:44:31+00:00\" \/>\n<meta property=\"og:image\" content=\"http:\/\/www.visit-ulcinj.com\/blog\/wp-content\/uploads\/2012\/12\/Gezuar-vitin-e-ri-2013_Partia-Demokratike-Ulqin_Mali-i-Zi.jpg\" \/>\n<meta name=\"twitter:label1\" content=\"Written by\" \/>\n\t<meta name=\"twitter:data1\" content=\"ulqini\" \/>\n\t<meta name=\"twitter:label2\" content=\"Est. reading time\" \/>\n\t<meta name=\"twitter:data2\" content=\"1 minute\" \/>\n<script type=\"application\/ld+json\" class=\"yoast-schema-graph\">{\"@context\":\"https:\/\/schema.org\",\"@graph\":[{\"@type\":\"WebSite\",\"@id\":\"https:\/\/www.visit-ulcinj.com\/blog\/#website\",\"url\":\"https:\/\/www.visit-ulcinj.com\/blog\/\",\"name\":\"Lajme nga Ulqini\",\"description\":\"Lajme,Vijesti,Ulqini,Ulqin,Crna Gora,Mali i Zi\",\"potentialAction\":[{\"@type\":\"SearchAction\",\"target\":{\"@type\":\"EntryPoint\",\"urlTemplate\":\"https:\/\/www.visit-ulcinj.com\/blog\/?s={search_term_string}\"},\"query-input\":\"required name=search_term_string\"}],\"inLanguage\":\"en-US\"},{\"@type\":\"ImageObject\",\"inLanguage\":\"en-US\",\"@id\":\"https:\/\/www.visit-ulcinj.com\/blog\/2012\/12\/30\/gjeka-dergon-urim-per-vitin-e-ri\/#primaryimage\",\"url\":\"https:\/\/www.visit-ulcinj.com\/blog\/wp-content\/uploads\/2012\/12\/Gezuar-vitin-e-ri-2013_Partia-Demokratike-Ulqin_Mali-i-Zi.jpg\",\"contentUrl\":\"https:\/\/www.visit-ulcinj.com\/blog\/wp-content\/uploads\/2012\/12\/Gezuar-vitin-e-ri-2013_Partia-Demokratike-Ulqin_Mali-i-Zi.jpg\",\"width\":508,\"height\":381},{\"@type\":\"WebPage\",\"@id\":\"https:\/\/www.visit-ulcinj.com\/blog\/2012\/12\/30\/gjeka-dergon-urim-per-vitin-e-ri\/#webpage\",\"url\":\"https:\/\/www.visit-ulcinj.com\/blog\/2012\/12\/30\/gjeka-dergon-urim-per-vitin-e-ri\/\",\"name\":\"Gjeka d\u00ebrgon urim p\u00ebr vitin e ri - Lajme nga Ulqini\",\"isPartOf\":{\"@id\":\"https:\/\/www.visit-ulcinj.com\/blog\/#website\"},\"primaryImageOfPage\":{\"@id\":\"https:\/\/www.visit-ulcinj.com\/blog\/2012\/12\/30\/gjeka-dergon-urim-per-vitin-e-ri\/#primaryimage\"},\"datePublished\":\"2012-12-30T17:08:51+00:00\",\"dateModified\":\"2013-01-08T20:44:31+00:00\",\"author\":{\"@id\":\"https:\/\/www.visit-ulcinj.com\/blog\/#\/schema\/person\/dcab619c614d3038751c63bc2aadc06d\"},\"description\":\"Kryetari i Partis\u00eb Demokratike dhe deputeti i Koalicionit shqiptar n\u00eb Parlamentin e Malit t\u00eb Zi,z. Fatmir Gjeka u ka d\u00ebrguar urimet m\u00eb t\u00eb bukura dhe m\u00eb t\u00eb\",\"breadcrumb\":{\"@id\":\"https:\/\/www.visit-ulcinj.com\/blog\/2012\/12\/30\/gjeka-dergon-urim-per-vitin-e-ri\/#breadcrumb\"},\"inLanguage\":\"en-US\",\"potentialAction\":[{\"@type\":\"ReadAction\",\"target\":[\"https:\/\/www.visit-ulcinj.com\/blog\/2012\/12\/30\/gjeka-dergon-urim-per-vitin-e-ri\/\"]}]},{\"@type\":\"BreadcrumbList\",\"@id\":\"https:\/\/www.visit-ulcinj.com\/blog\/2012\/12\/30\/gjeka-dergon-urim-per-vitin-e-ri\/#breadcrumb\",\"itemListElement\":[{\"@type\":\"ListItem\",\"position\":1,\"name\":\"Gjeka d\u00ebrgon urim p\u00ebr vitin e ri\"}]},{\"@type\":\"Person\",\"@id\":\"https:\/\/www.visit-ulcinj.com\/blog\/#\/schema\/person\/dcab619c614d3038751c63bc2aadc06d\",\"name\":\"ulqini\",\"sameAs\":[\"http:\/\/www.visit-ulcinj.com\"],\"url\":\"https:\/\/www.visit-ulcinj.com\/blog\/author\/admin\/\"}]}<\/script>\n<!-- \/ Yoast SEO plugin. -->","yoast_head_json":{"title":"Gjeka d\u00ebrgon urim p\u00ebr vitin e ri - Lajme nga Ulqini","description":"Kryetari i Partis\u00eb Demokratike dhe deputeti i Koalicionit shqiptar n\u00eb Parlamentin e Malit t\u00eb Zi,z. Fatmir Gjeka u ka d\u00ebrguar urimet m\u00eb t\u00eb bukura dhe m\u00eb t\u00eb","robots":{"index":"index","follow":"follow","max-snippet":"max-snippet:-1","max-image-preview":"max-image-preview:large","max-video-preview":"max-video-preview:-1"},"canonical":"https:\/\/www.visit-ulcinj.com\/blog\/2012\/12\/30\/gjeka-dergon-urim-per-vitin-e-ri\/","og_locale":"en_US","og_type":"article","og_title":"Gjeka d\u00ebrgon urim p\u00ebr vitin e ri - Lajme nga Ulqini","og_description":"Kryetari i Partis\u00eb Demokratike dhe deputeti i Koalicionit shqiptar n\u00eb Parlamentin e Malit t\u00eb Zi,z. Fatmir Gjeka u ka d\u00ebrguar urimet m\u00eb t\u00eb bukura dhe m\u00eb t\u00eb","og_url":"https:\/\/www.visit-ulcinj.com\/blog\/2012\/12\/30\/gjeka-dergon-urim-per-vitin-e-ri\/","og_site_name":"Lajme nga Ulqini","article_published_time":"2012-12-30T17:08:51+00:00","article_modified_time":"2013-01-08T20:44:31+00:00","og_image":[{"url":"http:\/\/www.visit-ulcinj.com\/blog\/wp-content\/uploads\/2012\/12\/Gezuar-vitin-e-ri-2013_Partia-Demokratike-Ulqin_Mali-i-Zi.jpg"}],"twitter_misc":{"Written by":"ulqini","Est. reading time":"1 minute"},"schema":{"@context":"https:\/\/schema.org","@graph":[{"@type":"WebSite","@id":"https:\/\/www.visit-ulcinj.com\/blog\/#website","url":"https:\/\/www.visit-ulcinj.com\/blog\/","name":"Lajme nga Ulqini","description":"Lajme,Vijesti,Ulqini,Ulqin,Crna Gora,Mali i Zi","potentialAction":[{"@type":"SearchAction","target":{"@type":"EntryPoint","urlTemplate":"https:\/\/www.visit-ulcinj.com\/blog\/?s={search_term_string}"},"query-input":"required name=search_term_string"}],"inLanguage":"en-US"},{"@type":"ImageObject","inLanguage":"en-US","@id":"https:\/\/www.visit-ulcinj.com\/blog\/2012\/12\/30\/gjeka-dergon-urim-per-vitin-e-ri\/#primaryimage","url":"https:\/\/www.visit-ulcinj.com\/blog\/wp-content\/uploads\/2012\/12\/Gezuar-vitin-e-ri-2013_Partia-Demokratike-Ulqin_Mali-i-Zi.jpg","contentUrl":"https:\/\/www.visit-ulcinj.com\/blog\/wp-content\/uploads\/2012\/12\/Gezuar-vitin-e-ri-2013_Partia-Demokratike-Ulqin_Mali-i-Zi.jpg","width":508,"height":381},{"@type":"WebPage","@id":"https:\/\/www.visit-ulcinj.com\/blog\/2012\/12\/30\/gjeka-dergon-urim-per-vitin-e-ri\/#webpage","url":"https:\/\/www.visit-ulcinj.com\/blog\/2012\/12\/30\/gjeka-dergon-urim-per-vitin-e-ri\/","name":"Gjeka d\u00ebrgon urim p\u00ebr vitin e ri - Lajme nga Ulqini","isPartOf":{"@id":"https:\/\/www.visit-ulcinj.com\/blog\/#website"},"primaryImageOfPage":{"@id":"https:\/\/www.visit-ulcinj.com\/blog\/2012\/12\/30\/gjeka-dergon-urim-per-vitin-e-ri\/#primaryimage"},"datePublished":"2012-12-30T17:08:51+00:00","dateModified":"2013-01-08T20:44:31+00:00","author":{"@id":"https:\/\/www.visit-ulcinj.com\/blog\/#\/schema\/person\/dcab619c614d3038751c63bc2aadc06d"},"description":"Kryetari i Partis\u00eb Demokratike dhe deputeti i Koalicionit shqiptar n\u00eb Parlamentin e Malit t\u00eb Zi,z. Fatmir Gjeka u ka d\u00ebrguar urimet m\u00eb t\u00eb bukura dhe m\u00eb t\u00eb","breadcrumb":{"@id":"https:\/\/www.visit-ulcinj.com\/blog\/2012\/12\/30\/gjeka-dergon-urim-per-vitin-e-ri\/#breadcrumb"},"inLanguage":"en-US","potentialAction":[{"@type":"ReadAction","target":["https:\/\/www.visit-ulcinj.com\/blog\/2012\/12\/30\/gjeka-dergon-urim-per-vitin-e-ri\/"]}]},{"@type":"BreadcrumbList","@id":"https:\/\/www.visit-ulcinj.com\/blog\/2012\/12\/30\/gjeka-dergon-urim-per-vitin-e-ri\/#breadcrumb","itemListElement":[{"@type":"ListItem","position":1,"name":"Gjeka d\u00ebrgon urim p\u00ebr vitin e ri"}]},{"@type":"Person","@id":"https:\/\/www.visit-ulcinj.com\/blog\/#\/schema\/person\/dcab619c614d3038751c63bc2aadc06d","name":"ulqini","sameAs":["http:\/\/www.visit-ulcinj.com"],"url":"https:\/\/www.visit-ulcinj.com\/blog\/author\/admin\/"}]}},"jetpack_featured_media_url":"","jetpack_sharing_enabled":true,"jetpack_shortlink":"https:\/\/wp.me\/pe6lTn-hum","_links":{"self":[{"href":"https:\/\/www.visit-ulcinj.com\/blog\/wp-json\/wp\/v2\/posts\/67230"}],"collection":[{"href":"https:\/\/www.visit-ulcinj.com\/blog\/wp-json\/wp\/v2\/posts"}],"about":[{"href":"https:\/\/www.visit-ulcinj.com\/blog\/wp-json\/wp\/v2\/types\/post"}],"author":[{"embeddable":true,"href":"https:\/\/www.visit-ulcinj.com\/blog\/wp-json\/wp\/v2\/users\/1"}],"replies":[{"embeddable":true,"href":"https:\/\/www.visit-ulcinj.com\/blog\/wp-json\/wp\/v2\/comments?post=67230"}],"version-history":[{"count":4,"href":"https:\/\/www.visit-ulcinj.com\/blog\/wp-json\/wp\/v2\/posts\/67230\/revisions"}],"predecessor-version":[{"id":67236,"href":"https:\/\/www.visit-ulcinj.com\/blog\/wp-json\/wp\/v2\/posts\/67230\/revisions\/67236"}],"wp:attachment":[{"href":"https:\/\/www.visit-ulcinj.com\/blog\/wp-json\/wp\/v2\/media?parent=67230"}],"wp:term":[{"taxonomy":"category","embeddable":true,"href":"https:\/\/www.visit-ulcinj.com\/blog\/wp-json\/wp\/v2\/categories?post=67230"},{"taxonomy":"post_tag","embeddable":true,"href":"https:\/\/www.visit-ulcinj.com\/blog\/wp-json\/wp\/v2\/tags?post=67230"}],"curies":[{"name":"wp","href":"https:\/\/api.w.org\/{rel}","templated":true}]}}