{"id":67239,"date":"2012-12-30T18:47:00","date_gmt":"2012-12-30T17:47:00","guid":{"rendered":"http:\/\/www.visit-ulcinj.com\/blog\/?p=67239"},"modified":"2012-12-30T18:47:36","modified_gmt":"2012-12-30T17:47:36","slug":"parking-posvadao-odbornike-ulcinja","status":"publish","type":"post","link":"https:\/\/www.visit-ulcinj.com\/blog\/2012\/12\/30\/parking-posvadao-odbornike-ulcinja\/","title":{"rendered":"Parking posva\u0111ao odbornike Ulcinja"},"content":{"rendered":"<p><a href=\"http:\/\/www.visit-ulcinj.com\/blog\/wp-content\/uploads\/2012\/12\/Dzamija_Meraja_Ulcinj.jpg\"><img loading=\"lazy\" class=\"alignnone  wp-image-67240\" alt=\"Dzamija_Meraja_Ulcinj\" src=\"http:\/\/www.visit-ulcinj.com\/blog\/wp-content\/uploads\/2012\/12\/Dzamija_Meraja_Ulcinj.jpg\" width=\"508\" height=\"360\" \/><\/a>Odluka o davanju parkinga u centru grada na kori\u0161\u0107enje Islamskoj zajednici (IZ), izazvala je ju\u010de burnu polemiku u nastavku druge sjednice drugog redovnog zasjedanja lokalnog parlamenta. Op\u0161tina Ulcinj \u0107e tom odlukom, koja je usvojena jednoglasno, Islamskoj zajednici bez naknade dati na kori\u0161\u0107enje povr\u0161inu od oko 1.700 kvadratnih metara u centru grada. Ako je suditi po reakcijama opozicije, taj dokument je usvojen mimo svih zakonskih normi. Naime, predlaga\u010d odluke, Nova demokratska snaga Forca tra\u017eila je da se Islamskoj zajednici da na kori\u0161\u0107enje imovina, koja joj je oduzeta 1967. godine, uprkos \u010dinjenici da je pred nadle\u017enim sudom u toku postupak regulisanja svojinskih odnosa na predmetnim nepokretnostima. Nosilac prava raspolaganja tim prostorom je Op\u0161tina Ulcinj, sve do kona\u010dnog rje\u0161enja svojinskog statusa, ranije oduzete imovine. Za opoziciju, koja nije \u017eeljela da glasa protiv ove odluke, s obzirom na osjetljivost pitanja, ta ta\u010dka dnevnog reda i te kako je bila sporna. Prema rije\u010dima Andrije \u0106etkovi\u0107a, odbornika SNP-a u koaliciji \u201eBolji Ulcinj, bolja Crna Gora\u201c, u multietni\u010dkim i multivjerskim sredinama, kakva je op\u0161tina Ulcinj, neophodno je bilo da se o pomenutoj temi raspravlja s posebnim senzibilitetom, ali u skladu s va\u017ee\u0107im zakonima. \u0106etkovi\u0107 je predlaga\u010du zamjerio da se iz predloga odluke ne mo\u017ee sa sigurno\u0161\u0107u utvrditi ko je predlaga\u010d.<br \/>\n\u2013 Da li imamo zahtjev IZ u Ulcinju da im se ovaj prostor da na kori\u0161\u0107enje? Ovo predmetno zemlji\u0161te je namijenjeno za parking, i to je jedini ure\u0111en prostor te vrste u gradu. Pitanje je i da li se takvi prostori, koji su predmet sudskog spora, mogu davati na kori\u0161\u0107enje? Tako\u0111e, ostaje nejasno za\u0161to lokalna vlast, koja je na dr\u017eavnom nivou tako\u0111e konstituent vlasti, ne u\u010dini napor da se ovakvi sporovi rije\u0161e u \u0161to kra\u0107em roku \u2013 pitao je \u0106etkovi\u0107. Prema njegovim rije\u010dima, predlog odluke je u su\u0161tini licemjeran i demago\u0161ki, \u0161to je, kako je kazao, osnovna karakteristika aktuelne vlasti koja je predlaga\u010d.<br \/>\n\u2013 U trenutku kad sve ve\u0107i broj gra\u0111ana shvata da je vama do op\u0161teg interesa stalo taman koliko do lanjskog snijega i da vam vlast slu\u017ei samo kako biste zavr\u0161ili svoje privatne poslove, vi pravite ovakav predlog kako biste zamaglili strate\u0161ke ciljeve va\u0161ih lidera. Usvajanjem predmetne ta\u010dke ove sjednice, vi ste, u najve\u0107oj mogu\u0107oj mjeri, trasirali put va\u0161eg li\u010dnog i razvoja va\u0161ih najbli\u017eih. Ipak, da ne bi do\u0161lo do nekog razli\u010ditog tuma\u010denja moje diskusije, ja \u0107u za ovu odluku glasati, bez obzira na to \u0161to smatram da nije ni kvalitetna, ni sveobuhvatna \u2013 rekao je \u0106etkovi\u0107. Odbornik DPS-a Boro Ba\u0161ovi\u0107 kazao je da parkinzi i javne povr\u0161ine ne mogu biti predmet vra\u0107anja, a i kad se daju, onda se to \u010dini pod posebnim uslovima.<br \/>\n<a href=\"http:\/\/www.visit-ulcinj.com\/blog\/wp-content\/uploads\/2012\/12\/Tyrbja-e-Pultit-Ulqin.jpg\"><img loading=\"lazy\" class=\"alignnone  wp-image-67241\" alt=\"Tyrbja-e-Pultit-Ulqin\" src=\"http:\/\/www.visit-ulcinj.com\/blog\/wp-content\/uploads\/2012\/12\/Tyrbja-e-Pultit-Ulqin.jpg\" width=\"508\" height=\"300\" \/><\/a><br \/>\n\u2013 \u010clanom 17 Zakona o dr\u017eavnoj imovini parking prostori su definsani kao javno dobro. U \u010dlanu 22 se \u010dak navodi i odgovornost nadle\u017enog sekretarijata op\u0161tine za za\u0161titu javne imovine. Mi nemamo nikakvo mi\u0161ljenje o tome. Osim toga, radi pomo\u0107i op\u0161tini, izuzet je parking prostor pored Starog grada, od O\u0160 \u201eBo\u0161ko Strugar\u201c, kako bi ubirali finansijska sredstva. U ovakovoj fiskalnoj i te\u0161koj godini davati na kori\u0161\u0107enje prostor na kom se nalazi parking potpuno je nezakonito. To se uostalom \u010dini i bez prethodne saglasnosti Vlade, jer to naravno nije samo u nadle\u017enosti op\u0161tine \u2013 kazao je Ba\u0161ovi\u0107. Odbornik i lider DUA Mehmed Zenka rekao je da se ta partija zala\u017ee za vra\u0107anje imovine IZ i svim vjerskim zajednicama, ali da je na\u010din, na koji to radi aktuelna vlast, licemjeran i dvoli\u010dan.<br \/>\n\u2013 Za\u0161to ne iskoristite nadle\u017enosti i ne ka\u017eete da se vrati sva imovina, a ne samo ovih 17.000 kvadrata. Krenuli ste, ali se na pola puta vra\u0107ate i ovo \u0161to radite je nezakonito. Poku\u0161avate da se prika\u017eete kao dobrotvori, iako znate da je ustupanje na kori\u0161\u0107enje jedna stvar, a vra\u0107anje imovine potpuno druga. Mi naravno ne mo\u017eemo biti protiv vra\u0107anja imovine, ali na\u010din na koji vi poku\u0161avate da ovo progurate je bezo\u010dan. DUA \u0107e, uprkos svemu, glasati za ovu odluku, ali znajte da su gra\u0111ani prozreli va\u0161e licemjerstvo u ovom slu\u010daju \u2013 kazao je Zenka. Ina\u010de, jednim od \u010dlanova odluke, predvi\u0111eno je da nakon usvajanja u skup\u0161tini, predsjednik op\u0161tine zaklju\u010di ugovor o davanju na kori\u0161\u0107enje s predstavnikom Islamske zajednice.<\/p>\n<p><strong>Usvojen bud\u017eet za narednu godinu<\/strong><br \/>\nLokalni parlament je ju\u010dera\u0161njom sesijom zavr\u0161io ovogodi\u0161nja zasjedanja. Osim rebalansa bud\u017eeta za 2012. godinu, usvojen je bud\u017eet za 2013, program ure\u0111enja prostora za 2013. godinu, te studije lokacije za lokalitete nekada\u0161njeg hotela \u201eGaleb\u201c i eko turisti\u010dkog naselja \u0160as, na podru\u010dju uz granicu sa Albanijom. Odbornici su ju\u010de usvojili set odluka koje tretiraju pitanja poreza na nepokretnosti, odre\u0111ivanja tr\u017ei\u0161ne vrijednosti stambenog i poslovnog prostora i organizaciju parking zona, te o vremenskim ograni\u010denjima i na\u010dinu naplate parkinga na javnim uli\u010dnim i vanuli\u010dnim parkirali\u0161tima. Usvojen je i Lokalni plan akcije za djecu od 2013. do 2016. godine, kao i Predlog odluke o potvr\u0111ivanju sporazuma o partnerstvu sa op\u0161tinom Kajl u Luksemburgu.<\/p>\n<p><strong>Izvor: DAN<\/strong><\/p>\n","protected":false},"excerpt":{"rendered":"<p>Odluka o davanju parkinga u centru grada na kori\u0161\u0107enje Islamskoj zajednici (IZ), izazvala je ju\u010de burnu polemiku u nastavku druge sjednice drugog redovnog zasjedanja lokalnog parlamenta. Op\u0161tina Ulcinj \u0107e tom odlukom, koja je usvojena jednoglasno, Islamskoj zajednici bez naknade dati na kori\u0161\u0107enje povr\u0161inu od oko 1.700 kvadratnih metara u centru grada. Ako je suditi po [&hellip;]<\/p>\n","protected":false},"author":1,"featured_media":0,"comment_status":"open","ping_status":"closed","sticky":false,"template":"","format":"standard","meta":{"spay_email":"","jetpack_publicize_message":"","jetpack_is_tweetstorm":false,"jetpack_publicize_feature_enabled":true},"categories":[8337],"tags":[134],"jetpack_publicize_connections":[],"yoast_head":"<!-- This site is optimized with the Yoast SEO plugin v19.1 - https:\/\/yoast.com\/wordpress\/plugins\/seo\/ -->\n<title>Parking posva\u0111ao odbornike Ulcinja - Lajme nga Ulqini<\/title>\n<meta name=\"description\" content=\"Odluka o davanju parkinga u centru grada na kori\u0161\u0107enje Islamskoj zajednici (IZ), izazvala je ju\u010de burnu polemiku u nastavku druge sjednice drugog redovnog\" \/>\n<meta name=\"robots\" content=\"index, follow, max-snippet:-1, max-image-preview:large, max-video-preview:-1\" \/>\n<link rel=\"canonical\" href=\"https:\/\/www.visit-ulcinj.com\/blog\/2012\/12\/30\/parking-posvadao-odbornike-ulcinja\/\" \/>\n<meta property=\"og:locale\" content=\"en_US\" \/>\n<meta property=\"og:type\" content=\"article\" \/>\n<meta property=\"og:title\" content=\"Parking posva\u0111ao odbornike Ulcinja - Lajme nga Ulqini\" \/>\n<meta property=\"og:description\" content=\"Odluka o davanju parkinga u centru grada na kori\u0161\u0107enje Islamskoj zajednici (IZ), izazvala je ju\u010de burnu polemiku u nastavku druge sjednice drugog redovnog\" \/>\n<meta property=\"og:url\" content=\"https:\/\/www.visit-ulcinj.com\/blog\/2012\/12\/30\/parking-posvadao-odbornike-ulcinja\/\" \/>\n<meta property=\"og:site_name\" content=\"Lajme nga Ulqini\" \/>\n<meta property=\"article:published_time\" content=\"2012-12-30T17:47:00+00:00\" \/>\n<meta property=\"article:modified_time\" content=\"2012-12-30T17:47:36+00:00\" \/>\n<meta property=\"og:image\" content=\"http:\/\/www.visit-ulcinj.com\/blog\/wp-content\/uploads\/2012\/12\/Dzamija_Meraja_Ulcinj.jpg\" \/>\n<meta name=\"twitter:label1\" content=\"Written by\" \/>\n\t<meta name=\"twitter:data1\" content=\"ulqini\" \/>\n\t<meta name=\"twitter:label2\" content=\"Est. reading time\" \/>\n\t<meta name=\"twitter:data2\" content=\"4 minutes\" \/>\n<script type=\"application\/ld+json\" class=\"yoast-schema-graph\">{\"@context\":\"https:\/\/schema.org\",\"@graph\":[{\"@type\":\"WebSite\",\"@id\":\"https:\/\/www.visit-ulcinj.com\/blog\/#website\",\"url\":\"https:\/\/www.visit-ulcinj.com\/blog\/\",\"name\":\"Lajme nga Ulqini\",\"description\":\"Lajme,Vijesti,Ulqini,Ulqin,Crna Gora,Mali i Zi\",\"potentialAction\":[{\"@type\":\"SearchAction\",\"target\":{\"@type\":\"EntryPoint\",\"urlTemplate\":\"https:\/\/www.visit-ulcinj.com\/blog\/?s={search_term_string}\"},\"query-input\":\"required name=search_term_string\"}],\"inLanguage\":\"en-US\"},{\"@type\":\"ImageObject\",\"inLanguage\":\"en-US\",\"@id\":\"https:\/\/www.visit-ulcinj.com\/blog\/2012\/12\/30\/parking-posvadao-odbornike-ulcinja\/#primaryimage\",\"url\":\"https:\/\/www.visit-ulcinj.com\/blog\/wp-content\/uploads\/2012\/12\/Dzamija_Meraja_Ulcinj.jpg\",\"contentUrl\":\"https:\/\/www.visit-ulcinj.com\/blog\/wp-content\/uploads\/2012\/12\/Dzamija_Meraja_Ulcinj.jpg\",\"width\":619,\"height\":465},{\"@type\":\"WebPage\",\"@id\":\"https:\/\/www.visit-ulcinj.com\/blog\/2012\/12\/30\/parking-posvadao-odbornike-ulcinja\/#webpage\",\"url\":\"https:\/\/www.visit-ulcinj.com\/blog\/2012\/12\/30\/parking-posvadao-odbornike-ulcinja\/\",\"name\":\"Parking posva\u0111ao odbornike Ulcinja - Lajme nga Ulqini\",\"isPartOf\":{\"@id\":\"https:\/\/www.visit-ulcinj.com\/blog\/#website\"},\"primaryImageOfPage\":{\"@id\":\"https:\/\/www.visit-ulcinj.com\/blog\/2012\/12\/30\/parking-posvadao-odbornike-ulcinja\/#primaryimage\"},\"datePublished\":\"2012-12-30T17:47:00+00:00\",\"dateModified\":\"2012-12-30T17:47:36+00:00\",\"author\":{\"@id\":\"https:\/\/www.visit-ulcinj.com\/blog\/#\/schema\/person\/dcab619c614d3038751c63bc2aadc06d\"},\"description\":\"Odluka o davanju parkinga u centru grada na kori\u0161\u0107enje Islamskoj zajednici (IZ), izazvala je ju\u010de burnu polemiku u nastavku druge sjednice drugog redovnog\",\"breadcrumb\":{\"@id\":\"https:\/\/www.visit-ulcinj.com\/blog\/2012\/12\/30\/parking-posvadao-odbornike-ulcinja\/#breadcrumb\"},\"inLanguage\":\"en-US\",\"potentialAction\":[{\"@type\":\"ReadAction\",\"target\":[\"https:\/\/www.visit-ulcinj.com\/blog\/2012\/12\/30\/parking-posvadao-odbornike-ulcinja\/\"]}]},{\"@type\":\"BreadcrumbList\",\"@id\":\"https:\/\/www.visit-ulcinj.com\/blog\/2012\/12\/30\/parking-posvadao-odbornike-ulcinja\/#breadcrumb\",\"itemListElement\":[{\"@type\":\"ListItem\",\"position\":1,\"name\":\"Parking posva\u0111ao odbornike Ulcinja\"}]},{\"@type\":\"Person\",\"@id\":\"https:\/\/www.visit-ulcinj.com\/blog\/#\/schema\/person\/dcab619c614d3038751c63bc2aadc06d\",\"name\":\"ulqini\",\"sameAs\":[\"http:\/\/www.visit-ulcinj.com\"],\"url\":\"https:\/\/www.visit-ulcinj.com\/blog\/author\/admin\/\"}]}<\/script>\n<!-- \/ Yoast SEO plugin. -->","yoast_head_json":{"title":"Parking posva\u0111ao odbornike Ulcinja - Lajme nga Ulqini","description":"Odluka o davanju parkinga u centru grada na kori\u0161\u0107enje Islamskoj zajednici (IZ), izazvala je ju\u010de burnu polemiku u nastavku druge sjednice drugog redovnog","robots":{"index":"index","follow":"follow","max-snippet":"max-snippet:-1","max-image-preview":"max-image-preview:large","max-video-preview":"max-video-preview:-1"},"canonical":"https:\/\/www.visit-ulcinj.com\/blog\/2012\/12\/30\/parking-posvadao-odbornike-ulcinja\/","og_locale":"en_US","og_type":"article","og_title":"Parking posva\u0111ao odbornike Ulcinja - Lajme nga Ulqini","og_description":"Odluka o davanju parkinga u centru grada na kori\u0161\u0107enje Islamskoj zajednici (IZ), izazvala je ju\u010de burnu polemiku u nastavku druge sjednice drugog redovnog","og_url":"https:\/\/www.visit-ulcinj.com\/blog\/2012\/12\/30\/parking-posvadao-odbornike-ulcinja\/","og_site_name":"Lajme nga Ulqini","article_published_time":"2012-12-30T17:47:00+00:00","article_modified_time":"2012-12-30T17:47:36+00:00","og_image":[{"url":"http:\/\/www.visit-ulcinj.com\/blog\/wp-content\/uploads\/2012\/12\/Dzamija_Meraja_Ulcinj.jpg"}],"twitter_misc":{"Written by":"ulqini","Est. reading time":"4 minutes"},"schema":{"@context":"https:\/\/schema.org","@graph":[{"@type":"WebSite","@id":"https:\/\/www.visit-ulcinj.com\/blog\/#website","url":"https:\/\/www.visit-ulcinj.com\/blog\/","name":"Lajme nga Ulqini","description":"Lajme,Vijesti,Ulqini,Ulqin,Crna Gora,Mali i Zi","potentialAction":[{"@type":"SearchAction","target":{"@type":"EntryPoint","urlTemplate":"https:\/\/www.visit-ulcinj.com\/blog\/?s={search_term_string}"},"query-input":"required name=search_term_string"}],"inLanguage":"en-US"},{"@type":"ImageObject","inLanguage":"en-US","@id":"https:\/\/www.visit-ulcinj.com\/blog\/2012\/12\/30\/parking-posvadao-odbornike-ulcinja\/#primaryimage","url":"https:\/\/www.visit-ulcinj.com\/blog\/wp-content\/uploads\/2012\/12\/Dzamija_Meraja_Ulcinj.jpg","contentUrl":"https:\/\/www.visit-ulcinj.com\/blog\/wp-content\/uploads\/2012\/12\/Dzamija_Meraja_Ulcinj.jpg","width":619,"height":465},{"@type":"WebPage","@id":"https:\/\/www.visit-ulcinj.com\/blog\/2012\/12\/30\/parking-posvadao-odbornike-ulcinja\/#webpage","url":"https:\/\/www.visit-ulcinj.com\/blog\/2012\/12\/30\/parking-posvadao-odbornike-ulcinja\/","name":"Parking posva\u0111ao odbornike Ulcinja - Lajme nga Ulqini","isPartOf":{"@id":"https:\/\/www.visit-ulcinj.com\/blog\/#website"},"primaryImageOfPage":{"@id":"https:\/\/www.visit-ulcinj.com\/blog\/2012\/12\/30\/parking-posvadao-odbornike-ulcinja\/#primaryimage"},"datePublished":"2012-12-30T17:47:00+00:00","dateModified":"2012-12-30T17:47:36+00:00","author":{"@id":"https:\/\/www.visit-ulcinj.com\/blog\/#\/schema\/person\/dcab619c614d3038751c63bc2aadc06d"},"description":"Odluka o davanju parkinga u centru grada na kori\u0161\u0107enje Islamskoj zajednici (IZ), izazvala je ju\u010de burnu polemiku u nastavku druge sjednice drugog redovnog","breadcrumb":{"@id":"https:\/\/www.visit-ulcinj.com\/blog\/2012\/12\/30\/parking-posvadao-odbornike-ulcinja\/#breadcrumb"},"inLanguage":"en-US","potentialAction":[{"@type":"ReadAction","target":["https:\/\/www.visit-ulcinj.com\/blog\/2012\/12\/30\/parking-posvadao-odbornike-ulcinja\/"]}]},{"@type":"BreadcrumbList","@id":"https:\/\/www.visit-ulcinj.com\/blog\/2012\/12\/30\/parking-posvadao-odbornike-ulcinja\/#breadcrumb","itemListElement":[{"@type":"ListItem","position":1,"name":"Parking posva\u0111ao odbornike Ulcinja"}]},{"@type":"Person","@id":"https:\/\/www.visit-ulcinj.com\/blog\/#\/schema\/person\/dcab619c614d3038751c63bc2aadc06d","name":"ulqini","sameAs":["http:\/\/www.visit-ulcinj.com"],"url":"https:\/\/www.visit-ulcinj.com\/blog\/author\/admin\/"}]}},"jetpack_featured_media_url":"","jetpack_sharing_enabled":true,"jetpack_shortlink":"https:\/\/wp.me\/pe6lTn-huv","_links":{"self":[{"href":"https:\/\/www.visit-ulcinj.com\/blog\/wp-json\/wp\/v2\/posts\/67239"}],"collection":[{"href":"https:\/\/www.visit-ulcinj.com\/blog\/wp-json\/wp\/v2\/posts"}],"about":[{"href":"https:\/\/www.visit-ulcinj.com\/blog\/wp-json\/wp\/v2\/types\/post"}],"author":[{"embeddable":true,"href":"https:\/\/www.visit-ulcinj.com\/blog\/wp-json\/wp\/v2\/users\/1"}],"replies":[{"embeddable":true,"href":"https:\/\/www.visit-ulcinj.com\/blog\/wp-json\/wp\/v2\/comments?post=67239"}],"version-history":[{"count":3,"href":"https:\/\/www.visit-ulcinj.com\/blog\/wp-json\/wp\/v2\/posts\/67239\/revisions"}],"predecessor-version":[{"id":67244,"href":"https:\/\/www.visit-ulcinj.com\/blog\/wp-json\/wp\/v2\/posts\/67239\/revisions\/67244"}],"wp:attachment":[{"href":"https:\/\/www.visit-ulcinj.com\/blog\/wp-json\/wp\/v2\/media?parent=67239"}],"wp:term":[{"taxonomy":"category","embeddable":true,"href":"https:\/\/www.visit-ulcinj.com\/blog\/wp-json\/wp\/v2\/categories?post=67239"},{"taxonomy":"post_tag","embeddable":true,"href":"https:\/\/www.visit-ulcinj.com\/blog\/wp-json\/wp\/v2\/tags?post=67239"}],"curies":[{"name":"wp","href":"https:\/\/api.w.org\/{rel}","templated":true}]}}