{"id":67245,"date":"2012-12-30T19:55:47","date_gmt":"2012-12-30T18:55:47","guid":{"rendered":"http:\/\/www.visit-ulcinj.com\/blog\/?p=67245"},"modified":"2012-12-30T19:55:47","modified_gmt":"2012-12-30T18:55:47","slug":"adrian-lulgjuraj-premton-spektakel-ne-eurosong","status":"publish","type":"post","link":"https:\/\/www.visit-ulcinj.com\/blog\/2012\/12\/30\/adrian-lulgjuraj-premton-spektakel-ne-eurosong\/","title":{"rendered":"Adrian Lulgjuraj premton spektak\u00ebl n\u00eb Eurosong"},"content":{"rendered":"<h2><a href=\"http:\/\/www.visit-ulcinj.com\/blog\/wp-content\/uploads\/2012\/12\/Adrian-Lulgjuraj_ulqin.jpg\"><img loading=\"lazy\" class=\"alignnone  wp-image-67246\" alt=\"Adrian Lulgjuraj_ulqin\" src=\"http:\/\/www.visit-ulcinj.com\/blog\/wp-content\/uploads\/2012\/12\/Adrian-Lulgjuraj_ulqin.jpg\" width=\"508\" height=\"360\" \/><\/a>K\u00ebng\u00ebtari Adrian Lulgjuraj tregon bashk\u00ebpunimin me Bledar Sejkon dhe cilin identitet kan\u00eb humbur, sipas tij, shqiptar\u00ebt.<\/h2>\n<p>\u201cIdentitet\u201d \u00ebsht\u00eb k\u00ebnga e sjell\u00eb n\u00eb nj\u00eb bashk\u00ebpunim mes muzikantit t\u00eb njohur Bledar Sejko dhe k\u00ebng\u00ebtarit nga Ulqini, Adrian Lulgjuraj, q\u00eb do ta p\u00ebrfaq\u00ebsoj\u00eb Shqip\u00ebrin\u00eb n\u00eb Eurovizion. Nj\u00eb k\u00ebng\u00eb e rrym\u00ebs rok, e cila n\u00eb momentin q\u00eb u shpall fituese, u p\u00ebrfol se mund t\u00eb ishte e kopjuar, por si\u00e7 thot\u00eb Adriani, \u201cdo t\u00eb ishte mir\u00eb q\u00eb njer\u00ebzit t\u00eb merreshin me p\u00ebrgatitjen q\u00eb do t\u00eb b\u00ebhet p\u00ebr Eurovizion dhe jo p\u00ebr plagjiatur\u00eb\u201d, sepse sipas tij, ka aq kompozitor\u00eb dhe k\u00ebng\u00ebtar\u00eb t\u00eb talentuar sa nuk \u00ebsht\u00eb e nevojshme t\u00eb flitet p\u00ebr gj\u00ebra, t\u00eb cilat nj\u00eb krijues nuk i b\u00ebn. Po jo vet\u00ebm kaq, Lulgjuraj zbulon edhe disa grimca nga paraqitja spektakolare q\u00eb ata mendojn\u00eb t\u00eb b\u00ebjn\u00eb n\u00eb sken\u00ebn e Festivalit Europian.<\/p>\n<p><strong>Adrian, sapo keni fituar Festivalin n\u00eb RTSH. Cilat jan\u00eb ndjesit\u00eb q\u00eb ju kan\u00eb shoq\u00ebruar k\u00ebto dit\u00eb dhe a mendonit se do t\u00eb ishit ju fituesi?<\/strong><\/p>\n<p>Jan\u00eb ndjesi t\u00eb pap\u00ebrshkrueshme t\u00eb kem nderin t\u00eb p\u00ebrfaq\u00ebsoj Shqip\u00ebrin\u00eb n\u00eb \u201cEurovision\u201d pas paraqitjes dinjitoze t\u00eb vjetshme. P\u00ebrve\u00e7se \u00ebsht\u00eb nj\u00eb k\u00ebnaq\u00ebsi dhe nj\u00eb emocion, gjithashtu \u00ebsht\u00eb edhe nj\u00eb p\u00ebrgjegj\u00ebsi e madhe.<\/p>\n<p><a href=\"http:\/\/www.visit-ulcinj.com\/blog\/wp-content\/uploads\/2012\/12\/Adrian-Lulgjuraj_Tiran.jpg\"><img loading=\"lazy\" class=\"alignnone  wp-image-67247\" alt=\"Adrian Lulgjuraj_Tiran\" src=\"http:\/\/www.visit-ulcinj.com\/blog\/wp-content\/uploads\/2012\/12\/Adrian-Lulgjuraj_Tiran.jpg\" width=\"508\" height=\"300\" \/><\/a><\/p>\n<p><strong>Ju nuk jeni nd\u00ebr ata k\u00ebng\u00ebtar\u00eb komercial\u00eb t\u00eb themi, q\u00eb b\u00ebjn\u00eb klipe vazhdimisht dhe befas emri juaj b\u00ebhet m\u00eb i lakuari mediatikisht\u2026 \u00c7far\u00eb kuptimi ka kjo p\u00ebr ju?<\/strong><\/p>\n<p>Un\u00eb kam vite q\u00eb merrem me muzik\u00eb dhe k\u00ebndoj live n\u00ebp\u00ebr klube dhe koncerte \u2026 Shpresoj ta meritoj vler\u00ebsimin duke punuar dhe duke sjell\u00eb materiale t\u00eb mira n\u00eb treg.<\/p>\n<p><strong>\u00c7far\u00eb mendon se do t\u00eb ndryshoj\u00eb ky \u00e7mim n\u00eb jet\u00ebn tuaj?<\/strong><\/p>\n<p>K\u00ebt\u00eb do e shohim me kalimin e koh\u00ebs. Un\u00eb preferoj ta marr shtruar dhe ta shijoj \u00e7do moment t\u00eb k\u00ebsaj eksperience.<\/p>\n<p>&nbsp;<\/p>\n<p><strong>U fol se k\u00ebnga juaj mund t\u00eb ishte e marr\u00eb nga diku tjet\u00ebr pasi fituat festivalin. Cila arsye n\u00eb bot\u00eb do t\u2019ju \u00e7onte t\u00eb k\u00ebndonit nj\u00eb k\u00ebng\u00eb t\u00eb dikujt tjet\u00ebr, duke e lansuar si tuaj\u00ebn\u2026 Si e sheh plagjiatur\u00ebn dhe vjedhjen e k\u00ebng\u00ebve q\u00eb b\u00ebjn\u00eb disa \u2018artist\u00eb\u201d shqiptar\u00eb?<\/strong><\/p>\n<p>Do t\u00eb doja q\u00eb k\u00ebto fjal\u00eb t\u00eb mos vazhdonin m\u00eb tej, por t\u00eb merreshim m\u00eb shum\u00eb me paraqitjen ton\u00eb n\u00eb \u201cEurosong\u201d dhe shpresoj t\u00eb kem gjith\u00eb Shqip\u00ebrin\u00eb p\u00ebrkrah. Sa p\u00ebr plagjiaturat, do thosha q\u00eb ne s\u2019kemi nevoj\u00eb ta b\u00ebjm\u00eb, pasi kemi kompozitor\u00eb dhe k\u00ebng\u00ebtar\u00eb shum\u00eb t\u00eb talentuar!<\/p>\n<p><strong>Ju jeni nga Ulqini dhe erdh\u00ebt n\u00eb k\u00ebt\u00eb bashk\u00ebpunim me Bledar Sejkon. Si ka ardhur ky bashk\u00ebpunim?<\/strong><\/p>\n<p>Bledi m\u00eb ofroi k\u00ebt\u00eb bashk\u00ebpunimin dhe pa e d\u00ebgjuar fare k\u00ebng\u00ebn i kam dh\u00ebn\u00eb Ok tim.<\/p>\n<p><strong>Sa or\u00eb keni punuar p\u00ebr k\u00ebt\u00eb k\u00ebng\u00eb?<\/strong><\/p>\n<p>Mbase mund t\u00eb duket e \u00e7uditshme, por vet\u00ebm kam d\u00ebgjuar vij\u00ebn melodike, kam hedhur vokalin dhe kam ikur se kisha impenjime t\u00eb tjera me \u201cThe Voice\u201d. Dmth, p\u00ebr gjysm\u00eb ore pun\u00eb mund t\u00eb them se \u00ebsht\u00eb b\u00ebr\u00eb gjith\u00e7ka.<\/p>\n<p><strong>Keni pasur ndonj\u00eb dilem\u00eb gjat\u00eb kompozimit t\u00eb saj?<\/strong><\/p>\n<p>Kompozimi ka qen\u00eb gati dhe s\u2019kemi pasur asnj\u00eb lloj p\u00ebrplasjeje. Kjo mbase ishte edhe formula e suksesit t\u00eb k\u00ebsaj k\u00ebnge.<\/p>\n<p>&nbsp;<\/p>\n<p><strong><a href=\"http:\/\/www.visit-ulcinj.com\/blog\/wp-content\/uploads\/2012\/12\/Adrian-Lulgjuraj_Tiran.1.jpg\"><img loading=\"lazy\" class=\"alignnone  wp-image-67248\" alt=\"Adrian Lulgjuraj_Tiran.1\" src=\"http:\/\/www.visit-ulcinj.com\/blog\/wp-content\/uploads\/2012\/12\/Adrian-Lulgjuraj_Tiran.1.jpg\" width=\"508\" height=\"600\" \/><\/a>Cilat jan\u00eb detajet q\u00eb e b\u00ebjn\u00eb k\u00ebng\u00ebn \u201cIdentitet\u201d t\u00eb denj\u00eb p\u00ebr t\u00eb qen\u00eb ajo p\u00ebrfaq\u00ebsuesja e vendit ton\u00eb n\u00eb \u201cEurovizion\u201d sipas jush?<\/strong><\/p>\n<p>Motivet, fuqia muzikore, dometh\u00ebnia e k\u00ebng\u00ebs dhe me modesti, shpresoj dhe performanca do jet\u00eb di\u00e7ka spektakolare.<\/p>\n<p><strong>Cilin identitet keni dashur t\u00eb tregoni me k\u00ebt\u00eb k\u00ebng\u00eb?<\/strong><\/p>\n<p>Identitetin pothuajse t\u00eb humbur shqiptar.<\/p>\n<p><strong>Dhe p\u00ebr \u00e7far\u00eb identiteti kemi nevoj\u00eb ne si shqiptar\u00eb?<\/strong><\/p>\n<p>Mir\u00ebnjohje, respekt dhe besnik\u00ebri, q\u00eb duhet t\u00eb kishim trash\u00ebguar nga t\u00eb par\u00ebt tan\u00eb.<\/p>\n<p><strong>Si mendon se do t\u00eb na p\u00ebrfaq\u00ebsoj\u00eb kjo k\u00ebng\u00eb e rrym\u00ebs rok?<\/strong><\/p>\n<p>Urojm\u00eb dhe synojm\u00eb sa m\u00eb mir\u00eb. Po besoj se me shum\u00eb pun\u00eb do ia dalim t\u00eb shprehim identitetin ton\u00eb dhe t\u00eb k\u00ebng\u00ebs.<\/p>\n<p><strong>Pse ke preferuar t\u00eb mos jesh shum\u00eb mediatik, t\u00eb pakt\u00ebn n\u00eb Shqip\u00ebri?<\/strong><\/p>\n<p>Kam preferuar t\u00eb b\u00ebj muzik\u00ebn q\u00eb un\u00eb dua dhe pa shkuar drejt komerciales.<\/p>\n<p><strong>Muzika sot, sipas teje, \u00ebsht\u00eb n\u00eb kriz\u00eb apo thjesht ka humbur identitetin duke u b\u00ebr\u00eb m\u00eb globale?<\/strong><\/p>\n<p>Kam p\u00ebrshtypjen q\u00eb edhe njer\u00ebzit po kequshqehen, por kjo periudh\u00eb tranzicioni do kaloj\u00eb shum\u00eb shpejt. (Marr\u00eb Gazeta MAPO)<br \/>\n<iframe loading=\"lazy\" src=\"http:\/\/www.youtube.com\/embed\/Ivu0DHMC7Gw\" height=\"360\" width=\"508\" allowfullscreen=\"\" frameborder=\"0\"><\/iframe><\/p>\n","protected":false},"excerpt":{"rendered":"<p>K\u00ebng\u00ebtari Adrian Lulgjuraj tregon bashk\u00ebpunimin me Bledar Sejkon dhe cilin identitet kan\u00eb humbur, sipas tij, shqiptar\u00ebt. \u201cIdentitet\u201d \u00ebsht\u00eb k\u00ebnga e sjell\u00eb n\u00eb nj\u00eb bashk\u00ebpunim mes muzikantit t\u00eb njohur Bledar Sejko dhe k\u00ebng\u00ebtarit nga Ulqini, Adrian Lulgjuraj, q\u00eb do ta p\u00ebrfaq\u00ebsoj\u00eb Shqip\u00ebrin\u00eb n\u00eb Eurovizion. Nj\u00eb k\u00ebng\u00eb e rrym\u00ebs rok, e cila n\u00eb momentin q\u00eb u shpall [&hellip;]<\/p>\n","protected":false},"author":1,"featured_media":0,"comment_status":"open","ping_status":"closed","sticky":false,"template":"","format":"standard","meta":{"spay_email":"","jetpack_publicize_message":"","jetpack_is_tweetstorm":false,"jetpack_publicize_feature_enabled":true},"categories":[1],"tags":[17977,200],"jetpack_publicize_connections":[],"yoast_head":"<!-- This site is optimized with the Yoast SEO plugin v19.1 - https:\/\/yoast.com\/wordpress\/plugins\/seo\/ -->\n<title>Adrian Lulgjuraj premton spektak\u00ebl n\u00eb Eurosong - Lajme nga Ulqini<\/title>\n<meta name=\"description\" content=\"K\u00ebng\u00ebtari Adrian Lulgjuraj tregon bashk\u00ebpunimin me Bledar Sejkon dhe cilin identitet kan\u00eb humbur, sipas tij, shqiptar\u00ebt. \u201cIdentitet\u201d \u00ebsht\u00eb k\u00ebnga e sjell\u00eb\" \/>\n<meta name=\"robots\" content=\"index, follow, max-snippet:-1, max-image-preview:large, max-video-preview:-1\" \/>\n<link rel=\"canonical\" href=\"https:\/\/www.visit-ulcinj.com\/blog\/2012\/12\/30\/adrian-lulgjuraj-premton-spektakel-ne-eurosong\/\" \/>\n<meta property=\"og:locale\" content=\"en_US\" \/>\n<meta property=\"og:type\" content=\"article\" \/>\n<meta property=\"og:title\" content=\"Adrian Lulgjuraj premton spektak\u00ebl n\u00eb Eurosong - Lajme nga Ulqini\" \/>\n<meta property=\"og:description\" content=\"K\u00ebng\u00ebtari Adrian Lulgjuraj tregon bashk\u00ebpunimin me Bledar Sejkon dhe cilin identitet kan\u00eb humbur, sipas tij, shqiptar\u00ebt. \u201cIdentitet\u201d \u00ebsht\u00eb k\u00ebnga e sjell\u00eb\" \/>\n<meta property=\"og:url\" content=\"https:\/\/www.visit-ulcinj.com\/blog\/2012\/12\/30\/adrian-lulgjuraj-premton-spektakel-ne-eurosong\/\" \/>\n<meta property=\"og:site_name\" content=\"Lajme nga Ulqini\" \/>\n<meta property=\"article:published_time\" content=\"2012-12-30T18:55:47+00:00\" \/>\n<meta property=\"og:image\" content=\"http:\/\/www.visit-ulcinj.com\/blog\/wp-content\/uploads\/2012\/12\/Adrian-Lulgjuraj_ulqin.jpg\" \/>\n<meta name=\"twitter:label1\" content=\"Written by\" \/>\n\t<meta name=\"twitter:data1\" content=\"ulqini\" \/>\n\t<meta name=\"twitter:label2\" content=\"Est. reading time\" \/>\n\t<meta name=\"twitter:data2\" content=\"4 minutes\" \/>\n<script type=\"application\/ld+json\" class=\"yoast-schema-graph\">{\"@context\":\"https:\/\/schema.org\",\"@graph\":[{\"@type\":\"WebSite\",\"@id\":\"https:\/\/www.visit-ulcinj.com\/blog\/#website\",\"url\":\"https:\/\/www.visit-ulcinj.com\/blog\/\",\"name\":\"Lajme nga Ulqini\",\"description\":\"Lajme,Vijesti,Ulqini,Ulqin,Crna Gora,Mali i Zi\",\"potentialAction\":[{\"@type\":\"SearchAction\",\"target\":{\"@type\":\"EntryPoint\",\"urlTemplate\":\"https:\/\/www.visit-ulcinj.com\/blog\/?s={search_term_string}\"},\"query-input\":\"required name=search_term_string\"}],\"inLanguage\":\"en-US\"},{\"@type\":\"ImageObject\",\"inLanguage\":\"en-US\",\"@id\":\"https:\/\/www.visit-ulcinj.com\/blog\/2012\/12\/30\/adrian-lulgjuraj-premton-spektakel-ne-eurosong\/#primaryimage\",\"url\":\"https:\/\/www.visit-ulcinj.com\/blog\/wp-content\/uploads\/2012\/12\/Adrian-Lulgjuraj_ulqin.jpg\",\"contentUrl\":\"https:\/\/www.visit-ulcinj.com\/blog\/wp-content\/uploads\/2012\/12\/Adrian-Lulgjuraj_ulqin.jpg\",\"width\":600,\"height\":402},{\"@type\":\"WebPage\",\"@id\":\"https:\/\/www.visit-ulcinj.com\/blog\/2012\/12\/30\/adrian-lulgjuraj-premton-spektakel-ne-eurosong\/#webpage\",\"url\":\"https:\/\/www.visit-ulcinj.com\/blog\/2012\/12\/30\/adrian-lulgjuraj-premton-spektakel-ne-eurosong\/\",\"name\":\"Adrian Lulgjuraj premton spektak\u00ebl n\u00eb Eurosong - Lajme nga Ulqini\",\"isPartOf\":{\"@id\":\"https:\/\/www.visit-ulcinj.com\/blog\/#website\"},\"primaryImageOfPage\":{\"@id\":\"https:\/\/www.visit-ulcinj.com\/blog\/2012\/12\/30\/adrian-lulgjuraj-premton-spektakel-ne-eurosong\/#primaryimage\"},\"datePublished\":\"2012-12-30T18:55:47+00:00\",\"dateModified\":\"2012-12-30T18:55:47+00:00\",\"author\":{\"@id\":\"https:\/\/www.visit-ulcinj.com\/blog\/#\/schema\/person\/dcab619c614d3038751c63bc2aadc06d\"},\"description\":\"K\u00ebng\u00ebtari Adrian Lulgjuraj tregon bashk\u00ebpunimin me Bledar Sejkon dhe cilin identitet kan\u00eb humbur, sipas tij, shqiptar\u00ebt. \u201cIdentitet\u201d \u00ebsht\u00eb k\u00ebnga e sjell\u00eb\",\"breadcrumb\":{\"@id\":\"https:\/\/www.visit-ulcinj.com\/blog\/2012\/12\/30\/adrian-lulgjuraj-premton-spektakel-ne-eurosong\/#breadcrumb\"},\"inLanguage\":\"en-US\",\"potentialAction\":[{\"@type\":\"ReadAction\",\"target\":[\"https:\/\/www.visit-ulcinj.com\/blog\/2012\/12\/30\/adrian-lulgjuraj-premton-spektakel-ne-eurosong\/\"]}]},{\"@type\":\"BreadcrumbList\",\"@id\":\"https:\/\/www.visit-ulcinj.com\/blog\/2012\/12\/30\/adrian-lulgjuraj-premton-spektakel-ne-eurosong\/#breadcrumb\",\"itemListElement\":[{\"@type\":\"ListItem\",\"position\":1,\"name\":\"Adrian Lulgjuraj premton spektak\u00ebl n\u00eb Eurosong\"}]},{\"@type\":\"Person\",\"@id\":\"https:\/\/www.visit-ulcinj.com\/blog\/#\/schema\/person\/dcab619c614d3038751c63bc2aadc06d\",\"name\":\"ulqini\",\"sameAs\":[\"http:\/\/www.visit-ulcinj.com\"],\"url\":\"https:\/\/www.visit-ulcinj.com\/blog\/author\/admin\/\"}]}<\/script>\n<!-- \/ Yoast SEO plugin. -->","yoast_head_json":{"title":"Adrian Lulgjuraj premton spektak\u00ebl n\u00eb Eurosong - Lajme nga Ulqini","description":"K\u00ebng\u00ebtari Adrian Lulgjuraj tregon bashk\u00ebpunimin me Bledar Sejkon dhe cilin identitet kan\u00eb humbur, sipas tij, shqiptar\u00ebt. \u201cIdentitet\u201d \u00ebsht\u00eb k\u00ebnga e sjell\u00eb","robots":{"index":"index","follow":"follow","max-snippet":"max-snippet:-1","max-image-preview":"max-image-preview:large","max-video-preview":"max-video-preview:-1"},"canonical":"https:\/\/www.visit-ulcinj.com\/blog\/2012\/12\/30\/adrian-lulgjuraj-premton-spektakel-ne-eurosong\/","og_locale":"en_US","og_type":"article","og_title":"Adrian Lulgjuraj premton spektak\u00ebl n\u00eb Eurosong - Lajme nga Ulqini","og_description":"K\u00ebng\u00ebtari Adrian Lulgjuraj tregon bashk\u00ebpunimin me Bledar Sejkon dhe cilin identitet kan\u00eb humbur, sipas tij, shqiptar\u00ebt. \u201cIdentitet\u201d \u00ebsht\u00eb k\u00ebnga e sjell\u00eb","og_url":"https:\/\/www.visit-ulcinj.com\/blog\/2012\/12\/30\/adrian-lulgjuraj-premton-spektakel-ne-eurosong\/","og_site_name":"Lajme nga Ulqini","article_published_time":"2012-12-30T18:55:47+00:00","og_image":[{"url":"http:\/\/www.visit-ulcinj.com\/blog\/wp-content\/uploads\/2012\/12\/Adrian-Lulgjuraj_ulqin.jpg"}],"twitter_misc":{"Written by":"ulqini","Est. reading time":"4 minutes"},"schema":{"@context":"https:\/\/schema.org","@graph":[{"@type":"WebSite","@id":"https:\/\/www.visit-ulcinj.com\/blog\/#website","url":"https:\/\/www.visit-ulcinj.com\/blog\/","name":"Lajme nga Ulqini","description":"Lajme,Vijesti,Ulqini,Ulqin,Crna Gora,Mali i Zi","potentialAction":[{"@type":"SearchAction","target":{"@type":"EntryPoint","urlTemplate":"https:\/\/www.visit-ulcinj.com\/blog\/?s={search_term_string}"},"query-input":"required name=search_term_string"}],"inLanguage":"en-US"},{"@type":"ImageObject","inLanguage":"en-US","@id":"https:\/\/www.visit-ulcinj.com\/blog\/2012\/12\/30\/adrian-lulgjuraj-premton-spektakel-ne-eurosong\/#primaryimage","url":"https:\/\/www.visit-ulcinj.com\/blog\/wp-content\/uploads\/2012\/12\/Adrian-Lulgjuraj_ulqin.jpg","contentUrl":"https:\/\/www.visit-ulcinj.com\/blog\/wp-content\/uploads\/2012\/12\/Adrian-Lulgjuraj_ulqin.jpg","width":600,"height":402},{"@type":"WebPage","@id":"https:\/\/www.visit-ulcinj.com\/blog\/2012\/12\/30\/adrian-lulgjuraj-premton-spektakel-ne-eurosong\/#webpage","url":"https:\/\/www.visit-ulcinj.com\/blog\/2012\/12\/30\/adrian-lulgjuraj-premton-spektakel-ne-eurosong\/","name":"Adrian Lulgjuraj premton spektak\u00ebl n\u00eb Eurosong - Lajme nga Ulqini","isPartOf":{"@id":"https:\/\/www.visit-ulcinj.com\/blog\/#website"},"primaryImageOfPage":{"@id":"https:\/\/www.visit-ulcinj.com\/blog\/2012\/12\/30\/adrian-lulgjuraj-premton-spektakel-ne-eurosong\/#primaryimage"},"datePublished":"2012-12-30T18:55:47+00:00","dateModified":"2012-12-30T18:55:47+00:00","author":{"@id":"https:\/\/www.visit-ulcinj.com\/blog\/#\/schema\/person\/dcab619c614d3038751c63bc2aadc06d"},"description":"K\u00ebng\u00ebtari Adrian Lulgjuraj tregon bashk\u00ebpunimin me Bledar Sejkon dhe cilin identitet kan\u00eb humbur, sipas tij, shqiptar\u00ebt. \u201cIdentitet\u201d \u00ebsht\u00eb k\u00ebnga e sjell\u00eb","breadcrumb":{"@id":"https:\/\/www.visit-ulcinj.com\/blog\/2012\/12\/30\/adrian-lulgjuraj-premton-spektakel-ne-eurosong\/#breadcrumb"},"inLanguage":"en-US","potentialAction":[{"@type":"ReadAction","target":["https:\/\/www.visit-ulcinj.com\/blog\/2012\/12\/30\/adrian-lulgjuraj-premton-spektakel-ne-eurosong\/"]}]},{"@type":"BreadcrumbList","@id":"https:\/\/www.visit-ulcinj.com\/blog\/2012\/12\/30\/adrian-lulgjuraj-premton-spektakel-ne-eurosong\/#breadcrumb","itemListElement":[{"@type":"ListItem","position":1,"name":"Adrian Lulgjuraj premton spektak\u00ebl n\u00eb Eurosong"}]},{"@type":"Person","@id":"https:\/\/www.visit-ulcinj.com\/blog\/#\/schema\/person\/dcab619c614d3038751c63bc2aadc06d","name":"ulqini","sameAs":["http:\/\/www.visit-ulcinj.com"],"url":"https:\/\/www.visit-ulcinj.com\/blog\/author\/admin\/"}]}},"jetpack_featured_media_url":"","jetpack_sharing_enabled":true,"jetpack_shortlink":"https:\/\/wp.me\/pe6lTn-huB","_links":{"self":[{"href":"https:\/\/www.visit-ulcinj.com\/blog\/wp-json\/wp\/v2\/posts\/67245"}],"collection":[{"href":"https:\/\/www.visit-ulcinj.com\/blog\/wp-json\/wp\/v2\/posts"}],"about":[{"href":"https:\/\/www.visit-ulcinj.com\/blog\/wp-json\/wp\/v2\/types\/post"}],"author":[{"embeddable":true,"href":"https:\/\/www.visit-ulcinj.com\/blog\/wp-json\/wp\/v2\/users\/1"}],"replies":[{"embeddable":true,"href":"https:\/\/www.visit-ulcinj.com\/blog\/wp-json\/wp\/v2\/comments?post=67245"}],"version-history":[{"count":1,"href":"https:\/\/www.visit-ulcinj.com\/blog\/wp-json\/wp\/v2\/posts\/67245\/revisions"}],"predecessor-version":[{"id":67249,"href":"https:\/\/www.visit-ulcinj.com\/blog\/wp-json\/wp\/v2\/posts\/67245\/revisions\/67249"}],"wp:attachment":[{"href":"https:\/\/www.visit-ulcinj.com\/blog\/wp-json\/wp\/v2\/media?parent=67245"}],"wp:term":[{"taxonomy":"category","embeddable":true,"href":"https:\/\/www.visit-ulcinj.com\/blog\/wp-json\/wp\/v2\/categories?post=67245"},{"taxonomy":"post_tag","embeddable":true,"href":"https:\/\/www.visit-ulcinj.com\/blog\/wp-json\/wp\/v2\/tags?post=67245"}],"curies":[{"name":"wp","href":"https:\/\/api.w.org\/{rel}","templated":true}]}}