{"id":67250,"date":"2012-12-30T21:02:18","date_gmt":"2012-12-30T20:02:18","guid":{"rendered":"http:\/\/www.visit-ulcinj.com\/blog\/?p=67250"},"modified":"2012-12-30T21:03:23","modified_gmt":"2012-12-30T20:03:23","slug":"2012-vit-i-humbur-per-ulqin","status":"publish","type":"post","link":"https:\/\/www.visit-ulcinj.com\/blog\/2012\/12\/30\/2012-vit-i-humbur-per-ulqin\/","title":{"rendered":"Canka: 2012 &#8211; Vit i humbur p\u00ebr Ulqin"},"content":{"rendered":"<p><a href=\"http:\/\/www.visit-ulcinj.com\/blog\/wp-content\/uploads\/2012\/12\/ULQINI2012.jpg\"><img loading=\"lazy\" class=\"alignnone  wp-image-67251\" alt=\"ULQINI2012\" src=\"http:\/\/www.visit-ulcinj.com\/blog\/wp-content\/uploads\/2012\/12\/ULQINI2012.jpg\" width=\"508\" height=\"360\" \/><\/a>2012 p\u00ebr qytetar\u00ebt e Ulqinit \u00ebsht\u00eb praktikisht vit i humbur. M\u00eb sakt\u00eb, ishte ky viti i zhg\u00ebnjimit. Sepse, sa n\u00eb t\u00eb v\u00ebrtet kemi nga ato q\u00eb mund t\u00eb thon\u00eb se n\u00eb fund t\u00eb k\u00ebtij viti jetojn\u00eb m\u00eb mir\u00eb dhe jan\u00eb m\u00eb t\u00eb lumtur se nj\u00eb vit m\u00eb her\u00ebt. \u00cbsht\u00eb e sigurt q\u00eb p\u00ebr di\u00e7ka t\u00eb till\u00eb ju mjaftojn\u00eb gishtat e t\u00eb dy duarve, derisa numri i atyre q\u00eb jan\u00eb n\u00eb situat\u00eb m\u00eb t\u00eb dob\u00ebt ekonomike \u00ebsht\u00eb me mij\u00ebra.<\/p>\n<p>Si mund t\u00eb jet\u00eb ndryshe kur n\u00eb 2012 nuk filloj nd\u00ebrtimi i asnj\u00eb hoteli t\u00eb madh, kur realizimi i buxhetit t\u00eb komun\u00ebs ishte i mjeruesh\u00ebm 60% dhe kur n\u00eb horizont nuk shihet kthimi i fuqish\u00ebm bujq\u00ebsis\u00eb.<\/p>\n<p>Sikur edhe Zoti Bamir\u00ebs mos ta \u00e7onte koh\u00ebn e mir\u00eb q\u00eb sezoni turistik ti sjell qytetar\u00ebve sado pak t\u00eb ardhura dhe Ullishta t\u00eb b\u00ebj jasht\u00ebzakonisht mir\u00eb, situata do t\u00eb ishte tragjike si n\u00eb Kripore, ku krip kishte si asnj\u00ebher\u00eb, por nuk kishte kush ta mblidhte.<\/p>\n<p>Krahas k\u00ebsaj, Parlamenti lokal me ngut rr\u00ebnon vetveten duke sjell vendime q\u00eb jan\u00eb n\u00eb interes t\u00eb vet\u00ebm nj\u00eb grupi shoq\u00ebror, e n\u00eb d\u00ebm t\u00eb numrit m\u00eb t\u00eb madh t\u00eb qytetar\u00ebve. Sepse, t\u00eb paguajn\u00eb pronar\u00ebt e sht\u00ebpive tatim m\u00eb t\u00eb madh se pronar\u00ebt e objekteve afariste \u00ebsht\u00eb di\u00e7ka q\u00eb nuk b\u00ebn vaki. Besoj q\u00eb kjo nuk ekziston n\u00eb rruzullin tok\u00ebsor. Ato q\u00eb k\u00ebt\u00eb e propozuan dhe e aprovuan ndoshta jan\u00eb udh\u00ebhequr nga q\u00ebllimi q\u00eb t\u00eb pakt\u00ebn me di\u00e7ka t\u00eb njihemi n\u00eb vitin 2012. Aferim! Pra, n\u00eb vend q\u00eb t\u00eb zvog\u00eblohen tatimet p\u00ebr qytetar\u00ebt ton\u00eb, p\u00ebr njer\u00ebzit q\u00eb mbijetojn\u00eb n\u00eb sht\u00ebpit\u00eb e veta, ato do t\u00eb duhet t\u00eb paguajn\u00eb administrat\u00ebn e cila u tregua e suksesshme vet\u00ebm n\u00eb vjeljen e taksave nga qytetar\u00ebt. T\u00eb dh\u00ebnat q\u00eb nga legalizimi i objekteve jan\u00eb vjel\u00a0 vet\u00ebm 26 mij\u00eb euro, e n\u00eb Budve 19 milion, flet mjaftuesh\u00ebm.<\/p>\n<p>Prandaj tentohet q\u00eb populli t\u00eb zbavitet me fushata gjithnj\u00eb e m\u00eb t\u00eb pakuptimta dhe retorik\u00eb boshe, n\u00eb t\u00eb cil\u00ebn pak kush beson m\u00eb. Ndoshta m\u00eb e keqja q\u00eb na ndodhi k\u00ebt\u00eb vit \u00ebsht\u00eb vdekja e shpres\u00ebs q\u00eb mundet m\u00eb mir\u00eb, si dhe m\u00ebsimi q\u00eb interesi i p\u00ebrgjithsh\u00ebm nuk vihet para ati personal. Me k\u00ebsi lloj klase politike,\u00a0 Ulqini mbetet nj\u00eb qytez\u00eb e ngusht\u00eb e njer\u00ebzve t\u00eb ngusht\u00eb!<\/p>\n<p>Por, un\u00eb asnj\u00ebher\u00eb nuk e humba optimizmin, edhe pse do t\u00eb na duhet disa koh\u00eb q\u00eb prap\u00eb t\u00eb mblidhet energjia e nevojshme p\u00ebr ndryshime. Sepse, historia dhe eksperienca na m\u00ebsojn\u00eb q\u00eb jeta, fati dhe gjeografia jan\u00eb m\u00eb t\u00eb fort\u00eb se lakmia, ngusht\u00ebsia dhe padija. Er\u00ebrat e reja n\u00eb kultur\u00eb dhe sport, por edhe n\u00eb politik\u00eb, dhe ve\u00e7an\u00ebrisht aktivitetet e organizatave joqeveritare dhe t\u00eb medieve, jan\u00eb garant q\u00eb ky qytet do t\u00eb jet\u00eb vend i rehatsh\u00ebm p\u00ebr jetes\u00eb t\u00eb pakt\u00ebn t\u00eb f\u00ebmij\u00ebve tan\u00eb. E kjo \u00ebsht\u00eb arsye e mjaftueshme p\u00ebr motivim.<\/p>\n<p>N\u00eb fund t\u00eb fundit, poeti i madh gjerman Gete mrekulluesh\u00ebm tha q\u00eb Zoti krijon prej asgj\u00ebje, e njer\u00ebzit nga rr\u00ebnojat. Prandaj, me plag\u00eb n\u00eb shpirt e p\u00ebrcjellim k\u00ebt\u00eb vit t\u00eb shanseve t\u00eb humbura p\u00ebr komun\u00ebn ton\u00eb duke shpresuar q\u00eb Viti i Ri do t\u00eb sjell m\u00eb shum\u00eb dashuri dhe fat n\u00eb sht\u00ebpit\u00eb tona dhe n\u00eb k\u00ebt\u00eb qytetin ton\u00eb, p\u00ebr ne m\u00eb i dashuri dhe m\u00eb i bukuri n\u00eb bot\u00eb.<\/p>\n<p>&nbsp;<\/p>\n<p><strong>Mustafa Canka<\/strong><\/p>\n","protected":false},"excerpt":{"rendered":"<p>2012 p\u00ebr qytetar\u00ebt e Ulqinit \u00ebsht\u00eb praktikisht vit i humbur. M\u00eb sakt\u00eb, ishte ky viti i zhg\u00ebnjimit. Sepse, sa n\u00eb t\u00eb v\u00ebrtet kemi nga ato q\u00eb mund t\u00eb thon\u00eb se n\u00eb fund t\u00eb k\u00ebtij viti jetojn\u00eb m\u00eb mir\u00eb dhe jan\u00eb m\u00eb t\u00eb lumtur se nj\u00eb vit m\u00eb her\u00ebt. \u00cbsht\u00eb e sigurt q\u00eb p\u00ebr di\u00e7ka t\u00eb [&hellip;]<\/p>\n","protected":false},"author":1,"featured_media":0,"comment_status":"open","ping_status":"closed","sticky":false,"template":"","format":"standard","meta":{"spay_email":"","jetpack_publicize_message":"","jetpack_is_tweetstorm":false,"jetpack_publicize_feature_enabled":true},"categories":[14249],"tags":[18],"jetpack_publicize_connections":[],"yoast_head":"<!-- This site is optimized with the Yoast SEO plugin v19.1 - https:\/\/yoast.com\/wordpress\/plugins\/seo\/ -->\n<title>Canka: 2012 - Vit i humbur p\u00ebr Ulqin - Lajme nga Ulqini<\/title>\n<meta name=\"description\" content=\"2012 p\u00ebr qytetar\u00ebt e Ulqinit \u00ebsht\u00eb praktikisht vit i humbur. M\u00eb sakt\u00eb, ishte ky viti i zhg\u00ebnjimit. Sepse, sa n\u00eb t\u00eb v\u00ebrtet kemi nga ato q\u00eb mund t\u00eb thon\u00eb se\" \/>\n<meta name=\"robots\" content=\"index, follow, max-snippet:-1, max-image-preview:large, max-video-preview:-1\" \/>\n<link rel=\"canonical\" href=\"https:\/\/www.visit-ulcinj.com\/blog\/2012\/12\/30\/2012-vit-i-humbur-per-ulqin\/\" \/>\n<meta property=\"og:locale\" content=\"en_US\" \/>\n<meta property=\"og:type\" content=\"article\" \/>\n<meta property=\"og:title\" content=\"Canka: 2012 - Vit i humbur p\u00ebr Ulqin - Lajme nga Ulqini\" \/>\n<meta property=\"og:description\" content=\"2012 p\u00ebr qytetar\u00ebt e Ulqinit \u00ebsht\u00eb praktikisht vit i humbur. M\u00eb sakt\u00eb, ishte ky viti i zhg\u00ebnjimit. Sepse, sa n\u00eb t\u00eb v\u00ebrtet kemi nga ato q\u00eb mund t\u00eb thon\u00eb se\" \/>\n<meta property=\"og:url\" content=\"https:\/\/www.visit-ulcinj.com\/blog\/2012\/12\/30\/2012-vit-i-humbur-per-ulqin\/\" \/>\n<meta property=\"og:site_name\" content=\"Lajme nga Ulqini\" \/>\n<meta property=\"article:published_time\" content=\"2012-12-30T20:02:18+00:00\" \/>\n<meta property=\"article:modified_time\" content=\"2012-12-30T20:03:23+00:00\" \/>\n<meta property=\"og:image\" content=\"http:\/\/www.visit-ulcinj.com\/blog\/wp-content\/uploads\/2012\/12\/ULQINI2012.jpg\" \/>\n<meta name=\"twitter:label1\" content=\"Written by\" \/>\n\t<meta name=\"twitter:data1\" content=\"ulqini\" \/>\n\t<meta name=\"twitter:label2\" content=\"Est. reading time\" \/>\n\t<meta name=\"twitter:data2\" content=\"3 minutes\" \/>\n<script type=\"application\/ld+json\" class=\"yoast-schema-graph\">{\"@context\":\"https:\/\/schema.org\",\"@graph\":[{\"@type\":\"WebSite\",\"@id\":\"https:\/\/www.visit-ulcinj.com\/blog\/#website\",\"url\":\"https:\/\/www.visit-ulcinj.com\/blog\/\",\"name\":\"Lajme nga Ulqini\",\"description\":\"Lajme,Vijesti,Ulqini,Ulqin,Crna Gora,Mali i Zi\",\"potentialAction\":[{\"@type\":\"SearchAction\",\"target\":{\"@type\":\"EntryPoint\",\"urlTemplate\":\"https:\/\/www.visit-ulcinj.com\/blog\/?s={search_term_string}\"},\"query-input\":\"required name=search_term_string\"}],\"inLanguage\":\"en-US\"},{\"@type\":\"ImageObject\",\"inLanguage\":\"en-US\",\"@id\":\"https:\/\/www.visit-ulcinj.com\/blog\/2012\/12\/30\/2012-vit-i-humbur-per-ulqin\/#primaryimage\",\"url\":\"https:\/\/www.visit-ulcinj.com\/blog\/wp-content\/uploads\/2012\/12\/ULQINI2012.jpg\",\"contentUrl\":\"https:\/\/www.visit-ulcinj.com\/blog\/wp-content\/uploads\/2012\/12\/ULQINI2012.jpg\",\"width\":1024,\"height\":683},{\"@type\":\"WebPage\",\"@id\":\"https:\/\/www.visit-ulcinj.com\/blog\/2012\/12\/30\/2012-vit-i-humbur-per-ulqin\/#webpage\",\"url\":\"https:\/\/www.visit-ulcinj.com\/blog\/2012\/12\/30\/2012-vit-i-humbur-per-ulqin\/\",\"name\":\"Canka: 2012 - Vit i humbur p\u00ebr Ulqin - Lajme nga Ulqini\",\"isPartOf\":{\"@id\":\"https:\/\/www.visit-ulcinj.com\/blog\/#website\"},\"primaryImageOfPage\":{\"@id\":\"https:\/\/www.visit-ulcinj.com\/blog\/2012\/12\/30\/2012-vit-i-humbur-per-ulqin\/#primaryimage\"},\"datePublished\":\"2012-12-30T20:02:18+00:00\",\"dateModified\":\"2012-12-30T20:03:23+00:00\",\"author\":{\"@id\":\"https:\/\/www.visit-ulcinj.com\/blog\/#\/schema\/person\/dcab619c614d3038751c63bc2aadc06d\"},\"description\":\"2012 p\u00ebr qytetar\u00ebt e Ulqinit \u00ebsht\u00eb praktikisht vit i humbur. M\u00eb sakt\u00eb, ishte ky viti i zhg\u00ebnjimit. Sepse, sa n\u00eb t\u00eb v\u00ebrtet kemi nga ato q\u00eb mund t\u00eb thon\u00eb se\",\"breadcrumb\":{\"@id\":\"https:\/\/www.visit-ulcinj.com\/blog\/2012\/12\/30\/2012-vit-i-humbur-per-ulqin\/#breadcrumb\"},\"inLanguage\":\"en-US\",\"potentialAction\":[{\"@type\":\"ReadAction\",\"target\":[\"https:\/\/www.visit-ulcinj.com\/blog\/2012\/12\/30\/2012-vit-i-humbur-per-ulqin\/\"]}]},{\"@type\":\"BreadcrumbList\",\"@id\":\"https:\/\/www.visit-ulcinj.com\/blog\/2012\/12\/30\/2012-vit-i-humbur-per-ulqin\/#breadcrumb\",\"itemListElement\":[{\"@type\":\"ListItem\",\"position\":1,\"name\":\"Canka: 2012 &#8211; Vit i humbur p\u00ebr Ulqin\"}]},{\"@type\":\"Person\",\"@id\":\"https:\/\/www.visit-ulcinj.com\/blog\/#\/schema\/person\/dcab619c614d3038751c63bc2aadc06d\",\"name\":\"ulqini\",\"sameAs\":[\"http:\/\/www.visit-ulcinj.com\"],\"url\":\"https:\/\/www.visit-ulcinj.com\/blog\/author\/admin\/\"}]}<\/script>\n<!-- \/ Yoast SEO plugin. -->","yoast_head_json":{"title":"Canka: 2012 - Vit i humbur p\u00ebr Ulqin - Lajme nga Ulqini","description":"2012 p\u00ebr qytetar\u00ebt e Ulqinit \u00ebsht\u00eb praktikisht vit i humbur. M\u00eb sakt\u00eb, ishte ky viti i zhg\u00ebnjimit. Sepse, sa n\u00eb t\u00eb v\u00ebrtet kemi nga ato q\u00eb mund t\u00eb thon\u00eb se","robots":{"index":"index","follow":"follow","max-snippet":"max-snippet:-1","max-image-preview":"max-image-preview:large","max-video-preview":"max-video-preview:-1"},"canonical":"https:\/\/www.visit-ulcinj.com\/blog\/2012\/12\/30\/2012-vit-i-humbur-per-ulqin\/","og_locale":"en_US","og_type":"article","og_title":"Canka: 2012 - Vit i humbur p\u00ebr Ulqin - Lajme nga Ulqini","og_description":"2012 p\u00ebr qytetar\u00ebt e Ulqinit \u00ebsht\u00eb praktikisht vit i humbur. M\u00eb sakt\u00eb, ishte ky viti i zhg\u00ebnjimit. Sepse, sa n\u00eb t\u00eb v\u00ebrtet kemi nga ato q\u00eb mund t\u00eb thon\u00eb se","og_url":"https:\/\/www.visit-ulcinj.com\/blog\/2012\/12\/30\/2012-vit-i-humbur-per-ulqin\/","og_site_name":"Lajme nga Ulqini","article_published_time":"2012-12-30T20:02:18+00:00","article_modified_time":"2012-12-30T20:03:23+00:00","og_image":[{"url":"http:\/\/www.visit-ulcinj.com\/blog\/wp-content\/uploads\/2012\/12\/ULQINI2012.jpg"}],"twitter_misc":{"Written by":"ulqini","Est. reading time":"3 minutes"},"schema":{"@context":"https:\/\/schema.org","@graph":[{"@type":"WebSite","@id":"https:\/\/www.visit-ulcinj.com\/blog\/#website","url":"https:\/\/www.visit-ulcinj.com\/blog\/","name":"Lajme nga Ulqini","description":"Lajme,Vijesti,Ulqini,Ulqin,Crna Gora,Mali i Zi","potentialAction":[{"@type":"SearchAction","target":{"@type":"EntryPoint","urlTemplate":"https:\/\/www.visit-ulcinj.com\/blog\/?s={search_term_string}"},"query-input":"required name=search_term_string"}],"inLanguage":"en-US"},{"@type":"ImageObject","inLanguage":"en-US","@id":"https:\/\/www.visit-ulcinj.com\/blog\/2012\/12\/30\/2012-vit-i-humbur-per-ulqin\/#primaryimage","url":"https:\/\/www.visit-ulcinj.com\/blog\/wp-content\/uploads\/2012\/12\/ULQINI2012.jpg","contentUrl":"https:\/\/www.visit-ulcinj.com\/blog\/wp-content\/uploads\/2012\/12\/ULQINI2012.jpg","width":1024,"height":683},{"@type":"WebPage","@id":"https:\/\/www.visit-ulcinj.com\/blog\/2012\/12\/30\/2012-vit-i-humbur-per-ulqin\/#webpage","url":"https:\/\/www.visit-ulcinj.com\/blog\/2012\/12\/30\/2012-vit-i-humbur-per-ulqin\/","name":"Canka: 2012 - Vit i humbur p\u00ebr Ulqin - Lajme nga Ulqini","isPartOf":{"@id":"https:\/\/www.visit-ulcinj.com\/blog\/#website"},"primaryImageOfPage":{"@id":"https:\/\/www.visit-ulcinj.com\/blog\/2012\/12\/30\/2012-vit-i-humbur-per-ulqin\/#primaryimage"},"datePublished":"2012-12-30T20:02:18+00:00","dateModified":"2012-12-30T20:03:23+00:00","author":{"@id":"https:\/\/www.visit-ulcinj.com\/blog\/#\/schema\/person\/dcab619c614d3038751c63bc2aadc06d"},"description":"2012 p\u00ebr qytetar\u00ebt e Ulqinit \u00ebsht\u00eb praktikisht vit i humbur. M\u00eb sakt\u00eb, ishte ky viti i zhg\u00ebnjimit. Sepse, sa n\u00eb t\u00eb v\u00ebrtet kemi nga ato q\u00eb mund t\u00eb thon\u00eb se","breadcrumb":{"@id":"https:\/\/www.visit-ulcinj.com\/blog\/2012\/12\/30\/2012-vit-i-humbur-per-ulqin\/#breadcrumb"},"inLanguage":"en-US","potentialAction":[{"@type":"ReadAction","target":["https:\/\/www.visit-ulcinj.com\/blog\/2012\/12\/30\/2012-vit-i-humbur-per-ulqin\/"]}]},{"@type":"BreadcrumbList","@id":"https:\/\/www.visit-ulcinj.com\/blog\/2012\/12\/30\/2012-vit-i-humbur-per-ulqin\/#breadcrumb","itemListElement":[{"@type":"ListItem","position":1,"name":"Canka: 2012 &#8211; Vit i humbur p\u00ebr Ulqin"}]},{"@type":"Person","@id":"https:\/\/www.visit-ulcinj.com\/blog\/#\/schema\/person\/dcab619c614d3038751c63bc2aadc06d","name":"ulqini","sameAs":["http:\/\/www.visit-ulcinj.com"],"url":"https:\/\/www.visit-ulcinj.com\/blog\/author\/admin\/"}]}},"jetpack_featured_media_url":"","jetpack_sharing_enabled":true,"jetpack_shortlink":"https:\/\/wp.me\/pe6lTn-huG","_links":{"self":[{"href":"https:\/\/www.visit-ulcinj.com\/blog\/wp-json\/wp\/v2\/posts\/67250"}],"collection":[{"href":"https:\/\/www.visit-ulcinj.com\/blog\/wp-json\/wp\/v2\/posts"}],"about":[{"href":"https:\/\/www.visit-ulcinj.com\/blog\/wp-json\/wp\/v2\/types\/post"}],"author":[{"embeddable":true,"href":"https:\/\/www.visit-ulcinj.com\/blog\/wp-json\/wp\/v2\/users\/1"}],"replies":[{"embeddable":true,"href":"https:\/\/www.visit-ulcinj.com\/blog\/wp-json\/wp\/v2\/comments?post=67250"}],"version-history":[{"count":2,"href":"https:\/\/www.visit-ulcinj.com\/blog\/wp-json\/wp\/v2\/posts\/67250\/revisions"}],"predecessor-version":[{"id":67253,"href":"https:\/\/www.visit-ulcinj.com\/blog\/wp-json\/wp\/v2\/posts\/67250\/revisions\/67253"}],"wp:attachment":[{"href":"https:\/\/www.visit-ulcinj.com\/blog\/wp-json\/wp\/v2\/media?parent=67250"}],"wp:term":[{"taxonomy":"category","embeddable":true,"href":"https:\/\/www.visit-ulcinj.com\/blog\/wp-json\/wp\/v2\/categories?post=67250"},{"taxonomy":"post_tag","embeddable":true,"href":"https:\/\/www.visit-ulcinj.com\/blog\/wp-json\/wp\/v2\/tags?post=67250"}],"curies":[{"name":"wp","href":"https:\/\/api.w.org\/{rel}","templated":true}]}}