{"id":67273,"date":"2012-12-30T22:23:49","date_gmt":"2012-12-30T21:23:49","guid":{"rendered":"http:\/\/www.visit-ulcinj.com\/blog\/?p=67273"},"modified":"2012-12-30T22:48:38","modified_gmt":"2012-12-30T21:48:38","slug":"rita-ora-transparente","status":"publish","type":"post","link":"https:\/\/www.visit-ulcinj.com\/blog\/2012\/12\/30\/rita-ora-transparente\/","title":{"rendered":"Rita Ora \u201ctransparente\u201d!"},"content":{"rendered":"<p><a href=\"http:\/\/www.visit-ulcinj.com\/blog\/wp-content\/uploads\/2012\/12\/RitaOra.png\"><img loading=\"lazy\" class=\"alignnone  wp-image-67274\" alt=\"RitaOra\" src=\"http:\/\/www.visit-ulcinj.com\/blog\/wp-content\/uploads\/2012\/12\/RitaOra.png\" width=\"508\" height=\"300\" \/><\/a>Rita Ora duket se i ka shijuar maksimalisht pushimet e saj n\u00eb Dubai, nd\u00ebrsa n\u00eb k\u00ebto foto t\u00eb fundit t\u00eb botuara nga The Sun ajo duket me \u201ce nxeht\u00eb\u201d se kurr\u00eb.<\/p>\n<p>Me rrobabanjo t\u00eb bardha dhe tejet transparente, Rita Ora shfaqet jasht\u00ebzakonisht e fresk\u00ebt, nd\u00ebrsa kalon koh\u00eb n\u00eb nj\u00eb pishin\u00eb.<\/p>\n<p>Vipat.info<br \/>\n<br \/>\n<iframe loading=\"lazy\" src=\"http:\/\/www.youtube.com\/embed\/uI6VfwBV8Gc\" height=\"360\" width=\"508\" allowfullscreen=\"\" frameborder=\"0\"><\/iframe><\/p>\n","protected":false},"excerpt":{"rendered":"<p>Rita Ora duket se i ka shijuar maksimalisht pushimet e saj n\u00eb Dubai, nd\u00ebrsa n\u00eb k\u00ebto foto t\u00eb fundit t\u00eb botuara nga The Sun ajo duket me \u201ce nxeht\u00eb\u201d se kurr\u00eb. Me rrobabanjo t\u00eb bardha dhe tejet transparente, Rita Ora shfaqet jasht\u00ebzakonisht e fresk\u00ebt, nd\u00ebrsa kalon koh\u00eb n\u00eb nj\u00eb pishin\u00eb. Vipat.info<\/p>\n","protected":false},"author":1,"featured_media":0,"comment_status":"open","ping_status":"closed","sticky":false,"template":"","format":"standard","meta":{"spay_email":"","jetpack_publicize_message":"","jetpack_is_tweetstorm":false,"jetpack_publicize_feature_enabled":true},"categories":[1],"tags":[19677,19806,16036,19514,19511,13349,19513,6693,4684,19460],"jetpack_publicize_connections":[],"yoast_head":"<!-- This site is optimized with the Yoast SEO plugin v19.1 - https:\/\/yoast.com\/wordpress\/plugins\/seo\/ -->\n<title>Rita Ora \u201ctransparente\u201d! - Lajme nga Ulqini<\/title>\n<meta name=\"description\" content=\"Rita Ora duket se i ka shijuar maksimalisht pushimet e saj n\u00eb Dubai, nd\u00ebrsa n\u00eb k\u00ebto foto t\u00eb fundit t\u00eb botuara nga The Sun ajo duket me \u201ce nxeht\u00eb\u201d se\" \/>\n<meta name=\"robots\" content=\"index, follow, max-snippet:-1, max-image-preview:large, max-video-preview:-1\" \/>\n<link rel=\"canonical\" href=\"https:\/\/www.visit-ulcinj.com\/blog\/2012\/12\/30\/rita-ora-transparente\/\" \/>\n<meta property=\"og:locale\" content=\"en_US\" \/>\n<meta property=\"og:type\" content=\"article\" \/>\n<meta property=\"og:title\" content=\"Rita Ora \u201ctransparente\u201d! - Lajme nga Ulqini\" \/>\n<meta property=\"og:description\" content=\"Rita Ora duket se i ka shijuar maksimalisht pushimet e saj n\u00eb Dubai, nd\u00ebrsa n\u00eb k\u00ebto foto t\u00eb fundit t\u00eb botuara nga The Sun ajo duket me \u201ce nxeht\u00eb\u201d se\" \/>\n<meta property=\"og:url\" content=\"https:\/\/www.visit-ulcinj.com\/blog\/2012\/12\/30\/rita-ora-transparente\/\" \/>\n<meta property=\"og:site_name\" content=\"Lajme nga Ulqini\" \/>\n<meta property=\"article:published_time\" content=\"2012-12-30T21:23:49+00:00\" \/>\n<meta property=\"article:modified_time\" content=\"2012-12-30T21:48:38+00:00\" \/>\n<meta property=\"og:image\" content=\"http:\/\/www.visit-ulcinj.com\/blog\/wp-content\/uploads\/2012\/12\/RitaOra.png\" \/>\n<meta name=\"twitter:label1\" content=\"Written by\" \/>\n\t<meta name=\"twitter:data1\" content=\"ulqini\" \/>\n<script type=\"application\/ld+json\" class=\"yoast-schema-graph\">{\"@context\":\"https:\/\/schema.org\",\"@graph\":[{\"@type\":\"WebSite\",\"@id\":\"https:\/\/www.visit-ulcinj.com\/blog\/#website\",\"url\":\"https:\/\/www.visit-ulcinj.com\/blog\/\",\"name\":\"Lajme nga Ulqini\",\"description\":\"Lajme,Vijesti,Ulqini,Ulqin,Crna Gora,Mali i Zi\",\"potentialAction\":[{\"@type\":\"SearchAction\",\"target\":{\"@type\":\"EntryPoint\",\"urlTemplate\":\"https:\/\/www.visit-ulcinj.com\/blog\/?s={search_term_string}\"},\"query-input\":\"required name=search_term_string\"}],\"inLanguage\":\"en-US\"},{\"@type\":\"ImageObject\",\"inLanguage\":\"en-US\",\"@id\":\"https:\/\/www.visit-ulcinj.com\/blog\/2012\/12\/30\/rita-ora-transparente\/#primaryimage\",\"url\":\"http:\/\/www.visit-ulcinj.com\/blog\/wp-content\/uploads\/2012\/12\/RitaOra.png\",\"contentUrl\":\"http:\/\/www.visit-ulcinj.com\/blog\/wp-content\/uploads\/2012\/12\/RitaOra.png\"},{\"@type\":\"WebPage\",\"@id\":\"https:\/\/www.visit-ulcinj.com\/blog\/2012\/12\/30\/rita-ora-transparente\/#webpage\",\"url\":\"https:\/\/www.visit-ulcinj.com\/blog\/2012\/12\/30\/rita-ora-transparente\/\",\"name\":\"Rita Ora \u201ctransparente\u201d! - Lajme nga Ulqini\",\"isPartOf\":{\"@id\":\"https:\/\/www.visit-ulcinj.com\/blog\/#website\"},\"primaryImageOfPage\":{\"@id\":\"https:\/\/www.visit-ulcinj.com\/blog\/2012\/12\/30\/rita-ora-transparente\/#primaryimage\"},\"datePublished\":\"2012-12-30T21:23:49+00:00\",\"dateModified\":\"2012-12-30T21:48:38+00:00\",\"author\":{\"@id\":\"https:\/\/www.visit-ulcinj.com\/blog\/#\/schema\/person\/dcab619c614d3038751c63bc2aadc06d\"},\"description\":\"Rita Ora duket se i ka shijuar maksimalisht pushimet e saj n\u00eb Dubai, nd\u00ebrsa n\u00eb k\u00ebto foto t\u00eb fundit t\u00eb botuara nga The Sun ajo duket me \u201ce nxeht\u00eb\u201d se\",\"breadcrumb\":{\"@id\":\"https:\/\/www.visit-ulcinj.com\/blog\/2012\/12\/30\/rita-ora-transparente\/#breadcrumb\"},\"inLanguage\":\"en-US\",\"potentialAction\":[{\"@type\":\"ReadAction\",\"target\":[\"https:\/\/www.visit-ulcinj.com\/blog\/2012\/12\/30\/rita-ora-transparente\/\"]}]},{\"@type\":\"BreadcrumbList\",\"@id\":\"https:\/\/www.visit-ulcinj.com\/blog\/2012\/12\/30\/rita-ora-transparente\/#breadcrumb\",\"itemListElement\":[{\"@type\":\"ListItem\",\"position\":1,\"name\":\"Rita Ora \u201ctransparente\u201d!\"}]},{\"@type\":\"Person\",\"@id\":\"https:\/\/www.visit-ulcinj.com\/blog\/#\/schema\/person\/dcab619c614d3038751c63bc2aadc06d\",\"name\":\"ulqini\",\"sameAs\":[\"http:\/\/www.visit-ulcinj.com\"],\"url\":\"https:\/\/www.visit-ulcinj.com\/blog\/author\/admin\/\"}]}<\/script>\n<!-- \/ Yoast SEO plugin. -->","yoast_head_json":{"title":"Rita Ora \u201ctransparente\u201d! - Lajme nga Ulqini","description":"Rita Ora duket se i ka shijuar maksimalisht pushimet e saj n\u00eb Dubai, nd\u00ebrsa n\u00eb k\u00ebto foto t\u00eb fundit t\u00eb botuara nga The Sun ajo duket me \u201ce nxeht\u00eb\u201d se","robots":{"index":"index","follow":"follow","max-snippet":"max-snippet:-1","max-image-preview":"max-image-preview:large","max-video-preview":"max-video-preview:-1"},"canonical":"https:\/\/www.visit-ulcinj.com\/blog\/2012\/12\/30\/rita-ora-transparente\/","og_locale":"en_US","og_type":"article","og_title":"Rita Ora \u201ctransparente\u201d! - Lajme nga Ulqini","og_description":"Rita Ora duket se i ka shijuar maksimalisht pushimet e saj n\u00eb Dubai, nd\u00ebrsa n\u00eb k\u00ebto foto t\u00eb fundit t\u00eb botuara nga The Sun ajo duket me \u201ce nxeht\u00eb\u201d se","og_url":"https:\/\/www.visit-ulcinj.com\/blog\/2012\/12\/30\/rita-ora-transparente\/","og_site_name":"Lajme nga Ulqini","article_published_time":"2012-12-30T21:23:49+00:00","article_modified_time":"2012-12-30T21:48:38+00:00","og_image":[{"url":"http:\/\/www.visit-ulcinj.com\/blog\/wp-content\/uploads\/2012\/12\/RitaOra.png"}],"twitter_misc":{"Written by":"ulqini"},"schema":{"@context":"https:\/\/schema.org","@graph":[{"@type":"WebSite","@id":"https:\/\/www.visit-ulcinj.com\/blog\/#website","url":"https:\/\/www.visit-ulcinj.com\/blog\/","name":"Lajme nga Ulqini","description":"Lajme,Vijesti,Ulqini,Ulqin,Crna Gora,Mali i Zi","potentialAction":[{"@type":"SearchAction","target":{"@type":"EntryPoint","urlTemplate":"https:\/\/www.visit-ulcinj.com\/blog\/?s={search_term_string}"},"query-input":"required name=search_term_string"}],"inLanguage":"en-US"},{"@type":"ImageObject","inLanguage":"en-US","@id":"https:\/\/www.visit-ulcinj.com\/blog\/2012\/12\/30\/rita-ora-transparente\/#primaryimage","url":"http:\/\/www.visit-ulcinj.com\/blog\/wp-content\/uploads\/2012\/12\/RitaOra.png","contentUrl":"http:\/\/www.visit-ulcinj.com\/blog\/wp-content\/uploads\/2012\/12\/RitaOra.png"},{"@type":"WebPage","@id":"https:\/\/www.visit-ulcinj.com\/blog\/2012\/12\/30\/rita-ora-transparente\/#webpage","url":"https:\/\/www.visit-ulcinj.com\/blog\/2012\/12\/30\/rita-ora-transparente\/","name":"Rita Ora \u201ctransparente\u201d! - Lajme nga Ulqini","isPartOf":{"@id":"https:\/\/www.visit-ulcinj.com\/blog\/#website"},"primaryImageOfPage":{"@id":"https:\/\/www.visit-ulcinj.com\/blog\/2012\/12\/30\/rita-ora-transparente\/#primaryimage"},"datePublished":"2012-12-30T21:23:49+00:00","dateModified":"2012-12-30T21:48:38+00:00","author":{"@id":"https:\/\/www.visit-ulcinj.com\/blog\/#\/schema\/person\/dcab619c614d3038751c63bc2aadc06d"},"description":"Rita Ora duket se i ka shijuar maksimalisht pushimet e saj n\u00eb Dubai, nd\u00ebrsa n\u00eb k\u00ebto foto t\u00eb fundit t\u00eb botuara nga The Sun ajo duket me \u201ce nxeht\u00eb\u201d se","breadcrumb":{"@id":"https:\/\/www.visit-ulcinj.com\/blog\/2012\/12\/30\/rita-ora-transparente\/#breadcrumb"},"inLanguage":"en-US","potentialAction":[{"@type":"ReadAction","target":["https:\/\/www.visit-ulcinj.com\/blog\/2012\/12\/30\/rita-ora-transparente\/"]}]},{"@type":"BreadcrumbList","@id":"https:\/\/www.visit-ulcinj.com\/blog\/2012\/12\/30\/rita-ora-transparente\/#breadcrumb","itemListElement":[{"@type":"ListItem","position":1,"name":"Rita Ora \u201ctransparente\u201d!"}]},{"@type":"Person","@id":"https:\/\/www.visit-ulcinj.com\/blog\/#\/schema\/person\/dcab619c614d3038751c63bc2aadc06d","name":"ulqini","sameAs":["http:\/\/www.visit-ulcinj.com"],"url":"https:\/\/www.visit-ulcinj.com\/blog\/author\/admin\/"}]}},"jetpack_featured_media_url":"","jetpack_sharing_enabled":true,"jetpack_shortlink":"https:\/\/wp.me\/pe6lTn-hv3","_links":{"self":[{"href":"https:\/\/www.visit-ulcinj.com\/blog\/wp-json\/wp\/v2\/posts\/67273"}],"collection":[{"href":"https:\/\/www.visit-ulcinj.com\/blog\/wp-json\/wp\/v2\/posts"}],"about":[{"href":"https:\/\/www.visit-ulcinj.com\/blog\/wp-json\/wp\/v2\/types\/post"}],"author":[{"embeddable":true,"href":"https:\/\/www.visit-ulcinj.com\/blog\/wp-json\/wp\/v2\/users\/1"}],"replies":[{"embeddable":true,"href":"https:\/\/www.visit-ulcinj.com\/blog\/wp-json\/wp\/v2\/comments?post=67273"}],"version-history":[{"count":2,"href":"https:\/\/www.visit-ulcinj.com\/blog\/wp-json\/wp\/v2\/posts\/67273\/revisions"}],"predecessor-version":[{"id":67283,"href":"https:\/\/www.visit-ulcinj.com\/blog\/wp-json\/wp\/v2\/posts\/67273\/revisions\/67283"}],"wp:attachment":[{"href":"https:\/\/www.visit-ulcinj.com\/blog\/wp-json\/wp\/v2\/media?parent=67273"}],"wp:term":[{"taxonomy":"category","embeddable":true,"href":"https:\/\/www.visit-ulcinj.com\/blog\/wp-json\/wp\/v2\/categories?post=67273"},{"taxonomy":"post_tag","embeddable":true,"href":"https:\/\/www.visit-ulcinj.com\/blog\/wp-json\/wp\/v2\/tags?post=67273"}],"curies":[{"name":"wp","href":"https:\/\/api.w.org\/{rel}","templated":true}]}}