{"id":67276,"date":"2012-12-30T22:44:31","date_gmt":"2012-12-30T21:44:31","guid":{"rendered":"http:\/\/www.visit-ulcinj.com\/blog\/?p=67276"},"modified":"2012-12-30T22:45:36","modified_gmt":"2012-12-30T21:45:36","slug":"ja-kush-e-kerkoi-doren-e-angela-martinit","status":"publish","type":"post","link":"https:\/\/www.visit-ulcinj.com\/blog\/2012\/12\/30\/ja-kush-e-kerkoi-doren-e-angela-martinit\/","title":{"rendered":"Ja kush e k\u00ebrkoi dor\u00ebn e Angela Martinit?"},"content":{"rendered":"<p><a href=\"http:\/\/www.visit-ulcinj.com\/blog\/wp-content\/uploads\/2012\/12\/angela-martini.jpg\"><img loading=\"lazy\" class=\"alignnone  wp-image-67277\" alt=\"angela martini\" src=\"http:\/\/www.visit-ulcinj.com\/blog\/wp-content\/uploads\/2012\/12\/angela-martini.jpg\" width=\"508\" height=\"323\" \/><\/a>\u201cEdhe pse e lakmuar, ka ndodhur q\u00eb Angela \u00ebsht\u00eb zhg\u00ebnjyer nga meshkujt\u201d<\/p>\n<p>Ka thyer \u00e7do tabu, duke u zhveshur nga komplekset dhe rivalet e saj q\u00eb ndoshta jetojn\u00eb n\u00eb Shqip\u00ebri. \u00c7do lajm p\u00ebr Angela Martinin ka fjal\u00ebn \u201czhveshje\u201d n\u00eb titull, sepse ajo ka vendosur ta t\u00ebrheq\u00eb k\u00ebshtu v\u00ebmendjen. Por p\u00ebr shum\u00eb personazhe t\u00eb njohur, ky imazh i krijuar mediatikisht mund t\u00eb kthehet n\u00eb nj\u00eb bumerang, n\u00ebse papritur do t\u00eb vendos\u00eb t\u2019i l\u00ebr\u00eb t\u00eb gjitha k\u00ebto dhe t\u00eb vendos\u00eb t\u00eb krijoj\u00eb familje. V\u00ebllai i saj m\u00eb i madh, Blerti Ceprati, zbulon disa sekrete m\u00eb shum\u00eb p\u00ebr jet\u00ebn e saj personale q\u00eb nga f\u00ebmij\u00ebria n\u00eb Shkod\u00ebr dhe tashm\u00eb p\u00ebr jet\u00ebn e saj n\u00eb Nju Jork. Ai tregon p\u00ebr tri propozimet p\u00ebr martes\u00eb, q\u00eb i jan\u00eb b\u00ebr\u00eb asaj nga familje mbret\u00ebrore n\u00eb bot\u00eb.<\/p>\n<p>Angela, asnj\u00ebher\u00eb nuk ke folur n\u00eb media p\u00ebr familjen. \u00c7\u2019mund t\u00eb na zbulosh si v\u00ebllai i saj?<br \/>\nJemi nj\u00eb familje e kompletuar mot\u00ebr-v\u00eblla e prind\u00ebrit. Po ashtu un\u00eb dhe motra jemi shum\u00eb pran\u00eb nj\u00ebri-tjetrit, madje mund t\u00eb tregoj nj\u00eb sekret t\u00eb vog\u00ebl, q\u00eb n\u00eb mosh\u00ebn dyvje\u00e7are un\u00eb jam kujdesur p\u00ebr t\u00eb nj\u00eb vit rresht, nd\u00ebrsa n\u00ebna nuk kishte mund\u00ebsi t\u00eb kujdesej pasi shkonte n\u00eb pun\u00eb. Di t\u00eb them q\u00eb e respektojm\u00eb shum\u00eb nj\u00ebri-tjetrin edhe tani q\u00eb ajo ka marr\u00eb fam\u00eb. Ne kemi nj\u00eb n\u00ebn\u00eb q\u00eb na mban af\u00ebr dhe t\u00eb bashkuar kudo ku ndodhemi, dhe un\u00eb po ashtu e kam shoq\u00ebruar kudo, p\u00ebr t\u00eb qen\u00eb t\u00eb bashkuar kudo.<\/p>\n<p>Nga \u00e7\u2019prind\u00ebr \u00ebsht\u00eb rritur ajo, cilat jan\u00eb profesionet e tyre?<br \/>\nBabai \u00ebsht\u00eb inxhinier i talentuar dhe mund t\u00eb them q\u00eb si ai jan\u00eb vet\u00ebm shtat\u00eb emra n\u00eb bot\u00eb. Kurse n\u00ebna jon\u00eb \u00ebsht\u00eb pedagoge, e dekoruar me \u00e7mimin prestigjioz \u201cUnesco\u201d.<br \/>\nCilit prej prind\u00ebrve i ngjan ajo, prej nga e trash\u00ebgon shtatlart\u00ebsin\u00eb dhe bukurin\u00eb?<br \/>\nN\u00eb p\u00ebrgjith\u00ebsi jemi familje e bukur dhe shtathedhur. (qesh).<\/p>\n<p>\u00cbsht\u00eb Angela nj\u00eb vajz\u00eb me ambicie, apo fama e saj erdhi k\u00ebshtu papritur?<\/p>\n<p>Angela q\u00eb e vog\u00ebl ishte nj\u00eb f\u00ebmij\u00eb q\u00eb kishte pasion mod\u00ebn. Mbaj mend q\u00eb i mblidhte t\u00eb gjith\u00eb f\u00ebmij\u00ebt e lagjes p\u00ebr t\u00eb organizuar sfilita e festa t\u00eb ndryshme. Pra, dua t\u00eb them q\u00eb ishte f\u00ebmij\u00eb social, shum\u00eb e dashur dhe e thjesht\u00eb me t\u00eb gjith\u00eb. N\u00eb t\u00eb nj\u00ebjt\u00ebn koh\u00eb kishte nj\u00eb karakter t\u00eb fort\u00eb dhe donte q\u00eb t\u00eb ishte gjithmon\u00eb n\u00eb krye t\u00eb \u00e7do grupi. Dua t\u00eb them q\u00eb nuk ka qen\u00eb surpriz\u00eb p\u00ebr ne, pasi e kemi ditur q\u00eb me forc\u00ebn dhe karakterin e saj do t\u00eb ishte kjo Angela q\u00eb \u00ebsht\u00eb sot.<\/p>\n<p>\u00cbsht\u00eb folur p\u00ebr lidhjet e saj deri tani n\u00eb Nju Jork. I beson Angela dashuris\u00eb s\u00eb v\u00ebrtet\u00eb?<\/p>\n<p>Angela beson vet\u00ebm te sinqeriteti dhe dashuria e v\u00ebrtet\u00eb. Motra ime nuk b\u00ebn gj\u00ebra p\u00ebr inerci, pasi kurr\u00eb nuk \u00ebsht\u00eb vet\u00ebm. N\u00eb \u00e7do \u00e7ast i q\u00ebndron pran\u00eb dhe familja, si shpirt\u00ebrisht ashtu fizikisht.<br \/>\nMe bisedat q\u00eb t\u00eb ka b\u00ebr\u00eb ty si v\u00eblla, t\u00eb ka treguar p\u00ebr ndonj\u00eb mashkull q\u00eb e ka zhg\u00ebnjyer?<br \/>\nKjo gj\u00eb i ndodh n\u00eb jet\u00eb si mashkullit ashtu dhe femr\u00ebs, k\u00ebshtu q\u00eb nuk p\u00ebrjashtohen rastet.<\/p>\n<p>\u00cbsht\u00eb martesa n\u00eb planet e saj, dhe a ka marr\u00eb ndonj\u00eb propozim t\u00eb ve\u00e7ant\u00eb p\u00ebr martes\u00eb vet\u00ebm p\u00ebr shkak t\u00eb fam\u00ebs?<\/p>\n<p>E v\u00ebrteta \u00ebsht\u00eb q\u00eb Angela \u00ebsht\u00eb e k\u00ebrkuar n\u00eb t\u00eb gjith\u00eb bot\u00ebn. P\u00ebr propozime t\u00eb ve\u00e7anta q\u00eb m\u00eb pyesni, do t\u00eb ve\u00e7oja faktin q\u00eb mbi tri familje mbret\u00ebrore n\u00eb bot\u00eb jan\u00eb munduar t\u00eb krijojn\u00eb kontakt me t\u00eb apo familjen ton\u00eb, por q\u00eb motra i ka refuzuar.<\/p>\n<p><a href=\"http:\/\/www.visit-ulcinj.com\/blog\/wp-content\/uploads\/2012\/12\/Blerti-vellai-300x300.jpg\"><img loading=\"lazy\" class=\"size-full wp-image-67278 alignleft\" alt=\"Blerti-vellai-300x300\" src=\"http:\/\/www.visit-ulcinj.com\/blog\/wp-content\/uploads\/2012\/12\/Blerti-vellai-300x300.jpg\" width=\"300\" height=\"300\" \/><\/a>Cilat jan\u00eb k\u00ebto familje mbret\u00ebrore q\u00eb kan\u00eb shfaqur interes, dhe pse Angela i ka refuzuar?<br \/>\nNuk mund t\u2019i p\u00ebrmend emrat e familjeve mbret\u00ebrore p\u00ebr t\u00eb respektuar seriozitetin e tyre dhe konfidencialitetin q\u00eb na kan\u00eb k\u00ebrkuar. P\u00ebr sa i p\u00ebrket arsyes s\u00eb refuzimit, e ka b\u00ebr\u00eb sepse motra ime n\u00eb dashuri ndjek gjithmon\u00eb zemr\u00ebn e saj, dhe ajo do shkonte aty ku respekti dhe dashuria do t\u00eb ekzistonte.<\/p>\n<p>That\u00eb q\u00eb Angela n\u00eb jet\u00eb preferon t\u00eb b\u00ebj\u00eb liderin n\u00eb shoq\u00ebri. Do e shihte ajo veten n\u00eb politik\u00eb? Po Kryeministri Sali Berisha i ka b\u00ebr\u00eb ndonj\u00eb ofert\u00eb p\u00ebr ta p\u00ebrfshir\u00eb n\u00eb forumin e t\u00eb rinjve t\u00eb PD-s\u00eb?<br \/>\nNuk mund t\u00eb them di\u00e7ka p\u00ebr k\u00ebt\u00eb. Kryeministri Berisha dhe Ministria e Kultur\u00ebs kan\u00eb b\u00ebr\u00eb dhe do b\u00ebjn\u00eb \u00e7do gj\u00eb q\u00eb Shqip\u00ebria t\u00eb d\u00ebgjohet n\u00eb t\u00eb gjith\u00eb bot\u00ebn. K\u00ebshtu dhe p\u00ebr Angel\u00ebn.<\/p>\n<p>Disa k\u00ebshilla p\u00ebr meshkujt q\u00eb duan Angel\u00ebn<br \/>\nAngela \u00ebsht\u00eb bukuri e pafajshme apo e djall\u00ebzuar?<\/p>\n<p>Mund t\u00eb them vet\u00ebm kujdes! Angela \u00ebsht\u00eb shum\u00eb e zgjuar.<br \/>\nMund t\u2019ia marr\u00ebsh mendjen leht\u00eb, apo tip i v\u00ebshtir\u00eb?<br \/>\nVaret p\u00ebr \u00e7far\u00eb, por nj\u00eb gj\u00eb \u00ebsht\u00eb e sigurt, q\u00eb Angela nuk g\u00ebnjehet leht\u00eb.<\/p>\n<p>Pika m\u00eb e dob\u00ebt e saj?<br \/>\nPika m\u00eb e dob\u00ebt p\u00ebr Angel\u00ebn \u00ebsht\u00eb n\u00ebna dhe nj\u00eb f\u00ebmij\u00eb shqiptar i varf\u00ebr, pjes\u00eb e grupit t\u00eb disa f\u00ebmij\u00ebve q\u00eb ajo sponsorizon n\u00ebp\u00ebrmjet organizatave.<\/p>\n<p>Pika m\u00eb e fort\u00eb e karakterit t\u00eb saj?<br \/>\nPika m\u00eb e fort\u00eb e karakterit t\u00eb Angel\u00ebs \u00ebsht\u00eb si\u00e7 e dim\u00eb t\u00eb gjith\u00eb vullneti dhe pasioni p\u00ebr t\u00eb ecur p\u00ebrpara.<\/p>\n<p>N\u00eb pamje t\u00eb par\u00eb duket e qeshur, \u00ebsht\u00eb k\u00ebshtu dhe n\u00eb jet\u00eb?<br \/>\nAngela \u00ebsht\u00eb gjithmon\u00eb e qeshur dhe plot hare edhe n\u00eb jet\u00ebn e saj t\u00eb p\u00ebrditshme.<\/p>\n<p>N\u00eb \u00e7\u2019rast mund t\u00eb shp\u00ebrthente Angela?<br \/>\nAjo \u00e7far\u00eb e nevrikos motr\u00ebn time \u00ebsht\u00eb g\u00ebnjeshtra dhe mashtrimet, t\u00eb cilat ajo i nuhat shum\u00eb shpejt.<br \/>\nDo t\u00eb kthehej Angela p\u00ebrgjithmon\u00eb n\u00eb Shqip\u00ebri, pse do e b\u00ebnte?<br \/>\nAngela jeton momentin n\u00eb Nju Jork dhe s\u2019ka ndonj\u00eb plan tani p\u00ebr tani p\u00ebr ndonj\u00eb rikthim.<\/p>\n<p>Cila ka qen\u00eb oferta m\u00eb e \u00e7uditshme q\u00eb i \u00ebsht\u00eb b\u00ebr\u00eb Angel\u00ebs?<br \/>\nNj\u00eb personazhi si Angela Martini kurr\u00eb nuk i mungojn\u00eb ofertat, por e r\u00ebnd\u00ebsishme \u00ebsht\u00eb zgjedhja q\u00eb ajo b\u00ebn, pra vendimmarrja, jo vet\u00ebm ofertat.<\/p>\n","protected":false},"excerpt":{"rendered":"<p>\u201cEdhe pse e lakmuar, ka ndodhur q\u00eb Angela \u00ebsht\u00eb zhg\u00ebnjyer nga meshkujt\u201d Ka thyer \u00e7do tabu, duke u zhveshur nga komplekset dhe rivalet e saj q\u00eb ndoshta jetojn\u00eb n\u00eb Shqip\u00ebri. \u00c7do lajm p\u00ebr Angela Martinin ka fjal\u00ebn \u201czhveshje\u201d n\u00eb titull, sepse ajo ka vendosur ta t\u00ebrheq\u00eb k\u00ebshtu v\u00ebmendjen. Por p\u00ebr shum\u00eb personazhe t\u00eb njohur, ky [&hellip;]<\/p>\n","protected":false},"author":1,"featured_media":0,"comment_status":"open","ping_status":"closed","sticky":false,"template":"","format":"standard","meta":{"spay_email":"","jetpack_publicize_message":"","jetpack_is_tweetstorm":false,"jetpack_publicize_feature_enabled":true},"categories":[1],"tags":[16186,21668],"jetpack_publicize_connections":[],"yoast_head":"<!-- This site is optimized with the Yoast SEO plugin v19.1 - https:\/\/yoast.com\/wordpress\/plugins\/seo\/ -->\n<title>Ja kush e k\u00ebrkoi dor\u00ebn e Angela Martinit? - Lajme nga Ulqini<\/title>\n<meta name=\"description\" content=\"\u201cEdhe pse e lakmuar, ka ndodhur q\u00eb Angela \u00ebsht\u00eb zhg\u00ebnjyer nga meshkujt\u201d Ka thyer \u00e7do tabu, duke u zhveshur nga komplekset dhe rivalet e saj q\u00eb ndoshta\" \/>\n<meta name=\"robots\" content=\"index, follow, max-snippet:-1, max-image-preview:large, max-video-preview:-1\" \/>\n<link rel=\"canonical\" href=\"https:\/\/www.visit-ulcinj.com\/blog\/2012\/12\/30\/ja-kush-e-kerkoi-doren-e-angela-martinit\/\" \/>\n<meta property=\"og:locale\" content=\"en_US\" \/>\n<meta property=\"og:type\" content=\"article\" \/>\n<meta property=\"og:title\" content=\"Ja kush e k\u00ebrkoi dor\u00ebn e Angela Martinit? - Lajme nga Ulqini\" \/>\n<meta property=\"og:description\" content=\"\u201cEdhe pse e lakmuar, ka ndodhur q\u00eb Angela \u00ebsht\u00eb zhg\u00ebnjyer nga meshkujt\u201d Ka thyer \u00e7do tabu, duke u zhveshur nga komplekset dhe rivalet e saj q\u00eb ndoshta\" \/>\n<meta property=\"og:url\" content=\"https:\/\/www.visit-ulcinj.com\/blog\/2012\/12\/30\/ja-kush-e-kerkoi-doren-e-angela-martinit\/\" \/>\n<meta property=\"og:site_name\" content=\"Lajme nga Ulqini\" \/>\n<meta property=\"article:published_time\" content=\"2012-12-30T21:44:31+00:00\" \/>\n<meta property=\"article:modified_time\" content=\"2012-12-30T21:45:36+00:00\" \/>\n<meta property=\"og:image\" content=\"http:\/\/www.visit-ulcinj.com\/blog\/wp-content\/uploads\/2012\/12\/angela-martini.jpg\" \/>\n<meta name=\"twitter:label1\" content=\"Written by\" \/>\n\t<meta name=\"twitter:data1\" content=\"ulqini\" \/>\n\t<meta name=\"twitter:label2\" content=\"Est. reading time\" \/>\n\t<meta name=\"twitter:data2\" content=\"5 minutes\" \/>\n<script type=\"application\/ld+json\" class=\"yoast-schema-graph\">{\"@context\":\"https:\/\/schema.org\",\"@graph\":[{\"@type\":\"WebSite\",\"@id\":\"https:\/\/www.visit-ulcinj.com\/blog\/#website\",\"url\":\"https:\/\/www.visit-ulcinj.com\/blog\/\",\"name\":\"Lajme nga Ulqini\",\"description\":\"Lajme,Vijesti,Ulqini,Ulqin,Crna Gora,Mali i Zi\",\"potentialAction\":[{\"@type\":\"SearchAction\",\"target\":{\"@type\":\"EntryPoint\",\"urlTemplate\":\"https:\/\/www.visit-ulcinj.com\/blog\/?s={search_term_string}\"},\"query-input\":\"required name=search_term_string\"}],\"inLanguage\":\"en-US\"},{\"@type\":\"ImageObject\",\"inLanguage\":\"en-US\",\"@id\":\"https:\/\/www.visit-ulcinj.com\/blog\/2012\/12\/30\/ja-kush-e-kerkoi-doren-e-angela-martinit\/#primaryimage\",\"url\":\"http:\/\/www.visit-ulcinj.com\/blog\/wp-content\/uploads\/2012\/12\/angela-martini.jpg\",\"contentUrl\":\"http:\/\/www.visit-ulcinj.com\/blog\/wp-content\/uploads\/2012\/12\/angela-martini.jpg\"},{\"@type\":\"WebPage\",\"@id\":\"https:\/\/www.visit-ulcinj.com\/blog\/2012\/12\/30\/ja-kush-e-kerkoi-doren-e-angela-martinit\/#webpage\",\"url\":\"https:\/\/www.visit-ulcinj.com\/blog\/2012\/12\/30\/ja-kush-e-kerkoi-doren-e-angela-martinit\/\",\"name\":\"Ja kush e k\u00ebrkoi dor\u00ebn e Angela Martinit? - Lajme nga Ulqini\",\"isPartOf\":{\"@id\":\"https:\/\/www.visit-ulcinj.com\/blog\/#website\"},\"primaryImageOfPage\":{\"@id\":\"https:\/\/www.visit-ulcinj.com\/blog\/2012\/12\/30\/ja-kush-e-kerkoi-doren-e-angela-martinit\/#primaryimage\"},\"datePublished\":\"2012-12-30T21:44:31+00:00\",\"dateModified\":\"2012-12-30T21:45:36+00:00\",\"author\":{\"@id\":\"https:\/\/www.visit-ulcinj.com\/blog\/#\/schema\/person\/dcab619c614d3038751c63bc2aadc06d\"},\"description\":\"\u201cEdhe pse e lakmuar, ka ndodhur q\u00eb Angela \u00ebsht\u00eb zhg\u00ebnjyer nga meshkujt\u201d Ka thyer \u00e7do tabu, duke u zhveshur nga komplekset dhe rivalet e saj q\u00eb ndoshta\",\"breadcrumb\":{\"@id\":\"https:\/\/www.visit-ulcinj.com\/blog\/2012\/12\/30\/ja-kush-e-kerkoi-doren-e-angela-martinit\/#breadcrumb\"},\"inLanguage\":\"en-US\",\"potentialAction\":[{\"@type\":\"ReadAction\",\"target\":[\"https:\/\/www.visit-ulcinj.com\/blog\/2012\/12\/30\/ja-kush-e-kerkoi-doren-e-angela-martinit\/\"]}]},{\"@type\":\"BreadcrumbList\",\"@id\":\"https:\/\/www.visit-ulcinj.com\/blog\/2012\/12\/30\/ja-kush-e-kerkoi-doren-e-angela-martinit\/#breadcrumb\",\"itemListElement\":[{\"@type\":\"ListItem\",\"position\":1,\"name\":\"Ja kush e k\u00ebrkoi dor\u00ebn e Angela Martinit?\"}]},{\"@type\":\"Person\",\"@id\":\"https:\/\/www.visit-ulcinj.com\/blog\/#\/schema\/person\/dcab619c614d3038751c63bc2aadc06d\",\"name\":\"ulqini\",\"sameAs\":[\"http:\/\/www.visit-ulcinj.com\"],\"url\":\"https:\/\/www.visit-ulcinj.com\/blog\/author\/admin\/\"}]}<\/script>\n<!-- \/ Yoast SEO plugin. -->","yoast_head_json":{"title":"Ja kush e k\u00ebrkoi dor\u00ebn e Angela Martinit? - Lajme nga Ulqini","description":"\u201cEdhe pse e lakmuar, ka ndodhur q\u00eb Angela \u00ebsht\u00eb zhg\u00ebnjyer nga meshkujt\u201d Ka thyer \u00e7do tabu, duke u zhveshur nga komplekset dhe rivalet e saj q\u00eb ndoshta","robots":{"index":"index","follow":"follow","max-snippet":"max-snippet:-1","max-image-preview":"max-image-preview:large","max-video-preview":"max-video-preview:-1"},"canonical":"https:\/\/www.visit-ulcinj.com\/blog\/2012\/12\/30\/ja-kush-e-kerkoi-doren-e-angela-martinit\/","og_locale":"en_US","og_type":"article","og_title":"Ja kush e k\u00ebrkoi dor\u00ebn e Angela Martinit? - Lajme nga Ulqini","og_description":"\u201cEdhe pse e lakmuar, ka ndodhur q\u00eb Angela \u00ebsht\u00eb zhg\u00ebnjyer nga meshkujt\u201d Ka thyer \u00e7do tabu, duke u zhveshur nga komplekset dhe rivalet e saj q\u00eb ndoshta","og_url":"https:\/\/www.visit-ulcinj.com\/blog\/2012\/12\/30\/ja-kush-e-kerkoi-doren-e-angela-martinit\/","og_site_name":"Lajme nga Ulqini","article_published_time":"2012-12-30T21:44:31+00:00","article_modified_time":"2012-12-30T21:45:36+00:00","og_image":[{"url":"http:\/\/www.visit-ulcinj.com\/blog\/wp-content\/uploads\/2012\/12\/angela-martini.jpg"}],"twitter_misc":{"Written by":"ulqini","Est. reading time":"5 minutes"},"schema":{"@context":"https:\/\/schema.org","@graph":[{"@type":"WebSite","@id":"https:\/\/www.visit-ulcinj.com\/blog\/#website","url":"https:\/\/www.visit-ulcinj.com\/blog\/","name":"Lajme nga Ulqini","description":"Lajme,Vijesti,Ulqini,Ulqin,Crna Gora,Mali i Zi","potentialAction":[{"@type":"SearchAction","target":{"@type":"EntryPoint","urlTemplate":"https:\/\/www.visit-ulcinj.com\/blog\/?s={search_term_string}"},"query-input":"required name=search_term_string"}],"inLanguage":"en-US"},{"@type":"ImageObject","inLanguage":"en-US","@id":"https:\/\/www.visit-ulcinj.com\/blog\/2012\/12\/30\/ja-kush-e-kerkoi-doren-e-angela-martinit\/#primaryimage","url":"http:\/\/www.visit-ulcinj.com\/blog\/wp-content\/uploads\/2012\/12\/angela-martini.jpg","contentUrl":"http:\/\/www.visit-ulcinj.com\/blog\/wp-content\/uploads\/2012\/12\/angela-martini.jpg"},{"@type":"WebPage","@id":"https:\/\/www.visit-ulcinj.com\/blog\/2012\/12\/30\/ja-kush-e-kerkoi-doren-e-angela-martinit\/#webpage","url":"https:\/\/www.visit-ulcinj.com\/blog\/2012\/12\/30\/ja-kush-e-kerkoi-doren-e-angela-martinit\/","name":"Ja kush e k\u00ebrkoi dor\u00ebn e Angela Martinit? - Lajme nga Ulqini","isPartOf":{"@id":"https:\/\/www.visit-ulcinj.com\/blog\/#website"},"primaryImageOfPage":{"@id":"https:\/\/www.visit-ulcinj.com\/blog\/2012\/12\/30\/ja-kush-e-kerkoi-doren-e-angela-martinit\/#primaryimage"},"datePublished":"2012-12-30T21:44:31+00:00","dateModified":"2012-12-30T21:45:36+00:00","author":{"@id":"https:\/\/www.visit-ulcinj.com\/blog\/#\/schema\/person\/dcab619c614d3038751c63bc2aadc06d"},"description":"\u201cEdhe pse e lakmuar, ka ndodhur q\u00eb Angela \u00ebsht\u00eb zhg\u00ebnjyer nga meshkujt\u201d Ka thyer \u00e7do tabu, duke u zhveshur nga komplekset dhe rivalet e saj q\u00eb ndoshta","breadcrumb":{"@id":"https:\/\/www.visit-ulcinj.com\/blog\/2012\/12\/30\/ja-kush-e-kerkoi-doren-e-angela-martinit\/#breadcrumb"},"inLanguage":"en-US","potentialAction":[{"@type":"ReadAction","target":["https:\/\/www.visit-ulcinj.com\/blog\/2012\/12\/30\/ja-kush-e-kerkoi-doren-e-angela-martinit\/"]}]},{"@type":"BreadcrumbList","@id":"https:\/\/www.visit-ulcinj.com\/blog\/2012\/12\/30\/ja-kush-e-kerkoi-doren-e-angela-martinit\/#breadcrumb","itemListElement":[{"@type":"ListItem","position":1,"name":"Ja kush e k\u00ebrkoi dor\u00ebn e Angela Martinit?"}]},{"@type":"Person","@id":"https:\/\/www.visit-ulcinj.com\/blog\/#\/schema\/person\/dcab619c614d3038751c63bc2aadc06d","name":"ulqini","sameAs":["http:\/\/www.visit-ulcinj.com"],"url":"https:\/\/www.visit-ulcinj.com\/blog\/author\/admin\/"}]}},"jetpack_featured_media_url":"","jetpack_sharing_enabled":true,"jetpack_shortlink":"https:\/\/wp.me\/pe6lTn-hv6","_links":{"self":[{"href":"https:\/\/www.visit-ulcinj.com\/blog\/wp-json\/wp\/v2\/posts\/67276"}],"collection":[{"href":"https:\/\/www.visit-ulcinj.com\/blog\/wp-json\/wp\/v2\/posts"}],"about":[{"href":"https:\/\/www.visit-ulcinj.com\/blog\/wp-json\/wp\/v2\/types\/post"}],"author":[{"embeddable":true,"href":"https:\/\/www.visit-ulcinj.com\/blog\/wp-json\/wp\/v2\/users\/1"}],"replies":[{"embeddable":true,"href":"https:\/\/www.visit-ulcinj.com\/blog\/wp-json\/wp\/v2\/comments?post=67276"}],"version-history":[{"count":2,"href":"https:\/\/www.visit-ulcinj.com\/blog\/wp-json\/wp\/v2\/posts\/67276\/revisions"}],"predecessor-version":[{"id":67280,"href":"https:\/\/www.visit-ulcinj.com\/blog\/wp-json\/wp\/v2\/posts\/67276\/revisions\/67280"}],"wp:attachment":[{"href":"https:\/\/www.visit-ulcinj.com\/blog\/wp-json\/wp\/v2\/media?parent=67276"}],"wp:term":[{"taxonomy":"category","embeddable":true,"href":"https:\/\/www.visit-ulcinj.com\/blog\/wp-json\/wp\/v2\/categories?post=67276"},{"taxonomy":"post_tag","embeddable":true,"href":"https:\/\/www.visit-ulcinj.com\/blog\/wp-json\/wp\/v2\/tags?post=67276"}],"curies":[{"name":"wp","href":"https:\/\/api.w.org\/{rel}","templated":true}]}}