{"id":67284,"date":"2012-12-30T23:00:21","date_gmt":"2012-12-30T22:00:21","guid":{"rendered":"http:\/\/www.visit-ulcinj.com\/blog\/?p=67284"},"modified":"2012-12-30T23:00:21","modified_gmt":"2012-12-30T22:00:21","slug":"modelja-malaziase-e-gatshme-te-vdese-per-berlusconin","status":"publish","type":"post","link":"https:\/\/www.visit-ulcinj.com\/blog\/2012\/12\/30\/modelja-malaziase-e-gatshme-te-vdese-per-berlusconin\/","title":{"rendered":"Modelja malaziase, e gatshme t\u00eb vdes\u00eb p\u00ebr Berlusconin"},"content":{"rendered":"<p><a href=\"http:\/\/www.visit-ulcinj.com\/blog\/wp-content\/uploads\/2012\/12\/berluskoni-knezevic.jpg\"><img loading=\"lazy\" class=\"wp-image-67285 alignleft\" alt=\"berluskoni-knezevic\" src=\"http:\/\/www.visit-ulcinj.com\/blog\/wp-content\/uploads\/2012\/12\/berluskoni-knezevic.jpg\" width=\"508\" height=\"367\" \/><\/a>Podgoric\u00eb, 30 dhjetor &#8211; Modelja malaziase, Katarina Knezheviq, tashm\u00eb \u00ebsht\u00eb shfaqur n\u00eb media fal\u00eb deklarat\u00ebs s\u00eb saj t\u00eb vitit t\u00eb kaluar, ku kishte th\u00ebn\u00eb se \u00ebsht\u00eb fejuar me ish-kryeministrin italian, Silvio Berlusconi, nd\u00ebrsa intervista p\u00ebr revist\u00ebn italiane \u201cFatto\u201d e ka kthyer p\u00ebrs\u00ebri n\u00eb qend\u00ebr t\u00eb v\u00ebmendjes.<\/p>\n<p>K\u00ebt\u00eb her\u00eb pohon se pik\u00ebrisht ajo \u00ebsht\u00eb gruaja e jet\u00ebs s\u00eb tij dhe jo Francesca Pascale, p\u00ebr t\u00eb cil\u00ebn kaq shum\u00eb po shkruhet.<\/p>\n<p>&#8220;Un\u00eb jam femra e jet\u00ebs s\u00eb tij dhe fejesa me Francescan \u00ebsht\u00eb vet\u00ebm nj\u00eb fars\u00eb mediale. I p\u00ebrshtatet, sepse k\u00ebshtu po grumbullon pik\u00eb politike. P\u00ebr nj\u00eb mashkull t\u00eb till\u00eb jam e gatshme t\u00eb vras. Do t\u00eb vdisja p\u00ebr t\u00eb&#8221;, tha e \u00e7uditshmja Katarina dhe shtoi se Berlusconi vazhdimisht e quan dashurin\u00eb e tyre m\u00eb t\u00eb madhe edhe se vet\u00eb Italia.<\/p>\n<p>Njer\u00ebzit e af\u00ebrt me pronarin e Milanit, Berlusconi, por edhe hetuesit t\u00eb cil\u00ebt kan\u00eb zhvilluar hetimet p\u00ebr servimin e vajzave t\u00eb reja p\u00ebr ish-kryeministrin italian, pretendojn\u00eb se 22-vje\u00e7arja malaziase ka e luajtur mendsh.<\/p>\n<p>Koha Net<\/p>\n","protected":false},"excerpt":{"rendered":"<p>Podgoric\u00eb, 30 dhjetor &#8211; Modelja malaziase, Katarina Knezheviq, tashm\u00eb \u00ebsht\u00eb shfaqur n\u00eb media fal\u00eb deklarat\u00ebs s\u00eb saj t\u00eb vitit t\u00eb kaluar, ku kishte th\u00ebn\u00eb se \u00ebsht\u00eb fejuar me ish-kryeministrin italian, Silvio Berlusconi, nd\u00ebrsa intervista p\u00ebr revist\u00ebn italiane \u201cFatto\u201d e ka kthyer p\u00ebrs\u00ebri n\u00eb qend\u00ebr t\u00eb v\u00ebmendjes. K\u00ebt\u00eb her\u00eb pohon se pik\u00ebrisht ajo \u00ebsht\u00eb gruaja e [&hellip;]<\/p>\n","protected":false},"author":1,"featured_media":0,"comment_status":"open","ping_status":"closed","sticky":false,"template":"","format":"standard","meta":{"spay_email":"","jetpack_publicize_message":"","jetpack_is_tweetstorm":false,"jetpack_publicize_feature_enabled":true},"categories":[1],"tags":[5154],"jetpack_publicize_connections":[],"yoast_head":"<!-- This site is optimized with the Yoast SEO plugin v19.1 - https:\/\/yoast.com\/wordpress\/plugins\/seo\/ -->\n<title>Modelja malaziase, e gatshme t\u00eb vdes\u00eb p\u00ebr Berlusconin - Lajme nga Ulqini<\/title>\n<meta name=\"description\" content=\"Podgoric\u00eb, 30 dhjetor - Modelja malaziase, Katarina Knezheviq, tashm\u00eb \u00ebsht\u00eb shfaqur n\u00eb media fal\u00eb deklarat\u00ebs s\u00eb saj t\u00eb vitit t\u00eb kaluar, ku kishte th\u00ebn\u00eb se\" \/>\n<meta name=\"robots\" content=\"index, follow, max-snippet:-1, max-image-preview:large, max-video-preview:-1\" \/>\n<link rel=\"canonical\" href=\"https:\/\/www.visit-ulcinj.com\/blog\/2012\/12\/30\/modelja-malaziase-e-gatshme-te-vdese-per-berlusconin\/\" \/>\n<meta property=\"og:locale\" content=\"en_US\" \/>\n<meta property=\"og:type\" content=\"article\" \/>\n<meta property=\"og:title\" content=\"Modelja malaziase, e gatshme t\u00eb vdes\u00eb p\u00ebr Berlusconin - Lajme nga Ulqini\" \/>\n<meta property=\"og:description\" content=\"Podgoric\u00eb, 30 dhjetor - Modelja malaziase, Katarina Knezheviq, tashm\u00eb \u00ebsht\u00eb shfaqur n\u00eb media fal\u00eb deklarat\u00ebs s\u00eb saj t\u00eb vitit t\u00eb kaluar, ku kishte th\u00ebn\u00eb se\" \/>\n<meta property=\"og:url\" content=\"https:\/\/www.visit-ulcinj.com\/blog\/2012\/12\/30\/modelja-malaziase-e-gatshme-te-vdese-per-berlusconin\/\" \/>\n<meta property=\"og:site_name\" content=\"Lajme nga Ulqini\" \/>\n<meta property=\"article:published_time\" content=\"2012-12-30T22:00:21+00:00\" \/>\n<meta property=\"og:image\" content=\"http:\/\/www.visit-ulcinj.com\/blog\/wp-content\/uploads\/2012\/12\/berluskoni-knezevic.jpg\" \/>\n<meta name=\"twitter:label1\" content=\"Written by\" \/>\n\t<meta name=\"twitter:data1\" content=\"ulqini\" \/>\n\t<meta name=\"twitter:label2\" content=\"Est. reading time\" \/>\n\t<meta name=\"twitter:data2\" content=\"1 minute\" \/>\n<script type=\"application\/ld+json\" class=\"yoast-schema-graph\">{\"@context\":\"https:\/\/schema.org\",\"@graph\":[{\"@type\":\"WebSite\",\"@id\":\"https:\/\/www.visit-ulcinj.com\/blog\/#website\",\"url\":\"https:\/\/www.visit-ulcinj.com\/blog\/\",\"name\":\"Lajme nga Ulqini\",\"description\":\"Lajme,Vijesti,Ulqini,Ulqin,Crna Gora,Mali i Zi\",\"potentialAction\":[{\"@type\":\"SearchAction\",\"target\":{\"@type\":\"EntryPoint\",\"urlTemplate\":\"https:\/\/www.visit-ulcinj.com\/blog\/?s={search_term_string}\"},\"query-input\":\"required name=search_term_string\"}],\"inLanguage\":\"en-US\"},{\"@type\":\"ImageObject\",\"inLanguage\":\"en-US\",\"@id\":\"https:\/\/www.visit-ulcinj.com\/blog\/2012\/12\/30\/modelja-malaziase-e-gatshme-te-vdese-per-berlusconin\/#primaryimage\",\"url\":\"http:\/\/www.visit-ulcinj.com\/blog\/wp-content\/uploads\/2012\/12\/berluskoni-knezevic.jpg\",\"contentUrl\":\"http:\/\/www.visit-ulcinj.com\/blog\/wp-content\/uploads\/2012\/12\/berluskoni-knezevic.jpg\"},{\"@type\":\"WebPage\",\"@id\":\"https:\/\/www.visit-ulcinj.com\/blog\/2012\/12\/30\/modelja-malaziase-e-gatshme-te-vdese-per-berlusconin\/#webpage\",\"url\":\"https:\/\/www.visit-ulcinj.com\/blog\/2012\/12\/30\/modelja-malaziase-e-gatshme-te-vdese-per-berlusconin\/\",\"name\":\"Modelja malaziase, e gatshme t\u00eb vdes\u00eb p\u00ebr Berlusconin - Lajme nga Ulqini\",\"isPartOf\":{\"@id\":\"https:\/\/www.visit-ulcinj.com\/blog\/#website\"},\"primaryImageOfPage\":{\"@id\":\"https:\/\/www.visit-ulcinj.com\/blog\/2012\/12\/30\/modelja-malaziase-e-gatshme-te-vdese-per-berlusconin\/#primaryimage\"},\"datePublished\":\"2012-12-30T22:00:21+00:00\",\"dateModified\":\"2012-12-30T22:00:21+00:00\",\"author\":{\"@id\":\"https:\/\/www.visit-ulcinj.com\/blog\/#\/schema\/person\/dcab619c614d3038751c63bc2aadc06d\"},\"description\":\"Podgoric\u00eb, 30 dhjetor - Modelja malaziase, Katarina Knezheviq, tashm\u00eb \u00ebsht\u00eb shfaqur n\u00eb media fal\u00eb deklarat\u00ebs s\u00eb saj t\u00eb vitit t\u00eb kaluar, ku kishte th\u00ebn\u00eb se\",\"breadcrumb\":{\"@id\":\"https:\/\/www.visit-ulcinj.com\/blog\/2012\/12\/30\/modelja-malaziase-e-gatshme-te-vdese-per-berlusconin\/#breadcrumb\"},\"inLanguage\":\"en-US\",\"potentialAction\":[{\"@type\":\"ReadAction\",\"target\":[\"https:\/\/www.visit-ulcinj.com\/blog\/2012\/12\/30\/modelja-malaziase-e-gatshme-te-vdese-per-berlusconin\/\"]}]},{\"@type\":\"BreadcrumbList\",\"@id\":\"https:\/\/www.visit-ulcinj.com\/blog\/2012\/12\/30\/modelja-malaziase-e-gatshme-te-vdese-per-berlusconin\/#breadcrumb\",\"itemListElement\":[{\"@type\":\"ListItem\",\"position\":1,\"name\":\"Modelja malaziase, e gatshme t\u00eb vdes\u00eb p\u00ebr Berlusconin\"}]},{\"@type\":\"Person\",\"@id\":\"https:\/\/www.visit-ulcinj.com\/blog\/#\/schema\/person\/dcab619c614d3038751c63bc2aadc06d\",\"name\":\"ulqini\",\"sameAs\":[\"http:\/\/www.visit-ulcinj.com\"],\"url\":\"https:\/\/www.visit-ulcinj.com\/blog\/author\/admin\/\"}]}<\/script>\n<!-- \/ Yoast SEO plugin. -->","yoast_head_json":{"title":"Modelja malaziase, e gatshme t\u00eb vdes\u00eb p\u00ebr Berlusconin - Lajme nga Ulqini","description":"Podgoric\u00eb, 30 dhjetor - Modelja malaziase, Katarina Knezheviq, tashm\u00eb \u00ebsht\u00eb shfaqur n\u00eb media fal\u00eb deklarat\u00ebs s\u00eb saj t\u00eb vitit t\u00eb kaluar, ku kishte th\u00ebn\u00eb se","robots":{"index":"index","follow":"follow","max-snippet":"max-snippet:-1","max-image-preview":"max-image-preview:large","max-video-preview":"max-video-preview:-1"},"canonical":"https:\/\/www.visit-ulcinj.com\/blog\/2012\/12\/30\/modelja-malaziase-e-gatshme-te-vdese-per-berlusconin\/","og_locale":"en_US","og_type":"article","og_title":"Modelja malaziase, e gatshme t\u00eb vdes\u00eb p\u00ebr Berlusconin - Lajme nga Ulqini","og_description":"Podgoric\u00eb, 30 dhjetor - Modelja malaziase, Katarina Knezheviq, tashm\u00eb \u00ebsht\u00eb shfaqur n\u00eb media fal\u00eb deklarat\u00ebs s\u00eb saj t\u00eb vitit t\u00eb kaluar, ku kishte th\u00ebn\u00eb se","og_url":"https:\/\/www.visit-ulcinj.com\/blog\/2012\/12\/30\/modelja-malaziase-e-gatshme-te-vdese-per-berlusconin\/","og_site_name":"Lajme nga Ulqini","article_published_time":"2012-12-30T22:00:21+00:00","og_image":[{"url":"http:\/\/www.visit-ulcinj.com\/blog\/wp-content\/uploads\/2012\/12\/berluskoni-knezevic.jpg"}],"twitter_misc":{"Written by":"ulqini","Est. reading time":"1 minute"},"schema":{"@context":"https:\/\/schema.org","@graph":[{"@type":"WebSite","@id":"https:\/\/www.visit-ulcinj.com\/blog\/#website","url":"https:\/\/www.visit-ulcinj.com\/blog\/","name":"Lajme nga Ulqini","description":"Lajme,Vijesti,Ulqini,Ulqin,Crna Gora,Mali i Zi","potentialAction":[{"@type":"SearchAction","target":{"@type":"EntryPoint","urlTemplate":"https:\/\/www.visit-ulcinj.com\/blog\/?s={search_term_string}"},"query-input":"required name=search_term_string"}],"inLanguage":"en-US"},{"@type":"ImageObject","inLanguage":"en-US","@id":"https:\/\/www.visit-ulcinj.com\/blog\/2012\/12\/30\/modelja-malaziase-e-gatshme-te-vdese-per-berlusconin\/#primaryimage","url":"http:\/\/www.visit-ulcinj.com\/blog\/wp-content\/uploads\/2012\/12\/berluskoni-knezevic.jpg","contentUrl":"http:\/\/www.visit-ulcinj.com\/blog\/wp-content\/uploads\/2012\/12\/berluskoni-knezevic.jpg"},{"@type":"WebPage","@id":"https:\/\/www.visit-ulcinj.com\/blog\/2012\/12\/30\/modelja-malaziase-e-gatshme-te-vdese-per-berlusconin\/#webpage","url":"https:\/\/www.visit-ulcinj.com\/blog\/2012\/12\/30\/modelja-malaziase-e-gatshme-te-vdese-per-berlusconin\/","name":"Modelja malaziase, e gatshme t\u00eb vdes\u00eb p\u00ebr Berlusconin - Lajme nga Ulqini","isPartOf":{"@id":"https:\/\/www.visit-ulcinj.com\/blog\/#website"},"primaryImageOfPage":{"@id":"https:\/\/www.visit-ulcinj.com\/blog\/2012\/12\/30\/modelja-malaziase-e-gatshme-te-vdese-per-berlusconin\/#primaryimage"},"datePublished":"2012-12-30T22:00:21+00:00","dateModified":"2012-12-30T22:00:21+00:00","author":{"@id":"https:\/\/www.visit-ulcinj.com\/blog\/#\/schema\/person\/dcab619c614d3038751c63bc2aadc06d"},"description":"Podgoric\u00eb, 30 dhjetor - Modelja malaziase, Katarina Knezheviq, tashm\u00eb \u00ebsht\u00eb shfaqur n\u00eb media fal\u00eb deklarat\u00ebs s\u00eb saj t\u00eb vitit t\u00eb kaluar, ku kishte th\u00ebn\u00eb se","breadcrumb":{"@id":"https:\/\/www.visit-ulcinj.com\/blog\/2012\/12\/30\/modelja-malaziase-e-gatshme-te-vdese-per-berlusconin\/#breadcrumb"},"inLanguage":"en-US","potentialAction":[{"@type":"ReadAction","target":["https:\/\/www.visit-ulcinj.com\/blog\/2012\/12\/30\/modelja-malaziase-e-gatshme-te-vdese-per-berlusconin\/"]}]},{"@type":"BreadcrumbList","@id":"https:\/\/www.visit-ulcinj.com\/blog\/2012\/12\/30\/modelja-malaziase-e-gatshme-te-vdese-per-berlusconin\/#breadcrumb","itemListElement":[{"@type":"ListItem","position":1,"name":"Modelja malaziase, e gatshme t\u00eb vdes\u00eb p\u00ebr Berlusconin"}]},{"@type":"Person","@id":"https:\/\/www.visit-ulcinj.com\/blog\/#\/schema\/person\/dcab619c614d3038751c63bc2aadc06d","name":"ulqini","sameAs":["http:\/\/www.visit-ulcinj.com"],"url":"https:\/\/www.visit-ulcinj.com\/blog\/author\/admin\/"}]}},"jetpack_featured_media_url":"","jetpack_sharing_enabled":true,"jetpack_shortlink":"https:\/\/wp.me\/pe6lTn-hve","_links":{"self":[{"href":"https:\/\/www.visit-ulcinj.com\/blog\/wp-json\/wp\/v2\/posts\/67284"}],"collection":[{"href":"https:\/\/www.visit-ulcinj.com\/blog\/wp-json\/wp\/v2\/posts"}],"about":[{"href":"https:\/\/www.visit-ulcinj.com\/blog\/wp-json\/wp\/v2\/types\/post"}],"author":[{"embeddable":true,"href":"https:\/\/www.visit-ulcinj.com\/blog\/wp-json\/wp\/v2\/users\/1"}],"replies":[{"embeddable":true,"href":"https:\/\/www.visit-ulcinj.com\/blog\/wp-json\/wp\/v2\/comments?post=67284"}],"version-history":[{"count":1,"href":"https:\/\/www.visit-ulcinj.com\/blog\/wp-json\/wp\/v2\/posts\/67284\/revisions"}],"predecessor-version":[{"id":67286,"href":"https:\/\/www.visit-ulcinj.com\/blog\/wp-json\/wp\/v2\/posts\/67284\/revisions\/67286"}],"wp:attachment":[{"href":"https:\/\/www.visit-ulcinj.com\/blog\/wp-json\/wp\/v2\/media?parent=67284"}],"wp:term":[{"taxonomy":"category","embeddable":true,"href":"https:\/\/www.visit-ulcinj.com\/blog\/wp-json\/wp\/v2\/categories?post=67284"},{"taxonomy":"post_tag","embeddable":true,"href":"https:\/\/www.visit-ulcinj.com\/blog\/wp-json\/wp\/v2\/tags?post=67284"}],"curies":[{"name":"wp","href":"https:\/\/api.w.org\/{rel}","templated":true}]}}