{"id":67289,"date":"2012-12-30T23:21:27","date_gmt":"2012-12-30T22:21:27","guid":{"rendered":"http:\/\/www.visit-ulcinj.com\/blog\/?p=67289"},"modified":"2012-12-30T23:48:51","modified_gmt":"2012-12-30T22:48:51","slug":"eliza-dushku-ne-prag-te-fejeses","status":"publish","type":"post","link":"https:\/\/www.visit-ulcinj.com\/blog\/2012\/12\/30\/eliza-dushku-ne-prag-te-fejeses\/","title":{"rendered":"Eliza Dushku ne prag te fejeses?"},"content":{"rendered":"<p><a href=\"http:\/\/www.visit-ulcinj.com\/blog\/wp-content\/uploads\/2012\/12\/Eliza-Dushku.jpg\"><img loading=\"lazy\" class=\" wp-image-67290 alignleft\" alt=\"Eliza Dushku\" src=\"http:\/\/www.visit-ulcinj.com\/blog\/wp-content\/uploads\/2012\/12\/Eliza-Dushku.jpg\" width=\"350\" height=\"450\" \/><\/a>Aktorja shqiptare, Eliza Dushku po p\u00ebrjeton nj\u00eb lidhje t\u00eb fort\u00eb me t\u00eb dashurin e saj Rick Fox, me t\u00eb cilin thuhet se shum\u00eb shpejt edhe do t\u00eb fejohet. \u00c7ifti simpatik \u00ebsht\u00eb par\u00eb n\u00eb nj\u00eb argjendari, duke par\u00eb p\u00ebr unaza t\u00eb fejes\u00ebs. Buz\u00ebqeshja q\u00eb \u00ebsht\u00eb v\u00ebn\u00eb re n\u00eb fytyr\u00ebn e aktores, ka ngritur shum\u00eb spekulime p\u00ebr lidhjen e tyre. Sipas t\u00eb af\u00ebrmve, Dushku do t\u00eb fejohet s\u00eb shpejti dhe burime t\u00eb tjera duket se konfirmojn\u00eb, t\u00eb nj\u00ebjt\u00ebn gj\u00eb, pra se fejesa \u00ebsht\u00eb m\u00eb shum\u00eb se e mundshme.<br \/>\n&#8220;Un\u00eb kurr\u00eb nuk e kam njohur kaq t\u00eb dashuruar&#8221;, ka th\u00ebn\u00eb nj\u00eb mik i aktores, i cili foli pik\u00ebrisht p\u00ebr buz\u00ebqeshjen rrezatuese, q\u00eb ndri\u00e7onte fytyr\u00ebn e Eliz\u00ebs n\u00eb dalje t\u00eb dyqanit t\u00eb unazave. Por, menaxheri i Eliz\u00ebs nuk ka dashur t\u00eb komentoj\u00eb k\u00ebto thashetheme, q\u00eb po qarkullojn\u00eb n\u00ebp\u00ebr media, duke l\u00ebn\u00eb pa qart\u00ebsi t\u00eb m\u00ebdha. Gjithsesi p\u00ebrderisa fjal\u00ebt q\u00eb qarkullojn\u00eb flasin p\u00ebr di\u00e7ka shum\u00eb t\u00eb bukur, urojm\u00eb q\u00eb t\u00eb mos mbeten thjesht t\u00eb tilla, por t\u00eb b\u00ebhen realitet p\u00ebr Eliz\u00ebn.<\/p>\n<p>Koha Jon\u00eb<\/p>\n<p>&nbsp;<\/p>\n","protected":false},"excerpt":{"rendered":"<p>Aktorja shqiptare, Eliza Dushku po p\u00ebrjeton nj\u00eb lidhje t\u00eb fort\u00eb me t\u00eb dashurin e saj Rick Fox, me t\u00eb cilin thuhet se shum\u00eb shpejt edhe do t\u00eb fejohet. \u00c7ifti simpatik \u00ebsht\u00eb par\u00eb n\u00eb nj\u00eb argjendari, duke par\u00eb p\u00ebr unaza t\u00eb fejes\u00ebs. Buz\u00ebqeshja q\u00eb \u00ebsht\u00eb v\u00ebn\u00eb re n\u00eb fytyr\u00ebn e aktores, ka ngritur shum\u00eb spekulime p\u00ebr [&hellip;]<\/p>\n","protected":false},"author":1,"featured_media":0,"comment_status":"open","ping_status":"closed","sticky":false,"template":"","format":"standard","meta":{"spay_email":"","jetpack_publicize_message":"","jetpack_is_tweetstorm":false,"jetpack_publicize_feature_enabled":true},"categories":[1],"tags":[5352],"jetpack_publicize_connections":[],"yoast_head":"<!-- This site is optimized with the Yoast SEO plugin v19.1 - https:\/\/yoast.com\/wordpress\/plugins\/seo\/ -->\n<title>Eliza Dushku ne prag te fejeses? - Lajme nga Ulqini<\/title>\n<meta name=\"description\" content=\"Aktorja shqiptare, Eliza Dushku po p\u00ebrjeton nj\u00eb lidhje t\u00eb fort\u00eb me t\u00eb dashurin e saj Rick Fox, me t\u00eb cilin thuhet se shum\u00eb shpejt edhe do t\u00eb fejohet.\" \/>\n<meta name=\"robots\" content=\"index, follow, max-snippet:-1, max-image-preview:large, max-video-preview:-1\" \/>\n<link rel=\"canonical\" href=\"https:\/\/www.visit-ulcinj.com\/blog\/2012\/12\/30\/eliza-dushku-ne-prag-te-fejeses\/\" \/>\n<meta property=\"og:locale\" content=\"en_US\" \/>\n<meta property=\"og:type\" content=\"article\" \/>\n<meta property=\"og:title\" content=\"Eliza Dushku ne prag te fejeses? - Lajme nga Ulqini\" \/>\n<meta property=\"og:description\" content=\"Aktorja shqiptare, Eliza Dushku po p\u00ebrjeton nj\u00eb lidhje t\u00eb fort\u00eb me t\u00eb dashurin e saj Rick Fox, me t\u00eb cilin thuhet se shum\u00eb shpejt edhe do t\u00eb fejohet.\" \/>\n<meta property=\"og:url\" content=\"https:\/\/www.visit-ulcinj.com\/blog\/2012\/12\/30\/eliza-dushku-ne-prag-te-fejeses\/\" \/>\n<meta property=\"og:site_name\" content=\"Lajme nga Ulqini\" \/>\n<meta property=\"article:published_time\" content=\"2012-12-30T22:21:27+00:00\" \/>\n<meta property=\"article:modified_time\" content=\"2012-12-30T22:48:51+00:00\" \/>\n<meta property=\"og:image\" content=\"http:\/\/www.visit-ulcinj.com\/blog\/wp-content\/uploads\/2012\/12\/Eliza-Dushku.jpg\" \/>\n<meta name=\"twitter:label1\" content=\"Written by\" \/>\n\t<meta name=\"twitter:data1\" content=\"ulqini\" \/>\n\t<meta name=\"twitter:label2\" content=\"Est. reading time\" \/>\n\t<meta name=\"twitter:data2\" content=\"1 minute\" \/>\n<script type=\"application\/ld+json\" class=\"yoast-schema-graph\">{\"@context\":\"https:\/\/schema.org\",\"@graph\":[{\"@type\":\"WebSite\",\"@id\":\"https:\/\/www.visit-ulcinj.com\/blog\/#website\",\"url\":\"https:\/\/www.visit-ulcinj.com\/blog\/\",\"name\":\"Lajme nga Ulqini\",\"description\":\"Lajme,Vijesti,Ulqini,Ulqin,Crna Gora,Mali i Zi\",\"potentialAction\":[{\"@type\":\"SearchAction\",\"target\":{\"@type\":\"EntryPoint\",\"urlTemplate\":\"https:\/\/www.visit-ulcinj.com\/blog\/?s={search_term_string}\"},\"query-input\":\"required name=search_term_string\"}],\"inLanguage\":\"en-US\"},{\"@type\":\"ImageObject\",\"inLanguage\":\"en-US\",\"@id\":\"https:\/\/www.visit-ulcinj.com\/blog\/2012\/12\/30\/eliza-dushku-ne-prag-te-fejeses\/#primaryimage\",\"url\":\"http:\/\/www.visit-ulcinj.com\/blog\/wp-content\/uploads\/2012\/12\/Eliza-Dushku.jpg\",\"contentUrl\":\"http:\/\/www.visit-ulcinj.com\/blog\/wp-content\/uploads\/2012\/12\/Eliza-Dushku.jpg\"},{\"@type\":\"WebPage\",\"@id\":\"https:\/\/www.visit-ulcinj.com\/blog\/2012\/12\/30\/eliza-dushku-ne-prag-te-fejeses\/#webpage\",\"url\":\"https:\/\/www.visit-ulcinj.com\/blog\/2012\/12\/30\/eliza-dushku-ne-prag-te-fejeses\/\",\"name\":\"Eliza Dushku ne prag te fejeses? - Lajme nga Ulqini\",\"isPartOf\":{\"@id\":\"https:\/\/www.visit-ulcinj.com\/blog\/#website\"},\"primaryImageOfPage\":{\"@id\":\"https:\/\/www.visit-ulcinj.com\/blog\/2012\/12\/30\/eliza-dushku-ne-prag-te-fejeses\/#primaryimage\"},\"datePublished\":\"2012-12-30T22:21:27+00:00\",\"dateModified\":\"2012-12-30T22:48:51+00:00\",\"author\":{\"@id\":\"https:\/\/www.visit-ulcinj.com\/blog\/#\/schema\/person\/dcab619c614d3038751c63bc2aadc06d\"},\"description\":\"Aktorja shqiptare, Eliza Dushku po p\u00ebrjeton nj\u00eb lidhje t\u00eb fort\u00eb me t\u00eb dashurin e saj Rick Fox, me t\u00eb cilin thuhet se shum\u00eb shpejt edhe do t\u00eb fejohet.\",\"breadcrumb\":{\"@id\":\"https:\/\/www.visit-ulcinj.com\/blog\/2012\/12\/30\/eliza-dushku-ne-prag-te-fejeses\/#breadcrumb\"},\"inLanguage\":\"en-US\",\"potentialAction\":[{\"@type\":\"ReadAction\",\"target\":[\"https:\/\/www.visit-ulcinj.com\/blog\/2012\/12\/30\/eliza-dushku-ne-prag-te-fejeses\/\"]}]},{\"@type\":\"BreadcrumbList\",\"@id\":\"https:\/\/www.visit-ulcinj.com\/blog\/2012\/12\/30\/eliza-dushku-ne-prag-te-fejeses\/#breadcrumb\",\"itemListElement\":[{\"@type\":\"ListItem\",\"position\":1,\"name\":\"Eliza Dushku ne prag te fejeses?\"}]},{\"@type\":\"Person\",\"@id\":\"https:\/\/www.visit-ulcinj.com\/blog\/#\/schema\/person\/dcab619c614d3038751c63bc2aadc06d\",\"name\":\"ulqini\",\"sameAs\":[\"http:\/\/www.visit-ulcinj.com\"],\"url\":\"https:\/\/www.visit-ulcinj.com\/blog\/author\/admin\/\"}]}<\/script>\n<!-- \/ Yoast SEO plugin. -->","yoast_head_json":{"title":"Eliza Dushku ne prag te fejeses? - Lajme nga Ulqini","description":"Aktorja shqiptare, Eliza Dushku po p\u00ebrjeton nj\u00eb lidhje t\u00eb fort\u00eb me t\u00eb dashurin e saj Rick Fox, me t\u00eb cilin thuhet se shum\u00eb shpejt edhe do t\u00eb fejohet.","robots":{"index":"index","follow":"follow","max-snippet":"max-snippet:-1","max-image-preview":"max-image-preview:large","max-video-preview":"max-video-preview:-1"},"canonical":"https:\/\/www.visit-ulcinj.com\/blog\/2012\/12\/30\/eliza-dushku-ne-prag-te-fejeses\/","og_locale":"en_US","og_type":"article","og_title":"Eliza Dushku ne prag te fejeses? - Lajme nga Ulqini","og_description":"Aktorja shqiptare, Eliza Dushku po p\u00ebrjeton nj\u00eb lidhje t\u00eb fort\u00eb me t\u00eb dashurin e saj Rick Fox, me t\u00eb cilin thuhet se shum\u00eb shpejt edhe do t\u00eb fejohet.","og_url":"https:\/\/www.visit-ulcinj.com\/blog\/2012\/12\/30\/eliza-dushku-ne-prag-te-fejeses\/","og_site_name":"Lajme nga Ulqini","article_published_time":"2012-12-30T22:21:27+00:00","article_modified_time":"2012-12-30T22:48:51+00:00","og_image":[{"url":"http:\/\/www.visit-ulcinj.com\/blog\/wp-content\/uploads\/2012\/12\/Eliza-Dushku.jpg"}],"twitter_misc":{"Written by":"ulqini","Est. reading time":"1 minute"},"schema":{"@context":"https:\/\/schema.org","@graph":[{"@type":"WebSite","@id":"https:\/\/www.visit-ulcinj.com\/blog\/#website","url":"https:\/\/www.visit-ulcinj.com\/blog\/","name":"Lajme nga Ulqini","description":"Lajme,Vijesti,Ulqini,Ulqin,Crna Gora,Mali i Zi","potentialAction":[{"@type":"SearchAction","target":{"@type":"EntryPoint","urlTemplate":"https:\/\/www.visit-ulcinj.com\/blog\/?s={search_term_string}"},"query-input":"required name=search_term_string"}],"inLanguage":"en-US"},{"@type":"ImageObject","inLanguage":"en-US","@id":"https:\/\/www.visit-ulcinj.com\/blog\/2012\/12\/30\/eliza-dushku-ne-prag-te-fejeses\/#primaryimage","url":"http:\/\/www.visit-ulcinj.com\/blog\/wp-content\/uploads\/2012\/12\/Eliza-Dushku.jpg","contentUrl":"http:\/\/www.visit-ulcinj.com\/blog\/wp-content\/uploads\/2012\/12\/Eliza-Dushku.jpg"},{"@type":"WebPage","@id":"https:\/\/www.visit-ulcinj.com\/blog\/2012\/12\/30\/eliza-dushku-ne-prag-te-fejeses\/#webpage","url":"https:\/\/www.visit-ulcinj.com\/blog\/2012\/12\/30\/eliza-dushku-ne-prag-te-fejeses\/","name":"Eliza Dushku ne prag te fejeses? - Lajme nga Ulqini","isPartOf":{"@id":"https:\/\/www.visit-ulcinj.com\/blog\/#website"},"primaryImageOfPage":{"@id":"https:\/\/www.visit-ulcinj.com\/blog\/2012\/12\/30\/eliza-dushku-ne-prag-te-fejeses\/#primaryimage"},"datePublished":"2012-12-30T22:21:27+00:00","dateModified":"2012-12-30T22:48:51+00:00","author":{"@id":"https:\/\/www.visit-ulcinj.com\/blog\/#\/schema\/person\/dcab619c614d3038751c63bc2aadc06d"},"description":"Aktorja shqiptare, Eliza Dushku po p\u00ebrjeton nj\u00eb lidhje t\u00eb fort\u00eb me t\u00eb dashurin e saj Rick Fox, me t\u00eb cilin thuhet se shum\u00eb shpejt edhe do t\u00eb fejohet.","breadcrumb":{"@id":"https:\/\/www.visit-ulcinj.com\/blog\/2012\/12\/30\/eliza-dushku-ne-prag-te-fejeses\/#breadcrumb"},"inLanguage":"en-US","potentialAction":[{"@type":"ReadAction","target":["https:\/\/www.visit-ulcinj.com\/blog\/2012\/12\/30\/eliza-dushku-ne-prag-te-fejeses\/"]}]},{"@type":"BreadcrumbList","@id":"https:\/\/www.visit-ulcinj.com\/blog\/2012\/12\/30\/eliza-dushku-ne-prag-te-fejeses\/#breadcrumb","itemListElement":[{"@type":"ListItem","position":1,"name":"Eliza Dushku ne prag te fejeses?"}]},{"@type":"Person","@id":"https:\/\/www.visit-ulcinj.com\/blog\/#\/schema\/person\/dcab619c614d3038751c63bc2aadc06d","name":"ulqini","sameAs":["http:\/\/www.visit-ulcinj.com"],"url":"https:\/\/www.visit-ulcinj.com\/blog\/author\/admin\/"}]}},"jetpack_featured_media_url":"","jetpack_sharing_enabled":true,"jetpack_shortlink":"https:\/\/wp.me\/pe6lTn-hvj","_links":{"self":[{"href":"https:\/\/www.visit-ulcinj.com\/blog\/wp-json\/wp\/v2\/posts\/67289"}],"collection":[{"href":"https:\/\/www.visit-ulcinj.com\/blog\/wp-json\/wp\/v2\/posts"}],"about":[{"href":"https:\/\/www.visit-ulcinj.com\/blog\/wp-json\/wp\/v2\/types\/post"}],"author":[{"embeddable":true,"href":"https:\/\/www.visit-ulcinj.com\/blog\/wp-json\/wp\/v2\/users\/1"}],"replies":[{"embeddable":true,"href":"https:\/\/www.visit-ulcinj.com\/blog\/wp-json\/wp\/v2\/comments?post=67289"}],"version-history":[{"count":3,"href":"https:\/\/www.visit-ulcinj.com\/blog\/wp-json\/wp\/v2\/posts\/67289\/revisions"}],"predecessor-version":[{"id":67292,"href":"https:\/\/www.visit-ulcinj.com\/blog\/wp-json\/wp\/v2\/posts\/67289\/revisions\/67292"}],"wp:attachment":[{"href":"https:\/\/www.visit-ulcinj.com\/blog\/wp-json\/wp\/v2\/media?parent=67289"}],"wp:term":[{"taxonomy":"category","embeddable":true,"href":"https:\/\/www.visit-ulcinj.com\/blog\/wp-json\/wp\/v2\/categories?post=67289"},{"taxonomy":"post_tag","embeddable":true,"href":"https:\/\/www.visit-ulcinj.com\/blog\/wp-json\/wp\/v2\/tags?post=67289"}],"curies":[{"name":"wp","href":"https:\/\/api.w.org\/{rel}","templated":true}]}}