{"id":673,"date":"2008-02-27T00:52:44","date_gmt":"2008-02-27T05:52:44","guid":{"rendered":"http:\/\/www.visit-ulcinj.com\/blog\/2008\/02\/27\/opstina-ulcinj-zakljucila-je-juce-ugovore-sa-10-lokalnih-nvo\/"},"modified":"2008-02-27T00:52:44","modified_gmt":"2008-02-27T05:52:44","slug":"opstina-ulcinj-zakljucila-je-juce-ugovore-sa-10-lokalnih-nvo","status":"publish","type":"post","link":"https:\/\/www.visit-ulcinj.com\/blog\/2008\/02\/27\/opstina-ulcinj-zakljucila-je-juce-ugovore-sa-10-lokalnih-nvo\/","title":{"rendered":"Op\u0161tina Ulcinj zaklju?ila je ju?e ugovore sa 10 lokalnih NVO"},"content":{"rendered":"<p><a rel=\"lightbox[pics-1204091412]\" href=\"http:\/\/www.visit-ulcinj.com\/blog\/wp-content\/uploads\/2008\/02\/amblemi_ulqinit2.jpg\" title=\"amblemi i ulqinit\"><\/a><img loading=\"lazy\" border=\"0\" align=\"left\" width=\"150\" src=\"http:\/\/www.visit-ulcinj.com\/blog\/wp-content\/uploads\/2008\/02\/amblemi_ulqinit2.jpg\" alt=\"amblemi i ulqinit\" height=\"177\" \/>Ulcinj &#8211; Op\u0161tina Ulcinj zaklju?ila je ju?e ugovore sa 10 lokalnih NVO o dodjeli novca iz bud\u017eeta za pro\u0161lu godinu. Za realizaciju projekata za koje je posebna komisija ocijenila da su zna?ajni za razvoj grada, Organizacija slijepih za Ulcinj i Bar dobila je 500 eura, NVO &#8220;Bjelogorac&#8221;, &#8220;Don ?on Buzuku&#8221;, &#8220;Anima&#8221;, &#8220;Ana e malit&#8221;, &#8220;\u0160toj&#8221; i &#8220;Razvoj \u017eenskog preduzetni\u0161tva&#8221; po 1.000 eura, a asocijacija &#8220;Ulcinj&#8221;, &#8220;Art Ulcinium&#8221; i &#8220;Novi horizonti&#8221; po 1.500 eura.Kako je rekao Pjeter Ljulj?uraj, predsjednik Komisije za dodjelu sredstava NVO, nadle\u017ena komisija je radila transparentno, pridr\u017eavala se utvr?enih kriterijuma i sredstva je dodijelila prvenstveno onima ?iji projekti podsti?u dalji razvoj op\u0161tine. Potpisnici ugovora su, ina?e, du\u017eni da projekte realizuju u roku od \u0161est mjeseci od dana kada im bude upla?en novac.<\/p>\n<p>S.A.<\/p>\n<p>www,vijesti.cg.yu<\/p>\n","protected":false},"excerpt":{"rendered":"<p>&#8220;><\/a><img loading=\"lazy\" border=\"0\" align=\"left\" width=\"140\" src=\"http:\/\/www.visit-ulcinj.com\/blog\/wp-content\/uploads\/2008\/02\/amblemi_ulqinit2.jpg\" alt=\"amblemi i ulqinit\" height=\"140\" \/><\/p>\n","protected":false},"author":1,"featured_media":0,"comment_status":"open","ping_status":"closed","sticky":false,"template":"","format":"standard","meta":{"spay_email":"","jetpack_publicize_message":"","jetpack_is_tweetstorm":false,"jetpack_publicize_feature_enabled":true},"categories":[11],"tags":[1954,1899,748,1340,1455,1956,1955,264,1412,19,1568],"jetpack_publicize_connections":[],"yoast_head":"<!-- This site is optimized with the Yoast SEO plugin v19.1 - https:\/\/yoast.com\/wordpress\/plugins\/seo\/ -->\n<title>Op\u0161tina Ulcinj zaklju?ila je ju?e ugovore sa 10 lokalnih NVO - Lajme nga Ulqini<\/title>\n<meta name=\"description\" content=\"&quot;&gt;\" \/>\n<meta name=\"robots\" content=\"index, follow, max-snippet:-1, max-image-preview:large, max-video-preview:-1\" \/>\n<link rel=\"canonical\" href=\"https:\/\/www.visit-ulcinj.com\/blog\/2008\/02\/27\/opstina-ulcinj-zakljucila-je-juce-ugovore-sa-10-lokalnih-nvo\/\" \/>\n<meta property=\"og:locale\" content=\"en_US\" \/>\n<meta property=\"og:type\" content=\"article\" \/>\n<meta property=\"og:title\" content=\"Op\u0161tina Ulcinj zaklju?ila je ju?e ugovore sa 10 lokalnih NVO - Lajme nga Ulqini\" \/>\n<meta property=\"og:description\" content=\"&quot;&gt;\" \/>\n<meta property=\"og:url\" content=\"https:\/\/www.visit-ulcinj.com\/blog\/2008\/02\/27\/opstina-ulcinj-zakljucila-je-juce-ugovore-sa-10-lokalnih-nvo\/\" \/>\n<meta property=\"og:site_name\" content=\"Lajme nga Ulqini\" \/>\n<meta property=\"article:published_time\" content=\"2008-02-27T05:52:44+00:00\" \/>\n<meta property=\"og:image\" content=\"http:\/\/www.visit-ulcinj.com\/blog\/wp-content\/uploads\/2008\/02\/amblemi_ulqinit2.jpg\" \/>\n<meta name=\"twitter:label1\" content=\"Written by\" \/>\n\t<meta name=\"twitter:data1\" content=\"ulqini\" \/>\n\t<meta name=\"twitter:label2\" content=\"Est. reading time\" \/>\n\t<meta name=\"twitter:data2\" content=\"1 minute\" \/>\n<script type=\"application\/ld+json\" class=\"yoast-schema-graph\">{\"@context\":\"https:\/\/schema.org\",\"@graph\":[{\"@type\":\"WebSite\",\"@id\":\"https:\/\/www.visit-ulcinj.com\/blog\/#website\",\"url\":\"https:\/\/www.visit-ulcinj.com\/blog\/\",\"name\":\"Lajme nga Ulqini\",\"description\":\"Lajme,Vijesti,Ulqini,Ulqin,Crna Gora,Mali i Zi\",\"potentialAction\":[{\"@type\":\"SearchAction\",\"target\":{\"@type\":\"EntryPoint\",\"urlTemplate\":\"https:\/\/www.visit-ulcinj.com\/blog\/?s={search_term_string}\"},\"query-input\":\"required name=search_term_string\"}],\"inLanguage\":\"en-US\"},{\"@type\":\"ImageObject\",\"inLanguage\":\"en-US\",\"@id\":\"https:\/\/www.visit-ulcinj.com\/blog\/2008\/02\/27\/opstina-ulcinj-zakljucila-je-juce-ugovore-sa-10-lokalnih-nvo\/#primaryimage\",\"url\":\"http:\/\/www.visit-ulcinj.com\/blog\/wp-content\/uploads\/2008\/02\/amblemi_ulqinit2.jpg\",\"contentUrl\":\"http:\/\/www.visit-ulcinj.com\/blog\/wp-content\/uploads\/2008\/02\/amblemi_ulqinit2.jpg\"},{\"@type\":\"WebPage\",\"@id\":\"https:\/\/www.visit-ulcinj.com\/blog\/2008\/02\/27\/opstina-ulcinj-zakljucila-je-juce-ugovore-sa-10-lokalnih-nvo\/#webpage\",\"url\":\"https:\/\/www.visit-ulcinj.com\/blog\/2008\/02\/27\/opstina-ulcinj-zakljucila-je-juce-ugovore-sa-10-lokalnih-nvo\/\",\"name\":\"Op\u0161tina Ulcinj zaklju?ila je ju?e ugovore sa 10 lokalnih NVO - Lajme nga Ulqini\",\"isPartOf\":{\"@id\":\"https:\/\/www.visit-ulcinj.com\/blog\/#website\"},\"primaryImageOfPage\":{\"@id\":\"https:\/\/www.visit-ulcinj.com\/blog\/2008\/02\/27\/opstina-ulcinj-zakljucila-je-juce-ugovore-sa-10-lokalnih-nvo\/#primaryimage\"},\"datePublished\":\"2008-02-27T05:52:44+00:00\",\"dateModified\":\"2008-02-27T05:52:44+00:00\",\"author\":{\"@id\":\"https:\/\/www.visit-ulcinj.com\/blog\/#\/schema\/person\/dcab619c614d3038751c63bc2aadc06d\"},\"description\":\"\\\">\",\"breadcrumb\":{\"@id\":\"https:\/\/www.visit-ulcinj.com\/blog\/2008\/02\/27\/opstina-ulcinj-zakljucila-je-juce-ugovore-sa-10-lokalnih-nvo\/#breadcrumb\"},\"inLanguage\":\"en-US\",\"potentialAction\":[{\"@type\":\"ReadAction\",\"target\":[\"https:\/\/www.visit-ulcinj.com\/blog\/2008\/02\/27\/opstina-ulcinj-zakljucila-je-juce-ugovore-sa-10-lokalnih-nvo\/\"]}]},{\"@type\":\"BreadcrumbList\",\"@id\":\"https:\/\/www.visit-ulcinj.com\/blog\/2008\/02\/27\/opstina-ulcinj-zakljucila-je-juce-ugovore-sa-10-lokalnih-nvo\/#breadcrumb\",\"itemListElement\":[{\"@type\":\"ListItem\",\"position\":1,\"name\":\"Op\u0161tina Ulcinj zaklju?ila je ju?e ugovore sa 10 lokalnih NVO\"}]},{\"@type\":\"Person\",\"@id\":\"https:\/\/www.visit-ulcinj.com\/blog\/#\/schema\/person\/dcab619c614d3038751c63bc2aadc06d\",\"name\":\"ulqini\",\"sameAs\":[\"http:\/\/www.visit-ulcinj.com\"],\"url\":\"https:\/\/www.visit-ulcinj.com\/blog\/author\/admin\/\"}]}<\/script>\n<!-- \/ Yoast SEO plugin. -->","yoast_head_json":{"title":"Op\u0161tina Ulcinj zaklju?ila je ju?e ugovore sa 10 lokalnih NVO - Lajme nga Ulqini","description":"\">","robots":{"index":"index","follow":"follow","max-snippet":"max-snippet:-1","max-image-preview":"max-image-preview:large","max-video-preview":"max-video-preview:-1"},"canonical":"https:\/\/www.visit-ulcinj.com\/blog\/2008\/02\/27\/opstina-ulcinj-zakljucila-je-juce-ugovore-sa-10-lokalnih-nvo\/","og_locale":"en_US","og_type":"article","og_title":"Op\u0161tina Ulcinj zaklju?ila je ju?e ugovore sa 10 lokalnih NVO - Lajme nga Ulqini","og_description":"\">","og_url":"https:\/\/www.visit-ulcinj.com\/blog\/2008\/02\/27\/opstina-ulcinj-zakljucila-je-juce-ugovore-sa-10-lokalnih-nvo\/","og_site_name":"Lajme nga Ulqini","article_published_time":"2008-02-27T05:52:44+00:00","og_image":[{"url":"http:\/\/www.visit-ulcinj.com\/blog\/wp-content\/uploads\/2008\/02\/amblemi_ulqinit2.jpg"}],"twitter_misc":{"Written by":"ulqini","Est. reading time":"1 minute"},"schema":{"@context":"https:\/\/schema.org","@graph":[{"@type":"WebSite","@id":"https:\/\/www.visit-ulcinj.com\/blog\/#website","url":"https:\/\/www.visit-ulcinj.com\/blog\/","name":"Lajme nga Ulqini","description":"Lajme,Vijesti,Ulqini,Ulqin,Crna Gora,Mali i Zi","potentialAction":[{"@type":"SearchAction","target":{"@type":"EntryPoint","urlTemplate":"https:\/\/www.visit-ulcinj.com\/blog\/?s={search_term_string}"},"query-input":"required name=search_term_string"}],"inLanguage":"en-US"},{"@type":"ImageObject","inLanguage":"en-US","@id":"https:\/\/www.visit-ulcinj.com\/blog\/2008\/02\/27\/opstina-ulcinj-zakljucila-je-juce-ugovore-sa-10-lokalnih-nvo\/#primaryimage","url":"http:\/\/www.visit-ulcinj.com\/blog\/wp-content\/uploads\/2008\/02\/amblemi_ulqinit2.jpg","contentUrl":"http:\/\/www.visit-ulcinj.com\/blog\/wp-content\/uploads\/2008\/02\/amblemi_ulqinit2.jpg"},{"@type":"WebPage","@id":"https:\/\/www.visit-ulcinj.com\/blog\/2008\/02\/27\/opstina-ulcinj-zakljucila-je-juce-ugovore-sa-10-lokalnih-nvo\/#webpage","url":"https:\/\/www.visit-ulcinj.com\/blog\/2008\/02\/27\/opstina-ulcinj-zakljucila-je-juce-ugovore-sa-10-lokalnih-nvo\/","name":"Op\u0161tina Ulcinj zaklju?ila je ju?e ugovore sa 10 lokalnih NVO - Lajme nga Ulqini","isPartOf":{"@id":"https:\/\/www.visit-ulcinj.com\/blog\/#website"},"primaryImageOfPage":{"@id":"https:\/\/www.visit-ulcinj.com\/blog\/2008\/02\/27\/opstina-ulcinj-zakljucila-je-juce-ugovore-sa-10-lokalnih-nvo\/#primaryimage"},"datePublished":"2008-02-27T05:52:44+00:00","dateModified":"2008-02-27T05:52:44+00:00","author":{"@id":"https:\/\/www.visit-ulcinj.com\/blog\/#\/schema\/person\/dcab619c614d3038751c63bc2aadc06d"},"description":"\">","breadcrumb":{"@id":"https:\/\/www.visit-ulcinj.com\/blog\/2008\/02\/27\/opstina-ulcinj-zakljucila-je-juce-ugovore-sa-10-lokalnih-nvo\/#breadcrumb"},"inLanguage":"en-US","potentialAction":[{"@type":"ReadAction","target":["https:\/\/www.visit-ulcinj.com\/blog\/2008\/02\/27\/opstina-ulcinj-zakljucila-je-juce-ugovore-sa-10-lokalnih-nvo\/"]}]},{"@type":"BreadcrumbList","@id":"https:\/\/www.visit-ulcinj.com\/blog\/2008\/02\/27\/opstina-ulcinj-zakljucila-je-juce-ugovore-sa-10-lokalnih-nvo\/#breadcrumb","itemListElement":[{"@type":"ListItem","position":1,"name":"Op\u0161tina Ulcinj zaklju?ila je ju?e ugovore sa 10 lokalnih NVO"}]},{"@type":"Person","@id":"https:\/\/www.visit-ulcinj.com\/blog\/#\/schema\/person\/dcab619c614d3038751c63bc2aadc06d","name":"ulqini","sameAs":["http:\/\/www.visit-ulcinj.com"],"url":"https:\/\/www.visit-ulcinj.com\/blog\/author\/admin\/"}]}},"jetpack_featured_media_url":"","jetpack_sharing_enabled":true,"jetpack_shortlink":"https:\/\/wp.me\/pe6lTn-aR","_links":{"self":[{"href":"https:\/\/www.visit-ulcinj.com\/blog\/wp-json\/wp\/v2\/posts\/673"}],"collection":[{"href":"https:\/\/www.visit-ulcinj.com\/blog\/wp-json\/wp\/v2\/posts"}],"about":[{"href":"https:\/\/www.visit-ulcinj.com\/blog\/wp-json\/wp\/v2\/types\/post"}],"author":[{"embeddable":true,"href":"https:\/\/www.visit-ulcinj.com\/blog\/wp-json\/wp\/v2\/users\/1"}],"replies":[{"embeddable":true,"href":"https:\/\/www.visit-ulcinj.com\/blog\/wp-json\/wp\/v2\/comments?post=673"}],"version-history":[{"count":0,"href":"https:\/\/www.visit-ulcinj.com\/blog\/wp-json\/wp\/v2\/posts\/673\/revisions"}],"wp:attachment":[{"href":"https:\/\/www.visit-ulcinj.com\/blog\/wp-json\/wp\/v2\/media?parent=673"}],"wp:term":[{"taxonomy":"category","embeddable":true,"href":"https:\/\/www.visit-ulcinj.com\/blog\/wp-json\/wp\/v2\/categories?post=673"},{"taxonomy":"post_tag","embeddable":true,"href":"https:\/\/www.visit-ulcinj.com\/blog\/wp-json\/wp\/v2\/tags?post=673"}],"curies":[{"name":"wp","href":"https:\/\/api.w.org\/{rel}","templated":true}]}}