{"id":67304,"date":"2012-12-31T11:12:23","date_gmt":"2012-12-31T10:12:23","guid":{"rendered":"http:\/\/www.visit-ulcinj.com\/blog\/?p=67304"},"modified":"2012-12-31T11:12:23","modified_gmt":"2012-12-31T10:12:23","slug":"gezuar-vitin-e-ri-2013-nga-unioni-demokratik-te-shqiptareve","status":"publish","type":"post","link":"https:\/\/www.visit-ulcinj.com\/blog\/2012\/12\/31\/gezuar-vitin-e-ri-2013-nga-unioni-demokratik-te-shqiptareve\/","title":{"rendered":"G\u00ebzuar Vitin e ri 2013 nga Unioni Demokratik t\u00eb Shqiptar\u00ebve"},"content":{"rendered":"<p><a href=\"http:\/\/www.visit-ulcinj.com\/blog\/wp-content\/uploads\/2012\/12\/UDSH-ja-gezuar.jpg\"><img loading=\"lazy\" class=\"alignleft size-full wp-image-67305\" alt=\"UDSH-ja-gezuar\" src=\"http:\/\/www.visit-ulcinj.com\/blog\/wp-content\/uploads\/2012\/12\/UDSH-ja-gezuar.jpg\" width=\"508\" height=\"254\" srcset=\"https:\/\/www.visit-ulcinj.com\/blog\/wp-content\/uploads\/2012\/12\/UDSH-ja-gezuar.jpg 508w, https:\/\/www.visit-ulcinj.com\/blog\/wp-content\/uploads\/2012\/12\/UDSH-ja-gezuar-300x150.jpg 300w\" sizes=\"(max-width: 508px) 100vw, 508px\" \/><\/a>UNIONI\u00a0 DEMOKRATIK I SHQIPTAR\u00cbVE<\/p>\n<p style=\"text-align: right;\">\u00a0\u00a0\u00a0\u00a0\u00a0\u00a0\u00a0 Ulqin,m\u00eb 31.12.2012<\/p>\n<p>&nbsp;<\/p>\n<p>&nbsp;<\/p>\n<p>Me rastin e fundvitit 2012 dhe fillimit t\u00eb Vitit t\u00eb Ri 2013, kryetari i Unionit Demokratik t\u00eb Shqiptar\u00ebve, z.Mehmet Zenka, n\u00eb em\u00ebr t\u00eb partis\u00eb dhe n\u00eb emrin e tij personal i p\u00ebrg\u00ebzon\u00a0 t\u00eb gjith\u00eb shqiptar\u00ebt, duke iu uruar sh\u00ebndet t\u00eb mir\u00eb, g\u00ebzime familjare dhe lumturi n\u00eb jet\u00eb.<\/p>\n<p>N\u00eb k\u00ebto \u00e7aste g\u00ebzimi , ne presim Vitin e Ri 2013 me krenari dhe me mir\u00ebnjohjen m\u00eb t\u00eb thell\u00eb p\u00ebr nj\u00ebri tjetrin, p\u00ebr p\u00ebrpjekjet, sakrificat dhe arritjet tona.\u00a0Uroj me d\u00ebshir\u00eb q\u00eb Viti i Ri 2013 t\u00eb jet\u00eb shum\u00eb m\u00eb i suksessh\u00ebm se i kaluari\u00a0.<\/p>\n<p>Le t\u00eb jet\u00eb ky vit i ri nj\u00eb vit i bekuar q\u00eb sjell sh\u00ebndet,begati, paqe e dashuri n\u00eb jet\u00ebn tuaj dhe t\u00eb familjes suaj.<\/p>\n<p>Uroj shum\u00eb g\u00ebzime, mbar\u00ebsi, shpres\u00eb dhe lumturi p\u00ebr t\u00eb gjith\u00eb shqiptar\u00ebt kudo q\u00eb jan\u00eb.<\/p>\n<p>Sh\u00ebrbimi informativ t\u00eb UDSH-s\u00eb<\/p>\n","protected":false},"excerpt":{"rendered":"<p>UNIONI\u00a0 DEMOKRATIK I SHQIPTAR\u00cbVE \u00a0\u00a0\u00a0\u00a0\u00a0\u00a0\u00a0 Ulqin,m\u00eb 31.12.2012 &nbsp; &nbsp; Me rastin e fundvitit 2012 dhe fillimit t\u00eb Vitit t\u00eb Ri 2013, kryetari i Unionit Demokratik t\u00eb Shqiptar\u00ebve, z.Mehmet Zenka, n\u00eb em\u00ebr t\u00eb partis\u00eb dhe n\u00eb emrin e tij personal i p\u00ebrg\u00ebzon\u00a0 t\u00eb gjith\u00eb shqiptar\u00ebt, duke iu uruar sh\u00ebndet t\u00eb mir\u00eb, g\u00ebzime familjare dhe lumturi n\u00eb [&hellip;]<\/p>\n","protected":false},"author":1,"featured_media":0,"comment_status":"open","ping_status":"closed","sticky":false,"template":"","format":"standard","meta":{"spay_email":"","jetpack_publicize_message":"","jetpack_is_tweetstorm":false,"jetpack_publicize_feature_enabled":true},"categories":[11],"tags":[5431],"jetpack_publicize_connections":[],"yoast_head":"<!-- This site is optimized with the Yoast SEO plugin v19.1 - https:\/\/yoast.com\/wordpress\/plugins\/seo\/ -->\n<title>G\u00ebzuar Vitin e ri 2013 nga Unioni Demokratik t\u00eb Shqiptar\u00ebve - Lajme nga Ulqini<\/title>\n<meta name=\"description\" content=\"UNIONI\u00a0 DEMOKRATIK I SHQIPTAR\u00cbVE \u00a0\u00a0\u00a0\u00a0\u00a0\u00a0\u00a0 Ulqin,m\u00eb 31.12.2012 &nbsp; &nbsp; Me rastin e fundvitit 2012 dhe fillimit t\u00eb Vitit t\u00eb Ri 2013, kryetari i Unionit\" \/>\n<meta name=\"robots\" content=\"index, follow, max-snippet:-1, max-image-preview:large, max-video-preview:-1\" \/>\n<link rel=\"canonical\" href=\"https:\/\/www.visit-ulcinj.com\/blog\/2012\/12\/31\/gezuar-vitin-e-ri-2013-nga-unioni-demokratik-te-shqiptareve\/\" \/>\n<meta property=\"og:locale\" content=\"en_US\" \/>\n<meta property=\"og:type\" content=\"article\" \/>\n<meta property=\"og:title\" content=\"G\u00ebzuar Vitin e ri 2013 nga Unioni Demokratik t\u00eb Shqiptar\u00ebve - Lajme nga Ulqini\" \/>\n<meta property=\"og:description\" content=\"UNIONI\u00a0 DEMOKRATIK I SHQIPTAR\u00cbVE \u00a0\u00a0\u00a0\u00a0\u00a0\u00a0\u00a0 Ulqin,m\u00eb 31.12.2012 &nbsp; &nbsp; Me rastin e fundvitit 2012 dhe fillimit t\u00eb Vitit t\u00eb Ri 2013, kryetari i Unionit\" \/>\n<meta property=\"og:url\" content=\"https:\/\/www.visit-ulcinj.com\/blog\/2012\/12\/31\/gezuar-vitin-e-ri-2013-nga-unioni-demokratik-te-shqiptareve\/\" \/>\n<meta property=\"og:site_name\" content=\"Lajme nga Ulqini\" \/>\n<meta property=\"article:published_time\" content=\"2012-12-31T10:12:23+00:00\" \/>\n<meta property=\"og:image\" content=\"http:\/\/www.visit-ulcinj.com\/blog\/wp-content\/uploads\/2012\/12\/UDSH-ja-gezuar.jpg\" \/>\n<meta name=\"twitter:label1\" content=\"Written by\" \/>\n\t<meta name=\"twitter:data1\" content=\"ulqini\" \/>\n\t<meta name=\"twitter:label2\" content=\"Est. reading time\" \/>\n\t<meta name=\"twitter:data2\" content=\"1 minute\" \/>\n<script type=\"application\/ld+json\" class=\"yoast-schema-graph\">{\"@context\":\"https:\/\/schema.org\",\"@graph\":[{\"@type\":\"WebSite\",\"@id\":\"https:\/\/www.visit-ulcinj.com\/blog\/#website\",\"url\":\"https:\/\/www.visit-ulcinj.com\/blog\/\",\"name\":\"Lajme nga Ulqini\",\"description\":\"Lajme,Vijesti,Ulqini,Ulqin,Crna Gora,Mali i Zi\",\"potentialAction\":[{\"@type\":\"SearchAction\",\"target\":{\"@type\":\"EntryPoint\",\"urlTemplate\":\"https:\/\/www.visit-ulcinj.com\/blog\/?s={search_term_string}\"},\"query-input\":\"required name=search_term_string\"}],\"inLanguage\":\"en-US\"},{\"@type\":\"ImageObject\",\"inLanguage\":\"en-US\",\"@id\":\"https:\/\/www.visit-ulcinj.com\/blog\/2012\/12\/31\/gezuar-vitin-e-ri-2013-nga-unioni-demokratik-te-shqiptareve\/#primaryimage\",\"url\":\"https:\/\/www.visit-ulcinj.com\/blog\/wp-content\/uploads\/2012\/12\/UDSH-ja-gezuar.jpg\",\"contentUrl\":\"https:\/\/www.visit-ulcinj.com\/blog\/wp-content\/uploads\/2012\/12\/UDSH-ja-gezuar.jpg\",\"width\":508,\"height\":254},{\"@type\":\"WebPage\",\"@id\":\"https:\/\/www.visit-ulcinj.com\/blog\/2012\/12\/31\/gezuar-vitin-e-ri-2013-nga-unioni-demokratik-te-shqiptareve\/#webpage\",\"url\":\"https:\/\/www.visit-ulcinj.com\/blog\/2012\/12\/31\/gezuar-vitin-e-ri-2013-nga-unioni-demokratik-te-shqiptareve\/\",\"name\":\"G\u00ebzuar Vitin e ri 2013 nga Unioni Demokratik t\u00eb Shqiptar\u00ebve - Lajme nga Ulqini\",\"isPartOf\":{\"@id\":\"https:\/\/www.visit-ulcinj.com\/blog\/#website\"},\"primaryImageOfPage\":{\"@id\":\"https:\/\/www.visit-ulcinj.com\/blog\/2012\/12\/31\/gezuar-vitin-e-ri-2013-nga-unioni-demokratik-te-shqiptareve\/#primaryimage\"},\"datePublished\":\"2012-12-31T10:12:23+00:00\",\"dateModified\":\"2012-12-31T10:12:23+00:00\",\"author\":{\"@id\":\"https:\/\/www.visit-ulcinj.com\/blog\/#\/schema\/person\/dcab619c614d3038751c63bc2aadc06d\"},\"description\":\"UNIONI\u00a0 DEMOKRATIK I SHQIPTAR\u00cbVE \u00a0\u00a0\u00a0\u00a0\u00a0\u00a0\u00a0 Ulqin,m\u00eb 31.12.2012 &nbsp; &nbsp; Me rastin e fundvitit 2012 dhe fillimit t\u00eb Vitit t\u00eb Ri 2013, kryetari i Unionit\",\"breadcrumb\":{\"@id\":\"https:\/\/www.visit-ulcinj.com\/blog\/2012\/12\/31\/gezuar-vitin-e-ri-2013-nga-unioni-demokratik-te-shqiptareve\/#breadcrumb\"},\"inLanguage\":\"en-US\",\"potentialAction\":[{\"@type\":\"ReadAction\",\"target\":[\"https:\/\/www.visit-ulcinj.com\/blog\/2012\/12\/31\/gezuar-vitin-e-ri-2013-nga-unioni-demokratik-te-shqiptareve\/\"]}]},{\"@type\":\"BreadcrumbList\",\"@id\":\"https:\/\/www.visit-ulcinj.com\/blog\/2012\/12\/31\/gezuar-vitin-e-ri-2013-nga-unioni-demokratik-te-shqiptareve\/#breadcrumb\",\"itemListElement\":[{\"@type\":\"ListItem\",\"position\":1,\"name\":\"G\u00ebzuar Vitin e ri 2013 nga Unioni Demokratik t\u00eb Shqiptar\u00ebve\"}]},{\"@type\":\"Person\",\"@id\":\"https:\/\/www.visit-ulcinj.com\/blog\/#\/schema\/person\/dcab619c614d3038751c63bc2aadc06d\",\"name\":\"ulqini\",\"sameAs\":[\"http:\/\/www.visit-ulcinj.com\"],\"url\":\"https:\/\/www.visit-ulcinj.com\/blog\/author\/admin\/\"}]}<\/script>\n<!-- \/ Yoast SEO plugin. -->","yoast_head_json":{"title":"G\u00ebzuar Vitin e ri 2013 nga Unioni Demokratik t\u00eb Shqiptar\u00ebve - Lajme nga Ulqini","description":"UNIONI\u00a0 DEMOKRATIK I SHQIPTAR\u00cbVE \u00a0\u00a0\u00a0\u00a0\u00a0\u00a0\u00a0 Ulqin,m\u00eb 31.12.2012 &nbsp; &nbsp; Me rastin e fundvitit 2012 dhe fillimit t\u00eb Vitit t\u00eb Ri 2013, kryetari i Unionit","robots":{"index":"index","follow":"follow","max-snippet":"max-snippet:-1","max-image-preview":"max-image-preview:large","max-video-preview":"max-video-preview:-1"},"canonical":"https:\/\/www.visit-ulcinj.com\/blog\/2012\/12\/31\/gezuar-vitin-e-ri-2013-nga-unioni-demokratik-te-shqiptareve\/","og_locale":"en_US","og_type":"article","og_title":"G\u00ebzuar Vitin e ri 2013 nga Unioni Demokratik t\u00eb Shqiptar\u00ebve - Lajme nga Ulqini","og_description":"UNIONI\u00a0 DEMOKRATIK I SHQIPTAR\u00cbVE \u00a0\u00a0\u00a0\u00a0\u00a0\u00a0\u00a0 Ulqin,m\u00eb 31.12.2012 &nbsp; &nbsp; Me rastin e fundvitit 2012 dhe fillimit t\u00eb Vitit t\u00eb Ri 2013, kryetari i Unionit","og_url":"https:\/\/www.visit-ulcinj.com\/blog\/2012\/12\/31\/gezuar-vitin-e-ri-2013-nga-unioni-demokratik-te-shqiptareve\/","og_site_name":"Lajme nga Ulqini","article_published_time":"2012-12-31T10:12:23+00:00","og_image":[{"url":"http:\/\/www.visit-ulcinj.com\/blog\/wp-content\/uploads\/2012\/12\/UDSH-ja-gezuar.jpg"}],"twitter_misc":{"Written by":"ulqini","Est. reading time":"1 minute"},"schema":{"@context":"https:\/\/schema.org","@graph":[{"@type":"WebSite","@id":"https:\/\/www.visit-ulcinj.com\/blog\/#website","url":"https:\/\/www.visit-ulcinj.com\/blog\/","name":"Lajme nga Ulqini","description":"Lajme,Vijesti,Ulqini,Ulqin,Crna Gora,Mali i Zi","potentialAction":[{"@type":"SearchAction","target":{"@type":"EntryPoint","urlTemplate":"https:\/\/www.visit-ulcinj.com\/blog\/?s={search_term_string}"},"query-input":"required name=search_term_string"}],"inLanguage":"en-US"},{"@type":"ImageObject","inLanguage":"en-US","@id":"https:\/\/www.visit-ulcinj.com\/blog\/2012\/12\/31\/gezuar-vitin-e-ri-2013-nga-unioni-demokratik-te-shqiptareve\/#primaryimage","url":"https:\/\/www.visit-ulcinj.com\/blog\/wp-content\/uploads\/2012\/12\/UDSH-ja-gezuar.jpg","contentUrl":"https:\/\/www.visit-ulcinj.com\/blog\/wp-content\/uploads\/2012\/12\/UDSH-ja-gezuar.jpg","width":508,"height":254},{"@type":"WebPage","@id":"https:\/\/www.visit-ulcinj.com\/blog\/2012\/12\/31\/gezuar-vitin-e-ri-2013-nga-unioni-demokratik-te-shqiptareve\/#webpage","url":"https:\/\/www.visit-ulcinj.com\/blog\/2012\/12\/31\/gezuar-vitin-e-ri-2013-nga-unioni-demokratik-te-shqiptareve\/","name":"G\u00ebzuar Vitin e ri 2013 nga Unioni Demokratik t\u00eb Shqiptar\u00ebve - Lajme nga Ulqini","isPartOf":{"@id":"https:\/\/www.visit-ulcinj.com\/blog\/#website"},"primaryImageOfPage":{"@id":"https:\/\/www.visit-ulcinj.com\/blog\/2012\/12\/31\/gezuar-vitin-e-ri-2013-nga-unioni-demokratik-te-shqiptareve\/#primaryimage"},"datePublished":"2012-12-31T10:12:23+00:00","dateModified":"2012-12-31T10:12:23+00:00","author":{"@id":"https:\/\/www.visit-ulcinj.com\/blog\/#\/schema\/person\/dcab619c614d3038751c63bc2aadc06d"},"description":"UNIONI\u00a0 DEMOKRATIK I SHQIPTAR\u00cbVE \u00a0\u00a0\u00a0\u00a0\u00a0\u00a0\u00a0 Ulqin,m\u00eb 31.12.2012 &nbsp; &nbsp; Me rastin e fundvitit 2012 dhe fillimit t\u00eb Vitit t\u00eb Ri 2013, kryetari i Unionit","breadcrumb":{"@id":"https:\/\/www.visit-ulcinj.com\/blog\/2012\/12\/31\/gezuar-vitin-e-ri-2013-nga-unioni-demokratik-te-shqiptareve\/#breadcrumb"},"inLanguage":"en-US","potentialAction":[{"@type":"ReadAction","target":["https:\/\/www.visit-ulcinj.com\/blog\/2012\/12\/31\/gezuar-vitin-e-ri-2013-nga-unioni-demokratik-te-shqiptareve\/"]}]},{"@type":"BreadcrumbList","@id":"https:\/\/www.visit-ulcinj.com\/blog\/2012\/12\/31\/gezuar-vitin-e-ri-2013-nga-unioni-demokratik-te-shqiptareve\/#breadcrumb","itemListElement":[{"@type":"ListItem","position":1,"name":"G\u00ebzuar Vitin e ri 2013 nga Unioni Demokratik t\u00eb Shqiptar\u00ebve"}]},{"@type":"Person","@id":"https:\/\/www.visit-ulcinj.com\/blog\/#\/schema\/person\/dcab619c614d3038751c63bc2aadc06d","name":"ulqini","sameAs":["http:\/\/www.visit-ulcinj.com"],"url":"https:\/\/www.visit-ulcinj.com\/blog\/author\/admin\/"}]}},"jetpack_featured_media_url":"","jetpack_sharing_enabled":true,"jetpack_shortlink":"https:\/\/wp.me\/pe6lTn-hvy","_links":{"self":[{"href":"https:\/\/www.visit-ulcinj.com\/blog\/wp-json\/wp\/v2\/posts\/67304"}],"collection":[{"href":"https:\/\/www.visit-ulcinj.com\/blog\/wp-json\/wp\/v2\/posts"}],"about":[{"href":"https:\/\/www.visit-ulcinj.com\/blog\/wp-json\/wp\/v2\/types\/post"}],"author":[{"embeddable":true,"href":"https:\/\/www.visit-ulcinj.com\/blog\/wp-json\/wp\/v2\/users\/1"}],"replies":[{"embeddable":true,"href":"https:\/\/www.visit-ulcinj.com\/blog\/wp-json\/wp\/v2\/comments?post=67304"}],"version-history":[{"count":1,"href":"https:\/\/www.visit-ulcinj.com\/blog\/wp-json\/wp\/v2\/posts\/67304\/revisions"}],"predecessor-version":[{"id":67306,"href":"https:\/\/www.visit-ulcinj.com\/blog\/wp-json\/wp\/v2\/posts\/67304\/revisions\/67306"}],"wp:attachment":[{"href":"https:\/\/www.visit-ulcinj.com\/blog\/wp-json\/wp\/v2\/media?parent=67304"}],"wp:term":[{"taxonomy":"category","embeddable":true,"href":"https:\/\/www.visit-ulcinj.com\/blog\/wp-json\/wp\/v2\/categories?post=67304"},{"taxonomy":"post_tag","embeddable":true,"href":"https:\/\/www.visit-ulcinj.com\/blog\/wp-json\/wp\/v2\/tags?post=67304"}],"curies":[{"name":"wp","href":"https:\/\/api.w.org\/{rel}","templated":true}]}}