{"id":67311,"date":"2012-12-31T11:54:19","date_gmt":"2012-12-31T10:54:19","guid":{"rendered":"http:\/\/www.visit-ulcinj.com\/blog\/?p=67311"},"modified":"2012-12-31T12:51:31","modified_gmt":"2012-12-31T11:51:31","slug":"koreodrama-kalendari-nga-ulqini-shafqet-ne-shkoder-video","status":"publish","type":"post","link":"https:\/\/www.visit-ulcinj.com\/blog\/2012\/12\/31\/koreodrama-kalendari-nga-ulqini-shafqet-ne-shkoder-video\/","title":{"rendered":"Koreodrama \u201c Kalendari\u201d nga Ulqini shafqet ne Shkod\u00ebr &#8211; Video"},"content":{"rendered":"<p><a href=\"http:\/\/www.visit-ulcinj.com\/blog\/wp-content\/uploads\/2012\/12\/Koreodrama-Kalendari-i-historis-se-Ulqinit_SHKA-ZANA.jpg\"><img loading=\"lazy\" class=\"alignleft  wp-image-67312\" alt=\"Koreodrama-Kalendari-i-historis-se-Ulqinit_SHKA-ZANA\" src=\"http:\/\/www.visit-ulcinj.com\/blog\/wp-content\/uploads\/2012\/12\/Koreodrama-Kalendari-i-historis-se-Ulqinit_SHKA-ZANA.jpg\" width=\"508\" height=\"360\" \/><\/a>Koreodrama \u201cKalendari\u201d e v\u00ebn\u00eb n\u00eb sken\u00eb nga trupa e artist\u00ebve t\u00eb Ulqinit u shfaq n\u00eb Teatrin Migjeni t\u00eb Shkodr\u00ebs si pjes\u00eb e rrug\u00ebtimit t\u00eb saj n\u00ebp\u00ebr skenat shqiptare n\u00eb Ballkan.<\/p>\n<p>Nj\u00eb dasem Ulqinake n\u00eb t\u00eb cil\u00ebn p\u00ebrzihen k\u00ebng\u00ebt dhe valet e gjith\u00eb trevave shqiptare e nis k\u00ebt\u00eb shfaqje, nj\u00eb rrug\u00ebtim e k\u00ebsaj pjese t\u00eb kombit e mbetur jasht trojeve etnike dhe mbyllja e kufirit jan\u00eb pjesa hyrese e saj. Tradicionalja e cila bashkohet me modernen, konceptimi q\u00eb p\u00ebrmes l\u00ebvizjeve t\u00eb trupes s\u00eb baletit nga Ulqini dhe interpretimit t\u00eb aktor\u00ebve n\u00eb sken\u00eb jepet mesazhi I kalvarit t\u00eb Shqiptareve n\u00eb shekullin e pavar\u00ebsis\u00eb.<\/p>\n<p><iframe loading=\"lazy\" width=\"508\" height=\"360\" src=\"http:\/\/www.youtube.com\/embed\/WOVBoV749Fw\" frameborder=\"0\" allowfullscreen><\/iframe><br \/>\nNj\u00eb d\u00ebshir\u00eb e vjet\u00ebr q\u00eb ta sjellim n\u00eb Shkod\u00ebr shprehet organizatori I k\u00ebsaj koreodrame Basri Milla. Modernja dhe tradicionalja si nga koreografia ashtu edhe nga muzika, rrug\u00ebtimi n\u00eb shekullin e pavar\u00ebsis\u00eb paraqitet mjaft mir\u00eb n\u00eb k\u00ebt\u00eb koreodram\u00eb e cila u soll me an\u00eb t\u00eb mb\u00ebshtetjes finaciare t\u00eb K\u00ebshillit Nacional t\u00eb Shqiptar\u00ebve mbyllet me bashkimin e shqiptar\u00ebve dhe rrug\u00ebn e tyre drejt BE-s\u00eb.\u00a0 Koreodrama Kalendari do transmetohet ekskluzivisht n\u00eb ekranin e TV1-Channel n\u00eb ditet n\u00eb vazhdim.<\/p>\n<p>TV1 CHANNEL<br \/>\n<iframe loading=\"lazy\" src=\"http:\/\/www.youtube.com\/embed\/qhNY4fYXGn4\" height=\"360\" width=\"508\" allowfullscreen=\"\" frameborder=\"0\"><\/iframe><\/p>\n","protected":false},"excerpt":{"rendered":"<p>Koreodrama \u201cKalendari\u201d e v\u00ebn\u00eb n\u00eb sken\u00eb nga trupa e artist\u00ebve t\u00eb Ulqinit u shfaq n\u00eb Teatrin Migjeni t\u00eb Shkodr\u00ebs si pjes\u00eb e rrug\u00ebtimit t\u00eb saj n\u00ebp\u00ebr skenat shqiptare n\u00eb Ballkan. Nj\u00eb dasem Ulqinake n\u00eb t\u00eb cil\u00ebn p\u00ebrzihen k\u00ebng\u00ebt dhe valet e gjith\u00eb trevave shqiptare e nis k\u00ebt\u00eb shfaqje, nj\u00eb rrug\u00ebtim e k\u00ebsaj pjese t\u00eb kombit [&hellip;]<\/p>\n","protected":false},"author":1,"featured_media":0,"comment_status":"open","ping_status":"closed","sticky":false,"template":"","format":"standard","meta":{"spay_email":"","jetpack_publicize_message":"","jetpack_is_tweetstorm":false,"jetpack_publicize_feature_enabled":true},"categories":[6950],"tags":[21669],"jetpack_publicize_connections":[],"yoast_head":"<!-- This site is optimized with the Yoast SEO plugin v19.1 - https:\/\/yoast.com\/wordpress\/plugins\/seo\/ -->\n<title>Koreodrama \u201c Kalendari\u201d nga Ulqini shafqet ne Shkod\u00ebr - Video - Lajme nga Ulqini<\/title>\n<meta name=\"description\" content=\"Koreodrama \u201cKalendari\u201d e v\u00ebn\u00eb n\u00eb sken\u00eb nga trupa e artist\u00ebve t\u00eb Ulqinit u shfaq n\u00eb Teatrin Migjeni t\u00eb Shkodr\u00ebs si pjes\u00eb e rrug\u00ebtimit t\u00eb saj n\u00ebp\u00ebr skenat\" \/>\n<meta name=\"robots\" content=\"index, follow, max-snippet:-1, max-image-preview:large, max-video-preview:-1\" \/>\n<link rel=\"canonical\" href=\"https:\/\/www.visit-ulcinj.com\/blog\/2012\/12\/31\/koreodrama-kalendari-nga-ulqini-shafqet-ne-shkoder-video\/\" \/>\n<meta property=\"og:locale\" content=\"en_US\" \/>\n<meta property=\"og:type\" content=\"article\" \/>\n<meta property=\"og:title\" content=\"Koreodrama \u201c Kalendari\u201d nga Ulqini shafqet ne Shkod\u00ebr - Video - Lajme nga Ulqini\" \/>\n<meta property=\"og:description\" content=\"Koreodrama \u201cKalendari\u201d e v\u00ebn\u00eb n\u00eb sken\u00eb nga trupa e artist\u00ebve t\u00eb Ulqinit u shfaq n\u00eb Teatrin Migjeni t\u00eb Shkodr\u00ebs si pjes\u00eb e rrug\u00ebtimit t\u00eb saj n\u00ebp\u00ebr skenat\" \/>\n<meta property=\"og:url\" content=\"https:\/\/www.visit-ulcinj.com\/blog\/2012\/12\/31\/koreodrama-kalendari-nga-ulqini-shafqet-ne-shkoder-video\/\" \/>\n<meta property=\"og:site_name\" content=\"Lajme nga Ulqini\" \/>\n<meta property=\"article:published_time\" content=\"2012-12-31T10:54:19+00:00\" \/>\n<meta property=\"article:modified_time\" content=\"2012-12-31T11:51:31+00:00\" \/>\n<meta property=\"og:image\" content=\"http:\/\/www.visit-ulcinj.com\/blog\/wp-content\/uploads\/2012\/12\/Koreodrama-Kalendari-i-historis-se-Ulqinit_SHKA-ZANA.jpg\" \/>\n<meta name=\"twitter:label1\" content=\"Written by\" \/>\n\t<meta name=\"twitter:data1\" content=\"ulqini\" \/>\n\t<meta name=\"twitter:label2\" content=\"Est. reading time\" \/>\n\t<meta name=\"twitter:data2\" content=\"1 minute\" \/>\n<script type=\"application\/ld+json\" class=\"yoast-schema-graph\">{\"@context\":\"https:\/\/schema.org\",\"@graph\":[{\"@type\":\"WebSite\",\"@id\":\"https:\/\/www.visit-ulcinj.com\/blog\/#website\",\"url\":\"https:\/\/www.visit-ulcinj.com\/blog\/\",\"name\":\"Lajme nga Ulqini\",\"description\":\"Lajme,Vijesti,Ulqini,Ulqin,Crna Gora,Mali i Zi\",\"potentialAction\":[{\"@type\":\"SearchAction\",\"target\":{\"@type\":\"EntryPoint\",\"urlTemplate\":\"https:\/\/www.visit-ulcinj.com\/blog\/?s={search_term_string}\"},\"query-input\":\"required name=search_term_string\"}],\"inLanguage\":\"en-US\"},{\"@type\":\"ImageObject\",\"inLanguage\":\"en-US\",\"@id\":\"https:\/\/www.visit-ulcinj.com\/blog\/2012\/12\/31\/koreodrama-kalendari-nga-ulqini-shafqet-ne-shkoder-video\/#primaryimage\",\"url\":\"https:\/\/www.visit-ulcinj.com\/blog\/wp-content\/uploads\/2012\/12\/Koreodrama-Kalendari-i-historis-se-Ulqinit_SHKA-ZANA.jpg\",\"contentUrl\":\"https:\/\/www.visit-ulcinj.com\/blog\/wp-content\/uploads\/2012\/12\/Koreodrama-Kalendari-i-historis-se-Ulqinit_SHKA-ZANA.jpg\",\"width\":960,\"height\":639},{\"@type\":\"WebPage\",\"@id\":\"https:\/\/www.visit-ulcinj.com\/blog\/2012\/12\/31\/koreodrama-kalendari-nga-ulqini-shafqet-ne-shkoder-video\/#webpage\",\"url\":\"https:\/\/www.visit-ulcinj.com\/blog\/2012\/12\/31\/koreodrama-kalendari-nga-ulqini-shafqet-ne-shkoder-video\/\",\"name\":\"Koreodrama \u201c Kalendari\u201d nga Ulqini shafqet ne Shkod\u00ebr - Video - Lajme nga Ulqini\",\"isPartOf\":{\"@id\":\"https:\/\/www.visit-ulcinj.com\/blog\/#website\"},\"primaryImageOfPage\":{\"@id\":\"https:\/\/www.visit-ulcinj.com\/blog\/2012\/12\/31\/koreodrama-kalendari-nga-ulqini-shafqet-ne-shkoder-video\/#primaryimage\"},\"datePublished\":\"2012-12-31T10:54:19+00:00\",\"dateModified\":\"2012-12-31T11:51:31+00:00\",\"author\":{\"@id\":\"https:\/\/www.visit-ulcinj.com\/blog\/#\/schema\/person\/dcab619c614d3038751c63bc2aadc06d\"},\"description\":\"Koreodrama \u201cKalendari\u201d e v\u00ebn\u00eb n\u00eb sken\u00eb nga trupa e artist\u00ebve t\u00eb Ulqinit u shfaq n\u00eb Teatrin Migjeni t\u00eb Shkodr\u00ebs si pjes\u00eb e rrug\u00ebtimit t\u00eb saj n\u00ebp\u00ebr skenat\",\"breadcrumb\":{\"@id\":\"https:\/\/www.visit-ulcinj.com\/blog\/2012\/12\/31\/koreodrama-kalendari-nga-ulqini-shafqet-ne-shkoder-video\/#breadcrumb\"},\"inLanguage\":\"en-US\",\"potentialAction\":[{\"@type\":\"ReadAction\",\"target\":[\"https:\/\/www.visit-ulcinj.com\/blog\/2012\/12\/31\/koreodrama-kalendari-nga-ulqini-shafqet-ne-shkoder-video\/\"]}]},{\"@type\":\"BreadcrumbList\",\"@id\":\"https:\/\/www.visit-ulcinj.com\/blog\/2012\/12\/31\/koreodrama-kalendari-nga-ulqini-shafqet-ne-shkoder-video\/#breadcrumb\",\"itemListElement\":[{\"@type\":\"ListItem\",\"position\":1,\"name\":\"Koreodrama \u201c Kalendari\u201d nga Ulqini shafqet ne Shkod\u00ebr &#8211; Video\"}]},{\"@type\":\"Person\",\"@id\":\"https:\/\/www.visit-ulcinj.com\/blog\/#\/schema\/person\/dcab619c614d3038751c63bc2aadc06d\",\"name\":\"ulqini\",\"sameAs\":[\"http:\/\/www.visit-ulcinj.com\"],\"url\":\"https:\/\/www.visit-ulcinj.com\/blog\/author\/admin\/\"}]}<\/script>\n<!-- \/ Yoast SEO plugin. -->","yoast_head_json":{"title":"Koreodrama \u201c Kalendari\u201d nga Ulqini shafqet ne Shkod\u00ebr - Video - Lajme nga Ulqini","description":"Koreodrama \u201cKalendari\u201d e v\u00ebn\u00eb n\u00eb sken\u00eb nga trupa e artist\u00ebve t\u00eb Ulqinit u shfaq n\u00eb Teatrin Migjeni t\u00eb Shkodr\u00ebs si pjes\u00eb e rrug\u00ebtimit t\u00eb saj n\u00ebp\u00ebr skenat","robots":{"index":"index","follow":"follow","max-snippet":"max-snippet:-1","max-image-preview":"max-image-preview:large","max-video-preview":"max-video-preview:-1"},"canonical":"https:\/\/www.visit-ulcinj.com\/blog\/2012\/12\/31\/koreodrama-kalendari-nga-ulqini-shafqet-ne-shkoder-video\/","og_locale":"en_US","og_type":"article","og_title":"Koreodrama \u201c Kalendari\u201d nga Ulqini shafqet ne Shkod\u00ebr - Video - Lajme nga Ulqini","og_description":"Koreodrama \u201cKalendari\u201d e v\u00ebn\u00eb n\u00eb sken\u00eb nga trupa e artist\u00ebve t\u00eb Ulqinit u shfaq n\u00eb Teatrin Migjeni t\u00eb Shkodr\u00ebs si pjes\u00eb e rrug\u00ebtimit t\u00eb saj n\u00ebp\u00ebr skenat","og_url":"https:\/\/www.visit-ulcinj.com\/blog\/2012\/12\/31\/koreodrama-kalendari-nga-ulqini-shafqet-ne-shkoder-video\/","og_site_name":"Lajme nga Ulqini","article_published_time":"2012-12-31T10:54:19+00:00","article_modified_time":"2012-12-31T11:51:31+00:00","og_image":[{"url":"http:\/\/www.visit-ulcinj.com\/blog\/wp-content\/uploads\/2012\/12\/Koreodrama-Kalendari-i-historis-se-Ulqinit_SHKA-ZANA.jpg"}],"twitter_misc":{"Written by":"ulqini","Est. reading time":"1 minute"},"schema":{"@context":"https:\/\/schema.org","@graph":[{"@type":"WebSite","@id":"https:\/\/www.visit-ulcinj.com\/blog\/#website","url":"https:\/\/www.visit-ulcinj.com\/blog\/","name":"Lajme nga Ulqini","description":"Lajme,Vijesti,Ulqini,Ulqin,Crna Gora,Mali i Zi","potentialAction":[{"@type":"SearchAction","target":{"@type":"EntryPoint","urlTemplate":"https:\/\/www.visit-ulcinj.com\/blog\/?s={search_term_string}"},"query-input":"required name=search_term_string"}],"inLanguage":"en-US"},{"@type":"ImageObject","inLanguage":"en-US","@id":"https:\/\/www.visit-ulcinj.com\/blog\/2012\/12\/31\/koreodrama-kalendari-nga-ulqini-shafqet-ne-shkoder-video\/#primaryimage","url":"https:\/\/www.visit-ulcinj.com\/blog\/wp-content\/uploads\/2012\/12\/Koreodrama-Kalendari-i-historis-se-Ulqinit_SHKA-ZANA.jpg","contentUrl":"https:\/\/www.visit-ulcinj.com\/blog\/wp-content\/uploads\/2012\/12\/Koreodrama-Kalendari-i-historis-se-Ulqinit_SHKA-ZANA.jpg","width":960,"height":639},{"@type":"WebPage","@id":"https:\/\/www.visit-ulcinj.com\/blog\/2012\/12\/31\/koreodrama-kalendari-nga-ulqini-shafqet-ne-shkoder-video\/#webpage","url":"https:\/\/www.visit-ulcinj.com\/blog\/2012\/12\/31\/koreodrama-kalendari-nga-ulqini-shafqet-ne-shkoder-video\/","name":"Koreodrama \u201c Kalendari\u201d nga Ulqini shafqet ne Shkod\u00ebr - Video - Lajme nga Ulqini","isPartOf":{"@id":"https:\/\/www.visit-ulcinj.com\/blog\/#website"},"primaryImageOfPage":{"@id":"https:\/\/www.visit-ulcinj.com\/blog\/2012\/12\/31\/koreodrama-kalendari-nga-ulqini-shafqet-ne-shkoder-video\/#primaryimage"},"datePublished":"2012-12-31T10:54:19+00:00","dateModified":"2012-12-31T11:51:31+00:00","author":{"@id":"https:\/\/www.visit-ulcinj.com\/blog\/#\/schema\/person\/dcab619c614d3038751c63bc2aadc06d"},"description":"Koreodrama \u201cKalendari\u201d e v\u00ebn\u00eb n\u00eb sken\u00eb nga trupa e artist\u00ebve t\u00eb Ulqinit u shfaq n\u00eb Teatrin Migjeni t\u00eb Shkodr\u00ebs si pjes\u00eb e rrug\u00ebtimit t\u00eb saj n\u00ebp\u00ebr skenat","breadcrumb":{"@id":"https:\/\/www.visit-ulcinj.com\/blog\/2012\/12\/31\/koreodrama-kalendari-nga-ulqini-shafqet-ne-shkoder-video\/#breadcrumb"},"inLanguage":"en-US","potentialAction":[{"@type":"ReadAction","target":["https:\/\/www.visit-ulcinj.com\/blog\/2012\/12\/31\/koreodrama-kalendari-nga-ulqini-shafqet-ne-shkoder-video\/"]}]},{"@type":"BreadcrumbList","@id":"https:\/\/www.visit-ulcinj.com\/blog\/2012\/12\/31\/koreodrama-kalendari-nga-ulqini-shafqet-ne-shkoder-video\/#breadcrumb","itemListElement":[{"@type":"ListItem","position":1,"name":"Koreodrama \u201c Kalendari\u201d nga Ulqini shafqet ne Shkod\u00ebr &#8211; Video"}]},{"@type":"Person","@id":"https:\/\/www.visit-ulcinj.com\/blog\/#\/schema\/person\/dcab619c614d3038751c63bc2aadc06d","name":"ulqini","sameAs":["http:\/\/www.visit-ulcinj.com"],"url":"https:\/\/www.visit-ulcinj.com\/blog\/author\/admin\/"}]}},"jetpack_featured_media_url":"","jetpack_sharing_enabled":true,"jetpack_shortlink":"https:\/\/wp.me\/pe6lTn-hvF","_links":{"self":[{"href":"https:\/\/www.visit-ulcinj.com\/blog\/wp-json\/wp\/v2\/posts\/67311"}],"collection":[{"href":"https:\/\/www.visit-ulcinj.com\/blog\/wp-json\/wp\/v2\/posts"}],"about":[{"href":"https:\/\/www.visit-ulcinj.com\/blog\/wp-json\/wp\/v2\/types\/post"}],"author":[{"embeddable":true,"href":"https:\/\/www.visit-ulcinj.com\/blog\/wp-json\/wp\/v2\/users\/1"}],"replies":[{"embeddable":true,"href":"https:\/\/www.visit-ulcinj.com\/blog\/wp-json\/wp\/v2\/comments?post=67311"}],"version-history":[{"count":2,"href":"https:\/\/www.visit-ulcinj.com\/blog\/wp-json\/wp\/v2\/posts\/67311\/revisions"}],"predecessor-version":[{"id":67328,"href":"https:\/\/www.visit-ulcinj.com\/blog\/wp-json\/wp\/v2\/posts\/67311\/revisions\/67328"}],"wp:attachment":[{"href":"https:\/\/www.visit-ulcinj.com\/blog\/wp-json\/wp\/v2\/media?parent=67311"}],"wp:term":[{"taxonomy":"category","embeddable":true,"href":"https:\/\/www.visit-ulcinj.com\/blog\/wp-json\/wp\/v2\/categories?post=67311"},{"taxonomy":"post_tag","embeddable":true,"href":"https:\/\/www.visit-ulcinj.com\/blog\/wp-json\/wp\/v2\/tags?post=67311"}],"curies":[{"name":"wp","href":"https:\/\/api.w.org\/{rel}","templated":true}]}}