{"id":67314,"date":"2012-12-31T12:06:00","date_gmt":"2012-12-31T11:06:00","guid":{"rendered":"http:\/\/www.visit-ulcinj.com\/blog\/?p=67314"},"modified":"2012-12-31T12:06:00","modified_gmt":"2012-12-31T11:06:00","slug":"u-ulcinju-spremaju-januarsku-trku","status":"publish","type":"post","link":"https:\/\/www.visit-ulcinj.com\/blog\/2012\/12\/31\/u-ulcinju-spremaju-januarsku-trku\/","title":{"rendered":"U Ulcinju spremaju januarsku trku"},"content":{"rendered":"<div id=\"attachment_67315\" style=\"width: 518px\" class=\"wp-caption alignleft\"><a href=\"http:\/\/www.visit-ulcinj.com\/blog\/wp-content\/uploads\/2012\/12\/januarska-trka-u-Ulcinj.jpg\"><img aria-describedby=\"caption-attachment-67315\" loading=\"lazy\" class=\" wp-image-67315 \" alt=\"januarska trka u Ulcinj\" src=\"http:\/\/www.visit-ulcinj.com\/blog\/wp-content\/uploads\/2012\/12\/januarska-trka-u-Ulcinj.jpg\" width=\"508\" height=\"316\" \/><\/a><p id=\"caption-attachment-67315\" class=\"wp-caption-text\">Foto: Samir Adrovi\u0107<\/p><\/div>\n<p>Drugu godinu zaredom, Sportsko rekreativno dru\u0161tvo \u201eBelvi\u201c i NVO \u201eUlcinj sport\u201c otvori\u0107e sportski januar u Ulcinju me\u0111unarodnom uli\u010dnom trkom kojom simboli\u010dno najavljuju po\u010detak zimske sportske sezone.<\/p>\n<p>Trka \u201eUlcinj 2013\u201c, pod pokroviteljstvom Op\u0161tine Ulcinj i Atletskog saveza Crne Gore (ASCG), zakazana je za 10. januar.<\/p>\n<p>U \u017eenskoj i mu\u0161koj konkurenciji takmi\u010darske discipline su mladi pioniri, pioniri, mladi juniori, juniori, seniorke i seniori, kako za aktivne atleti\u010dare, tako i za \u010dlanove ulcinjskih sportskih klubova &#8211; fudbal, ko\u0161arka, rukomet, tenis, karate&#8230;<\/p>\n<p>\u201cOvako ujedno potvr\u0111ujemo i nastavljamo kontinuitet svih vrijednosti koje ba\u0161tine Ulcinj i njegovi stanovnici. U vrijeme odr\u017eavanja ove manifestacije ugosti\u0107emo sportske prijatelje iz ASCG, AS Albanije, AS Srbije, COK-a, Uprave za sport, prijatelje iz medija kao i ostalih sportskih udru\u017eenja-ka\u017ee Milorad Cau\u0161evi\u0107 iz SRD \u201eBelvi\u201c.<\/p>\n<p>Trka \u0107e biti odr\u017eana na prostoru od zgrade SO Ulcinj do kru\u017enog toka, a centralna sve\u010danost i dodjela diploma, medalja i zahvalnica bi\u0107e u Domu kulture.<\/p>\n<p>Pored sportista, kao i pro\u0161li put bi\u0107e nagra\u0111eni policajac, vatrogasac, doktor, medicinska sestra i voza\u010da koji su u ljetnjoj turisti\u010dkoj sezoni u Ulcinju dali najve\u0107i doprinos.<\/p>\n<p><strong>Radomir Petri\u0107<\/strong><br \/>\n<strong><a href=\"http:\/\/www.vijesti.me\/\">Vijesti online<\/a><\/strong><\/p>\n","protected":false},"excerpt":{"rendered":"<p>Drugu godinu zaredom, Sportsko rekreativno dru\u0161tvo \u201eBelvi\u201c i NVO \u201eUlcinj sport\u201c otvori\u0107e sportski januar u Ulcinju me\u0111unarodnom uli\u010dnom trkom kojom simboli\u010dno najavljuju po\u010detak zimske sportske sezone. Trka \u201eUlcinj 2013\u201c, pod pokroviteljstvom Op\u0161tine Ulcinj i Atletskog saveza Crne Gore (ASCG), zakazana je za 10. januar. U \u017eenskoj i mu\u0161koj konkurenciji takmi\u010darske discipline su mladi pioniri, pioniri, [&hellip;]<\/p>\n","protected":false},"author":1,"featured_media":0,"comment_status":"open","ping_status":"closed","sticky":false,"template":"","format":"standard","meta":{"spay_email":"","jetpack_publicize_message":"","jetpack_is_tweetstorm":false,"jetpack_publicize_feature_enabled":true},"categories":[6950],"tags":[21670,19841,2781],"jetpack_publicize_connections":[],"yoast_head":"<!-- This site is optimized with the Yoast SEO plugin v19.1 - https:\/\/yoast.com\/wordpress\/plugins\/seo\/ -->\n<title>U Ulcinju spremaju januarsku trku - Lajme nga Ulqini<\/title>\n<meta name=\"description\" content=\"Drugu godinu zaredom, Sportsko rekreativno dru\u0161tvo \u201eBelvi\u201c i NVO \u201eUlcinj sport\u201c otvori\u0107e sportski januar u Ulcinju me\u0111unarodnom uli\u010dnom trkom kojom\" \/>\n<meta name=\"robots\" content=\"index, follow, max-snippet:-1, max-image-preview:large, max-video-preview:-1\" \/>\n<link rel=\"canonical\" href=\"https:\/\/www.visit-ulcinj.com\/blog\/2012\/12\/31\/u-ulcinju-spremaju-januarsku-trku\/\" \/>\n<meta property=\"og:locale\" content=\"en_US\" \/>\n<meta property=\"og:type\" content=\"article\" \/>\n<meta property=\"og:title\" content=\"U Ulcinju spremaju januarsku trku - Lajme nga Ulqini\" \/>\n<meta property=\"og:description\" content=\"Drugu godinu zaredom, Sportsko rekreativno dru\u0161tvo \u201eBelvi\u201c i NVO \u201eUlcinj sport\u201c otvori\u0107e sportski januar u Ulcinju me\u0111unarodnom uli\u010dnom trkom kojom\" \/>\n<meta property=\"og:url\" content=\"https:\/\/www.visit-ulcinj.com\/blog\/2012\/12\/31\/u-ulcinju-spremaju-januarsku-trku\/\" \/>\n<meta property=\"og:site_name\" content=\"Lajme nga Ulqini\" \/>\n<meta property=\"article:published_time\" content=\"2012-12-31T11:06:00+00:00\" \/>\n<meta property=\"og:image\" content=\"http:\/\/www.visit-ulcinj.com\/blog\/wp-content\/uploads\/2012\/12\/januarska-trka-u-Ulcinj.jpg\" \/>\n<meta name=\"twitter:label1\" content=\"Written by\" \/>\n\t<meta name=\"twitter:data1\" content=\"ulqini\" \/>\n\t<meta name=\"twitter:label2\" content=\"Est. reading time\" \/>\n\t<meta name=\"twitter:data2\" content=\"1 minute\" \/>\n<script type=\"application\/ld+json\" class=\"yoast-schema-graph\">{\"@context\":\"https:\/\/schema.org\",\"@graph\":[{\"@type\":\"WebSite\",\"@id\":\"https:\/\/www.visit-ulcinj.com\/blog\/#website\",\"url\":\"https:\/\/www.visit-ulcinj.com\/blog\/\",\"name\":\"Lajme nga Ulqini\",\"description\":\"Lajme,Vijesti,Ulqini,Ulqin,Crna Gora,Mali i Zi\",\"potentialAction\":[{\"@type\":\"SearchAction\",\"target\":{\"@type\":\"EntryPoint\",\"urlTemplate\":\"https:\/\/www.visit-ulcinj.com\/blog\/?s={search_term_string}\"},\"query-input\":\"required name=search_term_string\"}],\"inLanguage\":\"en-US\"},{\"@type\":\"ImageObject\",\"inLanguage\":\"en-US\",\"@id\":\"https:\/\/www.visit-ulcinj.com\/blog\/2012\/12\/31\/u-ulcinju-spremaju-januarsku-trku\/#primaryimage\",\"url\":\"https:\/\/www.visit-ulcinj.com\/blog\/wp-content\/uploads\/2012\/12\/januarska-trka-u-Ulcinj.jpg\",\"contentUrl\":\"https:\/\/www.visit-ulcinj.com\/blog\/wp-content\/uploads\/2012\/12\/januarska-trka-u-Ulcinj.jpg\",\"width\":519,\"height\":316},{\"@type\":\"WebPage\",\"@id\":\"https:\/\/www.visit-ulcinj.com\/blog\/2012\/12\/31\/u-ulcinju-spremaju-januarsku-trku\/#webpage\",\"url\":\"https:\/\/www.visit-ulcinj.com\/blog\/2012\/12\/31\/u-ulcinju-spremaju-januarsku-trku\/\",\"name\":\"U Ulcinju spremaju januarsku trku - Lajme nga Ulqini\",\"isPartOf\":{\"@id\":\"https:\/\/www.visit-ulcinj.com\/blog\/#website\"},\"primaryImageOfPage\":{\"@id\":\"https:\/\/www.visit-ulcinj.com\/blog\/2012\/12\/31\/u-ulcinju-spremaju-januarsku-trku\/#primaryimage\"},\"datePublished\":\"2012-12-31T11:06:00+00:00\",\"dateModified\":\"2012-12-31T11:06:00+00:00\",\"author\":{\"@id\":\"https:\/\/www.visit-ulcinj.com\/blog\/#\/schema\/person\/dcab619c614d3038751c63bc2aadc06d\"},\"description\":\"Drugu godinu zaredom, Sportsko rekreativno dru\u0161tvo \u201eBelvi\u201c i NVO \u201eUlcinj sport\u201c otvori\u0107e sportski januar u Ulcinju me\u0111unarodnom uli\u010dnom trkom kojom\",\"breadcrumb\":{\"@id\":\"https:\/\/www.visit-ulcinj.com\/blog\/2012\/12\/31\/u-ulcinju-spremaju-januarsku-trku\/#breadcrumb\"},\"inLanguage\":\"en-US\",\"potentialAction\":[{\"@type\":\"ReadAction\",\"target\":[\"https:\/\/www.visit-ulcinj.com\/blog\/2012\/12\/31\/u-ulcinju-spremaju-januarsku-trku\/\"]}]},{\"@type\":\"BreadcrumbList\",\"@id\":\"https:\/\/www.visit-ulcinj.com\/blog\/2012\/12\/31\/u-ulcinju-spremaju-januarsku-trku\/#breadcrumb\",\"itemListElement\":[{\"@type\":\"ListItem\",\"position\":1,\"name\":\"U Ulcinju spremaju januarsku trku\"}]},{\"@type\":\"Person\",\"@id\":\"https:\/\/www.visit-ulcinj.com\/blog\/#\/schema\/person\/dcab619c614d3038751c63bc2aadc06d\",\"name\":\"ulqini\",\"sameAs\":[\"http:\/\/www.visit-ulcinj.com\"],\"url\":\"https:\/\/www.visit-ulcinj.com\/blog\/author\/admin\/\"}]}<\/script>\n<!-- \/ Yoast SEO plugin. -->","yoast_head_json":{"title":"U Ulcinju spremaju januarsku trku - Lajme nga Ulqini","description":"Drugu godinu zaredom, Sportsko rekreativno dru\u0161tvo \u201eBelvi\u201c i NVO \u201eUlcinj sport\u201c otvori\u0107e sportski januar u Ulcinju me\u0111unarodnom uli\u010dnom trkom kojom","robots":{"index":"index","follow":"follow","max-snippet":"max-snippet:-1","max-image-preview":"max-image-preview:large","max-video-preview":"max-video-preview:-1"},"canonical":"https:\/\/www.visit-ulcinj.com\/blog\/2012\/12\/31\/u-ulcinju-spremaju-januarsku-trku\/","og_locale":"en_US","og_type":"article","og_title":"U Ulcinju spremaju januarsku trku - Lajme nga Ulqini","og_description":"Drugu godinu zaredom, Sportsko rekreativno dru\u0161tvo \u201eBelvi\u201c i NVO \u201eUlcinj sport\u201c otvori\u0107e sportski januar u Ulcinju me\u0111unarodnom uli\u010dnom trkom kojom","og_url":"https:\/\/www.visit-ulcinj.com\/blog\/2012\/12\/31\/u-ulcinju-spremaju-januarsku-trku\/","og_site_name":"Lajme nga Ulqini","article_published_time":"2012-12-31T11:06:00+00:00","og_image":[{"url":"http:\/\/www.visit-ulcinj.com\/blog\/wp-content\/uploads\/2012\/12\/januarska-trka-u-Ulcinj.jpg"}],"twitter_misc":{"Written by":"ulqini","Est. reading time":"1 minute"},"schema":{"@context":"https:\/\/schema.org","@graph":[{"@type":"WebSite","@id":"https:\/\/www.visit-ulcinj.com\/blog\/#website","url":"https:\/\/www.visit-ulcinj.com\/blog\/","name":"Lajme nga Ulqini","description":"Lajme,Vijesti,Ulqini,Ulqin,Crna Gora,Mali i Zi","potentialAction":[{"@type":"SearchAction","target":{"@type":"EntryPoint","urlTemplate":"https:\/\/www.visit-ulcinj.com\/blog\/?s={search_term_string}"},"query-input":"required name=search_term_string"}],"inLanguage":"en-US"},{"@type":"ImageObject","inLanguage":"en-US","@id":"https:\/\/www.visit-ulcinj.com\/blog\/2012\/12\/31\/u-ulcinju-spremaju-januarsku-trku\/#primaryimage","url":"https:\/\/www.visit-ulcinj.com\/blog\/wp-content\/uploads\/2012\/12\/januarska-trka-u-Ulcinj.jpg","contentUrl":"https:\/\/www.visit-ulcinj.com\/blog\/wp-content\/uploads\/2012\/12\/januarska-trka-u-Ulcinj.jpg","width":519,"height":316},{"@type":"WebPage","@id":"https:\/\/www.visit-ulcinj.com\/blog\/2012\/12\/31\/u-ulcinju-spremaju-januarsku-trku\/#webpage","url":"https:\/\/www.visit-ulcinj.com\/blog\/2012\/12\/31\/u-ulcinju-spremaju-januarsku-trku\/","name":"U Ulcinju spremaju januarsku trku - Lajme nga Ulqini","isPartOf":{"@id":"https:\/\/www.visit-ulcinj.com\/blog\/#website"},"primaryImageOfPage":{"@id":"https:\/\/www.visit-ulcinj.com\/blog\/2012\/12\/31\/u-ulcinju-spremaju-januarsku-trku\/#primaryimage"},"datePublished":"2012-12-31T11:06:00+00:00","dateModified":"2012-12-31T11:06:00+00:00","author":{"@id":"https:\/\/www.visit-ulcinj.com\/blog\/#\/schema\/person\/dcab619c614d3038751c63bc2aadc06d"},"description":"Drugu godinu zaredom, Sportsko rekreativno dru\u0161tvo \u201eBelvi\u201c i NVO \u201eUlcinj sport\u201c otvori\u0107e sportski januar u Ulcinju me\u0111unarodnom uli\u010dnom trkom kojom","breadcrumb":{"@id":"https:\/\/www.visit-ulcinj.com\/blog\/2012\/12\/31\/u-ulcinju-spremaju-januarsku-trku\/#breadcrumb"},"inLanguage":"en-US","potentialAction":[{"@type":"ReadAction","target":["https:\/\/www.visit-ulcinj.com\/blog\/2012\/12\/31\/u-ulcinju-spremaju-januarsku-trku\/"]}]},{"@type":"BreadcrumbList","@id":"https:\/\/www.visit-ulcinj.com\/blog\/2012\/12\/31\/u-ulcinju-spremaju-januarsku-trku\/#breadcrumb","itemListElement":[{"@type":"ListItem","position":1,"name":"U Ulcinju spremaju januarsku trku"}]},{"@type":"Person","@id":"https:\/\/www.visit-ulcinj.com\/blog\/#\/schema\/person\/dcab619c614d3038751c63bc2aadc06d","name":"ulqini","sameAs":["http:\/\/www.visit-ulcinj.com"],"url":"https:\/\/www.visit-ulcinj.com\/blog\/author\/admin\/"}]}},"jetpack_featured_media_url":"","jetpack_sharing_enabled":true,"jetpack_shortlink":"https:\/\/wp.me\/pe6lTn-hvI","_links":{"self":[{"href":"https:\/\/www.visit-ulcinj.com\/blog\/wp-json\/wp\/v2\/posts\/67314"}],"collection":[{"href":"https:\/\/www.visit-ulcinj.com\/blog\/wp-json\/wp\/v2\/posts"}],"about":[{"href":"https:\/\/www.visit-ulcinj.com\/blog\/wp-json\/wp\/v2\/types\/post"}],"author":[{"embeddable":true,"href":"https:\/\/www.visit-ulcinj.com\/blog\/wp-json\/wp\/v2\/users\/1"}],"replies":[{"embeddable":true,"href":"https:\/\/www.visit-ulcinj.com\/blog\/wp-json\/wp\/v2\/comments?post=67314"}],"version-history":[{"count":1,"href":"https:\/\/www.visit-ulcinj.com\/blog\/wp-json\/wp\/v2\/posts\/67314\/revisions"}],"predecessor-version":[{"id":67316,"href":"https:\/\/www.visit-ulcinj.com\/blog\/wp-json\/wp\/v2\/posts\/67314\/revisions\/67316"}],"wp:attachment":[{"href":"https:\/\/www.visit-ulcinj.com\/blog\/wp-json\/wp\/v2\/media?parent=67314"}],"wp:term":[{"taxonomy":"category","embeddable":true,"href":"https:\/\/www.visit-ulcinj.com\/blog\/wp-json\/wp\/v2\/categories?post=67314"},{"taxonomy":"post_tag","embeddable":true,"href":"https:\/\/www.visit-ulcinj.com\/blog\/wp-json\/wp\/v2\/tags?post=67314"}],"curies":[{"name":"wp","href":"https:\/\/api.w.org\/{rel}","templated":true}]}}