{"id":67318,"date":"2012-12-31T12:27:05","date_gmt":"2012-12-31T11:27:05","guid":{"rendered":"http:\/\/www.visit-ulcinj.com\/blog\/?p=67318"},"modified":"2013-01-10T20:41:23","modified_gmt":"2013-01-10T19:41:23","slug":"lajme-nga-ulqini-uron-gezuar-vitin-e-ri-2013","status":"publish","type":"post","link":"https:\/\/www.visit-ulcinj.com\/blog\/2012\/12\/31\/lajme-nga-ulqini-uron-gezuar-vitin-e-ri-2013\/","title":{"rendered":"Lajme nga Ulqini uron: G\u00ebzuar Vitin e Ri 2013!"},"content":{"rendered":"<p><a href=\"http:\/\/www.visit-ulcinj.com\/blog\/wp-content\/uploads\/2012\/12\/Gezuar_Vitin_e_Ri_Lajme-nga-Ulqini.jpg\"><img loading=\"lazy\" class=\"alignleft  wp-image-67319\" alt=\"Gezuar_Vitin_e_Ri_Lajme nga Ulqini\" src=\"http:\/\/www.visit-ulcinj.com\/blog\/wp-content\/uploads\/2012\/12\/Gezuar_Vitin_e_Ri_Lajme-nga-Ulqini.jpg\" width=\"508\" height=\"360\" \/><\/a>Nj\u00eb vit ik\u00ebn e sonte n\u00eb mbr\u00ebmje nj\u00eb tjet\u00ebr do trokas\u00eb n\u00eb jet\u00ebt tona. Duke shpresuar t\u00eb jet\u00eb m\u00eb i mbar\u00eb shqiptar\u00ebt por edhe e gjith\u00eb bota feston n\u00eb m\u00ebnyra t\u00eb ndryshme. Me fishekzjarre, shampanj\u00eb, gjel deti, vizita, k\u00ebng\u00eb, puthje e p\u00ebrqafime, do festohet sot n\u00eb mbr\u00ebmje nd\u00ebrrimi i viteve.<\/p>\n<p>Kremtimi i Vitit t\u00eb Ri \u00ebsht\u00eb nj\u00eb nga festat m\u00eb tradicionale q\u00eb mbledh bashk\u00eb familjar\u00eb, miq e shok\u00eb. Lajme nga Ulqini, iu uron gjith\u00eb shqiptar\u00ebve kudo q\u00eb jan\u00eb: \u201cG\u00ebzuar Vitin e ri, 2013!\u201d<\/p>\n","protected":false},"excerpt":{"rendered":"<p>Nj\u00eb vit ik\u00ebn e sonte n\u00eb mbr\u00ebmje nj\u00eb tjet\u00ebr do trokas\u00eb n\u00eb jet\u00ebt tona. Duke shpresuar t\u00eb jet\u00eb m\u00eb i mbar\u00eb shqiptar\u00ebt por edhe e gjith\u00eb bota feston n\u00eb m\u00ebnyra t\u00eb ndryshme. Me fishekzjarre, shampanj\u00eb, gjel deti, vizita, k\u00ebng\u00eb, puthje e p\u00ebrqafime, do festohet sot n\u00eb mbr\u00ebmje nd\u00ebrrimi i viteve. Kremtimi i Vitit t\u00eb Ri [&hellip;]<\/p>\n","protected":false},"author":1,"featured_media":0,"comment_status":"open","ping_status":"closed","sticky":false,"template":"","format":"standard","meta":{"spay_email":"","jetpack_publicize_message":"","jetpack_is_tweetstorm":false,"jetpack_publicize_feature_enabled":true},"categories":[6950],"tags":[21621,200,18],"jetpack_publicize_connections":[],"yoast_head":"<!-- This site is optimized with the Yoast SEO plugin v19.1 - https:\/\/yoast.com\/wordpress\/plugins\/seo\/ -->\n<title>Lajme nga Ulqini uron: G\u00ebzuar Vitin e Ri 2013! - Lajme nga Ulqini<\/title>\n<meta name=\"description\" content=\"Nj\u00eb vit ik\u00ebn e sonte n\u00eb mbr\u00ebmje nj\u00eb tjet\u00ebr do trokas\u00eb n\u00eb jet\u00ebt tona. Duke shpresuar t\u00eb jet\u00eb m\u00eb i mbar\u00eb shqiptar\u00ebt por edhe e gjith\u00eb bota feston n\u00eb m\u00ebnyra\" \/>\n<meta name=\"robots\" content=\"index, follow, max-snippet:-1, max-image-preview:large, max-video-preview:-1\" \/>\n<link rel=\"canonical\" href=\"https:\/\/www.visit-ulcinj.com\/blog\/2012\/12\/31\/lajme-nga-ulqini-uron-gezuar-vitin-e-ri-2013\/\" \/>\n<meta property=\"og:locale\" content=\"en_US\" \/>\n<meta property=\"og:type\" content=\"article\" \/>\n<meta property=\"og:title\" content=\"Lajme nga Ulqini uron: G\u00ebzuar Vitin e Ri 2013! - Lajme nga Ulqini\" \/>\n<meta property=\"og:description\" content=\"Nj\u00eb vit ik\u00ebn e sonte n\u00eb mbr\u00ebmje nj\u00eb tjet\u00ebr do trokas\u00eb n\u00eb jet\u00ebt tona. Duke shpresuar t\u00eb jet\u00eb m\u00eb i mbar\u00eb shqiptar\u00ebt por edhe e gjith\u00eb bota feston n\u00eb m\u00ebnyra\" \/>\n<meta property=\"og:url\" content=\"https:\/\/www.visit-ulcinj.com\/blog\/2012\/12\/31\/lajme-nga-ulqini-uron-gezuar-vitin-e-ri-2013\/\" \/>\n<meta property=\"og:site_name\" content=\"Lajme nga Ulqini\" \/>\n<meta property=\"article:published_time\" content=\"2012-12-31T11:27:05+00:00\" \/>\n<meta property=\"article:modified_time\" content=\"2013-01-10T19:41:23+00:00\" \/>\n<meta property=\"og:image\" content=\"http:\/\/www.visit-ulcinj.com\/blog\/wp-content\/uploads\/2012\/12\/Gezuar_Vitin_e_Ri_Lajme-nga-Ulqini.jpg\" \/>\n<meta name=\"twitter:label1\" content=\"Written by\" \/>\n\t<meta name=\"twitter:data1\" content=\"ulqini\" \/>\n<script type=\"application\/ld+json\" class=\"yoast-schema-graph\">{\"@context\":\"https:\/\/schema.org\",\"@graph\":[{\"@type\":\"WebSite\",\"@id\":\"https:\/\/www.visit-ulcinj.com\/blog\/#website\",\"url\":\"https:\/\/www.visit-ulcinj.com\/blog\/\",\"name\":\"Lajme nga Ulqini\",\"description\":\"Lajme,Vijesti,Ulqini,Ulqin,Crna Gora,Mali i Zi\",\"potentialAction\":[{\"@type\":\"SearchAction\",\"target\":{\"@type\":\"EntryPoint\",\"urlTemplate\":\"https:\/\/www.visit-ulcinj.com\/blog\/?s={search_term_string}\"},\"query-input\":\"required name=search_term_string\"}],\"inLanguage\":\"en-US\"},{\"@type\":\"ImageObject\",\"inLanguage\":\"en-US\",\"@id\":\"https:\/\/www.visit-ulcinj.com\/blog\/2012\/12\/31\/lajme-nga-ulqini-uron-gezuar-vitin-e-ri-2013\/#primaryimage\",\"url\":\"https:\/\/www.visit-ulcinj.com\/blog\/wp-content\/uploads\/2012\/12\/Gezuar_Vitin_e_Ri_Lajme-nga-Ulqini.jpg\",\"contentUrl\":\"https:\/\/www.visit-ulcinj.com\/blog\/wp-content\/uploads\/2012\/12\/Gezuar_Vitin_e_Ri_Lajme-nga-Ulqini.jpg\",\"width\":800,\"height\":600},{\"@type\":\"WebPage\",\"@id\":\"https:\/\/www.visit-ulcinj.com\/blog\/2012\/12\/31\/lajme-nga-ulqini-uron-gezuar-vitin-e-ri-2013\/#webpage\",\"url\":\"https:\/\/www.visit-ulcinj.com\/blog\/2012\/12\/31\/lajme-nga-ulqini-uron-gezuar-vitin-e-ri-2013\/\",\"name\":\"Lajme nga Ulqini uron: G\u00ebzuar Vitin e Ri 2013! - Lajme nga Ulqini\",\"isPartOf\":{\"@id\":\"https:\/\/www.visit-ulcinj.com\/blog\/#website\"},\"primaryImageOfPage\":{\"@id\":\"https:\/\/www.visit-ulcinj.com\/blog\/2012\/12\/31\/lajme-nga-ulqini-uron-gezuar-vitin-e-ri-2013\/#primaryimage\"},\"datePublished\":\"2012-12-31T11:27:05+00:00\",\"dateModified\":\"2013-01-10T19:41:23+00:00\",\"author\":{\"@id\":\"https:\/\/www.visit-ulcinj.com\/blog\/#\/schema\/person\/dcab619c614d3038751c63bc2aadc06d\"},\"description\":\"Nj\u00eb vit ik\u00ebn e sonte n\u00eb mbr\u00ebmje nj\u00eb tjet\u00ebr do trokas\u00eb n\u00eb jet\u00ebt tona. Duke shpresuar t\u00eb jet\u00eb m\u00eb i mbar\u00eb shqiptar\u00ebt por edhe e gjith\u00eb bota feston n\u00eb m\u00ebnyra\",\"breadcrumb\":{\"@id\":\"https:\/\/www.visit-ulcinj.com\/blog\/2012\/12\/31\/lajme-nga-ulqini-uron-gezuar-vitin-e-ri-2013\/#breadcrumb\"},\"inLanguage\":\"en-US\",\"potentialAction\":[{\"@type\":\"ReadAction\",\"target\":[\"https:\/\/www.visit-ulcinj.com\/blog\/2012\/12\/31\/lajme-nga-ulqini-uron-gezuar-vitin-e-ri-2013\/\"]}]},{\"@type\":\"BreadcrumbList\",\"@id\":\"https:\/\/www.visit-ulcinj.com\/blog\/2012\/12\/31\/lajme-nga-ulqini-uron-gezuar-vitin-e-ri-2013\/#breadcrumb\",\"itemListElement\":[{\"@type\":\"ListItem\",\"position\":1,\"name\":\"Lajme nga Ulqini uron: G\u00ebzuar Vitin e Ri 2013!\"}]},{\"@type\":\"Person\",\"@id\":\"https:\/\/www.visit-ulcinj.com\/blog\/#\/schema\/person\/dcab619c614d3038751c63bc2aadc06d\",\"name\":\"ulqini\",\"sameAs\":[\"http:\/\/www.visit-ulcinj.com\"],\"url\":\"https:\/\/www.visit-ulcinj.com\/blog\/author\/admin\/\"}]}<\/script>\n<!-- \/ Yoast SEO plugin. -->","yoast_head_json":{"title":"Lajme nga Ulqini uron: G\u00ebzuar Vitin e Ri 2013! - Lajme nga Ulqini","description":"Nj\u00eb vit ik\u00ebn e sonte n\u00eb mbr\u00ebmje nj\u00eb tjet\u00ebr do trokas\u00eb n\u00eb jet\u00ebt tona. Duke shpresuar t\u00eb jet\u00eb m\u00eb i mbar\u00eb shqiptar\u00ebt por edhe e gjith\u00eb bota feston n\u00eb m\u00ebnyra","robots":{"index":"index","follow":"follow","max-snippet":"max-snippet:-1","max-image-preview":"max-image-preview:large","max-video-preview":"max-video-preview:-1"},"canonical":"https:\/\/www.visit-ulcinj.com\/blog\/2012\/12\/31\/lajme-nga-ulqini-uron-gezuar-vitin-e-ri-2013\/","og_locale":"en_US","og_type":"article","og_title":"Lajme nga Ulqini uron: G\u00ebzuar Vitin e Ri 2013! - Lajme nga Ulqini","og_description":"Nj\u00eb vit ik\u00ebn e sonte n\u00eb mbr\u00ebmje nj\u00eb tjet\u00ebr do trokas\u00eb n\u00eb jet\u00ebt tona. Duke shpresuar t\u00eb jet\u00eb m\u00eb i mbar\u00eb shqiptar\u00ebt por edhe e gjith\u00eb bota feston n\u00eb m\u00ebnyra","og_url":"https:\/\/www.visit-ulcinj.com\/blog\/2012\/12\/31\/lajme-nga-ulqini-uron-gezuar-vitin-e-ri-2013\/","og_site_name":"Lajme nga Ulqini","article_published_time":"2012-12-31T11:27:05+00:00","article_modified_time":"2013-01-10T19:41:23+00:00","og_image":[{"url":"http:\/\/www.visit-ulcinj.com\/blog\/wp-content\/uploads\/2012\/12\/Gezuar_Vitin_e_Ri_Lajme-nga-Ulqini.jpg"}],"twitter_misc":{"Written by":"ulqini"},"schema":{"@context":"https:\/\/schema.org","@graph":[{"@type":"WebSite","@id":"https:\/\/www.visit-ulcinj.com\/blog\/#website","url":"https:\/\/www.visit-ulcinj.com\/blog\/","name":"Lajme nga Ulqini","description":"Lajme,Vijesti,Ulqini,Ulqin,Crna Gora,Mali i Zi","potentialAction":[{"@type":"SearchAction","target":{"@type":"EntryPoint","urlTemplate":"https:\/\/www.visit-ulcinj.com\/blog\/?s={search_term_string}"},"query-input":"required name=search_term_string"}],"inLanguage":"en-US"},{"@type":"ImageObject","inLanguage":"en-US","@id":"https:\/\/www.visit-ulcinj.com\/blog\/2012\/12\/31\/lajme-nga-ulqini-uron-gezuar-vitin-e-ri-2013\/#primaryimage","url":"https:\/\/www.visit-ulcinj.com\/blog\/wp-content\/uploads\/2012\/12\/Gezuar_Vitin_e_Ri_Lajme-nga-Ulqini.jpg","contentUrl":"https:\/\/www.visit-ulcinj.com\/blog\/wp-content\/uploads\/2012\/12\/Gezuar_Vitin_e_Ri_Lajme-nga-Ulqini.jpg","width":800,"height":600},{"@type":"WebPage","@id":"https:\/\/www.visit-ulcinj.com\/blog\/2012\/12\/31\/lajme-nga-ulqini-uron-gezuar-vitin-e-ri-2013\/#webpage","url":"https:\/\/www.visit-ulcinj.com\/blog\/2012\/12\/31\/lajme-nga-ulqini-uron-gezuar-vitin-e-ri-2013\/","name":"Lajme nga Ulqini uron: G\u00ebzuar Vitin e Ri 2013! - Lajme nga Ulqini","isPartOf":{"@id":"https:\/\/www.visit-ulcinj.com\/blog\/#website"},"primaryImageOfPage":{"@id":"https:\/\/www.visit-ulcinj.com\/blog\/2012\/12\/31\/lajme-nga-ulqini-uron-gezuar-vitin-e-ri-2013\/#primaryimage"},"datePublished":"2012-12-31T11:27:05+00:00","dateModified":"2013-01-10T19:41:23+00:00","author":{"@id":"https:\/\/www.visit-ulcinj.com\/blog\/#\/schema\/person\/dcab619c614d3038751c63bc2aadc06d"},"description":"Nj\u00eb vit ik\u00ebn e sonte n\u00eb mbr\u00ebmje nj\u00eb tjet\u00ebr do trokas\u00eb n\u00eb jet\u00ebt tona. Duke shpresuar t\u00eb jet\u00eb m\u00eb i mbar\u00eb shqiptar\u00ebt por edhe e gjith\u00eb bota feston n\u00eb m\u00ebnyra","breadcrumb":{"@id":"https:\/\/www.visit-ulcinj.com\/blog\/2012\/12\/31\/lajme-nga-ulqini-uron-gezuar-vitin-e-ri-2013\/#breadcrumb"},"inLanguage":"en-US","potentialAction":[{"@type":"ReadAction","target":["https:\/\/www.visit-ulcinj.com\/blog\/2012\/12\/31\/lajme-nga-ulqini-uron-gezuar-vitin-e-ri-2013\/"]}]},{"@type":"BreadcrumbList","@id":"https:\/\/www.visit-ulcinj.com\/blog\/2012\/12\/31\/lajme-nga-ulqini-uron-gezuar-vitin-e-ri-2013\/#breadcrumb","itemListElement":[{"@type":"ListItem","position":1,"name":"Lajme nga Ulqini uron: G\u00ebzuar Vitin e Ri 2013!"}]},{"@type":"Person","@id":"https:\/\/www.visit-ulcinj.com\/blog\/#\/schema\/person\/dcab619c614d3038751c63bc2aadc06d","name":"ulqini","sameAs":["http:\/\/www.visit-ulcinj.com"],"url":"https:\/\/www.visit-ulcinj.com\/blog\/author\/admin\/"}]}},"jetpack_featured_media_url":"","jetpack_sharing_enabled":true,"jetpack_shortlink":"https:\/\/wp.me\/pe6lTn-hvM","_links":{"self":[{"href":"https:\/\/www.visit-ulcinj.com\/blog\/wp-json\/wp\/v2\/posts\/67318"}],"collection":[{"href":"https:\/\/www.visit-ulcinj.com\/blog\/wp-json\/wp\/v2\/posts"}],"about":[{"href":"https:\/\/www.visit-ulcinj.com\/blog\/wp-json\/wp\/v2\/types\/post"}],"author":[{"embeddable":true,"href":"https:\/\/www.visit-ulcinj.com\/blog\/wp-json\/wp\/v2\/users\/1"}],"replies":[{"embeddable":true,"href":"https:\/\/www.visit-ulcinj.com\/blog\/wp-json\/wp\/v2\/comments?post=67318"}],"version-history":[{"count":2,"href":"https:\/\/www.visit-ulcinj.com\/blog\/wp-json\/wp\/v2\/posts\/67318\/revisions"}],"predecessor-version":[{"id":67547,"href":"https:\/\/www.visit-ulcinj.com\/blog\/wp-json\/wp\/v2\/posts\/67318\/revisions\/67547"}],"wp:attachment":[{"href":"https:\/\/www.visit-ulcinj.com\/blog\/wp-json\/wp\/v2\/media?parent=67318"}],"wp:term":[{"taxonomy":"category","embeddable":true,"href":"https:\/\/www.visit-ulcinj.com\/blog\/wp-json\/wp\/v2\/categories?post=67318"},{"taxonomy":"post_tag","embeddable":true,"href":"https:\/\/www.visit-ulcinj.com\/blog\/wp-json\/wp\/v2\/tags?post=67318"}],"curies":[{"name":"wp","href":"https:\/\/api.w.org\/{rel}","templated":true}]}}