{"id":67321,"date":"2012-12-31T12:47:11","date_gmt":"2012-12-31T11:47:11","guid":{"rendered":"http:\/\/www.visit-ulcinj.com\/blog\/?p=67321"},"modified":"2013-01-02T14:49:07","modified_gmt":"2013-01-02T13:49:07","slug":"prezantohet-per-here-te-pare-shoqeria-artistike-tradita-nga-ana-e-malit","status":"publish","type":"post","link":"https:\/\/www.visit-ulcinj.com\/blog\/2012\/12\/31\/prezantohet-per-here-te-pare-shoqeria-artistike-tradita-nga-ana-e-malit\/","title":{"rendered":"Prezantohet p\u00ebr her\u00eb t\u00eb par\u00eb  Shoq\u00ebria Artistike \u201c Tradita\u201d   nga Ana e Malit"},"content":{"rendered":"<p><a href=\"http:\/\/www.visit-ulcinj.com\/blog\/wp-content\/uploads\/2012\/12\/Shoqeria-Artistike_Tradita_-Ana-e-Malit.jpg\"><img loading=\"lazy\" class=\"alignleft  wp-image-67322\" alt=\"Shoqeria Artistike_Tradita_ Ana e Malit\" src=\"http:\/\/www.visit-ulcinj.com\/blog\/wp-content\/uploads\/2012\/12\/Shoqeria-Artistike_Tradita_-Ana-e-Malit.jpg\" width=\"508\" height=\"360\" \/><\/a>Me 29.12.2012 ne mbremjen e te shtunes n\u00eb kompleksin \u201c Lamiga\u201d n\u00eb Kryth\u00eb t\u00eb An\u00ebs s\u00eb Malit, p\u00ebr her\u00eb t\u00eb par\u00eb \u00ebsht\u00eb prezantuar\u00a0 Shoq\u00ebria Artistike \u201c Tradita\u201d nga Ana e Malit.<br \/>\nPo at\u00eb mbr\u00ebmje BKA-ja \u00a0festoi edhe 1-vjetorin e pun\u00ebs s\u00eb vet ku udh\u00ebheq\u00ebsit e k\u00ebsaj organizate shpalosen edhe t\u00eb arriturat e tyre gjat\u00eb k\u00ebtij viti.<\/p>\n<p>N\u00eb themelimin dhe fillimin e pun\u00ebs s\u00eb SHA \u201c Tradita\u201d merit\u00ebn m\u00eb t\u00eb madhe e ka vet BKA-ja me shpres\u00ebn e vetme q\u00eb tradita e k\u00ebsaj zone t\u00eb shpaloset m\u00eb s\u00eb miri jo vet\u00ebm n\u00eb Ulqin por edhe m\u00eb gj\u00ebr\u00eb.<br \/>\nKryetari i SHA \u201c Tradita\u201d \u00ebsht\u00eb zgjedhur \u00a0Selatin Gjeloshi<\/p>\n<p><strong>BIZNIS KLUB ANAMALIT BKA<\/strong><\/p>\n<p><a href=\"https:\/\/www.facebook.com\/media\/set\/?set=a.470496409679166.114567.100001564340764&amp;type=1\" target=\"_blank\"><strong>Foto nga 1 Vjetori i BKA-se dhe Promovimi i Sh.A.TRADITA Facebook<\/strong><\/a><\/p>\n<p>&nbsp;<\/p>\n<p><a href=\"http:\/\/www.visit-ulcinj.com\/blog\/wp-content\/uploads\/2012\/12\/Shoqeria-Artistike_Tradita_-Ana-e-Malit.1.jpg\"><img loading=\"lazy\" class=\"alignleft  wp-image-67324\" alt=\"Shoqeria Artistike_Tradita_ Ana e Malit.1\" src=\"http:\/\/www.visit-ulcinj.com\/blog\/wp-content\/uploads\/2012\/12\/Shoqeria-Artistike_Tradita_-Ana-e-Malit.1.jpg\" width=\"508\" height=\"300\" \/><\/a><\/p>\n<p><a href=\"http:\/\/www.visit-ulcinj.com\/blog\/wp-content\/uploads\/2012\/12\/Shoqeria-Artistike_Tradita_-Ana-e-Malit.2.jpg\"><img loading=\"lazy\" class=\"alignleft size-full wp-image-67323\" alt=\"Shoqeria Artistike_Tradita_ Ana e Malit.2\" src=\"http:\/\/www.visit-ulcinj.com\/blog\/wp-content\/uploads\/2012\/12\/Shoqeria-Artistike_Tradita_-Ana-e-Malit.2.jpg\" width=\"508\" height=\"300\" \/><\/a><\/p>\n","protected":false},"excerpt":{"rendered":"<p>Me 29.12.2012 ne mbremjen e te shtunes n\u00eb kompleksin \u201c Lamiga\u201d n\u00eb Kryth\u00eb t\u00eb An\u00ebs s\u00eb Malit, p\u00ebr her\u00eb t\u00eb par\u00eb \u00ebsht\u00eb prezantuar\u00a0 Shoq\u00ebria Artistike \u201c Tradita\u201d nga Ana e Malit. Po at\u00eb mbr\u00ebmje BKA-ja \u00a0festoi edhe 1-vjetorin e pun\u00ebs s\u00eb vet ku udh\u00ebheq\u00ebsit e k\u00ebsaj organizate shpalosen edhe t\u00eb arriturat e tyre gjat\u00eb k\u00ebtij [&hellip;]<\/p>\n","protected":false},"author":1,"featured_media":0,"comment_status":"open","ping_status":"closed","sticky":false,"template":"","format":"standard","meta":{"spay_email":"","jetpack_publicize_message":"","jetpack_is_tweetstorm":false,"jetpack_publicize_feature_enabled":true},"categories":[12],"tags":[11609,21509,21512,17977,212,17828,21239,17834,21237,18370,17811,21242,20884,7930,17831,21652,18362,14353,17808,14354,12340,17840,17839,18363,21221,21222,18532,19677,17835,21240,17814,17810,17816,17071,2319,21246,17807,21253,21468,21469,19517,3516,14652,17837,17827,21219,21416,8470,21244,21654,4607,21494,2338,21653,21238,21248,14358,19806,222,2321,17802,17812,17803,2323,3584,17820,16036,1499,21236,21250,17825,17817,17805,21252,3169,305,21251,840,17823,17832,3506,17818,214,21231,3993,5913,17680,14362,14363,18371,21493,21230,21241,21513,3507,730,21471,21249,17800,498,3500,21421,21228,21255,19514,115,14364,21234,18694,21254,21223,21418,17799,3327,21226,17841,3944,17826,15213,18236,3512,17806,18399,11648,18289,21233,17838,95,2348,21427,17813,17804,15141,347,19495,17836,14366,21510,3875,79,17073,18294,318,118,18368,18369,21417,21662,21661,19511,21257,21258,1653,21420,21426,21419,11584,2304,21261,21232,1909,21243,21224,14367,21235,2354,5380,17801,2306,2334,2335,21470,18360,21227,3577,17822,14368,14369,21225,21492,17824,14370,21247,18291,16228,21259,2083,3231,14371,21220,41,3617,5040,3582,2350,3722,21260,14372,17844,17821,18372,21256,17830,17077,18295,14375,17833,17829,899,21245,20894,3797,21229,4684,19,200,18,17819,19460,4243,16445,17809,2340,4265,14376],"jetpack_publicize_connections":[],"yoast_head":"<!-- This site is optimized with the Yoast SEO plugin v19.1 - https:\/\/yoast.com\/wordpress\/plugins\/seo\/ -->\n<title>Prezantohet p\u00ebr her\u00eb t\u00eb par\u00eb Shoq\u00ebria Artistike \u201c Tradita\u201d  nga Ana e Malit - Lajme nga Ulqini<\/title>\n<meta name=\"description\" content=\"Me 29.12.2012 ne mbremjen e te shtunes n\u00eb kompleksin \u201c Lamiga\u201d n\u00eb Kryth\u00eb t\u00eb An\u00ebs s\u00eb Malit, p\u00ebr her\u00eb t\u00eb par\u00eb \u00ebsht\u00eb prezantuar\u00a0 Shoq\u00ebria Artistike \u201c\" \/>\n<meta name=\"robots\" content=\"index, follow, max-snippet:-1, max-image-preview:large, max-video-preview:-1\" \/>\n<link rel=\"canonical\" href=\"https:\/\/www.visit-ulcinj.com\/blog\/2012\/12\/31\/prezantohet-per-here-te-pare-shoqeria-artistike-tradita-nga-ana-e-malit\/\" \/>\n<meta property=\"og:locale\" content=\"en_US\" \/>\n<meta property=\"og:type\" content=\"article\" \/>\n<meta property=\"og:title\" content=\"Prezantohet p\u00ebr her\u00eb t\u00eb par\u00eb Shoq\u00ebria Artistike \u201c Tradita\u201d  nga Ana e Malit - Lajme nga Ulqini\" \/>\n<meta property=\"og:description\" content=\"Me 29.12.2012 ne mbremjen e te shtunes n\u00eb kompleksin \u201c Lamiga\u201d n\u00eb Kryth\u00eb t\u00eb An\u00ebs s\u00eb Malit, p\u00ebr her\u00eb t\u00eb par\u00eb \u00ebsht\u00eb prezantuar\u00a0 Shoq\u00ebria Artistike \u201c\" \/>\n<meta property=\"og:url\" content=\"https:\/\/www.visit-ulcinj.com\/blog\/2012\/12\/31\/prezantohet-per-here-te-pare-shoqeria-artistike-tradita-nga-ana-e-malit\/\" \/>\n<meta property=\"og:site_name\" content=\"Lajme nga Ulqini\" \/>\n<meta property=\"article:published_time\" content=\"2012-12-31T11:47:11+00:00\" \/>\n<meta property=\"article:modified_time\" content=\"2013-01-02T13:49:07+00:00\" \/>\n<meta property=\"og:image\" content=\"http:\/\/www.visit-ulcinj.com\/blog\/wp-content\/uploads\/2012\/12\/Shoqeria-Artistike_Tradita_-Ana-e-Malit.jpg\" \/>\n<meta name=\"twitter:label1\" content=\"Written by\" \/>\n\t<meta name=\"twitter:data1\" content=\"ulqini\" \/>\n\t<meta name=\"twitter:label2\" content=\"Est. reading time\" \/>\n\t<meta name=\"twitter:data2\" content=\"1 minute\" \/>\n<script type=\"application\/ld+json\" class=\"yoast-schema-graph\">{\"@context\":\"https:\/\/schema.org\",\"@graph\":[{\"@type\":\"WebSite\",\"@id\":\"https:\/\/www.visit-ulcinj.com\/blog\/#website\",\"url\":\"https:\/\/www.visit-ulcinj.com\/blog\/\",\"name\":\"Lajme nga Ulqini\",\"description\":\"Lajme,Vijesti,Ulqini,Ulqin,Crna Gora,Mali i Zi\",\"potentialAction\":[{\"@type\":\"SearchAction\",\"target\":{\"@type\":\"EntryPoint\",\"urlTemplate\":\"https:\/\/www.visit-ulcinj.com\/blog\/?s={search_term_string}\"},\"query-input\":\"required name=search_term_string\"}],\"inLanguage\":\"en-US\"},{\"@type\":\"ImageObject\",\"inLanguage\":\"en-US\",\"@id\":\"https:\/\/www.visit-ulcinj.com\/blog\/2012\/12\/31\/prezantohet-per-here-te-pare-shoqeria-artistike-tradita-nga-ana-e-malit\/#primaryimage\",\"url\":\"http:\/\/www.visit-ulcinj.com\/blog\/wp-content\/uploads\/2012\/12\/Shoqeria-Artistike_Tradita_-Ana-e-Malit.jpg\",\"contentUrl\":\"http:\/\/www.visit-ulcinj.com\/blog\/wp-content\/uploads\/2012\/12\/Shoqeria-Artistike_Tradita_-Ana-e-Malit.jpg\"},{\"@type\":\"WebPage\",\"@id\":\"https:\/\/www.visit-ulcinj.com\/blog\/2012\/12\/31\/prezantohet-per-here-te-pare-shoqeria-artistike-tradita-nga-ana-e-malit\/#webpage\",\"url\":\"https:\/\/www.visit-ulcinj.com\/blog\/2012\/12\/31\/prezantohet-per-here-te-pare-shoqeria-artistike-tradita-nga-ana-e-malit\/\",\"name\":\"Prezantohet p\u00ebr her\u00eb t\u00eb par\u00eb Shoq\u00ebria Artistike \u201c Tradita\u201d nga Ana e Malit - Lajme nga Ulqini\",\"isPartOf\":{\"@id\":\"https:\/\/www.visit-ulcinj.com\/blog\/#website\"},\"primaryImageOfPage\":{\"@id\":\"https:\/\/www.visit-ulcinj.com\/blog\/2012\/12\/31\/prezantohet-per-here-te-pare-shoqeria-artistike-tradita-nga-ana-e-malit\/#primaryimage\"},\"datePublished\":\"2012-12-31T11:47:11+00:00\",\"dateModified\":\"2013-01-02T13:49:07+00:00\",\"author\":{\"@id\":\"https:\/\/www.visit-ulcinj.com\/blog\/#\/schema\/person\/dcab619c614d3038751c63bc2aadc06d\"},\"description\":\"Me 29.12.2012 ne mbremjen e te shtunes n\u00eb kompleksin \u201c Lamiga\u201d n\u00eb Kryth\u00eb t\u00eb An\u00ebs s\u00eb Malit, p\u00ebr her\u00eb t\u00eb par\u00eb \u00ebsht\u00eb prezantuar\u00a0 Shoq\u00ebria Artistike \u201c\",\"breadcrumb\":{\"@id\":\"https:\/\/www.visit-ulcinj.com\/blog\/2012\/12\/31\/prezantohet-per-here-te-pare-shoqeria-artistike-tradita-nga-ana-e-malit\/#breadcrumb\"},\"inLanguage\":\"en-US\",\"potentialAction\":[{\"@type\":\"ReadAction\",\"target\":[\"https:\/\/www.visit-ulcinj.com\/blog\/2012\/12\/31\/prezantohet-per-here-te-pare-shoqeria-artistike-tradita-nga-ana-e-malit\/\"]}]},{\"@type\":\"BreadcrumbList\",\"@id\":\"https:\/\/www.visit-ulcinj.com\/blog\/2012\/12\/31\/prezantohet-per-here-te-pare-shoqeria-artistike-tradita-nga-ana-e-malit\/#breadcrumb\",\"itemListElement\":[{\"@type\":\"ListItem\",\"position\":1,\"name\":\"Prezantohet p\u00ebr her\u00eb t\u00eb par\u00eb Shoq\u00ebria Artistike \u201c Tradita\u201d nga Ana e Malit\"}]},{\"@type\":\"Person\",\"@id\":\"https:\/\/www.visit-ulcinj.com\/blog\/#\/schema\/person\/dcab619c614d3038751c63bc2aadc06d\",\"name\":\"ulqini\",\"sameAs\":[\"http:\/\/www.visit-ulcinj.com\"],\"url\":\"https:\/\/www.visit-ulcinj.com\/blog\/author\/admin\/\"}]}<\/script>\n<!-- \/ Yoast SEO plugin. -->","yoast_head_json":{"title":"Prezantohet p\u00ebr her\u00eb t\u00eb par\u00eb Shoq\u00ebria Artistike \u201c Tradita\u201d  nga Ana e Malit - Lajme nga Ulqini","description":"Me 29.12.2012 ne mbremjen e te shtunes n\u00eb kompleksin \u201c Lamiga\u201d n\u00eb Kryth\u00eb t\u00eb An\u00ebs s\u00eb Malit, p\u00ebr her\u00eb t\u00eb par\u00eb \u00ebsht\u00eb prezantuar\u00a0 Shoq\u00ebria Artistike \u201c","robots":{"index":"index","follow":"follow","max-snippet":"max-snippet:-1","max-image-preview":"max-image-preview:large","max-video-preview":"max-video-preview:-1"},"canonical":"https:\/\/www.visit-ulcinj.com\/blog\/2012\/12\/31\/prezantohet-per-here-te-pare-shoqeria-artistike-tradita-nga-ana-e-malit\/","og_locale":"en_US","og_type":"article","og_title":"Prezantohet p\u00ebr her\u00eb t\u00eb par\u00eb Shoq\u00ebria Artistike \u201c Tradita\u201d  nga Ana e Malit - Lajme nga Ulqini","og_description":"Me 29.12.2012 ne mbremjen e te shtunes n\u00eb kompleksin \u201c Lamiga\u201d n\u00eb Kryth\u00eb t\u00eb An\u00ebs s\u00eb Malit, p\u00ebr her\u00eb t\u00eb par\u00eb \u00ebsht\u00eb prezantuar\u00a0 Shoq\u00ebria Artistike \u201c","og_url":"https:\/\/www.visit-ulcinj.com\/blog\/2012\/12\/31\/prezantohet-per-here-te-pare-shoqeria-artistike-tradita-nga-ana-e-malit\/","og_site_name":"Lajme nga Ulqini","article_published_time":"2012-12-31T11:47:11+00:00","article_modified_time":"2013-01-02T13:49:07+00:00","og_image":[{"url":"http:\/\/www.visit-ulcinj.com\/blog\/wp-content\/uploads\/2012\/12\/Shoqeria-Artistike_Tradita_-Ana-e-Malit.jpg"}],"twitter_misc":{"Written by":"ulqini","Est. reading time":"1 minute"},"schema":{"@context":"https:\/\/schema.org","@graph":[{"@type":"WebSite","@id":"https:\/\/www.visit-ulcinj.com\/blog\/#website","url":"https:\/\/www.visit-ulcinj.com\/blog\/","name":"Lajme nga Ulqini","description":"Lajme,Vijesti,Ulqini,Ulqin,Crna Gora,Mali i Zi","potentialAction":[{"@type":"SearchAction","target":{"@type":"EntryPoint","urlTemplate":"https:\/\/www.visit-ulcinj.com\/blog\/?s={search_term_string}"},"query-input":"required name=search_term_string"}],"inLanguage":"en-US"},{"@type":"ImageObject","inLanguage":"en-US","@id":"https:\/\/www.visit-ulcinj.com\/blog\/2012\/12\/31\/prezantohet-per-here-te-pare-shoqeria-artistike-tradita-nga-ana-e-malit\/#primaryimage","url":"http:\/\/www.visit-ulcinj.com\/blog\/wp-content\/uploads\/2012\/12\/Shoqeria-Artistike_Tradita_-Ana-e-Malit.jpg","contentUrl":"http:\/\/www.visit-ulcinj.com\/blog\/wp-content\/uploads\/2012\/12\/Shoqeria-Artistike_Tradita_-Ana-e-Malit.jpg"},{"@type":"WebPage","@id":"https:\/\/www.visit-ulcinj.com\/blog\/2012\/12\/31\/prezantohet-per-here-te-pare-shoqeria-artistike-tradita-nga-ana-e-malit\/#webpage","url":"https:\/\/www.visit-ulcinj.com\/blog\/2012\/12\/31\/prezantohet-per-here-te-pare-shoqeria-artistike-tradita-nga-ana-e-malit\/","name":"Prezantohet p\u00ebr her\u00eb t\u00eb par\u00eb Shoq\u00ebria Artistike \u201c Tradita\u201d nga Ana e Malit - Lajme nga Ulqini","isPartOf":{"@id":"https:\/\/www.visit-ulcinj.com\/blog\/#website"},"primaryImageOfPage":{"@id":"https:\/\/www.visit-ulcinj.com\/blog\/2012\/12\/31\/prezantohet-per-here-te-pare-shoqeria-artistike-tradita-nga-ana-e-malit\/#primaryimage"},"datePublished":"2012-12-31T11:47:11+00:00","dateModified":"2013-01-02T13:49:07+00:00","author":{"@id":"https:\/\/www.visit-ulcinj.com\/blog\/#\/schema\/person\/dcab619c614d3038751c63bc2aadc06d"},"description":"Me 29.12.2012 ne mbremjen e te shtunes n\u00eb kompleksin \u201c Lamiga\u201d n\u00eb Kryth\u00eb t\u00eb An\u00ebs s\u00eb Malit, p\u00ebr her\u00eb t\u00eb par\u00eb \u00ebsht\u00eb prezantuar\u00a0 Shoq\u00ebria Artistike \u201c","breadcrumb":{"@id":"https:\/\/www.visit-ulcinj.com\/blog\/2012\/12\/31\/prezantohet-per-here-te-pare-shoqeria-artistike-tradita-nga-ana-e-malit\/#breadcrumb"},"inLanguage":"en-US","potentialAction":[{"@type":"ReadAction","target":["https:\/\/www.visit-ulcinj.com\/blog\/2012\/12\/31\/prezantohet-per-here-te-pare-shoqeria-artistike-tradita-nga-ana-e-malit\/"]}]},{"@type":"BreadcrumbList","@id":"https:\/\/www.visit-ulcinj.com\/blog\/2012\/12\/31\/prezantohet-per-here-te-pare-shoqeria-artistike-tradita-nga-ana-e-malit\/#breadcrumb","itemListElement":[{"@type":"ListItem","position":1,"name":"Prezantohet p\u00ebr her\u00eb t\u00eb par\u00eb Shoq\u00ebria Artistike \u201c Tradita\u201d nga Ana e Malit"}]},{"@type":"Person","@id":"https:\/\/www.visit-ulcinj.com\/blog\/#\/schema\/person\/dcab619c614d3038751c63bc2aadc06d","name":"ulqini","sameAs":["http:\/\/www.visit-ulcinj.com"],"url":"https:\/\/www.visit-ulcinj.com\/blog\/author\/admin\/"}]}},"jetpack_featured_media_url":"","jetpack_sharing_enabled":true,"jetpack_shortlink":"https:\/\/wp.me\/pe6lTn-hvP","_links":{"self":[{"href":"https:\/\/www.visit-ulcinj.com\/blog\/wp-json\/wp\/v2\/posts\/67321"}],"collection":[{"href":"https:\/\/www.visit-ulcinj.com\/blog\/wp-json\/wp\/v2\/posts"}],"about":[{"href":"https:\/\/www.visit-ulcinj.com\/blog\/wp-json\/wp\/v2\/types\/post"}],"author":[{"embeddable":true,"href":"https:\/\/www.visit-ulcinj.com\/blog\/wp-json\/wp\/v2\/users\/1"}],"replies":[{"embeddable":true,"href":"https:\/\/www.visit-ulcinj.com\/blog\/wp-json\/wp\/v2\/comments?post=67321"}],"version-history":[{"count":4,"href":"https:\/\/www.visit-ulcinj.com\/blog\/wp-json\/wp\/v2\/posts\/67321\/revisions"}],"predecessor-version":[{"id":67365,"href":"https:\/\/www.visit-ulcinj.com\/blog\/wp-json\/wp\/v2\/posts\/67321\/revisions\/67365"}],"wp:attachment":[{"href":"https:\/\/www.visit-ulcinj.com\/blog\/wp-json\/wp\/v2\/media?parent=67321"}],"wp:term":[{"taxonomy":"category","embeddable":true,"href":"https:\/\/www.visit-ulcinj.com\/blog\/wp-json\/wp\/v2\/categories?post=67321"},{"taxonomy":"post_tag","embeddable":true,"href":"https:\/\/www.visit-ulcinj.com\/blog\/wp-json\/wp\/v2\/tags?post=67321"}],"curies":[{"name":"wp","href":"https:\/\/api.w.org\/{rel}","templated":true}]}}