{"id":67329,"date":"2012-12-31T19:16:47","date_gmt":"2012-12-31T18:16:47","guid":{"rendered":"http:\/\/www.visit-ulcinj.com\/blog\/?p=67329"},"modified":"2012-12-31T19:16:47","modified_gmt":"2012-12-31T18:16:47","slug":"hotel-mediteran-ulcinj-ispraca-jos-jednu-uspjesnu-godinu-i-priprema-se-za-sledecu-sezonu","status":"publish","type":"post","link":"https:\/\/www.visit-ulcinj.com\/blog\/2012\/12\/31\/hotel-mediteran-ulcinj-ispraca-jos-jednu-uspjesnu-godinu-i-priprema-se-za-sledecu-sezonu\/","title":{"rendered":"Hotel Mediteran Ulcinj ispra\u0107a jo\u0161 jednu uspje\u0161nu godinu i priprema se za slede\u0107u sezonu"},"content":{"rendered":"<p><a href=\"http:\/\/www.visit-ulcinj.com\/blog\/wp-content\/uploads\/2012\/12\/Selatin-Gjeloshi.jpg\"><img loading=\"lazy\" class=\"alignleft  wp-image-67331\" alt=\"Selatin Gjeloshi\" src=\"http:\/\/www.visit-ulcinj.com\/blog\/wp-content\/uploads\/2012\/12\/Selatin-Gjeloshi.jpg\" width=\"508\" height=\"360\" \/><\/a>&#8220;Godinu koju \u0107emo ispratiti za koji sat osta\u0107e nam u lijepom se\u0107anju kao jo\u0161 jedna uspje\u0161na godina u kojoj je turisti\u010dka sezona trajala du\u017ee od o\u010dekivanog\u201c, zapo\u010dinje pri\u010du Direktor Hotela Mediteran Ulcinj, Seljatin \u0110eljo\u0161evi\u0107. \u201eOve godine nam je sezona po\u010dela ve\u0107 u Aprilu a zadnje goste smo ispratili u Novembru mjesecu. Iskreno se nadam da \u0107e nam i naredna godina doneti isti ili ve\u0107i uspjeh\u201c, dodaje \u0110eljo\u0161evi\u0107.<\/p>\n<p><a href=\"http:\/\/www.visit-ulcinj.com\/blog\/wp-content\/uploads\/2012\/12\/Novogodisnji-rucak-zaposlenih-u-hotellu_Hotel-Mediteran-Ulcinj.jpg\"><img loading=\"lazy\" class=\"alignleft  wp-image-67332\" alt=\"Novogodisnji rucak zaposlenih u hotellu_Hotel Mediteran Ulcinj\" src=\"http:\/\/www.visit-ulcinj.com\/blog\/wp-content\/uploads\/2012\/12\/Novogodisnji-rucak-zaposlenih-u-hotellu_Hotel-Mediteran-Ulcinj.jpg\" width=\"508\" height=\"300\" \/><\/a><br \/>\n\u201eZa kraj godine kompanija Becovic Menagment Group, organizovala je sve\u010dani ru\u010dak na kojem je okupila svoje zaposlene. Tom prilikom, kompanija je podelila i nov\u010dane nagrade zaposlenima \u010diji rad i zalaganje su doprineli uspje\u0161nijem radu hotela tokom godine, a tako\u0111e su tom prilikom podeljeni i paketi\u0107i za djecu zaposlenih. Ova kompanija vodi ra\u010duna o svojim zaposlenima\u201c, dodaje gospodin \u0110eljo\u0161evi\u0107, \u201e trudimo se da odr\u017eavamo pozitivnu radnu atmosferu, jer su ljudi ti koji \u010dine hotel i oni koji direktno uti\u010du na kvalitet usluge.\u201c<br \/>\n<a href=\"http:\/\/www.visit-ulcinj.com\/blog\/wp-content\/uploads\/2012\/12\/Izgled-novih-soba_Hotel-Mediteran-Ulcinj.jpg\"><img loading=\"lazy\" src=\"http:\/\/www.visit-ulcinj.com\/blog\/wp-content\/uploads\/2012\/12\/Izgled-novih-soba_Hotel-Mediteran-Ulcinj.jpg\" alt=\"Izgled novih soba_Hotel Mediteran Ulcinj\" width=\"508\" height=\"300\" class=\"alignleft size-full wp-image-67333\" \/><\/a><br \/>\nPrate\u0107i nove trendove i potrebe gostiju, kompanija Becovic Menagment Group, zapo\u010dela je novi investicioni ciklus i renoviranje postoje\u0107ih kapaciteta koji \u0107e donijeti novi kvalitet i sadr\u017eaje koji \u0107e biti na usluzi gostima ve\u0107 od naredne sezone. Renovirane sobe \u0107e biti opremljene plazma TV-om, WiFi brzim internetom, dnevnim boravkom sa mini kuhinjom, dok \u0107e jedan broj soba imati Jacuzzi kade i apartmanske sadr\u017eaje.<br \/>\n<a href=\"http:\/\/www.visit-ulcinj.com\/blog\/wp-content\/uploads\/2012\/12\/Plan-novih-soba_Hotel-Mediteran-Ulcinj.jpg\"><img loading=\"lazy\" src=\"http:\/\/www.visit-ulcinj.com\/blog\/wp-content\/uploads\/2012\/12\/Plan-novih-soba_Hotel-Mediteran-Ulcinj.jpg\" alt=\"Plan novih soba_Hotel Mediteran Ulcinj\" width=\"508\" height=\"300\" class=\"alignleft size-full wp-image-67334\" \/><\/a><br \/>\n\u201eZa predstoje\u0107u sezonu nastojimo da podignemo nivo usluge. Trenutno su u toku gra\u0111evinski radovi i renoviranje dvije vile koje \u0107e svojim gostima pru\u017eiti kvalitetniji sadr\u017eaj i smje\u0161taj, a tako\u0111e radimo i na pobolj\u0161anju kvaliteta usluga. Tokom Februara mjeseca o\u010dekuju nas kvalifikaconi treninzi i obuka zaposlenih u svim sektorima Hotela, kako bismo spremno do\u010dekali nove goste. Tako\u0111e, kompanija Becovic Menagment Group, odvojila je odre\u0111ena materijalna sredstva i za marketing. Ve\u0107 smo pripremili stu\u010dan tim koji \u0107e oblaziti neke od najzna\u010dajnijih sajmova\u00a0 na kojima \u0107e prezentovati ponudu Hotela i Ulcinja.\u00a0 Prvi sajmovi po\u010dinju ve\u0107 za koji dan, od 10. do 13. Januara o\u010dekuju nas sajmovi u Be\u010du i Bernu, a od 13. do 17. Januara u \u0160tutgartu. Po povratku ve\u0107 vr\u0161imo pripreme za sajmove u Istanbulu, Bratislavi, Pragu, Milanu, Moskvi, Berlinu&#8230;U svojim marketin\u0161kim aktivnostima nastoja\u0107emo da povratimo stare goste koji su posje\u0107ivali Ulcinj prije 30 godina, ali i da privu\u010demo nove goste iz zapadnih zemalja. \u201e, govori \u0161ef marketinga, Sanja Grbovi\u0107. \u201e Tako\u0111e pripremamo i novu i moderniju Hotela Mediteran, a tako\u0111e i Ulcinja. Iskreno se nadam da \u0107e ulo\u017eeni trud uroditi plodom i da \u0107emo u 2013. Godini ostvariti jo\u0161 ve\u0107i uspijeh nego u prethodnoj godini, a samim tim produ\u017eiti sezonu za barem jo\u0161 mjesec dana, nego \u0161to je bila ove godine.<br \/>\nU narednoj sezoni malo \u0107emo vi\u0161e pa\u017enje posvjetiti sportskim aktivnostima i dovo\u0111enju sportskih timova u Ulcinj. Prve korake smo napravili ve\u0107 u Novembru, kada smo potpisali sponzorski ugovor sa Rukometnim Klubom Ulcinj, gdje se kao Zlatni sponzor zala\u017eemo za razvoj Rukometnog Kluba, a uz saradnju sa menad\u017ementom kluba, o\u010dekujemo da \u0107emo u narednoj godini ostvariti uspjeh i na polju razvoja sportskog turizma.\u00a0 Ulcinj ima mnogo toga da ponudi sportistima i turistima koji te\u017ee ka aktivnijem odmoru, a mi \u0107emo da se potrudimo da tu ponudu dobro prezentujemo i ispratimo marketin\u0161ki\u201c.<br \/>\n<a href=\"http:\/\/www.visit-ulcinj.com\/blog\/wp-content\/uploads\/2012\/12\/Podela-paketica-udr-hendikepirane-djece-Vladimir-2.jpg\"><img loading=\"lazy\" src=\"http:\/\/www.visit-ulcinj.com\/blog\/wp-content\/uploads\/2012\/12\/Podela-paketica-udr-hendikepirane-djece-Vladimir-2.jpg\" alt=\"Podela paketica udr hendikepirane djece Vladimir 2\" width=\"508\" height=\"600\" class=\"alignleft size-full wp-image-67335\" \/><\/a><br \/>\n\u201eKompanija Becovic Menagment Group je tako\u0111e poznata i kao dru\u0161tveno odgovorna i filantropska kompanija. U proteklim godinama pomagali smo Udru\u017eenja hendikepirane djece iz Ulcinja i Vladimira. Tokom 2012. Godine pru\u017eali smo im materijalnu podr\u0161ku i organizovali ramazanski ru\u010dak za djecu iz udru\u017eenja. Za kraj godine smo djeci podjelili paketi\u0107e za Novu Godinu i pru\u017eili im materijalnu pomo\u0107. I u 2013. Godini \u0107emo nastojati da poma\u017eemo Udru\u017eenja i druge humanitarne organizacije, i da svoje dobro podjelimo sa onima kojima je to potrebno.<br \/>\n<a href=\"http:\/\/www.visit-ulcinj.com\/blog\/wp-content\/uploads\/2012\/12\/Podela-paketica-u-Udruzenju-hendikepirane-djece-Vladimir.jpg\"><img loading=\"lazy\" src=\"http:\/\/www.visit-ulcinj.com\/blog\/wp-content\/uploads\/2012\/12\/Podela-paketica-u-Udruzenju-hendikepirane-djece-Vladimir.jpg\" alt=\"Podela paketica u Udruzenju hendikepirane djece Vladimir\" width=\"508\" height=\"300\" class=\"alignleft size-full wp-image-67336\" \/><\/a><br \/>\nZa kraj bih samo preneo \u010destitke svima za Novu Godinu i ime cijelog kolektiva Hotela Mediteran i kompanije Becovic Menagment Group. Neka vam svima Nova Godina donese puno sun\u010danih dana, osmjeha, radosti, zdravlja i uspjeha\u201c, sa osmijehom dodaje Seljatin \u0110eljo\u0161evi\u0107.<\/p>\n<p><iframe loading=\"lazy\" width=\"508\" height=\"360\" src=\"http:\/\/www.youtube.com\/embed\/-4GK3zSZK0Y\" frameborder=\"0\" allowfullscreen><\/iframe><\/p>\n","protected":false},"excerpt":{"rendered":"<p>&#8220;Godinu koju \u0107emo ispratiti za koji sat osta\u0107e nam u lijepom se\u0107anju kao jo\u0161 jedna uspje\u0161na godina u kojoj je turisti\u010dka sezona trajala du\u017ee od o\u010dekivanog\u201c, zapo\u010dinje pri\u010du Direktor Hotela Mediteran Ulcinj, Seljatin \u0110eljo\u0161evi\u0107. \u201eOve godine nam je sezona po\u010dela ve\u0107 u Aprilu a zadnje goste smo ispratili u Novembru mjesecu. Iskreno se nadam da [&hellip;]<\/p>\n","protected":false},"author":1,"featured_media":0,"comment_status":"open","ping_status":"closed","sticky":false,"template":"","format":"standard","meta":{"spay_email":"","jetpack_publicize_message":"","jetpack_is_tweetstorm":false,"jetpack_publicize_feature_enabled":true},"categories":[8337],"tags":[5673,21671,270,19],"jetpack_publicize_connections":[],"yoast_head":"<!-- This site is optimized with the Yoast SEO plugin v19.1 - https:\/\/yoast.com\/wordpress\/plugins\/seo\/ -->\n<title>Hotel Mediteran Ulcinj ispra\u0107a jo\u0161 jednu uspje\u0161nu godinu i priprema se za slede\u0107u sezonu - Lajme nga Ulqini<\/title>\n<meta name=\"description\" content=\"&quot;Godinu koju \u0107emo ispratiti za koji sat osta\u0107e nam u lijepom se\u0107anju kao jo\u0161 jedna uspje\u0161na godina u kojoj je turisti\u010dka sezona trajala du\u017ee od\" \/>\n<meta name=\"robots\" content=\"index, follow, max-snippet:-1, max-image-preview:large, max-video-preview:-1\" \/>\n<link rel=\"canonical\" href=\"https:\/\/www.visit-ulcinj.com\/blog\/2012\/12\/31\/hotel-mediteran-ulcinj-ispraca-jos-jednu-uspjesnu-godinu-i-priprema-se-za-sledecu-sezonu\/\" \/>\n<meta property=\"og:locale\" content=\"en_US\" \/>\n<meta property=\"og:type\" content=\"article\" \/>\n<meta property=\"og:title\" content=\"Hotel Mediteran Ulcinj ispra\u0107a jo\u0161 jednu uspje\u0161nu godinu i priprema se za slede\u0107u sezonu - Lajme nga Ulqini\" \/>\n<meta property=\"og:description\" content=\"&quot;Godinu koju \u0107emo ispratiti za koji sat osta\u0107e nam u lijepom se\u0107anju kao jo\u0161 jedna uspje\u0161na godina u kojoj je turisti\u010dka sezona trajala du\u017ee od\" \/>\n<meta property=\"og:url\" content=\"https:\/\/www.visit-ulcinj.com\/blog\/2012\/12\/31\/hotel-mediteran-ulcinj-ispraca-jos-jednu-uspjesnu-godinu-i-priprema-se-za-sledecu-sezonu\/\" \/>\n<meta property=\"og:site_name\" content=\"Lajme nga Ulqini\" \/>\n<meta property=\"article:published_time\" content=\"2012-12-31T18:16:47+00:00\" \/>\n<meta property=\"og:image\" content=\"http:\/\/www.visit-ulcinj.com\/blog\/wp-content\/uploads\/2012\/12\/Selatin-Gjeloshi.jpg\" \/>\n<meta name=\"twitter:label1\" content=\"Written by\" \/>\n\t<meta name=\"twitter:data1\" content=\"ulqini\" \/>\n\t<meta name=\"twitter:label2\" content=\"Est. reading time\" \/>\n\t<meta name=\"twitter:data2\" content=\"3 minutes\" \/>\n<script type=\"application\/ld+json\" class=\"yoast-schema-graph\">{\"@context\":\"https:\/\/schema.org\",\"@graph\":[{\"@type\":\"WebSite\",\"@id\":\"https:\/\/www.visit-ulcinj.com\/blog\/#website\",\"url\":\"https:\/\/www.visit-ulcinj.com\/blog\/\",\"name\":\"Lajme nga Ulqini\",\"description\":\"Lajme,Vijesti,Ulqini,Ulqin,Crna Gora,Mali i Zi\",\"potentialAction\":[{\"@type\":\"SearchAction\",\"target\":{\"@type\":\"EntryPoint\",\"urlTemplate\":\"https:\/\/www.visit-ulcinj.com\/blog\/?s={search_term_string}\"},\"query-input\":\"required name=search_term_string\"}],\"inLanguage\":\"en-US\"},{\"@type\":\"ImageObject\",\"inLanguage\":\"en-US\",\"@id\":\"https:\/\/www.visit-ulcinj.com\/blog\/2012\/12\/31\/hotel-mediteran-ulcinj-ispraca-jos-jednu-uspjesnu-godinu-i-priprema-se-za-sledecu-sezonu\/#primaryimage\",\"url\":\"https:\/\/www.visit-ulcinj.com\/blog\/wp-content\/uploads\/2012\/12\/Selatin-Gjeloshi.jpg\",\"contentUrl\":\"https:\/\/www.visit-ulcinj.com\/blog\/wp-content\/uploads\/2012\/12\/Selatin-Gjeloshi.jpg\",\"width\":960,\"height\":640},{\"@type\":\"WebPage\",\"@id\":\"https:\/\/www.visit-ulcinj.com\/blog\/2012\/12\/31\/hotel-mediteran-ulcinj-ispraca-jos-jednu-uspjesnu-godinu-i-priprema-se-za-sledecu-sezonu\/#webpage\",\"url\":\"https:\/\/www.visit-ulcinj.com\/blog\/2012\/12\/31\/hotel-mediteran-ulcinj-ispraca-jos-jednu-uspjesnu-godinu-i-priprema-se-za-sledecu-sezonu\/\",\"name\":\"Hotel Mediteran Ulcinj ispra\u0107a jo\u0161 jednu uspje\u0161nu godinu i priprema se za slede\u0107u sezonu - Lajme nga Ulqini\",\"isPartOf\":{\"@id\":\"https:\/\/www.visit-ulcinj.com\/blog\/#website\"},\"primaryImageOfPage\":{\"@id\":\"https:\/\/www.visit-ulcinj.com\/blog\/2012\/12\/31\/hotel-mediteran-ulcinj-ispraca-jos-jednu-uspjesnu-godinu-i-priprema-se-za-sledecu-sezonu\/#primaryimage\"},\"datePublished\":\"2012-12-31T18:16:47+00:00\",\"dateModified\":\"2012-12-31T18:16:47+00:00\",\"author\":{\"@id\":\"https:\/\/www.visit-ulcinj.com\/blog\/#\/schema\/person\/dcab619c614d3038751c63bc2aadc06d\"},\"description\":\"\\\"Godinu koju \u0107emo ispratiti za koji sat osta\u0107e nam u lijepom se\u0107anju kao jo\u0161 jedna uspje\u0161na godina u kojoj je turisti\u010dka sezona trajala du\u017ee od\",\"breadcrumb\":{\"@id\":\"https:\/\/www.visit-ulcinj.com\/blog\/2012\/12\/31\/hotel-mediteran-ulcinj-ispraca-jos-jednu-uspjesnu-godinu-i-priprema-se-za-sledecu-sezonu\/#breadcrumb\"},\"inLanguage\":\"en-US\",\"potentialAction\":[{\"@type\":\"ReadAction\",\"target\":[\"https:\/\/www.visit-ulcinj.com\/blog\/2012\/12\/31\/hotel-mediteran-ulcinj-ispraca-jos-jednu-uspjesnu-godinu-i-priprema-se-za-sledecu-sezonu\/\"]}]},{\"@type\":\"BreadcrumbList\",\"@id\":\"https:\/\/www.visit-ulcinj.com\/blog\/2012\/12\/31\/hotel-mediteran-ulcinj-ispraca-jos-jednu-uspjesnu-godinu-i-priprema-se-za-sledecu-sezonu\/#breadcrumb\",\"itemListElement\":[{\"@type\":\"ListItem\",\"position\":1,\"name\":\"Hotel Mediteran Ulcinj ispra\u0107a jo\u0161 jednu uspje\u0161nu godinu i priprema se za slede\u0107u sezonu\"}]},{\"@type\":\"Person\",\"@id\":\"https:\/\/www.visit-ulcinj.com\/blog\/#\/schema\/person\/dcab619c614d3038751c63bc2aadc06d\",\"name\":\"ulqini\",\"sameAs\":[\"http:\/\/www.visit-ulcinj.com\"],\"url\":\"https:\/\/www.visit-ulcinj.com\/blog\/author\/admin\/\"}]}<\/script>\n<!-- \/ Yoast SEO plugin. -->","yoast_head_json":{"title":"Hotel Mediteran Ulcinj ispra\u0107a jo\u0161 jednu uspje\u0161nu godinu i priprema se za slede\u0107u sezonu - Lajme nga Ulqini","description":"\"Godinu koju \u0107emo ispratiti za koji sat osta\u0107e nam u lijepom se\u0107anju kao jo\u0161 jedna uspje\u0161na godina u kojoj je turisti\u010dka sezona trajala du\u017ee od","robots":{"index":"index","follow":"follow","max-snippet":"max-snippet:-1","max-image-preview":"max-image-preview:large","max-video-preview":"max-video-preview:-1"},"canonical":"https:\/\/www.visit-ulcinj.com\/blog\/2012\/12\/31\/hotel-mediteran-ulcinj-ispraca-jos-jednu-uspjesnu-godinu-i-priprema-se-za-sledecu-sezonu\/","og_locale":"en_US","og_type":"article","og_title":"Hotel Mediteran Ulcinj ispra\u0107a jo\u0161 jednu uspje\u0161nu godinu i priprema se za slede\u0107u sezonu - Lajme nga Ulqini","og_description":"\"Godinu koju \u0107emo ispratiti za koji sat osta\u0107e nam u lijepom se\u0107anju kao jo\u0161 jedna uspje\u0161na godina u kojoj je turisti\u010dka sezona trajala du\u017ee od","og_url":"https:\/\/www.visit-ulcinj.com\/blog\/2012\/12\/31\/hotel-mediteran-ulcinj-ispraca-jos-jednu-uspjesnu-godinu-i-priprema-se-za-sledecu-sezonu\/","og_site_name":"Lajme nga Ulqini","article_published_time":"2012-12-31T18:16:47+00:00","og_image":[{"url":"http:\/\/www.visit-ulcinj.com\/blog\/wp-content\/uploads\/2012\/12\/Selatin-Gjeloshi.jpg"}],"twitter_misc":{"Written by":"ulqini","Est. reading time":"3 minutes"},"schema":{"@context":"https:\/\/schema.org","@graph":[{"@type":"WebSite","@id":"https:\/\/www.visit-ulcinj.com\/blog\/#website","url":"https:\/\/www.visit-ulcinj.com\/blog\/","name":"Lajme nga Ulqini","description":"Lajme,Vijesti,Ulqini,Ulqin,Crna Gora,Mali i Zi","potentialAction":[{"@type":"SearchAction","target":{"@type":"EntryPoint","urlTemplate":"https:\/\/www.visit-ulcinj.com\/blog\/?s={search_term_string}"},"query-input":"required name=search_term_string"}],"inLanguage":"en-US"},{"@type":"ImageObject","inLanguage":"en-US","@id":"https:\/\/www.visit-ulcinj.com\/blog\/2012\/12\/31\/hotel-mediteran-ulcinj-ispraca-jos-jednu-uspjesnu-godinu-i-priprema-se-za-sledecu-sezonu\/#primaryimage","url":"https:\/\/www.visit-ulcinj.com\/blog\/wp-content\/uploads\/2012\/12\/Selatin-Gjeloshi.jpg","contentUrl":"https:\/\/www.visit-ulcinj.com\/blog\/wp-content\/uploads\/2012\/12\/Selatin-Gjeloshi.jpg","width":960,"height":640},{"@type":"WebPage","@id":"https:\/\/www.visit-ulcinj.com\/blog\/2012\/12\/31\/hotel-mediteran-ulcinj-ispraca-jos-jednu-uspjesnu-godinu-i-priprema-se-za-sledecu-sezonu\/#webpage","url":"https:\/\/www.visit-ulcinj.com\/blog\/2012\/12\/31\/hotel-mediteran-ulcinj-ispraca-jos-jednu-uspjesnu-godinu-i-priprema-se-za-sledecu-sezonu\/","name":"Hotel Mediteran Ulcinj ispra\u0107a jo\u0161 jednu uspje\u0161nu godinu i priprema se za slede\u0107u sezonu - Lajme nga Ulqini","isPartOf":{"@id":"https:\/\/www.visit-ulcinj.com\/blog\/#website"},"primaryImageOfPage":{"@id":"https:\/\/www.visit-ulcinj.com\/blog\/2012\/12\/31\/hotel-mediteran-ulcinj-ispraca-jos-jednu-uspjesnu-godinu-i-priprema-se-za-sledecu-sezonu\/#primaryimage"},"datePublished":"2012-12-31T18:16:47+00:00","dateModified":"2012-12-31T18:16:47+00:00","author":{"@id":"https:\/\/www.visit-ulcinj.com\/blog\/#\/schema\/person\/dcab619c614d3038751c63bc2aadc06d"},"description":"\"Godinu koju \u0107emo ispratiti za koji sat osta\u0107e nam u lijepom se\u0107anju kao jo\u0161 jedna uspje\u0161na godina u kojoj je turisti\u010dka sezona trajala du\u017ee od","breadcrumb":{"@id":"https:\/\/www.visit-ulcinj.com\/blog\/2012\/12\/31\/hotel-mediteran-ulcinj-ispraca-jos-jednu-uspjesnu-godinu-i-priprema-se-za-sledecu-sezonu\/#breadcrumb"},"inLanguage":"en-US","potentialAction":[{"@type":"ReadAction","target":["https:\/\/www.visit-ulcinj.com\/blog\/2012\/12\/31\/hotel-mediteran-ulcinj-ispraca-jos-jednu-uspjesnu-godinu-i-priprema-se-za-sledecu-sezonu\/"]}]},{"@type":"BreadcrumbList","@id":"https:\/\/www.visit-ulcinj.com\/blog\/2012\/12\/31\/hotel-mediteran-ulcinj-ispraca-jos-jednu-uspjesnu-godinu-i-priprema-se-za-sledecu-sezonu\/#breadcrumb","itemListElement":[{"@type":"ListItem","position":1,"name":"Hotel Mediteran Ulcinj ispra\u0107a jo\u0161 jednu uspje\u0161nu godinu i priprema se za slede\u0107u sezonu"}]},{"@type":"Person","@id":"https:\/\/www.visit-ulcinj.com\/blog\/#\/schema\/person\/dcab619c614d3038751c63bc2aadc06d","name":"ulqini","sameAs":["http:\/\/www.visit-ulcinj.com"],"url":"https:\/\/www.visit-ulcinj.com\/blog\/author\/admin\/"}]}},"jetpack_featured_media_url":"","jetpack_sharing_enabled":true,"jetpack_shortlink":"https:\/\/wp.me\/pe6lTn-hvX","_links":{"self":[{"href":"https:\/\/www.visit-ulcinj.com\/blog\/wp-json\/wp\/v2\/posts\/67329"}],"collection":[{"href":"https:\/\/www.visit-ulcinj.com\/blog\/wp-json\/wp\/v2\/posts"}],"about":[{"href":"https:\/\/www.visit-ulcinj.com\/blog\/wp-json\/wp\/v2\/types\/post"}],"author":[{"embeddable":true,"href":"https:\/\/www.visit-ulcinj.com\/blog\/wp-json\/wp\/v2\/users\/1"}],"replies":[{"embeddable":true,"href":"https:\/\/www.visit-ulcinj.com\/blog\/wp-json\/wp\/v2\/comments?post=67329"}],"version-history":[{"count":1,"href":"https:\/\/www.visit-ulcinj.com\/blog\/wp-json\/wp\/v2\/posts\/67329\/revisions"}],"predecessor-version":[{"id":67337,"href":"https:\/\/www.visit-ulcinj.com\/blog\/wp-json\/wp\/v2\/posts\/67329\/revisions\/67337"}],"wp:attachment":[{"href":"https:\/\/www.visit-ulcinj.com\/blog\/wp-json\/wp\/v2\/media?parent=67329"}],"wp:term":[{"taxonomy":"category","embeddable":true,"href":"https:\/\/www.visit-ulcinj.com\/blog\/wp-json\/wp\/v2\/categories?post=67329"},{"taxonomy":"post_tag","embeddable":true,"href":"https:\/\/www.visit-ulcinj.com\/blog\/wp-json\/wp\/v2\/tags?post=67329"}],"curies":[{"name":"wp","href":"https:\/\/api.w.org\/{rel}","templated":true}]}}