{"id":67338,"date":"2012-12-31T19:25:58","date_gmt":"2012-12-31T18:25:58","guid":{"rendered":"http:\/\/www.visit-ulcinj.com\/blog\/?p=67338"},"modified":"2013-01-10T20:38:00","modified_gmt":"2013-01-10T19:38:00","slug":"forca-percjell-urimin-me-rastin-e-festes-se-vitit-te-ri","status":"publish","type":"post","link":"https:\/\/www.visit-ulcinj.com\/blog\/2012\/12\/31\/forca-percjell-urimin-me-rastin-e-festes-se-vitit-te-ri\/","title":{"rendered":"Forca percjell urimin me rastin e Festes se  Vitit te Ri"},"content":{"rendered":"<p style=\"text-align: left;\"><a href=\"http:\/\/www.visit-ulcinj.com\/blog\/wp-content\/uploads\/2012\/12\/forca.jpg\"><img loading=\"lazy\" class=\"alignleft size-full wp-image-67339\" alt=\"forca\" src=\"http:\/\/www.visit-ulcinj.com\/blog\/wp-content\/uploads\/2012\/12\/forca.jpg\" width=\"160\" height=\"160\" srcset=\"https:\/\/www.visit-ulcinj.com\/blog\/wp-content\/uploads\/2012\/12\/forca.jpg 160w, https:\/\/www.visit-ulcinj.com\/blog\/wp-content\/uploads\/2012\/12\/forca-150x150.jpg 150w\" sizes=\"(max-width: 160px) 100vw, 160px\" \/><\/a>Ulqin me 31.12.2012<br \/>\nNr.131\/12<\/p>\n<p style=\"text-align: center;\">Urimi per Vitin e Ri<\/p>\n<p>Ne emer te Forces se Re Demokratike dhe ne emrin tim personal t\u00eb gjith\u00eb qytetareve te Komunes se Ulqinit ju urojme fest\u00ebn\u00a0 e Vitit te Ri.<br \/>\nKjo fest\u00eb e ndrrimit te motmoteve le t\u00eb ju sjell lumturi, harmoni dhe shendet ne familjet tuaja.<\/p>\n<p>GEZUAR !<\/p>\n<p>Kryetari i Forc\u00ebs s\u00eb Re Demokratike<br \/>\nNazif Cungu<\/p>\n<p><iframe loading=\"lazy\" src=\"http:\/\/www.youtube.com\/embed\/kzRTIVx2oow\" height=\"360\" width=\"508\" allowfullscreen=\"\" frameborder=\"0\"><\/iframe><\/p>\n","protected":false},"excerpt":{"rendered":"<p>Ulqin me 31.12.2012 Nr.131\/12 Urimi per Vitin e Ri Ne emer te Forces se Re Demokratike dhe ne emrin tim personal t\u00eb gjith\u00eb qytetareve te Komunes se Ulqinit ju urojme fest\u00ebn\u00a0 e Vitit te Ri. Kjo fest\u00eb e ndrrimit te motmoteve le t\u00eb ju sjell lumturi, harmoni dhe shendet ne familjet tuaja. GEZUAR ! Kryetari [&hellip;]<\/p>\n","protected":false},"author":1,"featured_media":0,"comment_status":"open","ping_status":"closed","sticky":false,"template":"","format":"standard","meta":{"spay_email":"","jetpack_publicize_message":"","jetpack_is_tweetstorm":false,"jetpack_publicize_feature_enabled":true},"categories":[6950],"tags":[117],"jetpack_publicize_connections":[],"yoast_head":"<!-- This site is optimized with the Yoast SEO plugin v19.1 - https:\/\/yoast.com\/wordpress\/plugins\/seo\/ -->\n<title>Forca percjell urimin me rastin e Festes se Vitit te Ri - Lajme nga Ulqini<\/title>\n<meta name=\"description\" content=\"Ulqin me 31.12.2012 Nr.131\/12 Urimi per Vitin e Ri Ne emer te Forces se Re Demokratike dhe ne emrin tim personal t\u00eb gjith\u00eb qytetareve te Komunes se\" \/>\n<meta name=\"robots\" content=\"index, follow, max-snippet:-1, max-image-preview:large, max-video-preview:-1\" \/>\n<link rel=\"canonical\" href=\"https:\/\/www.visit-ulcinj.com\/blog\/2012\/12\/31\/forca-percjell-urimin-me-rastin-e-festes-se-vitit-te-ri\/\" \/>\n<meta property=\"og:locale\" content=\"en_US\" \/>\n<meta property=\"og:type\" content=\"article\" \/>\n<meta property=\"og:title\" content=\"Forca percjell urimin me rastin e Festes se Vitit te Ri - Lajme nga Ulqini\" \/>\n<meta property=\"og:description\" content=\"Ulqin me 31.12.2012 Nr.131\/12 Urimi per Vitin e Ri Ne emer te Forces se Re Demokratike dhe ne emrin tim personal t\u00eb gjith\u00eb qytetareve te Komunes se\" \/>\n<meta property=\"og:url\" content=\"https:\/\/www.visit-ulcinj.com\/blog\/2012\/12\/31\/forca-percjell-urimin-me-rastin-e-festes-se-vitit-te-ri\/\" \/>\n<meta property=\"og:site_name\" content=\"Lajme nga Ulqini\" \/>\n<meta property=\"article:published_time\" content=\"2012-12-31T18:25:58+00:00\" \/>\n<meta property=\"article:modified_time\" content=\"2013-01-10T19:38:00+00:00\" \/>\n<meta property=\"og:image\" content=\"http:\/\/www.visit-ulcinj.com\/blog\/wp-content\/uploads\/2012\/12\/forca.jpg\" \/>\n<meta name=\"twitter:label1\" content=\"Written by\" \/>\n\t<meta name=\"twitter:data1\" content=\"ulqini\" \/>\n<script type=\"application\/ld+json\" class=\"yoast-schema-graph\">{\"@context\":\"https:\/\/schema.org\",\"@graph\":[{\"@type\":\"WebSite\",\"@id\":\"https:\/\/www.visit-ulcinj.com\/blog\/#website\",\"url\":\"https:\/\/www.visit-ulcinj.com\/blog\/\",\"name\":\"Lajme nga Ulqini\",\"description\":\"Lajme,Vijesti,Ulqini,Ulqin,Crna Gora,Mali i Zi\",\"potentialAction\":[{\"@type\":\"SearchAction\",\"target\":{\"@type\":\"EntryPoint\",\"urlTemplate\":\"https:\/\/www.visit-ulcinj.com\/blog\/?s={search_term_string}\"},\"query-input\":\"required name=search_term_string\"}],\"inLanguage\":\"en-US\"},{\"@type\":\"ImageObject\",\"inLanguage\":\"en-US\",\"@id\":\"https:\/\/www.visit-ulcinj.com\/blog\/2012\/12\/31\/forca-percjell-urimin-me-rastin-e-festes-se-vitit-te-ri\/#primaryimage\",\"url\":\"https:\/\/www.visit-ulcinj.com\/blog\/wp-content\/uploads\/2012\/12\/forca.jpg\",\"contentUrl\":\"https:\/\/www.visit-ulcinj.com\/blog\/wp-content\/uploads\/2012\/12\/forca.jpg\",\"width\":160,\"height\":160},{\"@type\":\"WebPage\",\"@id\":\"https:\/\/www.visit-ulcinj.com\/blog\/2012\/12\/31\/forca-percjell-urimin-me-rastin-e-festes-se-vitit-te-ri\/#webpage\",\"url\":\"https:\/\/www.visit-ulcinj.com\/blog\/2012\/12\/31\/forca-percjell-urimin-me-rastin-e-festes-se-vitit-te-ri\/\",\"name\":\"Forca percjell urimin me rastin e Festes se Vitit te Ri - Lajme nga Ulqini\",\"isPartOf\":{\"@id\":\"https:\/\/www.visit-ulcinj.com\/blog\/#website\"},\"primaryImageOfPage\":{\"@id\":\"https:\/\/www.visit-ulcinj.com\/blog\/2012\/12\/31\/forca-percjell-urimin-me-rastin-e-festes-se-vitit-te-ri\/#primaryimage\"},\"datePublished\":\"2012-12-31T18:25:58+00:00\",\"dateModified\":\"2013-01-10T19:38:00+00:00\",\"author\":{\"@id\":\"https:\/\/www.visit-ulcinj.com\/blog\/#\/schema\/person\/dcab619c614d3038751c63bc2aadc06d\"},\"description\":\"Ulqin me 31.12.2012 Nr.131\/12 Urimi per Vitin e Ri Ne emer te Forces se Re Demokratike dhe ne emrin tim personal t\u00eb gjith\u00eb qytetareve te Komunes se\",\"breadcrumb\":{\"@id\":\"https:\/\/www.visit-ulcinj.com\/blog\/2012\/12\/31\/forca-percjell-urimin-me-rastin-e-festes-se-vitit-te-ri\/#breadcrumb\"},\"inLanguage\":\"en-US\",\"potentialAction\":[{\"@type\":\"ReadAction\",\"target\":[\"https:\/\/www.visit-ulcinj.com\/blog\/2012\/12\/31\/forca-percjell-urimin-me-rastin-e-festes-se-vitit-te-ri\/\"]}]},{\"@type\":\"BreadcrumbList\",\"@id\":\"https:\/\/www.visit-ulcinj.com\/blog\/2012\/12\/31\/forca-percjell-urimin-me-rastin-e-festes-se-vitit-te-ri\/#breadcrumb\",\"itemListElement\":[{\"@type\":\"ListItem\",\"position\":1,\"name\":\"Forca percjell urimin me rastin e Festes se Vitit te Ri\"}]},{\"@type\":\"Person\",\"@id\":\"https:\/\/www.visit-ulcinj.com\/blog\/#\/schema\/person\/dcab619c614d3038751c63bc2aadc06d\",\"name\":\"ulqini\",\"sameAs\":[\"http:\/\/www.visit-ulcinj.com\"],\"url\":\"https:\/\/www.visit-ulcinj.com\/blog\/author\/admin\/\"}]}<\/script>\n<!-- \/ Yoast SEO plugin. -->","yoast_head_json":{"title":"Forca percjell urimin me rastin e Festes se Vitit te Ri - Lajme nga Ulqini","description":"Ulqin me 31.12.2012 Nr.131\/12 Urimi per Vitin e Ri Ne emer te Forces se Re Demokratike dhe ne emrin tim personal t\u00eb gjith\u00eb qytetareve te Komunes se","robots":{"index":"index","follow":"follow","max-snippet":"max-snippet:-1","max-image-preview":"max-image-preview:large","max-video-preview":"max-video-preview:-1"},"canonical":"https:\/\/www.visit-ulcinj.com\/blog\/2012\/12\/31\/forca-percjell-urimin-me-rastin-e-festes-se-vitit-te-ri\/","og_locale":"en_US","og_type":"article","og_title":"Forca percjell urimin me rastin e Festes se Vitit te Ri - Lajme nga Ulqini","og_description":"Ulqin me 31.12.2012 Nr.131\/12 Urimi per Vitin e Ri Ne emer te Forces se Re Demokratike dhe ne emrin tim personal t\u00eb gjith\u00eb qytetareve te Komunes se","og_url":"https:\/\/www.visit-ulcinj.com\/blog\/2012\/12\/31\/forca-percjell-urimin-me-rastin-e-festes-se-vitit-te-ri\/","og_site_name":"Lajme nga Ulqini","article_published_time":"2012-12-31T18:25:58+00:00","article_modified_time":"2013-01-10T19:38:00+00:00","og_image":[{"url":"http:\/\/www.visit-ulcinj.com\/blog\/wp-content\/uploads\/2012\/12\/forca.jpg"}],"twitter_misc":{"Written by":"ulqini"},"schema":{"@context":"https:\/\/schema.org","@graph":[{"@type":"WebSite","@id":"https:\/\/www.visit-ulcinj.com\/blog\/#website","url":"https:\/\/www.visit-ulcinj.com\/blog\/","name":"Lajme nga Ulqini","description":"Lajme,Vijesti,Ulqini,Ulqin,Crna Gora,Mali i Zi","potentialAction":[{"@type":"SearchAction","target":{"@type":"EntryPoint","urlTemplate":"https:\/\/www.visit-ulcinj.com\/blog\/?s={search_term_string}"},"query-input":"required name=search_term_string"}],"inLanguage":"en-US"},{"@type":"ImageObject","inLanguage":"en-US","@id":"https:\/\/www.visit-ulcinj.com\/blog\/2012\/12\/31\/forca-percjell-urimin-me-rastin-e-festes-se-vitit-te-ri\/#primaryimage","url":"https:\/\/www.visit-ulcinj.com\/blog\/wp-content\/uploads\/2012\/12\/forca.jpg","contentUrl":"https:\/\/www.visit-ulcinj.com\/blog\/wp-content\/uploads\/2012\/12\/forca.jpg","width":160,"height":160},{"@type":"WebPage","@id":"https:\/\/www.visit-ulcinj.com\/blog\/2012\/12\/31\/forca-percjell-urimin-me-rastin-e-festes-se-vitit-te-ri\/#webpage","url":"https:\/\/www.visit-ulcinj.com\/blog\/2012\/12\/31\/forca-percjell-urimin-me-rastin-e-festes-se-vitit-te-ri\/","name":"Forca percjell urimin me rastin e Festes se Vitit te Ri - Lajme nga Ulqini","isPartOf":{"@id":"https:\/\/www.visit-ulcinj.com\/blog\/#website"},"primaryImageOfPage":{"@id":"https:\/\/www.visit-ulcinj.com\/blog\/2012\/12\/31\/forca-percjell-urimin-me-rastin-e-festes-se-vitit-te-ri\/#primaryimage"},"datePublished":"2012-12-31T18:25:58+00:00","dateModified":"2013-01-10T19:38:00+00:00","author":{"@id":"https:\/\/www.visit-ulcinj.com\/blog\/#\/schema\/person\/dcab619c614d3038751c63bc2aadc06d"},"description":"Ulqin me 31.12.2012 Nr.131\/12 Urimi per Vitin e Ri Ne emer te Forces se Re Demokratike dhe ne emrin tim personal t\u00eb gjith\u00eb qytetareve te Komunes se","breadcrumb":{"@id":"https:\/\/www.visit-ulcinj.com\/blog\/2012\/12\/31\/forca-percjell-urimin-me-rastin-e-festes-se-vitit-te-ri\/#breadcrumb"},"inLanguage":"en-US","potentialAction":[{"@type":"ReadAction","target":["https:\/\/www.visit-ulcinj.com\/blog\/2012\/12\/31\/forca-percjell-urimin-me-rastin-e-festes-se-vitit-te-ri\/"]}]},{"@type":"BreadcrumbList","@id":"https:\/\/www.visit-ulcinj.com\/blog\/2012\/12\/31\/forca-percjell-urimin-me-rastin-e-festes-se-vitit-te-ri\/#breadcrumb","itemListElement":[{"@type":"ListItem","position":1,"name":"Forca percjell urimin me rastin e Festes se Vitit te Ri"}]},{"@type":"Person","@id":"https:\/\/www.visit-ulcinj.com\/blog\/#\/schema\/person\/dcab619c614d3038751c63bc2aadc06d","name":"ulqini","sameAs":["http:\/\/www.visit-ulcinj.com"],"url":"https:\/\/www.visit-ulcinj.com\/blog\/author\/admin\/"}]}},"jetpack_featured_media_url":"","jetpack_sharing_enabled":true,"jetpack_shortlink":"https:\/\/wp.me\/pe6lTn-hw6","_links":{"self":[{"href":"https:\/\/www.visit-ulcinj.com\/blog\/wp-json\/wp\/v2\/posts\/67338"}],"collection":[{"href":"https:\/\/www.visit-ulcinj.com\/blog\/wp-json\/wp\/v2\/posts"}],"about":[{"href":"https:\/\/www.visit-ulcinj.com\/blog\/wp-json\/wp\/v2\/types\/post"}],"author":[{"embeddable":true,"href":"https:\/\/www.visit-ulcinj.com\/blog\/wp-json\/wp\/v2\/users\/1"}],"replies":[{"embeddable":true,"href":"https:\/\/www.visit-ulcinj.com\/blog\/wp-json\/wp\/v2\/comments?post=67338"}],"version-history":[{"count":2,"href":"https:\/\/www.visit-ulcinj.com\/blog\/wp-json\/wp\/v2\/posts\/67338\/revisions"}],"predecessor-version":[{"id":67545,"href":"https:\/\/www.visit-ulcinj.com\/blog\/wp-json\/wp\/v2\/posts\/67338\/revisions\/67545"}],"wp:attachment":[{"href":"https:\/\/www.visit-ulcinj.com\/blog\/wp-json\/wp\/v2\/media?parent=67338"}],"wp:term":[{"taxonomy":"category","embeddable":true,"href":"https:\/\/www.visit-ulcinj.com\/blog\/wp-json\/wp\/v2\/categories?post=67338"},{"taxonomy":"post_tag","embeddable":true,"href":"https:\/\/www.visit-ulcinj.com\/blog\/wp-json\/wp\/v2\/tags?post=67338"}],"curies":[{"name":"wp","href":"https:\/\/api.w.org\/{rel}","templated":true}]}}