{"id":67360,"date":"2013-01-02T14:38:47","date_gmt":"2013-01-02T13:38:47","guid":{"rendered":"http:\/\/www.visit-ulcinj.com\/blog\/?p=67360"},"modified":"2013-01-06T16:10:37","modified_gmt":"2013-01-06T15:10:37","slug":"parodi-politike-by-sejdo-ismaili","status":"publish","type":"post","link":"https:\/\/www.visit-ulcinj.com\/blog\/2013\/01\/02\/parodi-politike-by-sejdo-ismaili\/","title":{"rendered":"Parodi Politike &#8211; by Sejdo Ismaili"},"content":{"rendered":"<p><a href=\"http:\/\/www.visit-ulcinj.com\/blog\/wp-content\/uploads\/2013\/01\/Parodi-Politike-ne-Ulqin.jpg\"><img loading=\"lazy\" class=\"alignleft  wp-image-67361\" alt=\"Parodi Politike ne Ulqin\" src=\"http:\/\/www.visit-ulcinj.com\/blog\/wp-content\/uploads\/2013\/01\/Parodi-Politike-ne-Ulqin.jpg\" width=\"508\" height=\"355\" \/><\/a><strong>GEZUAR 2013 &#8211; Politika si GURI NE UJE<\/strong><\/p>\n<p>N\u00eb p\u00ebrdorimin e tanish\u00ebm, parodia \u00ebsht\u00eb nj\u00eb form\u00eb e satir\u00ebs q\u00eb imiton vepra apo krijime tjera t\u00eb artit si porosi p\u00ebr t\u00eb p\u00ebrqeshur nj\u00eb dukuri t\u00eb sh\u00ebmtuar. Mund t\u00eb p\u00ebrdoret p\u00ebr t\u00eb futur humorin e dhembshur. Parodia ekziston n\u00eb t\u00eb gjitha artet dhe mediat, p\u00ebrfshir\u00eb literatur\u00ebn, muzik\u00ebn, dhe filmin. Edhe l\u00ebvizjet kulturore mund t\u00eb parodizohen. Si vepra jan\u00eb nganj\u00ebher\u00eb n\u00eb gjuh\u00ebn e folur. teprimi, imitimi, shtremb\u00ebrimi apo p\u00ebrqeshja.<\/p>\n<p><iframe loading=\"lazy\" src=\"http:\/\/www.youtube.com\/embed\/lA9OVfhtV9w?list=UUtC5HaftpDWHcNyZw8jLnQg\" height=\"360\" width=\"508\" allowfullscreen=\"\" frameborder=\"0\"><\/iframe><\/p>\n<p>Parodi Politike &#8211; by Sejdo Ismaili<\/p>\n<p>Sot po m&#8217;shkon dita rremuje<br \/>\nHodh budalla nji gur ne uje<br \/>\nnjiqind te men\u00e7em s&#8217;mund ta nxjerrin<br \/>\nve\u00e7 po thojn se ja pam sherrin<\/p>\n<p>Per kete gur qe hodh budalla<br \/>\nban shamate e gjith mahalla<br \/>\nment verdall gjithkush i solli<br \/>\npse kete gure budalla hodhi<\/p>\n<p>Vrasin menen bri kanalit<br \/>\ndiskutojn per gur t&#8217;budallit<br \/>\nthot budalla kot po rrini<br \/>\ngurin tem ju smun ta nxirrni<\/p>\n<p>Para jush kan ardh do tjere<br \/>\nsmun e nxorren asnjiher<br \/>\ntuj lan punen kot e m&#8217;kot<br \/>\nun shiko e qesh me lot<\/p>\n<p>m&#8217;fal o Zot po thot budalla<br \/>\nme kto t&#8217;mencem shum u talla<br \/>\nlesh e li ja&#8217;u kam ba ment<br \/>\nkam hedh gurin n&#8217;parlament<\/p>\n<p>Do te kaloj nji kohe e gjate<br \/>\nme u shterr ujt e me met that<br \/>\ngurin tem kurr s&#8217;muj ta nxjerrin<br \/>\nkan me than vec ja pam sherrin<\/p>\n<p>teksti : G.A<\/p>\n<p><strong><a id=\"js_20\" href=\"https:\/\/www.facebook.com\/sejdo.ismaili\" data-hovercard=\"\/ajax\/hovercard\/hovercard.php?id=842313990\">Sejdo Ismaili Facebook<\/a><\/strong><\/p>\n","protected":false},"excerpt":{"rendered":"<p>GEZUAR 2013 &#8211; Politika si GURI NE UJE N\u00eb p\u00ebrdorimin e tanish\u00ebm, parodia \u00ebsht\u00eb nj\u00eb form\u00eb e satir\u00ebs q\u00eb imiton vepra apo krijime tjera t\u00eb artit si porosi p\u00ebr t\u00eb p\u00ebrqeshur nj\u00eb dukuri t\u00eb sh\u00ebmtuar. Mund t\u00eb p\u00ebrdoret p\u00ebr t\u00eb futur humorin e dhembshur. Parodia ekziston n\u00eb t\u00eb gjitha artet dhe mediat, p\u00ebrfshir\u00eb literatur\u00ebn, muzik\u00ebn, [&hellip;]<\/p>\n","protected":false},"author":1,"featured_media":0,"comment_status":"open","ping_status":"closed","sticky":false,"template":"","format":"standard","meta":{"spay_email":"","jetpack_publicize_message":"","jetpack_is_tweetstorm":false,"jetpack_publicize_feature_enabled":true},"categories":[1,11],"tags":[18],"jetpack_publicize_connections":[],"yoast_head":"<!-- This site is optimized with the Yoast SEO plugin v19.1 - https:\/\/yoast.com\/wordpress\/plugins\/seo\/ -->\n<title>Parodi Politike - by Sejdo Ismaili - Lajme nga Ulqini<\/title>\n<meta name=\"description\" content=\"GEZUAR 2013 - Politika si GURI NE UJE N\u00eb p\u00ebrdorimin e tanish\u00ebm, parodia \u00ebsht\u00eb nj\u00eb form\u00eb e satir\u00ebs q\u00eb imiton vepra apo krijime tjera t\u00eb artit si porosi p\u00ebr\" \/>\n<meta name=\"robots\" content=\"index, follow, max-snippet:-1, max-image-preview:large, max-video-preview:-1\" \/>\n<link rel=\"canonical\" href=\"https:\/\/www.visit-ulcinj.com\/blog\/2013\/01\/02\/parodi-politike-by-sejdo-ismaili\/\" \/>\n<meta property=\"og:locale\" content=\"en_US\" \/>\n<meta property=\"og:type\" content=\"article\" \/>\n<meta property=\"og:title\" content=\"Parodi Politike - by Sejdo Ismaili - Lajme nga Ulqini\" \/>\n<meta property=\"og:description\" content=\"GEZUAR 2013 - Politika si GURI NE UJE N\u00eb p\u00ebrdorimin e tanish\u00ebm, parodia \u00ebsht\u00eb nj\u00eb form\u00eb e satir\u00ebs q\u00eb imiton vepra apo krijime tjera t\u00eb artit si porosi p\u00ebr\" \/>\n<meta property=\"og:url\" content=\"https:\/\/www.visit-ulcinj.com\/blog\/2013\/01\/02\/parodi-politike-by-sejdo-ismaili\/\" \/>\n<meta property=\"og:site_name\" content=\"Lajme nga Ulqini\" \/>\n<meta property=\"article:published_time\" content=\"2013-01-02T13:38:47+00:00\" \/>\n<meta property=\"article:modified_time\" content=\"2013-01-06T15:10:37+00:00\" \/>\n<meta property=\"og:image\" content=\"http:\/\/www.visit-ulcinj.com\/blog\/wp-content\/uploads\/2013\/01\/Parodi-Politike-ne-Ulqin.jpg\" \/>\n<meta name=\"twitter:label1\" content=\"Written by\" \/>\n\t<meta name=\"twitter:data1\" content=\"ulqini\" \/>\n\t<meta name=\"twitter:label2\" content=\"Est. reading time\" \/>\n\t<meta name=\"twitter:data2\" content=\"1 minute\" \/>\n<script type=\"application\/ld+json\" class=\"yoast-schema-graph\">{\"@context\":\"https:\/\/schema.org\",\"@graph\":[{\"@type\":\"WebSite\",\"@id\":\"https:\/\/www.visit-ulcinj.com\/blog\/#website\",\"url\":\"https:\/\/www.visit-ulcinj.com\/blog\/\",\"name\":\"Lajme nga Ulqini\",\"description\":\"Lajme,Vijesti,Ulqini,Ulqin,Crna Gora,Mali i Zi\",\"potentialAction\":[{\"@type\":\"SearchAction\",\"target\":{\"@type\":\"EntryPoint\",\"urlTemplate\":\"https:\/\/www.visit-ulcinj.com\/blog\/?s={search_term_string}\"},\"query-input\":\"required name=search_term_string\"}],\"inLanguage\":\"en-US\"},{\"@type\":\"ImageObject\",\"inLanguage\":\"en-US\",\"@id\":\"https:\/\/www.visit-ulcinj.com\/blog\/2013\/01\/02\/parodi-politike-by-sejdo-ismaili\/#primaryimage\",\"url\":\"https:\/\/www.visit-ulcinj.com\/blog\/wp-content\/uploads\/2013\/01\/Parodi-Politike-ne-Ulqin.jpg\",\"contentUrl\":\"https:\/\/www.visit-ulcinj.com\/blog\/wp-content\/uploads\/2013\/01\/Parodi-Politike-ne-Ulqin.jpg\",\"width\":569,\"height\":355},{\"@type\":\"WebPage\",\"@id\":\"https:\/\/www.visit-ulcinj.com\/blog\/2013\/01\/02\/parodi-politike-by-sejdo-ismaili\/#webpage\",\"url\":\"https:\/\/www.visit-ulcinj.com\/blog\/2013\/01\/02\/parodi-politike-by-sejdo-ismaili\/\",\"name\":\"Parodi Politike - by Sejdo Ismaili - Lajme nga Ulqini\",\"isPartOf\":{\"@id\":\"https:\/\/www.visit-ulcinj.com\/blog\/#website\"},\"primaryImageOfPage\":{\"@id\":\"https:\/\/www.visit-ulcinj.com\/blog\/2013\/01\/02\/parodi-politike-by-sejdo-ismaili\/#primaryimage\"},\"datePublished\":\"2013-01-02T13:38:47+00:00\",\"dateModified\":\"2013-01-06T15:10:37+00:00\",\"author\":{\"@id\":\"https:\/\/www.visit-ulcinj.com\/blog\/#\/schema\/person\/dcab619c614d3038751c63bc2aadc06d\"},\"description\":\"GEZUAR 2013 - Politika si GURI NE UJE N\u00eb p\u00ebrdorimin e tanish\u00ebm, parodia \u00ebsht\u00eb nj\u00eb form\u00eb e satir\u00ebs q\u00eb imiton vepra apo krijime tjera t\u00eb artit si porosi p\u00ebr\",\"breadcrumb\":{\"@id\":\"https:\/\/www.visit-ulcinj.com\/blog\/2013\/01\/02\/parodi-politike-by-sejdo-ismaili\/#breadcrumb\"},\"inLanguage\":\"en-US\",\"potentialAction\":[{\"@type\":\"ReadAction\",\"target\":[\"https:\/\/www.visit-ulcinj.com\/blog\/2013\/01\/02\/parodi-politike-by-sejdo-ismaili\/\"]}]},{\"@type\":\"BreadcrumbList\",\"@id\":\"https:\/\/www.visit-ulcinj.com\/blog\/2013\/01\/02\/parodi-politike-by-sejdo-ismaili\/#breadcrumb\",\"itemListElement\":[{\"@type\":\"ListItem\",\"position\":1,\"name\":\"Parodi Politike &#8211; by Sejdo Ismaili\"}]},{\"@type\":\"Person\",\"@id\":\"https:\/\/www.visit-ulcinj.com\/blog\/#\/schema\/person\/dcab619c614d3038751c63bc2aadc06d\",\"name\":\"ulqini\",\"sameAs\":[\"http:\/\/www.visit-ulcinj.com\"],\"url\":\"https:\/\/www.visit-ulcinj.com\/blog\/author\/admin\/\"}]}<\/script>\n<!-- \/ Yoast SEO plugin. -->","yoast_head_json":{"title":"Parodi Politike - by Sejdo Ismaili - Lajme nga Ulqini","description":"GEZUAR 2013 - Politika si GURI NE UJE N\u00eb p\u00ebrdorimin e tanish\u00ebm, parodia \u00ebsht\u00eb nj\u00eb form\u00eb e satir\u00ebs q\u00eb imiton vepra apo krijime tjera t\u00eb artit si porosi p\u00ebr","robots":{"index":"index","follow":"follow","max-snippet":"max-snippet:-1","max-image-preview":"max-image-preview:large","max-video-preview":"max-video-preview:-1"},"canonical":"https:\/\/www.visit-ulcinj.com\/blog\/2013\/01\/02\/parodi-politike-by-sejdo-ismaili\/","og_locale":"en_US","og_type":"article","og_title":"Parodi Politike - by Sejdo Ismaili - Lajme nga Ulqini","og_description":"GEZUAR 2013 - Politika si GURI NE UJE N\u00eb p\u00ebrdorimin e tanish\u00ebm, parodia \u00ebsht\u00eb nj\u00eb form\u00eb e satir\u00ebs q\u00eb imiton vepra apo krijime tjera t\u00eb artit si porosi p\u00ebr","og_url":"https:\/\/www.visit-ulcinj.com\/blog\/2013\/01\/02\/parodi-politike-by-sejdo-ismaili\/","og_site_name":"Lajme nga Ulqini","article_published_time":"2013-01-02T13:38:47+00:00","article_modified_time":"2013-01-06T15:10:37+00:00","og_image":[{"url":"http:\/\/www.visit-ulcinj.com\/blog\/wp-content\/uploads\/2013\/01\/Parodi-Politike-ne-Ulqin.jpg"}],"twitter_misc":{"Written by":"ulqini","Est. reading time":"1 minute"},"schema":{"@context":"https:\/\/schema.org","@graph":[{"@type":"WebSite","@id":"https:\/\/www.visit-ulcinj.com\/blog\/#website","url":"https:\/\/www.visit-ulcinj.com\/blog\/","name":"Lajme nga Ulqini","description":"Lajme,Vijesti,Ulqini,Ulqin,Crna Gora,Mali i Zi","potentialAction":[{"@type":"SearchAction","target":{"@type":"EntryPoint","urlTemplate":"https:\/\/www.visit-ulcinj.com\/blog\/?s={search_term_string}"},"query-input":"required name=search_term_string"}],"inLanguage":"en-US"},{"@type":"ImageObject","inLanguage":"en-US","@id":"https:\/\/www.visit-ulcinj.com\/blog\/2013\/01\/02\/parodi-politike-by-sejdo-ismaili\/#primaryimage","url":"https:\/\/www.visit-ulcinj.com\/blog\/wp-content\/uploads\/2013\/01\/Parodi-Politike-ne-Ulqin.jpg","contentUrl":"https:\/\/www.visit-ulcinj.com\/blog\/wp-content\/uploads\/2013\/01\/Parodi-Politike-ne-Ulqin.jpg","width":569,"height":355},{"@type":"WebPage","@id":"https:\/\/www.visit-ulcinj.com\/blog\/2013\/01\/02\/parodi-politike-by-sejdo-ismaili\/#webpage","url":"https:\/\/www.visit-ulcinj.com\/blog\/2013\/01\/02\/parodi-politike-by-sejdo-ismaili\/","name":"Parodi Politike - by Sejdo Ismaili - Lajme nga Ulqini","isPartOf":{"@id":"https:\/\/www.visit-ulcinj.com\/blog\/#website"},"primaryImageOfPage":{"@id":"https:\/\/www.visit-ulcinj.com\/blog\/2013\/01\/02\/parodi-politike-by-sejdo-ismaili\/#primaryimage"},"datePublished":"2013-01-02T13:38:47+00:00","dateModified":"2013-01-06T15:10:37+00:00","author":{"@id":"https:\/\/www.visit-ulcinj.com\/blog\/#\/schema\/person\/dcab619c614d3038751c63bc2aadc06d"},"description":"GEZUAR 2013 - Politika si GURI NE UJE N\u00eb p\u00ebrdorimin e tanish\u00ebm, parodia \u00ebsht\u00eb nj\u00eb form\u00eb e satir\u00ebs q\u00eb imiton vepra apo krijime tjera t\u00eb artit si porosi p\u00ebr","breadcrumb":{"@id":"https:\/\/www.visit-ulcinj.com\/blog\/2013\/01\/02\/parodi-politike-by-sejdo-ismaili\/#breadcrumb"},"inLanguage":"en-US","potentialAction":[{"@type":"ReadAction","target":["https:\/\/www.visit-ulcinj.com\/blog\/2013\/01\/02\/parodi-politike-by-sejdo-ismaili\/"]}]},{"@type":"BreadcrumbList","@id":"https:\/\/www.visit-ulcinj.com\/blog\/2013\/01\/02\/parodi-politike-by-sejdo-ismaili\/#breadcrumb","itemListElement":[{"@type":"ListItem","position":1,"name":"Parodi Politike &#8211; by Sejdo Ismaili"}]},{"@type":"Person","@id":"https:\/\/www.visit-ulcinj.com\/blog\/#\/schema\/person\/dcab619c614d3038751c63bc2aadc06d","name":"ulqini","sameAs":["http:\/\/www.visit-ulcinj.com"],"url":"https:\/\/www.visit-ulcinj.com\/blog\/author\/admin\/"}]}},"jetpack_featured_media_url":"","jetpack_sharing_enabled":true,"jetpack_shortlink":"https:\/\/wp.me\/pe6lTn-hws","_links":{"self":[{"href":"https:\/\/www.visit-ulcinj.com\/blog\/wp-json\/wp\/v2\/posts\/67360"}],"collection":[{"href":"https:\/\/www.visit-ulcinj.com\/blog\/wp-json\/wp\/v2\/posts"}],"about":[{"href":"https:\/\/www.visit-ulcinj.com\/blog\/wp-json\/wp\/v2\/types\/post"}],"author":[{"embeddable":true,"href":"https:\/\/www.visit-ulcinj.com\/blog\/wp-json\/wp\/v2\/users\/1"}],"replies":[{"embeddable":true,"href":"https:\/\/www.visit-ulcinj.com\/blog\/wp-json\/wp\/v2\/comments?post=67360"}],"version-history":[{"count":4,"href":"https:\/\/www.visit-ulcinj.com\/blog\/wp-json\/wp\/v2\/posts\/67360\/revisions"}],"predecessor-version":[{"id":67364,"href":"https:\/\/www.visit-ulcinj.com\/blog\/wp-json\/wp\/v2\/posts\/67360\/revisions\/67364"}],"wp:attachment":[{"href":"https:\/\/www.visit-ulcinj.com\/blog\/wp-json\/wp\/v2\/media?parent=67360"}],"wp:term":[{"taxonomy":"category","embeddable":true,"href":"https:\/\/www.visit-ulcinj.com\/blog\/wp-json\/wp\/v2\/categories?post=67360"},{"taxonomy":"post_tag","embeddable":true,"href":"https:\/\/www.visit-ulcinj.com\/blog\/wp-json\/wp\/v2\/tags?post=67360"}],"curies":[{"name":"wp","href":"https:\/\/api.w.org\/{rel}","templated":true}]}}