{"id":67374,"date":"2013-01-06T08:28:56","date_gmt":"2013-01-06T07:28:56","guid":{"rendered":"http:\/\/www.visit-ulcinj.com\/blog\/?p=67374"},"modified":"2013-01-06T08:29:46","modified_gmt":"2013-01-06T07:29:46","slug":"ulcinjani-nijesu-optimisti-za-2013","status":"publish","type":"post","link":"https:\/\/www.visit-ulcinj.com\/blog\/2013\/01\/06\/ulcinjani-nijesu-optimisti-za-2013\/","title":{"rendered":"Ulcinjani nijesu optimisti za 2013"},"content":{"rendered":"<p><strong><a href=\"http:\/\/www.visit-ulcinj.com\/blog\/wp-content\/uploads\/2013\/01\/Ulcinjani-nijesu-optimisti-za-2013.jpg\"><img loading=\"lazy\" class=\"alignleft  wp-image-67375\" alt=\"Ulcinjani nijesu optimisti za 2013\" src=\"http:\/\/www.visit-ulcinj.com\/blog\/wp-content\/uploads\/2013\/01\/Ulcinjani-nijesu-optimisti-za-2013.jpg\" width=\"508\" height=\"300\" \/><\/a>Dugovi do gu\u0161e sve planove ru\u0161e<\/strong><\/p>\n<p>Nova kalendarska godina je stigla, ali Ulcinjani nijesu optimisti da \u0107e donijeti promjene nabolje kad je rije\u010d o otklanjanju brojnih problema u op\u0161tini. Optimizam na talasu promjene vlasti brzo je splasnuo, iako se mnogima \u010dinilo da \u0107e 2012. biti prekretnica u razvoju op\u0161tine, u kojoj su se, sasvim sigurno, najvi\u0161e osjetili negativni efekti tranzicije. Ulcinj je danas jedna od najzadu\u017eenijnih op\u0161tina u Crnoj Gori, a da je finansijska situacija izuzetno te\u0161ka priznaje i prvi \u010dovjek op\u0161tine Nazif Cungu.<br \/>\n\u2013 Kad smo preuzeli vlast, znali smo da \u0107e biti problema, ali nismo o\u010dekivali ovakvo stanje. Op\u0161tina duguje oko 21 milion eura po raznim osnovama, a ra\u010duni za naplatu stalno pristi\u017eu. Zbog te \u010dinjenice nijesmo mogli da realizujemo mnoge projekte koje smo planirali. Jednostavno, morali smo da rje\u0161avamo naslije\u0111ene probleme i da vra\u0107amo dugove koje je ostavila biv\u0161a vlast. U protekloj godini smo izmirili vi\u0161e od milion eura obaveza \u2013 ka\u017ee Cungu.<br \/>\n<a href=\"http:\/\/www.visit-ulcinj.com\/blog\/wp-content\/uploads\/2013\/01\/cungu.jpg\"><img loading=\"lazy\" class=\"alignleft size-full wp-image-67376\" alt=\"cungu\" src=\"http:\/\/www.visit-ulcinj.com\/blog\/wp-content\/uploads\/2013\/01\/cungu.jpg\" width=\"288\" height=\"175\" \/><\/a>Prema njegovim rije\u010dima, uprkos svemu, sada\u0161nja vlast je za proteklih 12 mjeseci uradila vi\u0161e nego sve biv\u0161e vlasti zajedno.<br \/>\n\u2013 Usvojili smo 17 urbanisti\u010dkih planova, a u proceduri je dono\u0161enje planske dokumentacije za povr\u0161inu od preko 800 hektara. To je temelj za budu\u0107i razvoj. Krenuli smo u izradu i realizaciju razvojnih projekata, koji za cilj imaju bolji kvalitet \u017eivota za sve gra\u0111ane \u2013 tvrdi Cungu.<br \/>\nPredsjednik op\u0161tine najavio je da \u0107e biti rezova u lokalnoj administarciji.<br \/>\n\u2013 Nijesam zadovoljan radom administracije i pod tim podrazumijevam kadrove svih partija na vlasti, i Force i koalicionih partnera. Mnogi su se vi\u0161e pona\u0161ali savjetni\u010dki nego \u0161to su radili, a da bi se iza\u0161lo iz ove situacije mora se mnogo raditi \u2013 nagla\u0161ava Cungu.<br \/>\nDa se protekle godine moglo vi\u0161e uraditi smatra predsjednik OO SDP i aktuelni potpredsjednik op\u0161tine Selim Resulbegovi\u0107.<br \/>\n\u2013 Na\u0161 programski zadatak bio je realizacija planske dokumentacije i tu je u\u010dinjen najve\u0107i napredak. Mi iz SDP-a smo mogli i vi\u0161e da uradimo da smo imali razumijevanja unutar koalicije. Ipak, uradili smo vi\u0161e od svih prethodnih vlasti zajedno. Trenutno su najve\u0107i problem dugovi, ali o ukupnom iznosu ne bih govorio, jer smatram da nijesu realno iskazani te o\u010dekujem da \u0107e biti prezentovani u realnim okvirima. U svakom slu\u010daju o\u010dekuje nas mnogo posla i vjerujem da \u0107e naredna godina biti uspje\u0161nija \u2013 ka\u017ee Resulbegovi\u0107.<br \/>\nOpozicija se, naravno, ne sla\u017ee s ocjenama najvi\u0161ih zvani\u010dnika lokalne vlasti, ocjenjuju\u0107i da se radi o tra\u017eenju alibija za neuspjehe.<\/p>\n<p><a href=\"http:\/\/www.visit-ulcinj.com\/blog\/wp-content\/uploads\/2013\/01\/Ljoro-Nrekic.jpg\"><img loading=\"lazy\" class=\"alignleft  wp-image-67377\" alt=\"Ljoro Nrekic\" src=\"http:\/\/www.visit-ulcinj.com\/blog\/wp-content\/uploads\/2013\/01\/Ljoro-Nrekic.jpg\" width=\"150\" height=\"150\" \/><\/a><strong>Aktuelna vlast prema mi\u0161ljenju predsjednika OO DPS-a Ljora Nreki\u0107a u 2012. godini nije uradila gotovo ni\u0161ta.<\/strong><br \/>\n\u2013 Sva\u0161ta su obe\u0107avali gra\u0111anima, a sada se hvale i ma\u0161u papirima, ali ih stanje na terenu demantuje. Istina je da nijesu uradili ni\u0161ta. Nijedna zna\u010dajna investicija nije realizovana, donosili su nezakonite odluke, nezakonito su zapo\u0161ljavali i napravili brojne propuste. Idemo u susret predsjedni\u010dkim izborima, ali odmah nakon toga posveti\u0107emo se promjeni vlasti u Ulcinju. Nijesu ta\u010dne glasine da DPS nije zainteresovan za vlast u ovoj op\u0161tini. I te kako smo zainteresovani, jer je svima jasno da se ne\u0161to mora mijenjati \u2013 istakao je Nreki\u0107.<\/p>\n<p>&nbsp;<\/p>\n<p><strong><a href=\"http:\/\/www.visit-ulcinj.com\/blog\/wp-content\/uploads\/2013\/01\/A.Cetkovic.jpg\"><img loading=\"lazy\" class=\"alignleft size-full wp-image-67378\" alt=\"A.Cetkovic,\" src=\"http:\/\/www.visit-ulcinj.com\/blog\/wp-content\/uploads\/2013\/01\/A.Cetkovic.jpg\" width=\"130\" height=\"130\" \/><\/a>Andrija \u0106etkovi\u0107, odbornik SNP-a, smatra da je lokalna vlast razo\u010darala najve\u0107i broj gra\u0111ana Ulcinja<\/strong>.<br \/>\n\u2013 Svakim danom je sve jasnije da je njima do op\u0161teg dobra stalo taman koliko do lanjskog snijega. Vlast im slu\u017ei samo kako bi zavr\u0161ili svoje privatne poslove i ostvarili strate\u0161ke ciljeve lidera partija na vlasti. To pokazuju nedavno uvojene studije lokacija za eko centar \u0160as, izmjene i dopune plana za naselja \u0160toj, Liman, Pinje\u0161&#8230; Odluke se donose voljom skup\u0161tinske ve\u0107ine, \u010diji je legitimitet sporan, kao i zakonitost odluka, ali tu smo gdje smo. Ono \u0161to nas u SNP-u brine je \u0161to \u0107e gra\u0111ani nastaviti da ispa\u0161taju zbog proma\u0161aja vlasti i pogre\u0161ne politike \u2013 kazao je \u0106etkovi\u0107.<\/p>\n<p><strong><a href=\"http:\/\/www.visit-ulcinj.com\/blog\/wp-content\/uploads\/2013\/01\/hatixhegjoni.jpg\"><img loading=\"lazy\" class=\"alignleft size-full wp-image-67379\" alt=\"hatixhegjoni\" src=\"http:\/\/www.visit-ulcinj.com\/blog\/wp-content\/uploads\/2013\/01\/hatixhegjoni.jpg\" width=\"120\" height=\"120\" \/><\/a>Pokazali nemo\u0107 i bahatost<\/strong><br \/>\n\u0160ef odborni\u010dkog kluba DUA u lokalnom parlamentu Hatid\u017ea \u0110oni smatra da je koalicija Force, DP, SDP i liste Perspektiva za petnaest mjeseci vladavine pokazala neznanje, nemo\u0107 i bahatost.<br \/>\n\u2013 Od obe\u0107anog ni\u0161ta nije realizovano, nema inostranih investitora, restriktivnih mjera, naprotiv, galopira zapo\u0161ljavanje po partijskoj, rodbinskoj i prijateljskoj osnovi. Gradom vlada grupica ljudi, kojoj je primarni interes da s pozicije vlasti uve\u0107a svoje bogatstvo. Smatram da je petnaest mjeseci bilo dovoljno da sve bude jasno i da se vidi da se u Ulcinju ne\u0161to mora mijenjati \u2013 kategori\u010dna je \u0110oni.<\/p>\n<p><strong> Radnici bez plata i po 15 mjeseci<\/strong><br \/>\nSamo po osnovu zarada i doprinosa za zaposlene Op\u0161tina duguje milion i 600 hiljada eura, dok javna preduze\u0107a po istom osnovu duguju milion i 800 hiljada eura. Ukupna obaveze op\u0161tine po osnovu pozajmica, kredita, usluga, nabavki, eksproprijacije iznose preko pet miliona i 600 hiljada eura. Obaveze za potra\u017eivanja po sudskim sporovima su preko deset miliona. Od javnih preduze\u0107a najvi\u0161e duguje JP Vodovod, oko milion i 200 hiljada eura. JP Komunalne djelatnosti du\u017eno je 665.000, JP Centar za kulturu 285.000, RTV Ulcinj 136.000, JP za uzgoj i za\u0161titu divlja\u010di 146 .000, a Agencija za izgradnju 186.000 eura. Zaposleni u administraciji lokalne samouprave nijesu u velikom zaostatku s platama, ali zato njihove kolege u javnim preduze\u0107ima potra\u017euju i po 12 do 15 li\u010dnih dohodaka.<\/p>\n<p><strong>Izvor. DAN<\/strong><\/p>\n","protected":false},"excerpt":{"rendered":"<p>Dugovi do gu\u0161e sve planove ru\u0161e Nova kalendarska godina je stigla, ali Ulcinjani nijesu optimisti da \u0107e donijeti promjene nabolje kad je rije\u010d o otklanjanju brojnih problema u op\u0161tini. Optimizam na talasu promjene vlasti brzo je splasnuo, iako se mnogima \u010dinilo da \u0107e 2012. biti prekretnica u razvoju op\u0161tine, u kojoj su se, sasvim sigurno, [&hellip;]<\/p>\n","protected":false},"author":1,"featured_media":0,"comment_status":"open","ping_status":"closed","sticky":false,"template":"","format":"standard","meta":{"spay_email":"","jetpack_publicize_message":"","jetpack_is_tweetstorm":false,"jetpack_publicize_feature_enabled":true},"categories":[8337],"tags":[19],"jetpack_publicize_connections":[],"yoast_head":"<!-- This site is optimized with the Yoast SEO plugin v19.1 - https:\/\/yoast.com\/wordpress\/plugins\/seo\/ -->\n<title>Ulcinjani nijesu optimisti za 2013 - Lajme nga Ulqini<\/title>\n<meta name=\"description\" content=\"Dugovi do gu\u0161e sve planove ru\u0161e Nova kalendarska godina je stigla, ali Ulcinjani nijesu optimisti da \u0107e donijeti promjene nabolje kad je rije\u010d o\" \/>\n<meta name=\"robots\" content=\"index, follow, max-snippet:-1, max-image-preview:large, max-video-preview:-1\" \/>\n<link rel=\"canonical\" href=\"https:\/\/www.visit-ulcinj.com\/blog\/2013\/01\/06\/ulcinjani-nijesu-optimisti-za-2013\/\" \/>\n<meta property=\"og:locale\" content=\"en_US\" \/>\n<meta property=\"og:type\" content=\"article\" \/>\n<meta property=\"og:title\" content=\"Ulcinjani nijesu optimisti za 2013 - Lajme nga Ulqini\" \/>\n<meta property=\"og:description\" content=\"Dugovi do gu\u0161e sve planove ru\u0161e Nova kalendarska godina je stigla, ali Ulcinjani nijesu optimisti da \u0107e donijeti promjene nabolje kad je rije\u010d o\" \/>\n<meta property=\"og:url\" content=\"https:\/\/www.visit-ulcinj.com\/blog\/2013\/01\/06\/ulcinjani-nijesu-optimisti-za-2013\/\" \/>\n<meta property=\"og:site_name\" content=\"Lajme nga Ulqini\" \/>\n<meta property=\"article:published_time\" content=\"2013-01-06T07:28:56+00:00\" \/>\n<meta property=\"article:modified_time\" content=\"2013-01-06T07:29:46+00:00\" \/>\n<meta property=\"og:image\" content=\"http:\/\/www.visit-ulcinj.com\/blog\/wp-content\/uploads\/2013\/01\/Ulcinjani-nijesu-optimisti-za-2013.jpg\" \/>\n<meta name=\"twitter:label1\" content=\"Written by\" \/>\n\t<meta name=\"twitter:data1\" content=\"ulqini\" \/>\n\t<meta name=\"twitter:label2\" content=\"Est. reading time\" \/>\n\t<meta name=\"twitter:data2\" content=\"5 minutes\" \/>\n<script type=\"application\/ld+json\" class=\"yoast-schema-graph\">{\"@context\":\"https:\/\/schema.org\",\"@graph\":[{\"@type\":\"WebSite\",\"@id\":\"https:\/\/www.visit-ulcinj.com\/blog\/#website\",\"url\":\"https:\/\/www.visit-ulcinj.com\/blog\/\",\"name\":\"Lajme nga Ulqini\",\"description\":\"Lajme,Vijesti,Ulqini,Ulqin,Crna Gora,Mali i Zi\",\"potentialAction\":[{\"@type\":\"SearchAction\",\"target\":{\"@type\":\"EntryPoint\",\"urlTemplate\":\"https:\/\/www.visit-ulcinj.com\/blog\/?s={search_term_string}\"},\"query-input\":\"required name=search_term_string\"}],\"inLanguage\":\"en-US\"},{\"@type\":\"ImageObject\",\"inLanguage\":\"en-US\",\"@id\":\"https:\/\/www.visit-ulcinj.com\/blog\/2013\/01\/06\/ulcinjani-nijesu-optimisti-za-2013\/#primaryimage\",\"url\":\"https:\/\/www.visit-ulcinj.com\/blog\/wp-content\/uploads\/2013\/01\/Ulcinjani-nijesu-optimisti-za-2013.jpg\",\"contentUrl\":\"https:\/\/www.visit-ulcinj.com\/blog\/wp-content\/uploads\/2013\/01\/Ulcinjani-nijesu-optimisti-za-2013.jpg\",\"width\":640,\"height\":300},{\"@type\":\"WebPage\",\"@id\":\"https:\/\/www.visit-ulcinj.com\/blog\/2013\/01\/06\/ulcinjani-nijesu-optimisti-za-2013\/#webpage\",\"url\":\"https:\/\/www.visit-ulcinj.com\/blog\/2013\/01\/06\/ulcinjani-nijesu-optimisti-za-2013\/\",\"name\":\"Ulcinjani nijesu optimisti za 2013 - Lajme nga Ulqini\",\"isPartOf\":{\"@id\":\"https:\/\/www.visit-ulcinj.com\/blog\/#website\"},\"primaryImageOfPage\":{\"@id\":\"https:\/\/www.visit-ulcinj.com\/blog\/2013\/01\/06\/ulcinjani-nijesu-optimisti-za-2013\/#primaryimage\"},\"datePublished\":\"2013-01-06T07:28:56+00:00\",\"dateModified\":\"2013-01-06T07:29:46+00:00\",\"author\":{\"@id\":\"https:\/\/www.visit-ulcinj.com\/blog\/#\/schema\/person\/dcab619c614d3038751c63bc2aadc06d\"},\"description\":\"Dugovi do gu\u0161e sve planove ru\u0161e Nova kalendarska godina je stigla, ali Ulcinjani nijesu optimisti da \u0107e donijeti promjene nabolje kad je rije\u010d o\",\"breadcrumb\":{\"@id\":\"https:\/\/www.visit-ulcinj.com\/blog\/2013\/01\/06\/ulcinjani-nijesu-optimisti-za-2013\/#breadcrumb\"},\"inLanguage\":\"en-US\",\"potentialAction\":[{\"@type\":\"ReadAction\",\"target\":[\"https:\/\/www.visit-ulcinj.com\/blog\/2013\/01\/06\/ulcinjani-nijesu-optimisti-za-2013\/\"]}]},{\"@type\":\"BreadcrumbList\",\"@id\":\"https:\/\/www.visit-ulcinj.com\/blog\/2013\/01\/06\/ulcinjani-nijesu-optimisti-za-2013\/#breadcrumb\",\"itemListElement\":[{\"@type\":\"ListItem\",\"position\":1,\"name\":\"Ulcinjani nijesu optimisti za 2013\"}]},{\"@type\":\"Person\",\"@id\":\"https:\/\/www.visit-ulcinj.com\/blog\/#\/schema\/person\/dcab619c614d3038751c63bc2aadc06d\",\"name\":\"ulqini\",\"sameAs\":[\"http:\/\/www.visit-ulcinj.com\"],\"url\":\"https:\/\/www.visit-ulcinj.com\/blog\/author\/admin\/\"}]}<\/script>\n<!-- \/ Yoast SEO plugin. -->","yoast_head_json":{"title":"Ulcinjani nijesu optimisti za 2013 - Lajme nga Ulqini","description":"Dugovi do gu\u0161e sve planove ru\u0161e Nova kalendarska godina je stigla, ali Ulcinjani nijesu optimisti da \u0107e donijeti promjene nabolje kad je rije\u010d o","robots":{"index":"index","follow":"follow","max-snippet":"max-snippet:-1","max-image-preview":"max-image-preview:large","max-video-preview":"max-video-preview:-1"},"canonical":"https:\/\/www.visit-ulcinj.com\/blog\/2013\/01\/06\/ulcinjani-nijesu-optimisti-za-2013\/","og_locale":"en_US","og_type":"article","og_title":"Ulcinjani nijesu optimisti za 2013 - Lajme nga Ulqini","og_description":"Dugovi do gu\u0161e sve planove ru\u0161e Nova kalendarska godina je stigla, ali Ulcinjani nijesu optimisti da \u0107e donijeti promjene nabolje kad je rije\u010d o","og_url":"https:\/\/www.visit-ulcinj.com\/blog\/2013\/01\/06\/ulcinjani-nijesu-optimisti-za-2013\/","og_site_name":"Lajme nga Ulqini","article_published_time":"2013-01-06T07:28:56+00:00","article_modified_time":"2013-01-06T07:29:46+00:00","og_image":[{"url":"http:\/\/www.visit-ulcinj.com\/blog\/wp-content\/uploads\/2013\/01\/Ulcinjani-nijesu-optimisti-za-2013.jpg"}],"twitter_misc":{"Written by":"ulqini","Est. reading time":"5 minutes"},"schema":{"@context":"https:\/\/schema.org","@graph":[{"@type":"WebSite","@id":"https:\/\/www.visit-ulcinj.com\/blog\/#website","url":"https:\/\/www.visit-ulcinj.com\/blog\/","name":"Lajme nga Ulqini","description":"Lajme,Vijesti,Ulqini,Ulqin,Crna Gora,Mali i Zi","potentialAction":[{"@type":"SearchAction","target":{"@type":"EntryPoint","urlTemplate":"https:\/\/www.visit-ulcinj.com\/blog\/?s={search_term_string}"},"query-input":"required name=search_term_string"}],"inLanguage":"en-US"},{"@type":"ImageObject","inLanguage":"en-US","@id":"https:\/\/www.visit-ulcinj.com\/blog\/2013\/01\/06\/ulcinjani-nijesu-optimisti-za-2013\/#primaryimage","url":"https:\/\/www.visit-ulcinj.com\/blog\/wp-content\/uploads\/2013\/01\/Ulcinjani-nijesu-optimisti-za-2013.jpg","contentUrl":"https:\/\/www.visit-ulcinj.com\/blog\/wp-content\/uploads\/2013\/01\/Ulcinjani-nijesu-optimisti-za-2013.jpg","width":640,"height":300},{"@type":"WebPage","@id":"https:\/\/www.visit-ulcinj.com\/blog\/2013\/01\/06\/ulcinjani-nijesu-optimisti-za-2013\/#webpage","url":"https:\/\/www.visit-ulcinj.com\/blog\/2013\/01\/06\/ulcinjani-nijesu-optimisti-za-2013\/","name":"Ulcinjani nijesu optimisti za 2013 - Lajme nga Ulqini","isPartOf":{"@id":"https:\/\/www.visit-ulcinj.com\/blog\/#website"},"primaryImageOfPage":{"@id":"https:\/\/www.visit-ulcinj.com\/blog\/2013\/01\/06\/ulcinjani-nijesu-optimisti-za-2013\/#primaryimage"},"datePublished":"2013-01-06T07:28:56+00:00","dateModified":"2013-01-06T07:29:46+00:00","author":{"@id":"https:\/\/www.visit-ulcinj.com\/blog\/#\/schema\/person\/dcab619c614d3038751c63bc2aadc06d"},"description":"Dugovi do gu\u0161e sve planove ru\u0161e Nova kalendarska godina je stigla, ali Ulcinjani nijesu optimisti da \u0107e donijeti promjene nabolje kad je rije\u010d o","breadcrumb":{"@id":"https:\/\/www.visit-ulcinj.com\/blog\/2013\/01\/06\/ulcinjani-nijesu-optimisti-za-2013\/#breadcrumb"},"inLanguage":"en-US","potentialAction":[{"@type":"ReadAction","target":["https:\/\/www.visit-ulcinj.com\/blog\/2013\/01\/06\/ulcinjani-nijesu-optimisti-za-2013\/"]}]},{"@type":"BreadcrumbList","@id":"https:\/\/www.visit-ulcinj.com\/blog\/2013\/01\/06\/ulcinjani-nijesu-optimisti-za-2013\/#breadcrumb","itemListElement":[{"@type":"ListItem","position":1,"name":"Ulcinjani nijesu optimisti za 2013"}]},{"@type":"Person","@id":"https:\/\/www.visit-ulcinj.com\/blog\/#\/schema\/person\/dcab619c614d3038751c63bc2aadc06d","name":"ulqini","sameAs":["http:\/\/www.visit-ulcinj.com"],"url":"https:\/\/www.visit-ulcinj.com\/blog\/author\/admin\/"}]}},"jetpack_featured_media_url":"","jetpack_sharing_enabled":true,"jetpack_shortlink":"https:\/\/wp.me\/pe6lTn-hwG","_links":{"self":[{"href":"https:\/\/www.visit-ulcinj.com\/blog\/wp-json\/wp\/v2\/posts\/67374"}],"collection":[{"href":"https:\/\/www.visit-ulcinj.com\/blog\/wp-json\/wp\/v2\/posts"}],"about":[{"href":"https:\/\/www.visit-ulcinj.com\/blog\/wp-json\/wp\/v2\/types\/post"}],"author":[{"embeddable":true,"href":"https:\/\/www.visit-ulcinj.com\/blog\/wp-json\/wp\/v2\/users\/1"}],"replies":[{"embeddable":true,"href":"https:\/\/www.visit-ulcinj.com\/blog\/wp-json\/wp\/v2\/comments?post=67374"}],"version-history":[{"count":2,"href":"https:\/\/www.visit-ulcinj.com\/blog\/wp-json\/wp\/v2\/posts\/67374\/revisions"}],"predecessor-version":[{"id":67381,"href":"https:\/\/www.visit-ulcinj.com\/blog\/wp-json\/wp\/v2\/posts\/67374\/revisions\/67381"}],"wp:attachment":[{"href":"https:\/\/www.visit-ulcinj.com\/blog\/wp-json\/wp\/v2\/media?parent=67374"}],"wp:term":[{"taxonomy":"category","embeddable":true,"href":"https:\/\/www.visit-ulcinj.com\/blog\/wp-json\/wp\/v2\/categories?post=67374"},{"taxonomy":"post_tag","embeddable":true,"href":"https:\/\/www.visit-ulcinj.com\/blog\/wp-json\/wp\/v2\/tags?post=67374"}],"curies":[{"name":"wp","href":"https:\/\/api.w.org\/{rel}","templated":true}]}}