{"id":67382,"date":"2013-01-06T16:09:01","date_gmt":"2013-01-06T15:09:01","guid":{"rendered":"http:\/\/www.visit-ulcinj.com\/blog\/?p=67382"},"modified":"2013-01-14T11:22:47","modified_gmt":"2013-01-14T10:22:47","slug":"ulqini-ne-vitin-2012-i-karamanaga","status":"publish","type":"post","link":"https:\/\/www.visit-ulcinj.com\/blog\/2013\/01\/06\/ulqini-ne-vitin-2012-i-karamanaga\/","title":{"rendered":"ULQINI, n\u00eb vitin 2012 &#8211; I.Karamanaga"},"content":{"rendered":"<p><strong><a href=\"http:\/\/www.visit-ulcinj.com\/blog\/wp-content\/uploads\/2013\/01\/xhamia-e-detareve-ulqin.jpg\"><img loading=\"lazy\" class=\"alignleft  wp-image-67383\" alt=\"xhamia e detareve ulqin\" src=\"http:\/\/www.visit-ulcinj.com\/blog\/wp-content\/uploads\/2013\/01\/xhamia-e-detareve-ulqin.jpg\" width=\"350\" height=\"400\" \/><\/a>Pavar\u00ebsisht\u00eb\u00a0 se n\u00eb shum\u00eb<\/strong> aspekte ka qen\u00eb i v\u00ebshtir\u00eb dhe me nj\u00eb kriz\u00eb ekonomike \u00a0globale, viti sa po kalon, \u00a0\u00a0ka pasur edhe \u00a0\u00a0momente \u00a0pozitive, t\u00eb cilat duhet t\u00eb p\u00ebrmenden. Si njeri i cili vite me radh\u00eb i \u00a0p\u00ebrcill\u00ebngjarjet\u00a0 n\u00eb qytetin ton\u00eb n\u00eb shum\u00eb aspekte, vler\u00ebsoj se duhet t\u00eb p\u00ebrmenden disa ngjarje t\u00eb cilat e kan\u00eb sh\u00ebnuar k\u00ebt\u00eb vit\u00eb.<\/p>\n<p><strong>\u00a0\u00a0\u00a0\u00a0\u00a0\u00a0\u00a0 \u00a0\u00a0\u00a0\u00a0\u00a0Ky vit\u00eb pa dyshim<\/strong> ka qen\u00eb i v\u00ebshtir\u00eb n\u00eb t\u00ebr\u00eb sferat e jet\u00ebs. Kriza ekonomike globale pa dyshim ka pasur ndikim edhe tek ne, posa\u00e7\u00ebrisht\u00eb n\u00eb turiz\u00ebm. Ende nuk kemi turiz\u00ebm kualitativ, kurse \u00a0sezoni turistik i cili \u00ebsht\u00eb tep\u00ebr i shkurt\u00ebr, por ka \u00a0edhe shum\u00eb gj\u00ebra t\u00eb \u00a0tjera, t\u00eb cilat kan\u00eb ndikuar, dhe ndikojn\u00eb q\u00eb t\u00eb jemi nj\u00eb komun\u00eb e varf\u00ebr. Prandaj, mendoj, se t\u00eb gjitha k\u00ebto fakte kan\u00eb ndikuar, q\u00eb kriza ekonomike t\u00eb v\u00ebrehet edhe m\u00eb shum\u00eb tek ne.\u00a0 N\u00eb qytetin ton\u00eb,\u00a0 n\u00eb vitin sa po kalon,\u00a0 duhet t\u00eb theksohen ndrrimet n\u00eb politik\u00eb, \u00a0e \u00a0cila ka sjell\u00eb\u00a0 ndrrime \u00a0t\u00eb m\u00ebdha n\u00eb pushtetin lokal. M\u00eb keq\u00ebardhje\u00a0 them se k\u00ebto ndrrime, \u00a0t\u00eb cilat i kemi pritur me shpres\u00eb t\u00eb madhe, \u00a0ende nuk kan\u00eb sjellur ndryshime t\u00eb pritura. \u00a0Qyteti\u00a0 yn\u00eb ende \u00a0\u00ebsht\u00eb n\u00eb nj\u00eb nivel t\u00eb mjeruesh\u00ebm, pa zhvillim ekonomik t\u00eb premtuar as nga pushteti lokal, as nga ai qendror, p\u00ebr t\u00eb cilin kemi dh\u00ebn\u00eb nj\u00eb kontribut t\u00eb ve\u00e7ant\u00eb n\u00eb Referendumin e vitit 2006 . Pavar\u00ebsisht\u00eb se sot\u00a0 ne \u00a0jemi nj\u00eb \u00a0pjes\u00eb e pushtetit qendror,\u00a0 ende\u00a0 gjendemi n\u00eb marginat e zhvillimit n\u00eb p\u00ebrgjith\u00ebsi, por me shpresa dhe premtime se pushteti lokal n\u00eb t\u00eb ardh\u00ebmen do t\u00eb na sjell\u00eb\u00a0 ndryshime\u00a0 pozitive n\u00eb t\u00ebr\u00eb sferat e jet\u00ebs.. Dua q\u00eb t\u00eb mendojm\u00eb pozitivisht, dhe\u00a0 \u00a0t\u00eb \u00a0shpresojm\u00eb se ka me pas\u00eb\u00a0 ndrime.<\/p>\n<p><strong>Por, n\u00eb fund t\u00eb k\u00ebtij viti,<\/strong> n\u00eb fokusin tim \u00ebsht\u00eb \u00a0institucioni i Bashk\u00ebsis\u00eb Islame i Ulqinit, i cili me iniciativ\u00ebn e disa entuzjast\u00ebve ka p\u00ebrballur shum\u00eb probleme, posa\u00e7\u00ebrisht n\u00eb sfer\u00ebn e pun\u00ebs, si edhe n\u00eb\u00a0 organizimin e brend\u00ebsh\u00ebm, \u00a0pavar\u00ebsisht se kriza ekonomike globale ka ndikur edhe aty. \u00a0Prandaj, \u00a0d\u00ebshiroj \u00a0ti shkruaj disa rreshta \u00a0\u00a0p\u00ebr \u00a0\u00a0\u00a0\u00a0\u00a0\u00a0\u00a0\u00a0 Bashk\u00ebsin\u00eb Islame t\u00eb Ulqinit, e cila\u00a0 me iniciativ\u00eb t\u00eb K\u00ebshillit dhe \u00a0m\u00eb nj\u00eb angazhim t\u00eb madh\u00eb ka filluar rind\u00ebrtimin e disa objekt\u00ebve fetare. Natyrisht, m\u00eb s\u00eb \u00a0parit duhet t\u00eb p\u00ebrmendet p\u00ebrfundimi i\u00a0 rind\u00ebrtimit t\u00eb <strong>Xhamis\u00eb s\u00eb Detar\u00ebve n\u00eb Ran\u00eb,<\/strong> e cila tash m\u00eb i ka hapur portat\u00a0 e saja dhe sh\u00ebrben\u00a0 si dikur n\u00eb t\u00eb nj\u00ebjtin vend. Natyrisht, duhet t\u00eb theksohet kontributi i madh i donatotr\u00ebve, posa\u00e7\u00ebrisht\u00eb nj\u00eb falenderim dhe nj\u00eb mir\u00ebnjohje e ve\u00e7ant\u00eb i takon qytetar\u00ebve \u00a0nga qyteti <strong>Allanija nga Turqia,<\/strong>\u00a0 gjithashtu \u00a0edhe t\u00eb gjit\u00eb atyre \u00a0nga Ulqini dhe t\u00eb tjer\u00ebt\u00eb,\u00a0 t\u00eb cil\u00ebt kan\u00eb dh\u00ebn\u00eb kontribut t\u00eb madh p\u00ebr rind\u00ebrtimin e saj. Gjasht\u00eb vite me radh\u00eb kan\u00eb zgjatur punimet dhe pa dyshim t\u00eb gjith\u00eb qytetar\u00ebt, duke filluar nga ato t\u00eb thjesht\u00eb, dhe ato t\u00eb cil\u00ebt kan\u00eb qen\u00eb n\u00eb pozita\u00a0 dhe poste ku kan\u00eb ndikuar p\u00ebr rind\u00ebrtimin e xhamis\u00eb, meritojn\u00eb nj\u00eb fal\u00ebnderim t\u00eb ve\u00e7ant\u00eb. K\u00ebtu , n\u00eb m\u00ebnyr\u00eb modeste theksoj se edhe un\u00eb me shkrime n\u00eb revista t\u00eb ndryshme, dhe n\u00eb paraqitje n\u00eb mas media \u00a0kam dh\u00ebn\u00eb nj\u00eb kontribut\u00eb modest..<\/p>\n<p><strong>Prandaj, n\u00eb fokusin<\/strong> tim \u00ebsht\u00eb Bashk\u00ebsia Islame e Ulqinit, e cila n\u00eb k\u00ebt\u00eb vit , pavar\u00ebsisht\u00eb nga kriza ekonomike, ka dh\u00ebn\u00eb dhe \u00ebsht\u00eb duke dh\u00ebn\u00eb nj\u00eb kontribut t\u00eb madh p\u00ebr ruajten dhe mir\u00ebmbajtjen e objekteve fetare tek ne. Duhet t\u00eb vler\u00ebsohen dhe t\u00eb p\u00ebrmenden k\u00ebto aktivitete, pasi q\u00eb b\u00ebhet fjal\u00eb p\u00ebr objekte t\u00eb cilat i takojn\u00eb fes\u00eb ton\u00eb Islame, por nj\u00ebkoh\u00ebsisht edhe p\u00ebr objekte\u00a0 t\u00eb trash\u00ebgmis\u00eb ton\u00eb kulturore . M\u00eb \u00a0nj\u00eb entuziaz\u00ebm t\u00eb madh <strong>\u00a0K\u00ebshilli i Bashk\u00ebsis\u00eb Islame, <\/strong>duke filluar nga Adi dhe \u00a0Agimi n\u00eb krye m\u00eb kryetarin Gazmend Dollakun,\u00a0 m\u00eb pak mjete kan\u00eb b\u00ebr\u00eb dhe jan\u00eb duke b\u00ebr\u00eb nj\u00eb pun\u00eb t\u00eb madhe. Pastrimi dhe g\u00ebrmimet arkeologjike kan\u00eb sjell\u00eb nj\u00eb drit\u00eb t\u00eb re n\u00eb <strong>hamamin e xhamis\u00eb s\u00eb Ali Pash\u00ebs n\u00eb<\/strong> <strong>Ran\u00eb, nga viti 1719,<\/strong> \u00a0i cili mbi nj\u00eb \u00a0qind vite ka qen\u00eb n\u00eb terrin\u00a0 e koh\u00ebs. Sot n\u00eb hamam mund t\u00eb hyhet, dhe ai \u00a0mund t\u00eb vizitohet. Natyrisht, n\u00eb vitin\u00a0 2013\u00a0 ende \u00a0pritet kontributi i donatoreve p\u00ebr vazhdimin e pun\u00ebs dhe vendosjen e hamamit n\u00eb sh\u00ebrbim.<br \/>\n<a href=\"http:\/\/www.visit-ulcinj.com\/blog\/wp-content\/uploads\/2013\/01\/Sht\u00ebpia-e-Ali-Pash\u00ebs.jpg\"><img loading=\"lazy\" class=\"alignleft  wp-image-67384\" alt=\"Sht\u00ebpia e Ali Pash\u00ebs\" src=\"http:\/\/www.visit-ulcinj.com\/blog\/wp-content\/uploads\/2013\/01\/Sht\u00ebpia-e-Ali-Pash\u00ebs.jpg\" width=\"508\" height=\"300\" \/><\/a><\/p>\n<p><strong>Ali Pasha Kli\u00e7<\/strong> \u00a0i ka l\u00ebn\u00eb qytetit ton\u00eb t\u00ebr\u00eb pasurin. \u00a0P\u00ebrve\u00e7 xhamis\u00eb \u00a0me\u00a0 hamam, \u00a0edhe kroin \u00a0m\u00eb t\u00eb bukur n\u00eb Ulqin p\u00ebrball\u00eb saj, t\u00eb cilit\u00a0 tash m\u00eb i \u00a0kan\u00eb humbur gjurm\u00ebt..Ka mbetur ve\u00e7 vendi i i bardh\u00eb si shenj, kurse gur\u00ebt kan\u00eb \u201cshkuar\u201d n\u00eb sht\u00ebpi private.\u00a0 S<strong>ht\u00ebpia e Ali Pash\u00ebs,<\/strong> n\u00eb t\u00eb cil\u00ebn shum familie kan\u00eb gjet\u00eb strehim vite me radh\u00eb, gjendet sot \u00a0n\u00eb rr\u00ebnoja, ne k\u00ebtu \u00a0n\u00eb Ulqin thom\u00eb \u00a0se \u00ebsht\u00eb b\u00ebr \u00a0\u201cvirane\u201d n\u00eb mes t\u00eb qytetit. Nj\u00eb turp i madh p\u00ebr t\u00eb gjith\u00eb ato t\u00eb cil\u00ebt duhet t\u00eb kujdesen p\u00ebr objekte t\u00eb till\u00eb, aq m\u00eb tep\u00ebr duke ditur se ajo sht\u00ebpi ka qen\u00eb e shpallur si objekt i kategoris\u00eb s\u00eb par\u00eb, t\u00eb p\u00ebrmendoreve kulturo historike n\u00eb qytetin ton\u00eb.<br \/>\n<a href=\"http:\/\/www.visit-ulcinj.com\/blog\/wp-content\/uploads\/2013\/01\/Sht\u00ebpia-e-Ali-Pash\u00ebs.Ulqin_.jpg\"><img loading=\"lazy\" class=\"alignleft  wp-image-67385\" alt=\"Sht\u00ebpia e Ali Pash\u00ebs.Ulqin\" src=\"http:\/\/www.visit-ulcinj.com\/blog\/wp-content\/uploads\/2013\/01\/Sht\u00ebpia-e-Ali-Pash\u00ebs.Ulqin_.jpg\" width=\"508\" height=\"300\" \/><\/a><\/p>\n<p>Mbi te, \u00a0dhe mbi port\u00ebn e xhamis\u00eb \u00a0e Ali Pash\u00ebs, ka qen\u00eb e vendosun tabela\u201d <strong>Zakonom za\u0161ti\u0107eno\u201d<\/strong> si v\u00ebrejtje se duhet t\u00eb ruhet dhe se \u00ebsht\u00eb e mbrojtur me ligj. Si \u00ebsht\u00eb e mbrojtur dhe si e kan\u00eb mbrojt, nuk ka nevoj p\u00ebr koment. Mjafton t\u00eb afroheni dhe t\u00eb kaloni rrug\u00ebs pas shkoll\u00ebs fillore \u201cBoshko Strugar\u201d ku edhe jetojn\u00eb \u00a0sot shum\u00eb familie.\u00a0 Truri i sh\u00ebndosht\u00eb v\u00ebshtir\u00eb mund ta kuptoj\u00eb se n\u00eb shekullin 21 n\u00eb mes t\u00eb qytetit, nj\u00eb \u00a0sht\u00ebpi m\u00eb fam\u00eb kaq\u00eb t\u00eb madhe si\u00e7 ka qen\u00eb sht\u00ebpia e Pash\u00ebs ,\u00a0\u00a0 e mos\u00a0 t\u00eb\u00a0 flasim\u00a0 se ajo \u00ebsht\u00eb edhe p\u00ebrmendore e kultur\u00ebs ton\u00eb,\u00a0 \u00ebsht\u00eb e lanun kaq\u00eb pas dore. Aq m\u00eb tep\u00ebr un\u00eb edhe shpreh \u00e7udi\u00a0 p\u00ebr mosreagimin e atyre, t\u00eb cil\u00ebt jetojn\u00eb n\u00eb af\u00ebrsin\u00eb e saj.<\/p>\n<p><strong>\u00a0\u00a0 \u00a0\u00a0\u00a0\u00a0\u00a0\u00a0Dua t\u00eb theksoj se<\/strong> ky objekt \u00ebsht\u00eb n\u00ebn kompetenc\u00ebn e organeve kompetente t\u00eb Komun\u00ebs, ashtu si\u00e7 \u00ebsht\u00eb edhe nd\u00ebrtesa e <strong>Beledijes,<\/strong> ku dikur ka qen\u00eb\u00a0 e vendosur Komuna\u00a0 dhe adninistrata e qytetit ton\u00eb. Sot njeriu nuk mund e mos t\u00eb shpreh nj\u00eb d\u00ebshprim t\u00eb \u00a0pafund, duke par\u00eb se edhe \u00a0Beledija \u00a0\u00a0\u00ebsht\u00eb total e shkat\u00ebrruar. Edhe ajo si sht\u00ebpia e Pash\u00ebs m\u00eb par\u00eb kan\u00eb qen\u00eb objetet m\u00eb reprezentaviv n\u00eb qytetin ton\u00eb. Beledija\u00a0 edhe m\u00eb von\u00eb, \u00a0n\u00eb fillim t\u00eb shekullit 20 \u00a0ka dominuar mbi \u00c7arshin\u00eb e Ulqinit, si nd\u00ebrtesa m\u00eb e bukur dhe m\u00eb e lart\u00eb. \u00c7arshi m\u00eb\u00a0 ne \u00a0nuk kemi, pasi\u00a0 q\u00eb pronar\u00ebt e objekteve n\u00eb \u00c7arshi kan\u00eb vepruar ashtu si\u00e7 kan\u00eb dashur vet, e jo \u00ebshtu si\u00e7 veprohet n\u00eb bot\u00ebn civilizuese. K\u00ebtu \u00a0nuk jan\u00eb respektur ligjet dhe normat t\u00eb cil\u00ebt sundojn\u00eb n\u00eb mjedise si\u00e7 ka qen\u00eb \u00c7arshija e jon dikur. Ne mund t\u00eb themi pa modesti se \u00c7arshia e jon ka qen\u00eb m\u00eb e bukur dh\u00eb m\u00eb interesante se ajo n\u00eb Sarajev\u00eb..Mijera mysafir\u00eb nga vendi dhe nga bota n\u00eb koh\u00ebn e art t\u00eb turizmit ton\u00eb, n\u00eb \u00c7arshin\u00eb\u00a0 e Ulqint kan\u00eb takuar Orijentin n\u00eb mes\u00eb t\u00eb Europ\u00ebs. Sot \u201c\u00c7arshija \u201c jon\u00eb, \u00ebsht\u00eb b\u00ebr\u00eb nj\u00eb rrug\u00eb m\u00eb sht\u00ebpi shum\u00eb pa shije dhe me ngjyra t\u00eb ndryeshme.<\/p>\n<p><strong>\u00a0\u00a0\u00a0\u00a0\u00a0\u00a0\u00a0\u00a0\u00a0\u00a0\u00a0 <a href=\"http:\/\/www.visit-ulcinj.com\/blog\/wp-content\/uploads\/2013\/01\/Sahat-kulla-e-ulqinit.jpg\"><img loading=\"lazy\" class=\"alignleft  wp-image-67386\" alt=\"Sahat kulla e ulqinit\" src=\"http:\/\/www.visit-ulcinj.com\/blog\/wp-content\/uploads\/2013\/01\/Sahat-kulla-e-ulqinit.jpg\" width=\"200\" height=\"300\" \/><\/a>\u00a0Gjithashtu, dua t\u00eb p\u00ebrmend<\/strong> edhe <strong>Sahat kull\u00ebn nga viti 1754, <\/strong>si nj\u00eb objekt dominuas n\u00eb qytetin ton\u00eb. Sahat\u00a0 kulla\u00a0 \u00ebsht\u00eb rinovuar pas t\u00ebrmetit t\u00eb vitit 79, dhe nj\u00eb delegacion\u00a0 ka shkuar deri n\u00eb \u00c7ekosllovaki p\u00ebr t\u00eb sjellur\u00a0 nj\u00eb or\u00eb adekuate p\u00ebr t\u00eb. Ora t\u00eb cil\u00ebn e kan\u00eb sjellur \u00a0\u00a0k\u00ebto zotri k\u00ebtu, ka punuar fare pak. Nuk m\u00eb kujtohet se kan\u00eb\u00a0 ndrequr ndonj\u00ebher\u00eb.\u00a0 Ende edhe sot e nj\u00ebjta or\u00eb gjendet n\u00eb Sahat kull\u00ebn ton\u00eb, por gjithmon\u00eb tregon t\u00eb nj\u00ebjt\u00ebn koh\u00eb.. Pse nuk ka punur, dhe pse ende nuk punon, e dijn \u00a0vet\u00ebm ato, t\u00eb cil\u00ebt kan\u00eb \u201cmarr\u00eb\u201d kaq\u00eb rrug\u00eb t\u00eb gjat\u00eb, p\u00ebr ta bler\u00eb \u00a0nj\u00eb or\u00eb t\u00eb mir\u00eb. Dua ta p\u00ebrmend, pasi syri i qytetar\u00ebve dhe i atyre q\u00eb e \u00a0vizitojn\u00eb qytetin ton\u00eb, pa nd\u00ebrprerje shkon atje lart n\u00eb kull\u00eb ke sahati i saj.. P\u00ebr lexuas dhe p\u00ebr opinionin e gj\u00ebr\u00eb, Sahat Kulla ka pasur nj\u00eb mekaniz\u00ebm jasht\u00ebzakonisht kualitatv gjerman, \u00a0t\u00eb vendosun n\u00eb kafaz prej gurit. N\u00eb fillim t\u00eb shekullit Austrijak\u00ebt e kan\u00eb marr\u00eb me vehte pas shp\u00ebrnguljes nga Ulqini. \u00a0Sot n\u00eb af\u00ebrsin\u00eb e Sahat kull\u00ebs qytar\u00ebt e pand\u00ebgjegj\u00ebsh\u00ebm sjellin, a po kan\u00eb sjellur mbeturina, \u00a0dhe dua t\u00eb them se aty \u00ebsht\u00eb nj\u00eb deponi e madhe. Beledija, ajo \u00e7ka ka mbetur nga ajo, rrenojat e saja\u00a0 dhe deponija n\u00eb mes\u00eb t\u00eb Pazarit, japin nj\u00eb pasqyr\u00eb jasht\u00ebzakonisht t\u00eb dob\u00ebt, dua t\u00eb them nj\u00eb tmerr\u00eb.<\/p>\n<p><strong>Dhe t\u00eb gjitha k\u00ebto<\/strong>, ky tmerr, \u00a0jo larg nga\u00a0 Xamia s\u00eb Mesgjahut, nj\u00eb objektit fetar nga viti 1728, nj\u00eb nd\u00ebr xhamit\u00eb m\u00eb t\u00eb bukura dhe m\u00eb t\u00eb r\u00ebnd\u00ebsishme n\u00eb qytetin ton\u00eb.<\/p>\n<p><strong>\u00a0\u00a0\u00a0\u00a0\u00a0\u00a0\u00a0\u00a0\u00a0 \u00a0<\/strong><\/p>\n<p><a href=\"http:\/\/www.visit-ulcinj.com\/blog\/wp-content\/uploads\/2013\/01\/Xhamia-e-Madhe_-Xamia-e-Namasgjahut-Ulqin.jpg\"><img loading=\"lazy\" class=\"alignleft  wp-image-67387\" alt=\"Xhamia e Madhe_ Xamia e Namasgjahut Ulqin\" src=\"http:\/\/www.visit-ulcinj.com\/blog\/wp-content\/uploads\/2013\/01\/Xhamia-e-Madhe_-Xamia-e-Namasgjahut-Ulqin.jpg\" width=\"508\" height=\"300\" \/><\/a><\/p>\n<p><strong>K\u00ebtu d\u00ebshiroj prap<\/strong> ti kthehem Bashk\u00ebsis\u00eb Islame t\u00eb Ulqinit, si nj\u00eb shembull pozitiv, n\u00eb qytetin ton\u00eb. Pavar\u00ebsisht nga kriza ekonomike, m\u00eb kontribut t\u00eb \u00a0vog\u00ebl t\u00eb donator\u00ebve, por \u00a0m\u00eb nj\u00eb vulnet dhe entuziaz\u00ebm t\u00eb madh, \u00a0po b\u00ebn rinovimin e fasad\u00ebs e xhamis\u00eb. \u00a0P\u00ebr opinionin m\u00eb gj\u00ebr\u00eb, disa rreshta p\u00ebr k\u00ebt\u00eb xhami, \u00a0nj\u00eb nd\u00ebr simbolet e fes\u00eb ton\u00eb n\u00eb k\u00ebto treva. Xamin\u00eb e ka nd\u00ebrtuar Kadi Sulejman Mujali,\u00a0 dhe ka sh\u00ebrbuer si xhami mahalle.\u00a0 Ende\u00a0 edhe sot\u00a0 \u00ebsht\u00eb n\u00eb sh\u00ebrbim dhe\u00a0 \u00ebsht\u00eb e hapur 5 her\u00eb n\u00eb dit\u00eb. Ajo ka pasur edhe m\u00eb par\u00eb rinovime, \u00ebsht\u00eb zmadhuar p\u00ebr nevoja t\u00eb popullit, dhe prandaj e kan\u00eb quajtur \u201c<strong>Xhamia e Madhe\u201d.<\/strong> Xamia e Namasgjahut sot \u00ebsht\u00eb duke fituar fasad\u00ebn nga guri dhe \u00ebsht\u00eb duke \u00a0fituar nj\u00eb pamje \u00a0ashtu si\u00e7 e k\u00ebrkon ambieti i qytetit ton\u00eb. Prandaj iniciativ\u00ebn e K\u00ebshillit e Bashk\u00ebsis\u00eb Islame t\u00eb Ulqinit, duhet ta p\u00ebrkrahin edhe organet kompetente t\u00eb qytetit ton\u00eb me mjete materijale, e jo vet\u00ebm verbale. Gjitashtu , iniciativa dhe veprime t\u00eb till\u00eb, duhet t\u00eb jen\u00eb nj\u00eb nism\u00eb edhe p\u00ebr organet kompetente p\u00ebr rinovimin e objekteve t\u00eb kultur\u00ebs dhe t\u00eb trash\u00ebgmis\u00eb ton\u00eb. K\u00ebshilli i Bashk\u00ebsis\u00eb Islame k\u00ebrkon t\u00eb has n\u00eb mir\u00ebkuptim edhe p\u00ebr kthimin e xamis\u00eb s\u00eb Kalas\u00eb, \u00a0si edhe \u00a0p\u00ebr khimin e pron\u00ebs s\u00eb <strong>xhamis\u00eb s\u00eb Meras\u00eb<\/strong>. <strong>Xhamia e Kalas\u00eb<\/strong> sh\u00ebrben sot si nj\u00eb depo n\u00eb muze. \u00cbsht\u00eb e marrun nga komunistat m\u00eb dhun\u00eb, dhe Bashk\u00ebsia Islame m\u00eb t\u00eb drejt\u00eb k\u00ebrkon khimin e pron\u00ebs.Gjitashu edhe prona e xhamis\u00eb s\u00eb Meras\u00eb duhet ti kthehet Bashk\u00ebsis\u00eb Islame, pasi q\u00eb edhe k\u00ebt\u00eb xhami \u00a0e kan\u00eb marr\u00eb grabitqar\u00ebt \u201cPirat\u00ebt\u201d modern., komunist\u00ebt , \u00a0bile edhe e kan\u00eb rr\u00ebxuar. Sot aty gjenden disa objekte t\u00eb p\u00ebrkohshme, \u00a0dhe tri tyrbe, t\u00eb cilat nuk kan\u00eb guxuar me i prek, sepse edhe ato e kan\u00eb pasur frik Zotin.<br \/>\n<a href=\"http:\/\/www.visit-ulcinj.com\/blog\/wp-content\/uploads\/2013\/01\/Sht\u00ebpia-e-Ali-Pash\u00ebs.Ulqin_.1.jpg\"><img loading=\"lazy\" class=\"alignleft  wp-image-67388\" alt=\"Sht\u00ebpia e Ali Pash\u00ebs.Ulqin.1\" src=\"http:\/\/www.visit-ulcinj.com\/blog\/wp-content\/uploads\/2013\/01\/Sht\u00ebpia-e-Ali-Pash\u00ebs.Ulqin_.1.jpg\" width=\"508\" height=\"300\" \/><\/a><\/p>\n<p><strong>\u00a0\u00a0\u00a0\u00a0\u00a0\u00a0\u00a0\u00a0\u00a0\u00a0\u00a0\u00a0 Prandaj,\u00a0 organet kompetente t\u00eb Komun\u00ebs ton\u00eb,<\/strong>\u00a0 n\u00eb bashk\u00ebpunim me Entin Republikan p\u00ebr mbrojtjen t\u00eb monumnt\u00ebve t\u00eb kultur\u00ebs nga Cetina, duhet t\u00eb rrespektojn\u00eb ligjet t\u00eb Europ\u00ebs \u00eb\u00eb bashkuar. Ligji mbi restitucionin\u00a0 duhet t\u00eb\u00a0 rrespektohet deri n\u00eb fund , posa\u00e7\u00ebrisht\u00eb p\u00ebr objekte fetare, sepse vet\u00ebm k\u00ebshtu mundemi ti ofrohemi Komunitetit Europian, q\u00ebllimit ton\u00eb n\u00eb p\u00ebrgjith\u00ebsi. Europa nuk na pranon pa respektimin e ligjeve t\u00eb cilat sundojn\u00eb n\u00eb bot\u00ebn civilizuese. P\u00ebrndryshe , gjithmon\u00eb kemi p\u00ebr t\u00eb mbetur n\u00eb \u00a0Balkan e jo n\u00eb Europ\u00eb, pavar\u00ebsisht se gjeografisht jemi aty.<\/p>\n<p><strong>\u00a0<\/strong><\/p>\n<p><strong>Ulqin, dhjetor, 2012\u00a0\u00a0\u00a0\u00a0\u00a0\u00a0\u00a0\u00a0\u00a0\u00a0\u00a0\u00a0\u00a0\u00a0\u00a0\u00a0\u00a0\u00a0\u00a0\u00a0\u00a0\u00a0\u00a0\u00a0\u00a0\u00a0\u00a0\u00a0\u00a0\u00a0\u00a0\u00a0\u00a0\u00a0\u00a0\u00a0\u00a0\u00a0\u00a0\u00a0\u00a0\u00a0\u00a0\u00a0 Ismet KARAMANAGA<\/strong><\/p>\n","protected":false},"excerpt":{"rendered":"<p>Pavar\u00ebsisht\u00eb\u00a0 se n\u00eb shum\u00eb aspekte ka qen\u00eb i v\u00ebshtir\u00eb dhe me nj\u00eb kriz\u00eb ekonomike \u00a0globale, viti sa po kalon, \u00a0\u00a0ka pasur edhe \u00a0\u00a0momente \u00a0pozitive, t\u00eb cilat duhet t\u00eb p\u00ebrmenden. Si njeri i cili vite me radh\u00eb i \u00a0p\u00ebrcill\u00ebngjarjet\u00a0 n\u00eb qytetin ton\u00eb n\u00eb shum\u00eb aspekte, vler\u00ebsoj se duhet t\u00eb p\u00ebrmenden disa ngjarje t\u00eb cilat e kan\u00eb [&hellip;]<\/p>\n","protected":false},"author":1,"featured_media":0,"comment_status":"open","ping_status":"closed","sticky":false,"template":"","format":"standard","meta":{"spay_email":"","jetpack_publicize_message":"","jetpack_is_tweetstorm":false,"jetpack_publicize_feature_enabled":true},"categories":[1,13],"tags":[18],"jetpack_publicize_connections":[],"yoast_head":"<!-- This site is optimized with the Yoast SEO plugin v19.1 - https:\/\/yoast.com\/wordpress\/plugins\/seo\/ -->\n<title>ULQINI, n\u00eb vitin 2012 - I.Karamanaga - Lajme nga Ulqini<\/title>\n<meta name=\"description\" content=\"Pavar\u00ebsisht\u00eb\u00a0 se n\u00eb shum\u00eb aspekte ka qen\u00eb i v\u00ebshtir\u00eb dhe me nj\u00eb kriz\u00eb ekonomike \u00a0globale, viti sa po kalon, \u00a0\u00a0ka pasur edhe \u00a0\u00a0momente \u00a0pozitive, t\u00eb cilat\" \/>\n<meta name=\"robots\" content=\"index, follow, max-snippet:-1, max-image-preview:large, max-video-preview:-1\" \/>\n<link rel=\"canonical\" href=\"https:\/\/www.visit-ulcinj.com\/blog\/2013\/01\/06\/ulqini-ne-vitin-2012-i-karamanaga\/\" \/>\n<meta property=\"og:locale\" content=\"en_US\" \/>\n<meta property=\"og:type\" content=\"article\" \/>\n<meta property=\"og:title\" content=\"ULQINI, n\u00eb vitin 2012 - I.Karamanaga - Lajme nga Ulqini\" \/>\n<meta property=\"og:description\" content=\"Pavar\u00ebsisht\u00eb\u00a0 se n\u00eb shum\u00eb aspekte ka qen\u00eb i v\u00ebshtir\u00eb dhe me nj\u00eb kriz\u00eb ekonomike \u00a0globale, viti sa po kalon, \u00a0\u00a0ka pasur edhe \u00a0\u00a0momente \u00a0pozitive, t\u00eb cilat\" \/>\n<meta property=\"og:url\" content=\"https:\/\/www.visit-ulcinj.com\/blog\/2013\/01\/06\/ulqini-ne-vitin-2012-i-karamanaga\/\" \/>\n<meta property=\"og:site_name\" content=\"Lajme nga Ulqini\" \/>\n<meta property=\"article:published_time\" content=\"2013-01-06T15:09:01+00:00\" \/>\n<meta property=\"article:modified_time\" content=\"2013-01-14T10:22:47+00:00\" \/>\n<meta property=\"og:image\" content=\"http:\/\/www.visit-ulcinj.com\/blog\/wp-content\/uploads\/2013\/01\/xhamia-e-detareve-ulqin.jpg\" \/>\n<meta name=\"twitter:label1\" content=\"Written by\" \/>\n\t<meta name=\"twitter:data1\" content=\"ulqini\" \/>\n\t<meta name=\"twitter:label2\" content=\"Est. reading time\" \/>\n\t<meta name=\"twitter:data2\" content=\"10 minutes\" \/>\n<script type=\"application\/ld+json\" class=\"yoast-schema-graph\">{\"@context\":\"https:\/\/schema.org\",\"@graph\":[{\"@type\":\"WebSite\",\"@id\":\"https:\/\/www.visit-ulcinj.com\/blog\/#website\",\"url\":\"https:\/\/www.visit-ulcinj.com\/blog\/\",\"name\":\"Lajme nga Ulqini\",\"description\":\"Lajme,Vijesti,Ulqini,Ulqin,Crna Gora,Mali i Zi\",\"potentialAction\":[{\"@type\":\"SearchAction\",\"target\":{\"@type\":\"EntryPoint\",\"urlTemplate\":\"https:\/\/www.visit-ulcinj.com\/blog\/?s={search_term_string}\"},\"query-input\":\"required name=search_term_string\"}],\"inLanguage\":\"en-US\"},{\"@type\":\"ImageObject\",\"inLanguage\":\"en-US\",\"@id\":\"https:\/\/www.visit-ulcinj.com\/blog\/2013\/01\/06\/ulqini-ne-vitin-2012-i-karamanaga\/#primaryimage\",\"url\":\"https:\/\/www.visit-ulcinj.com\/blog\/wp-content\/uploads\/2013\/01\/xhamia-e-detareve-ulqin.jpg\",\"contentUrl\":\"https:\/\/www.visit-ulcinj.com\/blog\/wp-content\/uploads\/2013\/01\/xhamia-e-detareve-ulqin.jpg\",\"width\":482,\"height\":640},{\"@type\":\"WebPage\",\"@id\":\"https:\/\/www.visit-ulcinj.com\/blog\/2013\/01\/06\/ulqini-ne-vitin-2012-i-karamanaga\/#webpage\",\"url\":\"https:\/\/www.visit-ulcinj.com\/blog\/2013\/01\/06\/ulqini-ne-vitin-2012-i-karamanaga\/\",\"name\":\"ULQINI, n\u00eb vitin 2012 - I.Karamanaga - Lajme nga Ulqini\",\"isPartOf\":{\"@id\":\"https:\/\/www.visit-ulcinj.com\/blog\/#website\"},\"primaryImageOfPage\":{\"@id\":\"https:\/\/www.visit-ulcinj.com\/blog\/2013\/01\/06\/ulqini-ne-vitin-2012-i-karamanaga\/#primaryimage\"},\"datePublished\":\"2013-01-06T15:09:01+00:00\",\"dateModified\":\"2013-01-14T10:22:47+00:00\",\"author\":{\"@id\":\"https:\/\/www.visit-ulcinj.com\/blog\/#\/schema\/person\/dcab619c614d3038751c63bc2aadc06d\"},\"description\":\"Pavar\u00ebsisht\u00eb\u00a0 se n\u00eb shum\u00eb aspekte ka qen\u00eb i v\u00ebshtir\u00eb dhe me nj\u00eb kriz\u00eb ekonomike \u00a0globale, viti sa po kalon, \u00a0\u00a0ka pasur edhe \u00a0\u00a0momente \u00a0pozitive, t\u00eb cilat\",\"breadcrumb\":{\"@id\":\"https:\/\/www.visit-ulcinj.com\/blog\/2013\/01\/06\/ulqini-ne-vitin-2012-i-karamanaga\/#breadcrumb\"},\"inLanguage\":\"en-US\",\"potentialAction\":[{\"@type\":\"ReadAction\",\"target\":[\"https:\/\/www.visit-ulcinj.com\/blog\/2013\/01\/06\/ulqini-ne-vitin-2012-i-karamanaga\/\"]}]},{\"@type\":\"BreadcrumbList\",\"@id\":\"https:\/\/www.visit-ulcinj.com\/blog\/2013\/01\/06\/ulqini-ne-vitin-2012-i-karamanaga\/#breadcrumb\",\"itemListElement\":[{\"@type\":\"ListItem\",\"position\":1,\"name\":\"ULQINI, n\u00eb vitin 2012 &#8211; I.Karamanaga\"}]},{\"@type\":\"Person\",\"@id\":\"https:\/\/www.visit-ulcinj.com\/blog\/#\/schema\/person\/dcab619c614d3038751c63bc2aadc06d\",\"name\":\"ulqini\",\"sameAs\":[\"http:\/\/www.visit-ulcinj.com\"],\"url\":\"https:\/\/www.visit-ulcinj.com\/blog\/author\/admin\/\"}]}<\/script>\n<!-- \/ Yoast SEO plugin. -->","yoast_head_json":{"title":"ULQINI, n\u00eb vitin 2012 - I.Karamanaga - Lajme nga Ulqini","description":"Pavar\u00ebsisht\u00eb\u00a0 se n\u00eb shum\u00eb aspekte ka qen\u00eb i v\u00ebshtir\u00eb dhe me nj\u00eb kriz\u00eb ekonomike \u00a0globale, viti sa po kalon, \u00a0\u00a0ka pasur edhe \u00a0\u00a0momente \u00a0pozitive, t\u00eb cilat","robots":{"index":"index","follow":"follow","max-snippet":"max-snippet:-1","max-image-preview":"max-image-preview:large","max-video-preview":"max-video-preview:-1"},"canonical":"https:\/\/www.visit-ulcinj.com\/blog\/2013\/01\/06\/ulqini-ne-vitin-2012-i-karamanaga\/","og_locale":"en_US","og_type":"article","og_title":"ULQINI, n\u00eb vitin 2012 - I.Karamanaga - Lajme nga Ulqini","og_description":"Pavar\u00ebsisht\u00eb\u00a0 se n\u00eb shum\u00eb aspekte ka qen\u00eb i v\u00ebshtir\u00eb dhe me nj\u00eb kriz\u00eb ekonomike \u00a0globale, viti sa po kalon, \u00a0\u00a0ka pasur edhe \u00a0\u00a0momente \u00a0pozitive, t\u00eb cilat","og_url":"https:\/\/www.visit-ulcinj.com\/blog\/2013\/01\/06\/ulqini-ne-vitin-2012-i-karamanaga\/","og_site_name":"Lajme nga Ulqini","article_published_time":"2013-01-06T15:09:01+00:00","article_modified_time":"2013-01-14T10:22:47+00:00","og_image":[{"url":"http:\/\/www.visit-ulcinj.com\/blog\/wp-content\/uploads\/2013\/01\/xhamia-e-detareve-ulqin.jpg"}],"twitter_misc":{"Written by":"ulqini","Est. reading time":"10 minutes"},"schema":{"@context":"https:\/\/schema.org","@graph":[{"@type":"WebSite","@id":"https:\/\/www.visit-ulcinj.com\/blog\/#website","url":"https:\/\/www.visit-ulcinj.com\/blog\/","name":"Lajme nga Ulqini","description":"Lajme,Vijesti,Ulqini,Ulqin,Crna Gora,Mali i Zi","potentialAction":[{"@type":"SearchAction","target":{"@type":"EntryPoint","urlTemplate":"https:\/\/www.visit-ulcinj.com\/blog\/?s={search_term_string}"},"query-input":"required name=search_term_string"}],"inLanguage":"en-US"},{"@type":"ImageObject","inLanguage":"en-US","@id":"https:\/\/www.visit-ulcinj.com\/blog\/2013\/01\/06\/ulqini-ne-vitin-2012-i-karamanaga\/#primaryimage","url":"https:\/\/www.visit-ulcinj.com\/blog\/wp-content\/uploads\/2013\/01\/xhamia-e-detareve-ulqin.jpg","contentUrl":"https:\/\/www.visit-ulcinj.com\/blog\/wp-content\/uploads\/2013\/01\/xhamia-e-detareve-ulqin.jpg","width":482,"height":640},{"@type":"WebPage","@id":"https:\/\/www.visit-ulcinj.com\/blog\/2013\/01\/06\/ulqini-ne-vitin-2012-i-karamanaga\/#webpage","url":"https:\/\/www.visit-ulcinj.com\/blog\/2013\/01\/06\/ulqini-ne-vitin-2012-i-karamanaga\/","name":"ULQINI, n\u00eb vitin 2012 - I.Karamanaga - Lajme nga Ulqini","isPartOf":{"@id":"https:\/\/www.visit-ulcinj.com\/blog\/#website"},"primaryImageOfPage":{"@id":"https:\/\/www.visit-ulcinj.com\/blog\/2013\/01\/06\/ulqini-ne-vitin-2012-i-karamanaga\/#primaryimage"},"datePublished":"2013-01-06T15:09:01+00:00","dateModified":"2013-01-14T10:22:47+00:00","author":{"@id":"https:\/\/www.visit-ulcinj.com\/blog\/#\/schema\/person\/dcab619c614d3038751c63bc2aadc06d"},"description":"Pavar\u00ebsisht\u00eb\u00a0 se n\u00eb shum\u00eb aspekte ka qen\u00eb i v\u00ebshtir\u00eb dhe me nj\u00eb kriz\u00eb ekonomike \u00a0globale, viti sa po kalon, \u00a0\u00a0ka pasur edhe \u00a0\u00a0momente \u00a0pozitive, t\u00eb cilat","breadcrumb":{"@id":"https:\/\/www.visit-ulcinj.com\/blog\/2013\/01\/06\/ulqini-ne-vitin-2012-i-karamanaga\/#breadcrumb"},"inLanguage":"en-US","potentialAction":[{"@type":"ReadAction","target":["https:\/\/www.visit-ulcinj.com\/blog\/2013\/01\/06\/ulqini-ne-vitin-2012-i-karamanaga\/"]}]},{"@type":"BreadcrumbList","@id":"https:\/\/www.visit-ulcinj.com\/blog\/2013\/01\/06\/ulqini-ne-vitin-2012-i-karamanaga\/#breadcrumb","itemListElement":[{"@type":"ListItem","position":1,"name":"ULQINI, n\u00eb vitin 2012 &#8211; I.Karamanaga"}]},{"@type":"Person","@id":"https:\/\/www.visit-ulcinj.com\/blog\/#\/schema\/person\/dcab619c614d3038751c63bc2aadc06d","name":"ulqini","sameAs":["http:\/\/www.visit-ulcinj.com"],"url":"https:\/\/www.visit-ulcinj.com\/blog\/author\/admin\/"}]}},"jetpack_featured_media_url":"","jetpack_sharing_enabled":true,"jetpack_shortlink":"https:\/\/wp.me\/pe6lTn-hwO","_links":{"self":[{"href":"https:\/\/www.visit-ulcinj.com\/blog\/wp-json\/wp\/v2\/posts\/67382"}],"collection":[{"href":"https:\/\/www.visit-ulcinj.com\/blog\/wp-json\/wp\/v2\/posts"}],"about":[{"href":"https:\/\/www.visit-ulcinj.com\/blog\/wp-json\/wp\/v2\/types\/post"}],"author":[{"embeddable":true,"href":"https:\/\/www.visit-ulcinj.com\/blog\/wp-json\/wp\/v2\/users\/1"}],"replies":[{"embeddable":true,"href":"https:\/\/www.visit-ulcinj.com\/blog\/wp-json\/wp\/v2\/comments?post=67382"}],"version-history":[{"count":3,"href":"https:\/\/www.visit-ulcinj.com\/blog\/wp-json\/wp\/v2\/posts\/67382\/revisions"}],"predecessor-version":[{"id":67582,"href":"https:\/\/www.visit-ulcinj.com\/blog\/wp-json\/wp\/v2\/posts\/67382\/revisions\/67582"}],"wp:attachment":[{"href":"https:\/\/www.visit-ulcinj.com\/blog\/wp-json\/wp\/v2\/media?parent=67382"}],"wp:term":[{"taxonomy":"category","embeddable":true,"href":"https:\/\/www.visit-ulcinj.com\/blog\/wp-json\/wp\/v2\/categories?post=67382"},{"taxonomy":"post_tag","embeddable":true,"href":"https:\/\/www.visit-ulcinj.com\/blog\/wp-json\/wp\/v2\/tags?post=67382"}],"curies":[{"name":"wp","href":"https:\/\/api.w.org\/{rel}","templated":true}]}}