{"id":67391,"date":"2013-01-06T16:17:54","date_gmt":"2013-01-06T15:17:54","guid":{"rendered":"http:\/\/www.visit-ulcinj.com\/blog\/?p=67391"},"modified":"2013-01-06T16:17:54","modified_gmt":"2013-01-06T15:17:54","slug":"forcaldnemz-dhe-udsh-jo-referendumit-per-komune-te-gucise","status":"publish","type":"post","link":"https:\/\/www.visit-ulcinj.com\/blog\/2013\/01\/06\/forcaldnemz-dhe-udsh-jo-referendumit-per-komune-te-gucise\/","title":{"rendered":"Forca,LDn\u00ebMZ dhe UDSH: Jo referendumit p\u00ebr komun\u00eb t\u00eb Gucis\u00eb"},"content":{"rendered":"<p><a href=\"http:\/\/www.visit-ulcinj.com\/blog\/wp-content\/uploads\/2013\/01\/Guci.jpg\"><img loading=\"lazy\" class=\"alignleft  wp-image-67392\" alt=\"Guci\" src=\"http:\/\/www.visit-ulcinj.com\/blog\/wp-content\/uploads\/2013\/01\/Guci.jpg\" width=\"508\" height=\"360\" \/><\/a>N\u00eb nj\u00eb takimi t\u00eb zhvilluar me 4 Dhjetor, partit\u00eb nacionale shqiptare q\u00eb veprojn\u00eb n\u00eb Komun\u00ebn e Plav\u00ebs, Lidhja Demokratike n\u00eb Mal t\u00eb Zi, Unioni Demokratik i Shqiptar\u00ebve dhe Forca e Re Demokratike, kan\u00eb ardhur me q\u00ebndrim t\u00eb p\u00ebrbashk\u00ebt q\u00eb referendumi konsultativ p\u00ebr formimin e Komun\u00ebs s\u00eb Gucis\u00eb duhet bojkotuar.<\/p>\n<p>Ata apelojn\u00eb te t\u00eb gjith\u00eb qytetar\u00ebt e Komun\u00ebs s\u00eb Plav\u00ebs, pjes\u00eb e s\u00eb cil\u00ebs \u00ebsht\u00eb edhe Gucia, pa dallim nga komb\u00ebsia apo feja, q\u00eb me 08.01.2013 kur do t\u00eb zhvillohet referendumi, t\u00eb mos dalin n\u00eb votime dhe t\u00eb bojkotojn\u00eb k\u00ebt\u00eb referendum.<\/p>\n<p>Deklarat\u00ebn e kan\u00eb n\u00ebnshkruar: Ismet Gjonbalaj (LDn\u00eb MZ), Fadil Ulaj (UDSH) dhe Vera Hakaj (Forca).<\/p>\n<p>K\u00ebto tri subjekte n\u00eb deklarat\u00ebn e p\u00ebrbashk\u00ebt num\u00ebrojn\u00eb shum\u00eb arsye pse ky referendum duhet bojkotuar.<br \/>\n&#8211; Arsye politiko-historike, me qellim i kemi bashk\u00ebngjit\u00eb, kujtoni historin\u00eb e Plav\u00ebs e Gucis\u00eb q\u00eb nga viti 1878 e deri n\u00eb dit\u00ebt e sotme, t\u00eb gjitha ato pazarll\u00ebqe q\u00eb jan\u00eb b\u00eb n\u00eb k\u00ebto treva.<br \/>\n&#8211; Arsye ekonomike, dihet se Komuna e Plav\u00ebs \u00ebsht\u00eb komuna m\u00eb e pazhvilluar nga krejt komunat n\u00eb Mal t\u00eb Zi, paramendoni se si do t\u00eb duket n\u00ebse edhe n\u00eb k\u00ebt\u00eb gjendje t\u00eb mjerueshme nga kjo krijohen dy komuna t\u00eb varfra, pa kurrfar\u00eb infrastrukture p\u00ebr zhvillim, me edhe ata pak industri q\u00eb kishte tashm\u00eb t\u00eb shkat\u00ebrruar, pa kurrfar\u00eb dispozita p\u00ebr turiz\u00ebm veror apo dim\u00ebror\u00eb, pyje mjaft t\u00eb pasura por pa t\u00eb drejt\u00eb shfryt\u00ebzimi, bujq\u00ebsi dhe blegtori t\u00eb pazhvilluar, emigrim t\u00eb theksuar, papun\u00ebsia n\u00eb nivel maksimal, me t\u00eb vetmet vende pune n\u00eb institucionin e Komun\u00ebs s\u00eb Plav\u00ebs etj.<br \/>\n&#8211; Arsye juridike, shembull n\u00eb Komun\u00ebn e Plav\u00ebs nuk ka Noter, si arsye se nuk plot\u00ebson kushtet, pasi ka m\u00eb pak se 15.000 banor\u00eb, dhe p\u00ebr \u00e7do lloj autorizimi m\u00eb t\u00eb thjesht\u00eb, si autorizim p\u00ebr automjet, patent-shofer etj. detyrohemi t\u00eb shkojm\u00eb n\u00eb Beran\u00eb p\u00ebr t\u00eb rregulluar nj\u00eb autorizim. Paramendo se \u00e7ka do t\u00eb ndodhin n\u00ebse Gucia b\u00ebhet komun\u00eb (q\u00eb do t\u00eb jet\u00eb edhe m\u00eb e vog\u00ebl), nuk do t\u00eb ket\u00eb asnj\u00eb institucion shtet\u00ebror\u00eb n\u00eb Komun\u00ebn e Gucis\u00eb; Gjykat\u00eb Themelore, Gjykat\u00eb p\u00ebr krime, Zyre Sh\u00ebrbimi p\u00ebr Pun\u00ebsim, Qend\u00ebr p\u00ebr Pun\u00eb Sociale, Polici dhe shum\u00eb tjera institucione shtet\u00ebrore.<br \/>\n&#8211; Arsye territoriale, Plava e Gucia \u00ebsht\u00eb territor i pandar\u00eb n\u00eb t\u00eb gjitha sferat prandaj dhe n\u00eb at\u00eb territorial.<\/p>\n<p>N\u00eb fund t\u00eb deklarat\u00ebs s\u00eb p\u00ebrbashk\u00ebt thuhet se shqiptar\u00ebt t\u00eb cil\u00ebt me shekuj jetojn\u00eb n\u00eb treva t\u00eb veta, askush asnj\u00ebher\u00eb nuk i ka pyetur as konsultuar n\u00eb lidhje me k\u00ebt\u00eb tem\u00eb. Por, sa i p\u00ebrket Plav\u00ebs e Gucis\u00eb, shqiptar\u00ebt duan t\u00eb jetojn\u00eb n\u00eb nj\u00eb nj\u00ebsi territoriale, p\u00ebrfundon deklarata e p\u00ebrbashk\u00ebt. \/Malesia.Org\/<\/p>\n<p><em>Deklarata \u00ebsht\u00eb marr\u00eb dhe p\u00ebrkthyer nga gjuha serbe\/malazeze, prandaj ka vend p\u00ebr ndonj\u00eb shpraztir\u00eb (arsyet p\u00ebr bojkot).<br \/>\n<\/em><\/p>\n","protected":false},"excerpt":{"rendered":"<p>N\u00eb nj\u00eb takimi t\u00eb zhvilluar me 4 Dhjetor, partit\u00eb nacionale shqiptare q\u00eb veprojn\u00eb n\u00eb Komun\u00ebn e Plav\u00ebs, Lidhja Demokratike n\u00eb Mal t\u00eb Zi, Unioni Demokratik i Shqiptar\u00ebve dhe Forca e Re Demokratike, kan\u00eb ardhur me q\u00ebndrim t\u00eb p\u00ebrbashk\u00ebt q\u00eb referendumi konsultativ p\u00ebr formimin e Komun\u00ebs s\u00eb Gucis\u00eb duhet bojkotuar. Ata apelojn\u00eb te t\u00eb gjith\u00eb qytetar\u00ebt [&hellip;]<\/p>\n","protected":false},"author":1,"featured_media":0,"comment_status":"open","ping_status":"closed","sticky":false,"template":"","format":"standard","meta":{"spay_email":"","jetpack_publicize_message":"","jetpack_is_tweetstorm":false,"jetpack_publicize_feature_enabled":true},"categories":[14],"tags":[7699,5314,201,18],"jetpack_publicize_connections":[],"yoast_head":"<!-- This site is optimized with the Yoast SEO plugin v19.1 - https:\/\/yoast.com\/wordpress\/plugins\/seo\/ -->\n<title>Forca,LDn\u00ebMZ dhe UDSH: Jo referendumit p\u00ebr komun\u00eb t\u00eb Gucis\u00eb - Lajme nga Ulqini<\/title>\n<meta name=\"description\" content=\"N\u00eb nj\u00eb takimi t\u00eb zhvilluar me 4 Dhjetor, partit\u00eb nacionale shqiptare q\u00eb veprojn\u00eb n\u00eb Komun\u00ebn e Plav\u00ebs, Lidhja Demokratike n\u00eb Mal t\u00eb Zi, Unioni Demokratik i\" \/>\n<meta name=\"robots\" content=\"index, follow, max-snippet:-1, max-image-preview:large, max-video-preview:-1\" \/>\n<link rel=\"canonical\" href=\"https:\/\/www.visit-ulcinj.com\/blog\/2013\/01\/06\/forcaldnemz-dhe-udsh-jo-referendumit-per-komune-te-gucise\/\" \/>\n<meta property=\"og:locale\" content=\"en_US\" \/>\n<meta property=\"og:type\" content=\"article\" \/>\n<meta property=\"og:title\" content=\"Forca,LDn\u00ebMZ dhe UDSH: Jo referendumit p\u00ebr komun\u00eb t\u00eb Gucis\u00eb - Lajme nga Ulqini\" \/>\n<meta property=\"og:description\" content=\"N\u00eb nj\u00eb takimi t\u00eb zhvilluar me 4 Dhjetor, partit\u00eb nacionale shqiptare q\u00eb veprojn\u00eb n\u00eb Komun\u00ebn e Plav\u00ebs, Lidhja Demokratike n\u00eb Mal t\u00eb Zi, Unioni Demokratik i\" \/>\n<meta property=\"og:url\" content=\"https:\/\/www.visit-ulcinj.com\/blog\/2013\/01\/06\/forcaldnemz-dhe-udsh-jo-referendumit-per-komune-te-gucise\/\" \/>\n<meta property=\"og:site_name\" content=\"Lajme nga Ulqini\" \/>\n<meta property=\"article:published_time\" content=\"2013-01-06T15:17:54+00:00\" \/>\n<meta property=\"og:image\" content=\"http:\/\/www.visit-ulcinj.com\/blog\/wp-content\/uploads\/2013\/01\/Guci.jpg\" \/>\n<meta name=\"twitter:label1\" content=\"Written by\" \/>\n\t<meta name=\"twitter:data1\" content=\"ulqini\" \/>\n\t<meta name=\"twitter:label2\" content=\"Est. reading time\" \/>\n\t<meta name=\"twitter:data2\" content=\"3 minutes\" \/>\n<script type=\"application\/ld+json\" class=\"yoast-schema-graph\">{\"@context\":\"https:\/\/schema.org\",\"@graph\":[{\"@type\":\"WebSite\",\"@id\":\"https:\/\/www.visit-ulcinj.com\/blog\/#website\",\"url\":\"https:\/\/www.visit-ulcinj.com\/blog\/\",\"name\":\"Lajme nga Ulqini\",\"description\":\"Lajme,Vijesti,Ulqini,Ulqin,Crna Gora,Mali i Zi\",\"potentialAction\":[{\"@type\":\"SearchAction\",\"target\":{\"@type\":\"EntryPoint\",\"urlTemplate\":\"https:\/\/www.visit-ulcinj.com\/blog\/?s={search_term_string}\"},\"query-input\":\"required name=search_term_string\"}],\"inLanguage\":\"en-US\"},{\"@type\":\"ImageObject\",\"inLanguage\":\"en-US\",\"@id\":\"https:\/\/www.visit-ulcinj.com\/blog\/2013\/01\/06\/forcaldnemz-dhe-udsh-jo-referendumit-per-komune-te-gucise\/#primaryimage\",\"url\":\"https:\/\/www.visit-ulcinj.com\/blog\/wp-content\/uploads\/2013\/01\/Guci.jpg\",\"contentUrl\":\"https:\/\/www.visit-ulcinj.com\/blog\/wp-content\/uploads\/2013\/01\/Guci.jpg\",\"width\":1000,\"height\":720},{\"@type\":\"WebPage\",\"@id\":\"https:\/\/www.visit-ulcinj.com\/blog\/2013\/01\/06\/forcaldnemz-dhe-udsh-jo-referendumit-per-komune-te-gucise\/#webpage\",\"url\":\"https:\/\/www.visit-ulcinj.com\/blog\/2013\/01\/06\/forcaldnemz-dhe-udsh-jo-referendumit-per-komune-te-gucise\/\",\"name\":\"Forca,LDn\u00ebMZ dhe UDSH: Jo referendumit p\u00ebr komun\u00eb t\u00eb Gucis\u00eb - Lajme nga Ulqini\",\"isPartOf\":{\"@id\":\"https:\/\/www.visit-ulcinj.com\/blog\/#website\"},\"primaryImageOfPage\":{\"@id\":\"https:\/\/www.visit-ulcinj.com\/blog\/2013\/01\/06\/forcaldnemz-dhe-udsh-jo-referendumit-per-komune-te-gucise\/#primaryimage\"},\"datePublished\":\"2013-01-06T15:17:54+00:00\",\"dateModified\":\"2013-01-06T15:17:54+00:00\",\"author\":{\"@id\":\"https:\/\/www.visit-ulcinj.com\/blog\/#\/schema\/person\/dcab619c614d3038751c63bc2aadc06d\"},\"description\":\"N\u00eb nj\u00eb takimi t\u00eb zhvilluar me 4 Dhjetor, partit\u00eb nacionale shqiptare q\u00eb veprojn\u00eb n\u00eb Komun\u00ebn e Plav\u00ebs, Lidhja Demokratike n\u00eb Mal t\u00eb Zi, Unioni Demokratik i\",\"breadcrumb\":{\"@id\":\"https:\/\/www.visit-ulcinj.com\/blog\/2013\/01\/06\/forcaldnemz-dhe-udsh-jo-referendumit-per-komune-te-gucise\/#breadcrumb\"},\"inLanguage\":\"en-US\",\"potentialAction\":[{\"@type\":\"ReadAction\",\"target\":[\"https:\/\/www.visit-ulcinj.com\/blog\/2013\/01\/06\/forcaldnemz-dhe-udsh-jo-referendumit-per-komune-te-gucise\/\"]}]},{\"@type\":\"BreadcrumbList\",\"@id\":\"https:\/\/www.visit-ulcinj.com\/blog\/2013\/01\/06\/forcaldnemz-dhe-udsh-jo-referendumit-per-komune-te-gucise\/#breadcrumb\",\"itemListElement\":[{\"@type\":\"ListItem\",\"position\":1,\"name\":\"Forca,LDn\u00ebMZ dhe UDSH: Jo referendumit p\u00ebr komun\u00eb t\u00eb Gucis\u00eb\"}]},{\"@type\":\"Person\",\"@id\":\"https:\/\/www.visit-ulcinj.com\/blog\/#\/schema\/person\/dcab619c614d3038751c63bc2aadc06d\",\"name\":\"ulqini\",\"sameAs\":[\"http:\/\/www.visit-ulcinj.com\"],\"url\":\"https:\/\/www.visit-ulcinj.com\/blog\/author\/admin\/\"}]}<\/script>\n<!-- \/ Yoast SEO plugin. -->","yoast_head_json":{"title":"Forca,LDn\u00ebMZ dhe UDSH: Jo referendumit p\u00ebr komun\u00eb t\u00eb Gucis\u00eb - Lajme nga Ulqini","description":"N\u00eb nj\u00eb takimi t\u00eb zhvilluar me 4 Dhjetor, partit\u00eb nacionale shqiptare q\u00eb veprojn\u00eb n\u00eb Komun\u00ebn e Plav\u00ebs, Lidhja Demokratike n\u00eb Mal t\u00eb Zi, Unioni Demokratik i","robots":{"index":"index","follow":"follow","max-snippet":"max-snippet:-1","max-image-preview":"max-image-preview:large","max-video-preview":"max-video-preview:-1"},"canonical":"https:\/\/www.visit-ulcinj.com\/blog\/2013\/01\/06\/forcaldnemz-dhe-udsh-jo-referendumit-per-komune-te-gucise\/","og_locale":"en_US","og_type":"article","og_title":"Forca,LDn\u00ebMZ dhe UDSH: Jo referendumit p\u00ebr komun\u00eb t\u00eb Gucis\u00eb - Lajme nga Ulqini","og_description":"N\u00eb nj\u00eb takimi t\u00eb zhvilluar me 4 Dhjetor, partit\u00eb nacionale shqiptare q\u00eb veprojn\u00eb n\u00eb Komun\u00ebn e Plav\u00ebs, Lidhja Demokratike n\u00eb Mal t\u00eb Zi, Unioni Demokratik i","og_url":"https:\/\/www.visit-ulcinj.com\/blog\/2013\/01\/06\/forcaldnemz-dhe-udsh-jo-referendumit-per-komune-te-gucise\/","og_site_name":"Lajme nga Ulqini","article_published_time":"2013-01-06T15:17:54+00:00","og_image":[{"url":"http:\/\/www.visit-ulcinj.com\/blog\/wp-content\/uploads\/2013\/01\/Guci.jpg"}],"twitter_misc":{"Written by":"ulqini","Est. reading time":"3 minutes"},"schema":{"@context":"https:\/\/schema.org","@graph":[{"@type":"WebSite","@id":"https:\/\/www.visit-ulcinj.com\/blog\/#website","url":"https:\/\/www.visit-ulcinj.com\/blog\/","name":"Lajme nga Ulqini","description":"Lajme,Vijesti,Ulqini,Ulqin,Crna Gora,Mali i Zi","potentialAction":[{"@type":"SearchAction","target":{"@type":"EntryPoint","urlTemplate":"https:\/\/www.visit-ulcinj.com\/blog\/?s={search_term_string}"},"query-input":"required name=search_term_string"}],"inLanguage":"en-US"},{"@type":"ImageObject","inLanguage":"en-US","@id":"https:\/\/www.visit-ulcinj.com\/blog\/2013\/01\/06\/forcaldnemz-dhe-udsh-jo-referendumit-per-komune-te-gucise\/#primaryimage","url":"https:\/\/www.visit-ulcinj.com\/blog\/wp-content\/uploads\/2013\/01\/Guci.jpg","contentUrl":"https:\/\/www.visit-ulcinj.com\/blog\/wp-content\/uploads\/2013\/01\/Guci.jpg","width":1000,"height":720},{"@type":"WebPage","@id":"https:\/\/www.visit-ulcinj.com\/blog\/2013\/01\/06\/forcaldnemz-dhe-udsh-jo-referendumit-per-komune-te-gucise\/#webpage","url":"https:\/\/www.visit-ulcinj.com\/blog\/2013\/01\/06\/forcaldnemz-dhe-udsh-jo-referendumit-per-komune-te-gucise\/","name":"Forca,LDn\u00ebMZ dhe UDSH: Jo referendumit p\u00ebr komun\u00eb t\u00eb Gucis\u00eb - Lajme nga Ulqini","isPartOf":{"@id":"https:\/\/www.visit-ulcinj.com\/blog\/#website"},"primaryImageOfPage":{"@id":"https:\/\/www.visit-ulcinj.com\/blog\/2013\/01\/06\/forcaldnemz-dhe-udsh-jo-referendumit-per-komune-te-gucise\/#primaryimage"},"datePublished":"2013-01-06T15:17:54+00:00","dateModified":"2013-01-06T15:17:54+00:00","author":{"@id":"https:\/\/www.visit-ulcinj.com\/blog\/#\/schema\/person\/dcab619c614d3038751c63bc2aadc06d"},"description":"N\u00eb nj\u00eb takimi t\u00eb zhvilluar me 4 Dhjetor, partit\u00eb nacionale shqiptare q\u00eb veprojn\u00eb n\u00eb Komun\u00ebn e Plav\u00ebs, Lidhja Demokratike n\u00eb Mal t\u00eb Zi, Unioni Demokratik i","breadcrumb":{"@id":"https:\/\/www.visit-ulcinj.com\/blog\/2013\/01\/06\/forcaldnemz-dhe-udsh-jo-referendumit-per-komune-te-gucise\/#breadcrumb"},"inLanguage":"en-US","potentialAction":[{"@type":"ReadAction","target":["https:\/\/www.visit-ulcinj.com\/blog\/2013\/01\/06\/forcaldnemz-dhe-udsh-jo-referendumit-per-komune-te-gucise\/"]}]},{"@type":"BreadcrumbList","@id":"https:\/\/www.visit-ulcinj.com\/blog\/2013\/01\/06\/forcaldnemz-dhe-udsh-jo-referendumit-per-komune-te-gucise\/#breadcrumb","itemListElement":[{"@type":"ListItem","position":1,"name":"Forca,LDn\u00ebMZ dhe UDSH: Jo referendumit p\u00ebr komun\u00eb t\u00eb Gucis\u00eb"}]},{"@type":"Person","@id":"https:\/\/www.visit-ulcinj.com\/blog\/#\/schema\/person\/dcab619c614d3038751c63bc2aadc06d","name":"ulqini","sameAs":["http:\/\/www.visit-ulcinj.com"],"url":"https:\/\/www.visit-ulcinj.com\/blog\/author\/admin\/"}]}},"jetpack_featured_media_url":"","jetpack_sharing_enabled":true,"jetpack_shortlink":"https:\/\/wp.me\/pe6lTn-hwX","_links":{"self":[{"href":"https:\/\/www.visit-ulcinj.com\/blog\/wp-json\/wp\/v2\/posts\/67391"}],"collection":[{"href":"https:\/\/www.visit-ulcinj.com\/blog\/wp-json\/wp\/v2\/posts"}],"about":[{"href":"https:\/\/www.visit-ulcinj.com\/blog\/wp-json\/wp\/v2\/types\/post"}],"author":[{"embeddable":true,"href":"https:\/\/www.visit-ulcinj.com\/blog\/wp-json\/wp\/v2\/users\/1"}],"replies":[{"embeddable":true,"href":"https:\/\/www.visit-ulcinj.com\/blog\/wp-json\/wp\/v2\/comments?post=67391"}],"version-history":[{"count":1,"href":"https:\/\/www.visit-ulcinj.com\/blog\/wp-json\/wp\/v2\/posts\/67391\/revisions"}],"predecessor-version":[{"id":67393,"href":"https:\/\/www.visit-ulcinj.com\/blog\/wp-json\/wp\/v2\/posts\/67391\/revisions\/67393"}],"wp:attachment":[{"href":"https:\/\/www.visit-ulcinj.com\/blog\/wp-json\/wp\/v2\/media?parent=67391"}],"wp:term":[{"taxonomy":"category","embeddable":true,"href":"https:\/\/www.visit-ulcinj.com\/blog\/wp-json\/wp\/v2\/categories?post=67391"},{"taxonomy":"post_tag","embeddable":true,"href":"https:\/\/www.visit-ulcinj.com\/blog\/wp-json\/wp\/v2\/tags?post=67391"}],"curies":[{"name":"wp","href":"https:\/\/api.w.org\/{rel}","templated":true}]}}