{"id":67394,"date":"2013-01-06T22:10:44","date_gmt":"2013-01-06T21:10:44","guid":{"rendered":"http:\/\/www.visit-ulcinj.com\/blog\/?p=67394"},"modified":"2013-01-06T22:13:04","modified_gmt":"2013-01-06T21:13:04","slug":"crnogorska-vlada-ponovo-uspostavila-kontakte-sa-rajanerom","status":"publish","type":"post","link":"https:\/\/www.visit-ulcinj.com\/blog\/2013\/01\/06\/crnogorska-vlada-ponovo-uspostavila-kontakte-sa-rajanerom\/","title":{"rendered":"Crnogorska Vlada ponovo uspostavila kontakte sa Rajanerom"},"content":{"rendered":"<div>\n<p><a href=\"http:\/\/www.visit-ulcinj.com\/blog\/wp-content\/uploads\/2013\/01\/Low-cost-Ryanair-to-Montenegro.jpg\"><img loading=\"lazy\" class=\"alignleft size-full wp-image-67397\" alt=\"Low-cost-Ryanair-to-Montenegro\" src=\"http:\/\/www.visit-ulcinj.com\/blog\/wp-content\/uploads\/2013\/01\/Low-cost-Ryanair-to-Montenegro.jpg\" width=\"350\" height=\"386\" srcset=\"https:\/\/www.visit-ulcinj.com\/blog\/wp-content\/uploads\/2013\/01\/Low-cost-Ryanair-to-Montenegro.jpg 350w, https:\/\/www.visit-ulcinj.com\/blog\/wp-content\/uploads\/2013\/01\/Low-cost-Ryanair-to-Montenegro-272x300.jpg 272w\" sizes=\"(max-width: 350px) 100vw, 350px\" \/><\/a>Crnogorska Vlada ponovo je uspostavila kontakte sa irskom niskobud\u017eetnom aviokompanijom, Rajaner \/Ryanair\/, a prema rije\u010dima pomo\u0107nika ministra odr\u017eivog razvoja i turizma, \u017deljke Radak Kukavi\u010di\u0107, o\u010dekuje se pozitivan ishod pregovora.<\/p>\n<p>Ona je za beogradske Ve\u010dernje novosti kazala da je jedan od prioriteta crnogorske turisti\u010dke ponude dovo\u0111enje niskobud\u017eetnih aviokompanija, kako bi se pobolj\u0161ala dostupnost Crne Gore kao turisti\u010dke destinacije.<\/p>\n<p>\u201cPonovo su uspostavljeni kontakti sa irskom kompanijom Rajaner i o\u010dekujemo pozitivne ishode pregovora\u201d, rekla je Radak-Kukavi\u010di\u0107.<\/p>\n<p>Rajaner je po\u010detkom aprila pro\u0161le godine odbio predlo\u017eeni ugovor o budu\u0107oj saradnji sa Vladom, jer im nijesu bila prihvatljiva ugovorima predvi\u0111ena pla\u0107anja, odnosno tro\u0161kovi naknada za aerodromske usluge.<\/p>\n<p>Predstavnici irske aviokompanije nedugo nakon toga saop\u0161tili su da su spremni da se u najkra\u0107em roku ponovo razmotri inovirani predlog za uspostavljanje saradnje, pod uslovom da sadr\u017ei znatno ni\u017ee cijene aerodromskih usluga.<\/p>\n<p>Radak-Kukavi\u010di\u0107 je saop\u0161tila i da crnogorska Vlada planira da ekonomskim mjerama primora investitore da po\u0161tuju dogovoreno, a bi\u0107e, kako je najavila i raskidanja ugovora.<\/p>\n<p>\u201cTa\u010dno je da su visokokvalitetni hoteli najve\u0107i nedostatak u na\u0161oj ponudi. Mjerama o\u0161trije poreske politike i pove\u0107anjem poreza do 150 odsto na neizgra\u0111eno gra\u0111evinsko zemlji\u0161te stimulisa\u0107e se investitori da po\u0161tuju dinamiku predvi\u0111enih investicija\u201d, objasnila je Radak-Kukavi\u010di\u0107.<\/p>\n<p>Ona je dodala da je sli\u010dna situacija i sa turisti\u010dkim objektima koji se nalaze na prioritetnim turisti\u010dkim lokalitetima, a koje vlasnici nijesu u mogu\u0107nosti da dovedu do nivoa od \u010detiri ili pet zvjezdica.<\/p>\n<p>\u201cNjima \u0107e se utvr\u0111ivati vi\u0161a poreska stopa od propisanih, kako bi ih stimulisali da podignu kvalitet ili da objekte prodaju drugim investitorima koje \u0107e ispuniti navedene zahtjeve\u201d, poru\u010dila je Radak-Kukavi\u010di\u0107.<\/p>\n<p>Prema njenim rije\u010dima, u narednom periodu \u0107e se preispitati privatizacioni ugovori \u010dija realizacija ne ide planiranom dinamikom, uklju\u010duju\u0107i i hotele u Ulcinju i Herceg Novom. Preispitivanjem ugovorenih obaveza za svaku privatizaciju pojedina\u010dno i na osnovu na\u0111enog stanja i drugih bitnih parametara bi\u0107e formulisani modeli dalje realizacije investicije.<\/p>\n<p>\u201cU prioritetne probleme spadaju skijali\u0161ta, hoteli Lipka, Ro\u017eaje, Otrant i hotelsko turisti\u010dko preduze\u0107e Onogo\u0161t. U turizmu su mo\u017eda postignuti i najbolji rezultati u privatizacionim procesima, me\u0111utim ima i nekoliko objekata \u010dija realizacija znatno kasni pa Vlada treba da formira radni tim koji \u0107e pregledati privatizacione ugovore\u201d, smatra Radak-Kukavi\u010di\u0107.<\/p>\n<p>Na pitanje da li \u0107e se preispitati ugovor sa zakupcem najelitnijeg crnogorskog grada-hotela Svetog Stefana, Radak-Kukavi\u010di\u0107 je objasnila da je Ministarstvo na osnovu izve\u0161taja stru\u010dne komisije Gra\u0111evinskog fakulteta Vladi uputilo preporuku o daljem postupanju po zahtjevu Adriatik propertisa \/Adriatic properties\/.<\/p>\n<p>\u201cVjerujem da \u0107e tim stavom biti zadovoljne obje strane, te da \u0107e saradnja biti nastavljena jer velike nade pola\u017eemo u nastavak aktivnosti na rekonstrukciji bloka 25 grad-hotela Sveti Stefan i hotela Kralji\u010dina pla\u017ea, koji su bili usporeni zbog niza problema i potrebe dono\u0161enja planske dokumentacije\u201d, zaklju\u010dila je Radak-Kukavi\u010di\u0107.<\/p>\n<p><strong>Antena M<\/strong><\/p>\n<\/div>\n","protected":false},"excerpt":{"rendered":"<p>Crnogorska Vlada ponovo je uspostavila kontakte sa irskom niskobud\u017eetnom aviokompanijom, Rajaner \/Ryanair\/, a prema rije\u010dima pomo\u0107nika ministra odr\u017eivog razvoja i turizma, \u017deljke Radak Kukavi\u010di\u0107, o\u010dekuje se pozitivan ishod pregovora. Ona je za beogradske Ve\u010dernje novosti kazala da je jedan od prioriteta crnogorske turisti\u010dke ponude dovo\u0111enje niskobud\u017eetnih aviokompanija, kako bi se pobolj\u0161ala dostupnost Crne Gore kao [&hellip;]<\/p>\n","protected":false},"author":1,"featured_media":0,"comment_status":"open","ping_status":"closed","sticky":false,"template":"","format":"standard","meta":{"spay_email":"","jetpack_publicize_message":"","jetpack_is_tweetstorm":false,"jetpack_publicize_feature_enabled":true},"categories":[6950],"tags":[17366],"jetpack_publicize_connections":[],"yoast_head":"<!-- This site is optimized with the Yoast SEO plugin v19.1 - https:\/\/yoast.com\/wordpress\/plugins\/seo\/ -->\n<title>Crnogorska Vlada ponovo uspostavila kontakte sa Rajanerom - Lajme nga Ulqini<\/title>\n<meta name=\"description\" content=\"Crnogorska Vlada ponovo je uspostavila kontakte sa irskom niskobud\u017eetnom aviokompanijom, Rajaner \/Ryanair\/, a prema rije\u010dima pomo\u0107nika ministra odr\u017eivog\" \/>\n<meta name=\"robots\" content=\"index, follow, max-snippet:-1, max-image-preview:large, max-video-preview:-1\" \/>\n<link rel=\"canonical\" href=\"https:\/\/www.visit-ulcinj.com\/blog\/2013\/01\/06\/crnogorska-vlada-ponovo-uspostavila-kontakte-sa-rajanerom\/\" \/>\n<meta property=\"og:locale\" content=\"en_US\" \/>\n<meta property=\"og:type\" content=\"article\" \/>\n<meta property=\"og:title\" content=\"Crnogorska Vlada ponovo uspostavila kontakte sa Rajanerom - Lajme nga Ulqini\" \/>\n<meta property=\"og:description\" content=\"Crnogorska Vlada ponovo je uspostavila kontakte sa irskom niskobud\u017eetnom aviokompanijom, Rajaner \/Ryanair\/, a prema rije\u010dima pomo\u0107nika ministra odr\u017eivog\" \/>\n<meta property=\"og:url\" content=\"https:\/\/www.visit-ulcinj.com\/blog\/2013\/01\/06\/crnogorska-vlada-ponovo-uspostavila-kontakte-sa-rajanerom\/\" \/>\n<meta property=\"og:site_name\" content=\"Lajme nga Ulqini\" \/>\n<meta property=\"article:published_time\" content=\"2013-01-06T21:10:44+00:00\" \/>\n<meta property=\"article:modified_time\" content=\"2013-01-06T21:13:04+00:00\" \/>\n<meta property=\"og:image\" content=\"http:\/\/www.visit-ulcinj.com\/blog\/wp-content\/uploads\/2013\/01\/Low-cost-Ryanair-to-Montenegro.jpg\" \/>\n<meta name=\"twitter:label1\" content=\"Written by\" \/>\n\t<meta name=\"twitter:data1\" content=\"ulqini\" \/>\n\t<meta name=\"twitter:label2\" content=\"Est. reading time\" \/>\n\t<meta name=\"twitter:data2\" content=\"3 minutes\" \/>\n<script type=\"application\/ld+json\" class=\"yoast-schema-graph\">{\"@context\":\"https:\/\/schema.org\",\"@graph\":[{\"@type\":\"WebSite\",\"@id\":\"https:\/\/www.visit-ulcinj.com\/blog\/#website\",\"url\":\"https:\/\/www.visit-ulcinj.com\/blog\/\",\"name\":\"Lajme nga Ulqini\",\"description\":\"Lajme,Vijesti,Ulqini,Ulqin,Crna Gora,Mali i Zi\",\"potentialAction\":[{\"@type\":\"SearchAction\",\"target\":{\"@type\":\"EntryPoint\",\"urlTemplate\":\"https:\/\/www.visit-ulcinj.com\/blog\/?s={search_term_string}\"},\"query-input\":\"required name=search_term_string\"}],\"inLanguage\":\"en-US\"},{\"@type\":\"ImageObject\",\"inLanguage\":\"en-US\",\"@id\":\"https:\/\/www.visit-ulcinj.com\/blog\/2013\/01\/06\/crnogorska-vlada-ponovo-uspostavila-kontakte-sa-rajanerom\/#primaryimage\",\"url\":\"https:\/\/www.visit-ulcinj.com\/blog\/wp-content\/uploads\/2013\/01\/Low-cost-Ryanair-to-Montenegro.jpg\",\"contentUrl\":\"https:\/\/www.visit-ulcinj.com\/blog\/wp-content\/uploads\/2013\/01\/Low-cost-Ryanair-to-Montenegro.jpg\",\"width\":350,\"height\":386},{\"@type\":\"WebPage\",\"@id\":\"https:\/\/www.visit-ulcinj.com\/blog\/2013\/01\/06\/crnogorska-vlada-ponovo-uspostavila-kontakte-sa-rajanerom\/#webpage\",\"url\":\"https:\/\/www.visit-ulcinj.com\/blog\/2013\/01\/06\/crnogorska-vlada-ponovo-uspostavila-kontakte-sa-rajanerom\/\",\"name\":\"Crnogorska Vlada ponovo uspostavila kontakte sa Rajanerom - Lajme nga Ulqini\",\"isPartOf\":{\"@id\":\"https:\/\/www.visit-ulcinj.com\/blog\/#website\"},\"primaryImageOfPage\":{\"@id\":\"https:\/\/www.visit-ulcinj.com\/blog\/2013\/01\/06\/crnogorska-vlada-ponovo-uspostavila-kontakte-sa-rajanerom\/#primaryimage\"},\"datePublished\":\"2013-01-06T21:10:44+00:00\",\"dateModified\":\"2013-01-06T21:13:04+00:00\",\"author\":{\"@id\":\"https:\/\/www.visit-ulcinj.com\/blog\/#\/schema\/person\/dcab619c614d3038751c63bc2aadc06d\"},\"description\":\"Crnogorska Vlada ponovo je uspostavila kontakte sa irskom niskobud\u017eetnom aviokompanijom, Rajaner \/Ryanair\/, a prema rije\u010dima pomo\u0107nika ministra odr\u017eivog\",\"breadcrumb\":{\"@id\":\"https:\/\/www.visit-ulcinj.com\/blog\/2013\/01\/06\/crnogorska-vlada-ponovo-uspostavila-kontakte-sa-rajanerom\/#breadcrumb\"},\"inLanguage\":\"en-US\",\"potentialAction\":[{\"@type\":\"ReadAction\",\"target\":[\"https:\/\/www.visit-ulcinj.com\/blog\/2013\/01\/06\/crnogorska-vlada-ponovo-uspostavila-kontakte-sa-rajanerom\/\"]}]},{\"@type\":\"BreadcrumbList\",\"@id\":\"https:\/\/www.visit-ulcinj.com\/blog\/2013\/01\/06\/crnogorska-vlada-ponovo-uspostavila-kontakte-sa-rajanerom\/#breadcrumb\",\"itemListElement\":[{\"@type\":\"ListItem\",\"position\":1,\"name\":\"Crnogorska Vlada ponovo uspostavila kontakte sa Rajanerom\"}]},{\"@type\":\"Person\",\"@id\":\"https:\/\/www.visit-ulcinj.com\/blog\/#\/schema\/person\/dcab619c614d3038751c63bc2aadc06d\",\"name\":\"ulqini\",\"sameAs\":[\"http:\/\/www.visit-ulcinj.com\"],\"url\":\"https:\/\/www.visit-ulcinj.com\/blog\/author\/admin\/\"}]}<\/script>\n<!-- \/ Yoast SEO plugin. -->","yoast_head_json":{"title":"Crnogorska Vlada ponovo uspostavila kontakte sa Rajanerom - Lajme nga Ulqini","description":"Crnogorska Vlada ponovo je uspostavila kontakte sa irskom niskobud\u017eetnom aviokompanijom, Rajaner \/Ryanair\/, a prema rije\u010dima pomo\u0107nika ministra odr\u017eivog","robots":{"index":"index","follow":"follow","max-snippet":"max-snippet:-1","max-image-preview":"max-image-preview:large","max-video-preview":"max-video-preview:-1"},"canonical":"https:\/\/www.visit-ulcinj.com\/blog\/2013\/01\/06\/crnogorska-vlada-ponovo-uspostavila-kontakte-sa-rajanerom\/","og_locale":"en_US","og_type":"article","og_title":"Crnogorska Vlada ponovo uspostavila kontakte sa Rajanerom - Lajme nga Ulqini","og_description":"Crnogorska Vlada ponovo je uspostavila kontakte sa irskom niskobud\u017eetnom aviokompanijom, Rajaner \/Ryanair\/, a prema rije\u010dima pomo\u0107nika ministra odr\u017eivog","og_url":"https:\/\/www.visit-ulcinj.com\/blog\/2013\/01\/06\/crnogorska-vlada-ponovo-uspostavila-kontakte-sa-rajanerom\/","og_site_name":"Lajme nga Ulqini","article_published_time":"2013-01-06T21:10:44+00:00","article_modified_time":"2013-01-06T21:13:04+00:00","og_image":[{"url":"http:\/\/www.visit-ulcinj.com\/blog\/wp-content\/uploads\/2013\/01\/Low-cost-Ryanair-to-Montenegro.jpg"}],"twitter_misc":{"Written by":"ulqini","Est. reading time":"3 minutes"},"schema":{"@context":"https:\/\/schema.org","@graph":[{"@type":"WebSite","@id":"https:\/\/www.visit-ulcinj.com\/blog\/#website","url":"https:\/\/www.visit-ulcinj.com\/blog\/","name":"Lajme nga Ulqini","description":"Lajme,Vijesti,Ulqini,Ulqin,Crna Gora,Mali i Zi","potentialAction":[{"@type":"SearchAction","target":{"@type":"EntryPoint","urlTemplate":"https:\/\/www.visit-ulcinj.com\/blog\/?s={search_term_string}"},"query-input":"required name=search_term_string"}],"inLanguage":"en-US"},{"@type":"ImageObject","inLanguage":"en-US","@id":"https:\/\/www.visit-ulcinj.com\/blog\/2013\/01\/06\/crnogorska-vlada-ponovo-uspostavila-kontakte-sa-rajanerom\/#primaryimage","url":"https:\/\/www.visit-ulcinj.com\/blog\/wp-content\/uploads\/2013\/01\/Low-cost-Ryanair-to-Montenegro.jpg","contentUrl":"https:\/\/www.visit-ulcinj.com\/blog\/wp-content\/uploads\/2013\/01\/Low-cost-Ryanair-to-Montenegro.jpg","width":350,"height":386},{"@type":"WebPage","@id":"https:\/\/www.visit-ulcinj.com\/blog\/2013\/01\/06\/crnogorska-vlada-ponovo-uspostavila-kontakte-sa-rajanerom\/#webpage","url":"https:\/\/www.visit-ulcinj.com\/blog\/2013\/01\/06\/crnogorska-vlada-ponovo-uspostavila-kontakte-sa-rajanerom\/","name":"Crnogorska Vlada ponovo uspostavila kontakte sa Rajanerom - Lajme nga Ulqini","isPartOf":{"@id":"https:\/\/www.visit-ulcinj.com\/blog\/#website"},"primaryImageOfPage":{"@id":"https:\/\/www.visit-ulcinj.com\/blog\/2013\/01\/06\/crnogorska-vlada-ponovo-uspostavila-kontakte-sa-rajanerom\/#primaryimage"},"datePublished":"2013-01-06T21:10:44+00:00","dateModified":"2013-01-06T21:13:04+00:00","author":{"@id":"https:\/\/www.visit-ulcinj.com\/blog\/#\/schema\/person\/dcab619c614d3038751c63bc2aadc06d"},"description":"Crnogorska Vlada ponovo je uspostavila kontakte sa irskom niskobud\u017eetnom aviokompanijom, Rajaner \/Ryanair\/, a prema rije\u010dima pomo\u0107nika ministra odr\u017eivog","breadcrumb":{"@id":"https:\/\/www.visit-ulcinj.com\/blog\/2013\/01\/06\/crnogorska-vlada-ponovo-uspostavila-kontakte-sa-rajanerom\/#breadcrumb"},"inLanguage":"en-US","potentialAction":[{"@type":"ReadAction","target":["https:\/\/www.visit-ulcinj.com\/blog\/2013\/01\/06\/crnogorska-vlada-ponovo-uspostavila-kontakte-sa-rajanerom\/"]}]},{"@type":"BreadcrumbList","@id":"https:\/\/www.visit-ulcinj.com\/blog\/2013\/01\/06\/crnogorska-vlada-ponovo-uspostavila-kontakte-sa-rajanerom\/#breadcrumb","itemListElement":[{"@type":"ListItem","position":1,"name":"Crnogorska Vlada ponovo uspostavila kontakte sa Rajanerom"}]},{"@type":"Person","@id":"https:\/\/www.visit-ulcinj.com\/blog\/#\/schema\/person\/dcab619c614d3038751c63bc2aadc06d","name":"ulqini","sameAs":["http:\/\/www.visit-ulcinj.com"],"url":"https:\/\/www.visit-ulcinj.com\/blog\/author\/admin\/"}]}},"jetpack_featured_media_url":"","jetpack_sharing_enabled":true,"jetpack_shortlink":"https:\/\/wp.me\/pe6lTn-hx0","_links":{"self":[{"href":"https:\/\/www.visit-ulcinj.com\/blog\/wp-json\/wp\/v2\/posts\/67394"}],"collection":[{"href":"https:\/\/www.visit-ulcinj.com\/blog\/wp-json\/wp\/v2\/posts"}],"about":[{"href":"https:\/\/www.visit-ulcinj.com\/blog\/wp-json\/wp\/v2\/types\/post"}],"author":[{"embeddable":true,"href":"https:\/\/www.visit-ulcinj.com\/blog\/wp-json\/wp\/v2\/users\/1"}],"replies":[{"embeddable":true,"href":"https:\/\/www.visit-ulcinj.com\/blog\/wp-json\/wp\/v2\/comments?post=67394"}],"version-history":[{"count":2,"href":"https:\/\/www.visit-ulcinj.com\/blog\/wp-json\/wp\/v2\/posts\/67394\/revisions"}],"predecessor-version":[{"id":67398,"href":"https:\/\/www.visit-ulcinj.com\/blog\/wp-json\/wp\/v2\/posts\/67394\/revisions\/67398"}],"wp:attachment":[{"href":"https:\/\/www.visit-ulcinj.com\/blog\/wp-json\/wp\/v2\/media?parent=67394"}],"wp:term":[{"taxonomy":"category","embeddable":true,"href":"https:\/\/www.visit-ulcinj.com\/blog\/wp-json\/wp\/v2\/categories?post=67394"},{"taxonomy":"post_tag","embeddable":true,"href":"https:\/\/www.visit-ulcinj.com\/blog\/wp-json\/wp\/v2\/tags?post=67394"}],"curies":[{"name":"wp","href":"https:\/\/api.w.org\/{rel}","templated":true}]}}