{"id":67399,"date":"2013-01-07T08:42:01","date_gmt":"2013-01-07T07:42:01","guid":{"rendered":"http:\/\/www.visit-ulcinj.com\/blog\/?p=67399"},"modified":"2016-03-21T22:06:02","modified_gmt":"2016-03-21T21:06:02","slug":"srecan-pocetak-nove-sezone-hotela-mediterana","status":"publish","type":"post","link":"https:\/\/www.visit-ulcinj.com\/blog\/2013\/01\/07\/srecan-pocetak-nove-sezone-hotela-mediterana\/","title":{"rendered":"Sre\u0107an po\u010detak nove sezone hotela Mediterana"},"content":{"rendered":"<p><strong><a href=\"http:\/\/www.visit-ulcinj.com\/blog\/wp-content\/uploads\/2013\/01\/Hotel-Mediteran-Ulcinj-Crna-Gora-Katalog-2013.1.jpg\"><img loading=\"lazy\" class=\"alignleft  wp-image-67400\" src=\"http:\/\/www.visit-ulcinj.com\/blog\/wp-content\/uploads\/2013\/01\/Hotel-Mediteran-Ulcinj-Crna-Gora-Katalog-2013.1.jpg\" alt=\"Hotel Mediteran Ulcinj Crna Gora - Katalog 2013.1\" width=\"508\" height=\"228\" \/><\/a>Sre\u0107an po\u010detak nove sezone!<\/strong><\/p>\n<p>Za po\u010detak \u017eelimo da se zahvalimo svim na\u0161im poslovnim partnerima i turisti\u010dkim agencijama sa kojima smo uspje\u0161no sara\u0111ivali tokom 2012.-te godine. Iskreno se nadamo da \u0107emo i u 2013.-toj ostvariti uspje\u0161nu saradnju na obostrano zadovoljstvo.<\/p>\n<p><strong>Razvoj sportskog i wellness turizma<\/strong><br \/>\nUlcinj ima mnogo toga da ponudi sportistima i turistima koji te\u017ee ka aktivnom odmoru i tokom 2013. godine \u0107emo se potruditi da svojim gostima obezbjedimo pristup svim sportskim i wellness sadr\u017eajima koji su dostupni.<br \/>\n(kliknite na sliku pored da pogledate i preuzmete Bro\u0161uru za sezonu 2013)<br \/>\nU protekloj godini Hotel Mediteran Ulcinj potpisao je sponzorski ugovor sa Rukometnim Klubom Ulcinj. gdje se kao zlatni sponzor zala\u017ee za razvoj\u00a0 Kao zlatni sponzor, Hotel Mediteran Ulcinj se zala\u017ee za razvoj Rukometnog Kluba, a samim tim i za razvoj sportskog turizma u Ulcinju.<\/p>\n<p>Trudi\u0107emo se da u predstoje\u0107oj sezoni zaodovljimo sve potrebe na\u0161ih gostiju i da im omogu\u0107imo da u\u017eivaju u svim raspolo\u017eivim sportskim ustanovama i prirodnim izvorima zdravlja (kao \u0161to je sumporne vode, ljekovito blati\u0161te Ulcinjske solane, fini pjesak Velike pla\u017ee, rezetvat maslina &#8211; Valdanos itd)<br \/>\n<a href=\"http:\/\/www.visit-ulcinj.com\/blog\/wp-content\/uploads\/2013\/01\/Izgled-novih-soba_Hotel-Mediteran-Ulcinj-Crna-Gora.jpg\"><img loading=\"lazy\" class=\"alignleft  wp-image-67402\" src=\"http:\/\/www.visit-ulcinj.com\/blog\/wp-content\/uploads\/2013\/01\/Izgled-novih-soba_Hotel-Mediteran-Ulcinj-Crna-Gora.jpg\" alt=\"Izgled-novih-soba_Hotel-Mediteran-Ulcinj Crna Gora\" width=\"508\" height=\"300\" \/><\/a><\/p>\n<p><strong>Novi sadr\u017eaji u hotelu<\/strong><br \/>\nPrate\u0107i nove svjetske standarde, kompanija BMG International, otpo\u010dela je novi investicioni ciklus i renoviranje postoje\u0107ih kapaciteta koji \u0107e donijeti novi kvalitet i sadr\u017eaje koji \u0107e gostima biti na usluzi ve\u0107 od naredne sezone.<br \/>\nNove, luksuzne sobe, \u0107e biti opremljene po najmodernijim svjetskim standardima.<\/p>\n<p>Novi sadr\u017eaji obuhvata\u0107e plazma televizore, WiFi brzi internet, dnevni boravak sa mini kuhinjom, nova i moderna kupatila, Jacuzzi kade i sl. Trenutno su u fazi renoviranja dvije vile, a za kraj 2013. godine planira se renoviranje i ostalih depadansa.<br \/>\nPo\u010detkom godine tako\u0111e po\u010dinjemo sa unapre\u0111enjem resotrana i sale za bankete, \u0161to \u0107e se odraziti na jo\u0161 bogatiju ponudu hrane i njen kvalitet, a paralelno sa renoviranjem ovog dijela hotela, odvija\u0107e se i stru\u010dna obuka zaposlenih. Obuku \u0107e vr\u0161iti najpoznatiji crnogorski profesori i instruktori iz oblasti turizma i ugostiteljstva.<\/p>\n<p>U Novoj Godini smo postavili sebi visoke ciljeve i namjera nam je da to i ostvarimo, na zadovoljstvo gostiju i svih na\u0161ih poslovnih partnera.<br \/>\n<a title=\"Online Booking Hotel Mediteran Ulcinj Montenegro\" href=\"http:\/\/www.hotel-mediteran.com\/eng\/booking\" target=\"_blank\"><img loading=\"lazy\" class=\"alignleft  wp-image-67404\" src=\"http:\/\/www.visit-ulcinj.com\/blog\/wp-content\/uploads\/2013\/01\/Online-Booking-Hotel-Mediteran-Ulcinj-Montenegro.jpg\" alt=\"Online Booking - Hotel Mediteran Ulcinj - Montenegro\" width=\"508\" height=\"300\" \/><\/a><\/p>\n<p><strong>Novi sistem pra\u0107ena cijena<\/strong><br \/>\nZa sve na\u0161e poslovne partnere i budu\u0107e saradnike pripremili smo novi i lak\u0161i sistem pra\u0107enja cijena.<\/p>\n<p>Kako biste u svako doba bili u toku sa sni\u017eenjima i cijenama koje se kreiraju posebno za turisti\u010dke agencije i operatere sa kojima sara\u0111ujemo potrebno je da posjetite na\u0161 sajt na hotel-mediteran odete na &#8220;booking&#8221; sekciju i unesete svoj kod za pristup.<\/p>\n<p>Da biste dobili svoj jedinstveni pristupni kod, potrebno je da nam po\u0161aljete svoje podatke (naziv firme, adresa, kontakt telefon, email i websajt ako imate) i, nakon \u0161to unesemo va\u0161e podatke u na\u0161 sistem, posla\u0107emo vam pristupni kod. Sa ovim kodom u svako doba mo\u017eete videti cjenovnike koji nisu dostupni ostalim posjetiocima sajta. Ovakav savremen sistem \u0107e nam omogu\u0107iti lak\u0161u komunikaciju u budu\u0107nosti. Svaki put kada do\u0111e do izmena cijena, sni\u017eenja, posebnih uslova i sli\u010dno, bi\u0107ete obavje\u0161teni mailom i mo\u0107i \u0107ete da pogledate najnoviju ponudu koju dalje mo\u017eete prezentirati svojim klijentima.<\/p>\n<p><strong>Cjenovnik &#8211; Sezona 2013<\/strong><br \/>\nZa vas smo tako\u0111e pripremili cjenovnik za sezonu 2013. koji mo\u017eete pogledati i preuzeti klikom na sliku pored.<\/p>\n<p>Iskreno se nadamo da \u0107ete prepoznati kvalitet i tradiciju koju Hotel Mediteran Ulcinj ima i da \u0107emo zajedno 2013. godinu u\u010diniti uspje\u0161nijom.<\/p>\n<p>\u017delimo vam je sre\u0107nu i uspje\u0161nu Novu Godinu!<\/p>\n","protected":false},"excerpt":{"rendered":"<p>Sre\u0107an po\u010detak nove sezone! Za po\u010detak \u017eelimo da se zahvalimo svim na\u0161im poslovnim partnerima i turisti\u010dkim agencijama sa kojima smo uspje\u0161no sara\u0111ivali tokom 2012.-te godine. Iskreno se nadamo da \u0107emo i u 2013.-toj ostvariti uspje\u0161nu saradnju na obostrano zadovoljstvo. Razvoj sportskog i wellness turizma Ulcinj ima mnogo toga da ponudi sportistima i turistima koji te\u017ee [&hellip;]<\/p>\n","protected":false},"author":1,"featured_media":0,"comment_status":"open","ping_status":"closed","sticky":false,"template":"","format":"standard","meta":{"spay_email":"","jetpack_publicize_message":"","jetpack_is_tweetstorm":false,"jetpack_publicize_feature_enabled":true},"categories":[15],"tags":[11825,11828,11823,11832,11831,11824,11818,11817,11826,11827,1860,11822,11809,11806,11813,12166,12165,11251,11808,2105,20,17562,11807,13382,11253,1398,11844,11855,21672,14061,11846,15497,11812,11811,11810,17564,11837,15496,13834,10343,11814,11835,2108,11841,11845,11840,17560,11838,11839,10345,14263,11851,15043,14264,11821,11830,14630,15499,15498,14802,15501,14676,11032,15602,1642,11260,11833,11261,15495,11274,11819,17563,11579,11836,2110,11853,11815,11816,11849,3936,11820,11034,11843,22009,11842,2185,11847,14066,11834,7673,14629,3696,19,11265,11848,11850,4620,11854,11856,5001],"jetpack_publicize_connections":[],"yoast_head":"<!-- This site is optimized with the Yoast SEO plugin v19.1 - https:\/\/yoast.com\/wordpress\/plugins\/seo\/ -->\n<title>Sre\u0107an po\u010detak nove sezone hotela Mediterana - Lajme nga Ulqini<\/title>\n<meta name=\"description\" content=\"Sre\u0107an po\u010detak nove sezone! Za po\u010detak \u017eelimo da se zahvalimo svim na\u0161im poslovnim partnerima i turisti\u010dkim agencijama sa kojima smo uspje\u0161no sara\u0111ivali\" \/>\n<meta name=\"robots\" content=\"index, follow, max-snippet:-1, max-image-preview:large, max-video-preview:-1\" \/>\n<link rel=\"canonical\" href=\"https:\/\/www.visit-ulcinj.com\/blog\/2013\/01\/07\/srecan-pocetak-nove-sezone-hotela-mediterana\/\" \/>\n<meta property=\"og:locale\" content=\"en_US\" \/>\n<meta property=\"og:type\" content=\"article\" \/>\n<meta property=\"og:title\" content=\"Sre\u0107an po\u010detak nove sezone hotela Mediterana - Lajme nga Ulqini\" \/>\n<meta property=\"og:description\" content=\"Sre\u0107an po\u010detak nove sezone! Za po\u010detak \u017eelimo da se zahvalimo svim na\u0161im poslovnim partnerima i turisti\u010dkim agencijama sa kojima smo uspje\u0161no sara\u0111ivali\" \/>\n<meta property=\"og:url\" content=\"https:\/\/www.visit-ulcinj.com\/blog\/2013\/01\/07\/srecan-pocetak-nove-sezone-hotela-mediterana\/\" \/>\n<meta property=\"og:site_name\" content=\"Lajme nga Ulqini\" \/>\n<meta property=\"article:published_time\" content=\"2013-01-07T07:42:01+00:00\" \/>\n<meta property=\"article:modified_time\" content=\"2016-03-21T21:06:02+00:00\" \/>\n<meta property=\"og:image\" content=\"http:\/\/www.visit-ulcinj.com\/blog\/wp-content\/uploads\/2013\/01\/Hotel-Mediteran-Ulcinj-Crna-Gora-Katalog-2013.1.jpg\" \/>\n<meta name=\"twitter:label1\" content=\"Written by\" \/>\n\t<meta name=\"twitter:data1\" content=\"ulqini\" \/>\n\t<meta name=\"twitter:label2\" content=\"Est. reading time\" \/>\n\t<meta name=\"twitter:data2\" content=\"3 minutes\" \/>\n<script type=\"application\/ld+json\" class=\"yoast-schema-graph\">{\"@context\":\"https:\/\/schema.org\",\"@graph\":[{\"@type\":\"WebSite\",\"@id\":\"https:\/\/www.visit-ulcinj.com\/blog\/#website\",\"url\":\"https:\/\/www.visit-ulcinj.com\/blog\/\",\"name\":\"Lajme nga Ulqini\",\"description\":\"Lajme,Vijesti,Ulqini,Ulqin,Crna Gora,Mali i Zi\",\"potentialAction\":[{\"@type\":\"SearchAction\",\"target\":{\"@type\":\"EntryPoint\",\"urlTemplate\":\"https:\/\/www.visit-ulcinj.com\/blog\/?s={search_term_string}\"},\"query-input\":\"required name=search_term_string\"}],\"inLanguage\":\"en-US\"},{\"@type\":\"ImageObject\",\"inLanguage\":\"en-US\",\"@id\":\"https:\/\/www.visit-ulcinj.com\/blog\/2013\/01\/07\/srecan-pocetak-nove-sezone-hotela-mediterana\/#primaryimage\",\"url\":\"https:\/\/www.visit-ulcinj.com\/blog\/wp-content\/uploads\/2013\/01\/Hotel-Mediteran-Ulcinj-Crna-Gora-Katalog-2013.1.jpg\",\"contentUrl\":\"https:\/\/www.visit-ulcinj.com\/blog\/wp-content\/uploads\/2013\/01\/Hotel-Mediteran-Ulcinj-Crna-Gora-Katalog-2013.1.jpg\",\"width\":569,\"height\":228},{\"@type\":\"WebPage\",\"@id\":\"https:\/\/www.visit-ulcinj.com\/blog\/2013\/01\/07\/srecan-pocetak-nove-sezone-hotela-mediterana\/#webpage\",\"url\":\"https:\/\/www.visit-ulcinj.com\/blog\/2013\/01\/07\/srecan-pocetak-nove-sezone-hotela-mediterana\/\",\"name\":\"Sre\u0107an po\u010detak nove sezone hotela Mediterana - Lajme nga Ulqini\",\"isPartOf\":{\"@id\":\"https:\/\/www.visit-ulcinj.com\/blog\/#website\"},\"primaryImageOfPage\":{\"@id\":\"https:\/\/www.visit-ulcinj.com\/blog\/2013\/01\/07\/srecan-pocetak-nove-sezone-hotela-mediterana\/#primaryimage\"},\"datePublished\":\"2013-01-07T07:42:01+00:00\",\"dateModified\":\"2016-03-21T21:06:02+00:00\",\"author\":{\"@id\":\"https:\/\/www.visit-ulcinj.com\/blog\/#\/schema\/person\/dcab619c614d3038751c63bc2aadc06d\"},\"description\":\"Sre\u0107an po\u010detak nove sezone! Za po\u010detak \u017eelimo da se zahvalimo svim na\u0161im poslovnim partnerima i turisti\u010dkim agencijama sa kojima smo uspje\u0161no sara\u0111ivali\",\"breadcrumb\":{\"@id\":\"https:\/\/www.visit-ulcinj.com\/blog\/2013\/01\/07\/srecan-pocetak-nove-sezone-hotela-mediterana\/#breadcrumb\"},\"inLanguage\":\"en-US\",\"potentialAction\":[{\"@type\":\"ReadAction\",\"target\":[\"https:\/\/www.visit-ulcinj.com\/blog\/2013\/01\/07\/srecan-pocetak-nove-sezone-hotela-mediterana\/\"]}]},{\"@type\":\"BreadcrumbList\",\"@id\":\"https:\/\/www.visit-ulcinj.com\/blog\/2013\/01\/07\/srecan-pocetak-nove-sezone-hotela-mediterana\/#breadcrumb\",\"itemListElement\":[{\"@type\":\"ListItem\",\"position\":1,\"name\":\"Sre\u0107an po\u010detak nove sezone hotela Mediterana\"}]},{\"@type\":\"Person\",\"@id\":\"https:\/\/www.visit-ulcinj.com\/blog\/#\/schema\/person\/dcab619c614d3038751c63bc2aadc06d\",\"name\":\"ulqini\",\"sameAs\":[\"http:\/\/www.visit-ulcinj.com\"],\"url\":\"https:\/\/www.visit-ulcinj.com\/blog\/author\/admin\/\"}]}<\/script>\n<!-- \/ Yoast SEO plugin. -->","yoast_head_json":{"title":"Sre\u0107an po\u010detak nove sezone hotela Mediterana - Lajme nga Ulqini","description":"Sre\u0107an po\u010detak nove sezone! Za po\u010detak \u017eelimo da se zahvalimo svim na\u0161im poslovnim partnerima i turisti\u010dkim agencijama sa kojima smo uspje\u0161no sara\u0111ivali","robots":{"index":"index","follow":"follow","max-snippet":"max-snippet:-1","max-image-preview":"max-image-preview:large","max-video-preview":"max-video-preview:-1"},"canonical":"https:\/\/www.visit-ulcinj.com\/blog\/2013\/01\/07\/srecan-pocetak-nove-sezone-hotela-mediterana\/","og_locale":"en_US","og_type":"article","og_title":"Sre\u0107an po\u010detak nove sezone hotela Mediterana - Lajme nga Ulqini","og_description":"Sre\u0107an po\u010detak nove sezone! Za po\u010detak \u017eelimo da se zahvalimo svim na\u0161im poslovnim partnerima i turisti\u010dkim agencijama sa kojima smo uspje\u0161no sara\u0111ivali","og_url":"https:\/\/www.visit-ulcinj.com\/blog\/2013\/01\/07\/srecan-pocetak-nove-sezone-hotela-mediterana\/","og_site_name":"Lajme nga Ulqini","article_published_time":"2013-01-07T07:42:01+00:00","article_modified_time":"2016-03-21T21:06:02+00:00","og_image":[{"url":"http:\/\/www.visit-ulcinj.com\/blog\/wp-content\/uploads\/2013\/01\/Hotel-Mediteran-Ulcinj-Crna-Gora-Katalog-2013.1.jpg"}],"twitter_misc":{"Written by":"ulqini","Est. reading time":"3 minutes"},"schema":{"@context":"https:\/\/schema.org","@graph":[{"@type":"WebSite","@id":"https:\/\/www.visit-ulcinj.com\/blog\/#website","url":"https:\/\/www.visit-ulcinj.com\/blog\/","name":"Lajme nga Ulqini","description":"Lajme,Vijesti,Ulqini,Ulqin,Crna Gora,Mali i Zi","potentialAction":[{"@type":"SearchAction","target":{"@type":"EntryPoint","urlTemplate":"https:\/\/www.visit-ulcinj.com\/blog\/?s={search_term_string}"},"query-input":"required name=search_term_string"}],"inLanguage":"en-US"},{"@type":"ImageObject","inLanguage":"en-US","@id":"https:\/\/www.visit-ulcinj.com\/blog\/2013\/01\/07\/srecan-pocetak-nove-sezone-hotela-mediterana\/#primaryimage","url":"https:\/\/www.visit-ulcinj.com\/blog\/wp-content\/uploads\/2013\/01\/Hotel-Mediteran-Ulcinj-Crna-Gora-Katalog-2013.1.jpg","contentUrl":"https:\/\/www.visit-ulcinj.com\/blog\/wp-content\/uploads\/2013\/01\/Hotel-Mediteran-Ulcinj-Crna-Gora-Katalog-2013.1.jpg","width":569,"height":228},{"@type":"WebPage","@id":"https:\/\/www.visit-ulcinj.com\/blog\/2013\/01\/07\/srecan-pocetak-nove-sezone-hotela-mediterana\/#webpage","url":"https:\/\/www.visit-ulcinj.com\/blog\/2013\/01\/07\/srecan-pocetak-nove-sezone-hotela-mediterana\/","name":"Sre\u0107an po\u010detak nove sezone hotela Mediterana - Lajme nga Ulqini","isPartOf":{"@id":"https:\/\/www.visit-ulcinj.com\/blog\/#website"},"primaryImageOfPage":{"@id":"https:\/\/www.visit-ulcinj.com\/blog\/2013\/01\/07\/srecan-pocetak-nove-sezone-hotela-mediterana\/#primaryimage"},"datePublished":"2013-01-07T07:42:01+00:00","dateModified":"2016-03-21T21:06:02+00:00","author":{"@id":"https:\/\/www.visit-ulcinj.com\/blog\/#\/schema\/person\/dcab619c614d3038751c63bc2aadc06d"},"description":"Sre\u0107an po\u010detak nove sezone! Za po\u010detak \u017eelimo da se zahvalimo svim na\u0161im poslovnim partnerima i turisti\u010dkim agencijama sa kojima smo uspje\u0161no sara\u0111ivali","breadcrumb":{"@id":"https:\/\/www.visit-ulcinj.com\/blog\/2013\/01\/07\/srecan-pocetak-nove-sezone-hotela-mediterana\/#breadcrumb"},"inLanguage":"en-US","potentialAction":[{"@type":"ReadAction","target":["https:\/\/www.visit-ulcinj.com\/blog\/2013\/01\/07\/srecan-pocetak-nove-sezone-hotela-mediterana\/"]}]},{"@type":"BreadcrumbList","@id":"https:\/\/www.visit-ulcinj.com\/blog\/2013\/01\/07\/srecan-pocetak-nove-sezone-hotela-mediterana\/#breadcrumb","itemListElement":[{"@type":"ListItem","position":1,"name":"Sre\u0107an po\u010detak nove sezone hotela Mediterana"}]},{"@type":"Person","@id":"https:\/\/www.visit-ulcinj.com\/blog\/#\/schema\/person\/dcab619c614d3038751c63bc2aadc06d","name":"ulqini","sameAs":["http:\/\/www.visit-ulcinj.com"],"url":"https:\/\/www.visit-ulcinj.com\/blog\/author\/admin\/"}]}},"jetpack_featured_media_url":"","jetpack_sharing_enabled":true,"jetpack_shortlink":"https:\/\/wp.me\/pe6lTn-hx5","_links":{"self":[{"href":"https:\/\/www.visit-ulcinj.com\/blog\/wp-json\/wp\/v2\/posts\/67399"}],"collection":[{"href":"https:\/\/www.visit-ulcinj.com\/blog\/wp-json\/wp\/v2\/posts"}],"about":[{"href":"https:\/\/www.visit-ulcinj.com\/blog\/wp-json\/wp\/v2\/types\/post"}],"author":[{"embeddable":true,"href":"https:\/\/www.visit-ulcinj.com\/blog\/wp-json\/wp\/v2\/users\/1"}],"replies":[{"embeddable":true,"href":"https:\/\/www.visit-ulcinj.com\/blog\/wp-json\/wp\/v2\/comments?post=67399"}],"version-history":[{"count":4,"href":"https:\/\/www.visit-ulcinj.com\/blog\/wp-json\/wp\/v2\/posts\/67399\/revisions"}],"predecessor-version":[{"id":95411,"href":"https:\/\/www.visit-ulcinj.com\/blog\/wp-json\/wp\/v2\/posts\/67399\/revisions\/95411"}],"wp:attachment":[{"href":"https:\/\/www.visit-ulcinj.com\/blog\/wp-json\/wp\/v2\/media?parent=67399"}],"wp:term":[{"taxonomy":"category","embeddable":true,"href":"https:\/\/www.visit-ulcinj.com\/blog\/wp-json\/wp\/v2\/categories?post=67399"},{"taxonomy":"post_tag","embeddable":true,"href":"https:\/\/www.visit-ulcinj.com\/blog\/wp-json\/wp\/v2\/tags?post=67399"}],"curies":[{"name":"wp","href":"https:\/\/api.w.org\/{rel}","templated":true}]}}