{"id":67435,"date":"2013-01-07T19:43:30","date_gmt":"2013-01-07T18:43:30","guid":{"rendered":"http:\/\/www.visit-ulcinj.com\/blog\/?p=67435"},"modified":"2013-01-07T19:44:19","modified_gmt":"2013-01-07T18:44:19","slug":"maloljetnici-osumnjiceni-za-pljacku-skole-u-ulcinju","status":"publish","type":"post","link":"https:\/\/www.visit-ulcinj.com\/blog\/2013\/01\/07\/maloljetnici-osumnjiceni-za-pljacku-skole-u-ulcinju\/","title":{"rendered":"Maloljetnici osumnji\u010deni za plja\u010dku \u0161kole u Ulcinju"},"content":{"rendered":"<p><strong><a href=\"http:\/\/www.visit-ulcinj.com\/blog\/wp-content\/uploads\/2013\/01\/Osnovna-Skolla-Marsal-Tito_Ulcinj.jpg\"><img loading=\"lazy\" class=\"alignleft  wp-image-67436\" alt=\"Osnovna-Skolla-Marsal-Tito_Ulcinj\" src=\"http:\/\/www.visit-ulcinj.com\/blog\/wp-content\/uploads\/2013\/01\/Osnovna-Skolla-Marsal-Tito_Ulcinj.jpg\" width=\"508\" height=\"360\" \/><\/a>Osumnji\u010deni za te\u0161ku kra\u0111u u osnovnoj \u0161koli<\/strong><\/p>\n<p>Slu\u017ebenici Ispostave policije Ulcinj podnijeli su danas, 07. januara 2013. godine, Osnovnom dr\u017eavnom tu\u017eiocu u Ulcinju poseban izvje\u0161taj, kao dopunu krivi\u010dne prijave prethodno podnijete po nepoznatom po\u010diniocu, protiv tri maloljetna lica, E.E. (15), R.R. (14) i B.\u0160. (16) iz Ulcinja, zbog osnovane sumnje da su, na \u0161tetu Osnovne \u0161kole \u201eMar\u0161al Tito\u201c u Ulcinju, po\u010dinili krivi\u010dno djelo te\u0161ka kra\u0111a.<\/p>\n<p>Policijske aktivnosti ukazuju na sumnju da su ova tri lica, iskoristiv\u0161i neradne dane za \u0161kolu u toku novogodi\u0161njih praznika, u no\u0107i izme\u0111u 03. i 04. januara 2013. godine, upotrebom fizi\u010dke sile obili prozor koji se nalazi sa zadnje strane O\u0160 \u201eMar\u0161al Tito\u201c, nakon \u010dega su u\u0161li unutra. Iz u\u010dionica su, sumnja se, otu\u0111ili tri kompjutera sa kompletnom opremom, dva DVD ure\u0111aja i kasetofon. Potom su otu\u0111ene stvari sakrili u jednoj gara\u017ei, u namjeri da ih prodaju.<br \/>\n<a href=\"http:\/\/www.visit-ulcinj.com\/blog\/wp-content\/uploads\/2013\/01\/informatikmaterjal.jpg\"><img loading=\"lazy\" class=\"alignleft  wp-image-67437\" alt=\"informatikmaterjal\" src=\"http:\/\/www.visit-ulcinj.com\/blog\/wp-content\/uploads\/2013\/01\/informatikmaterjal.jpg\" width=\"508\" height=\"300\" \/><\/a><\/p>\n<p>Krivi\u010dno djelo je kontakt policajcu prijavio direktor \u0161kole. Kontakt policajac je o tome odmah obavijestio kolege u De\u017eurnoj slu\u017ebi Ispostave Ulcinj.<\/p>\n<p>Policijski slu\u017ebenici su veoma brzo identifikovali i priveli osumnji\u010dene maloljetnike. O doga\u0111aju je obavije\u0161ten Osnovni dr\u017eavni tu\u017eilac u Ulcinju, koji je nalo\u017eio da se krivi\u010dna prijava protiv osumnji\u010denih podnese u redovnom postupku. Od E.E, R.R. i B.\u0160. je, u prisustvu roditelja i socijalnog radnika, uzeta izjava.<\/p>\n<p>Slu\u017ebenici Ispostave Ulcinj su prona\u0161li i oduzeli sve otu\u0111ene predmete, koji \u0107e biti vra\u0107eni vlasniku.<\/p>\n<p><strong>Izvor: Uprava policije Crne Gore<\/strong><\/p>\n","protected":false},"excerpt":{"rendered":"<p>Osumnji\u010deni za te\u0161ku kra\u0111u u osnovnoj \u0161koli Slu\u017ebenici Ispostave policije Ulcinj podnijeli su danas, 07. januara 2013. godine, Osnovnom dr\u017eavnom tu\u017eiocu u Ulcinju poseban izvje\u0161taj, kao dopunu krivi\u010dne prijave prethodno podnijete po nepoznatom po\u010diniocu, protiv tri maloljetna lica, E.E. (15), R.R. (14) i B.\u0160. (16) iz Ulcinja, zbog osnovane sumnje da su, na \u0161tetu Osnovne [&hellip;]<\/p>\n","protected":false},"author":1,"featured_media":0,"comment_status":"open","ping_status":"closed","sticky":false,"template":"","format":"standard","meta":{"spay_email":"","jetpack_publicize_message":"","jetpack_is_tweetstorm":false,"jetpack_publicize_feature_enabled":true},"categories":[8337],"tags":[6929,19],"jetpack_publicize_connections":[],"yoast_head":"<!-- This site is optimized with the Yoast SEO plugin v19.1 - https:\/\/yoast.com\/wordpress\/plugins\/seo\/ -->\n<title>Maloljetnici osumnji\u010deni za plja\u010dku \u0161kole u Ulcinju - Lajme nga Ulqini<\/title>\n<meta name=\"description\" content=\"Osumnji\u010deni za te\u0161ku kra\u0111u u osnovnoj \u0161koli Slu\u017ebenici Ispostave policije Ulcinj podnijeli su danas, 07. januara 2013. godine, Osnovnom dr\u017eavnom tu\u017eiocu u\" \/>\n<meta name=\"robots\" content=\"index, follow, max-snippet:-1, max-image-preview:large, max-video-preview:-1\" \/>\n<link rel=\"canonical\" href=\"https:\/\/www.visit-ulcinj.com\/blog\/2013\/01\/07\/maloljetnici-osumnjiceni-za-pljacku-skole-u-ulcinju\/\" \/>\n<meta property=\"og:locale\" content=\"en_US\" \/>\n<meta property=\"og:type\" content=\"article\" \/>\n<meta property=\"og:title\" content=\"Maloljetnici osumnji\u010deni za plja\u010dku \u0161kole u Ulcinju - Lajme nga Ulqini\" \/>\n<meta property=\"og:description\" content=\"Osumnji\u010deni za te\u0161ku kra\u0111u u osnovnoj \u0161koli Slu\u017ebenici Ispostave policije Ulcinj podnijeli su danas, 07. januara 2013. godine, Osnovnom dr\u017eavnom tu\u017eiocu u\" \/>\n<meta property=\"og:url\" content=\"https:\/\/www.visit-ulcinj.com\/blog\/2013\/01\/07\/maloljetnici-osumnjiceni-za-pljacku-skole-u-ulcinju\/\" \/>\n<meta property=\"og:site_name\" content=\"Lajme nga Ulqini\" \/>\n<meta property=\"article:published_time\" content=\"2013-01-07T18:43:30+00:00\" \/>\n<meta property=\"article:modified_time\" content=\"2013-01-07T18:44:19+00:00\" \/>\n<meta property=\"og:image\" content=\"http:\/\/www.visit-ulcinj.com\/blog\/wp-content\/uploads\/2013\/01\/Osnovna-Skolla-Marsal-Tito_Ulcinj.jpg\" \/>\n<meta name=\"twitter:label1\" content=\"Written by\" \/>\n\t<meta name=\"twitter:data1\" content=\"ulqini\" \/>\n\t<meta name=\"twitter:label2\" content=\"Est. reading time\" \/>\n\t<meta name=\"twitter:data2\" content=\"1 minute\" \/>\n<script type=\"application\/ld+json\" class=\"yoast-schema-graph\">{\"@context\":\"https:\/\/schema.org\",\"@graph\":[{\"@type\":\"WebSite\",\"@id\":\"https:\/\/www.visit-ulcinj.com\/blog\/#website\",\"url\":\"https:\/\/www.visit-ulcinj.com\/blog\/\",\"name\":\"Lajme nga Ulqini\",\"description\":\"Lajme,Vijesti,Ulqini,Ulqin,Crna Gora,Mali i Zi\",\"potentialAction\":[{\"@type\":\"SearchAction\",\"target\":{\"@type\":\"EntryPoint\",\"urlTemplate\":\"https:\/\/www.visit-ulcinj.com\/blog\/?s={search_term_string}\"},\"query-input\":\"required name=search_term_string\"}],\"inLanguage\":\"en-US\"},{\"@type\":\"ImageObject\",\"inLanguage\":\"en-US\",\"@id\":\"https:\/\/www.visit-ulcinj.com\/blog\/2013\/01\/07\/maloljetnici-osumnjiceni-za-pljacku-skole-u-ulcinju\/#primaryimage\",\"url\":\"https:\/\/www.visit-ulcinj.com\/blog\/wp-content\/uploads\/2013\/01\/Osnovna-Skolla-Marsal-Tito_Ulcinj.jpg\",\"contentUrl\":\"https:\/\/www.visit-ulcinj.com\/blog\/wp-content\/uploads\/2013\/01\/Osnovna-Skolla-Marsal-Tito_Ulcinj.jpg\",\"width\":646,\"height\":485},{\"@type\":\"WebPage\",\"@id\":\"https:\/\/www.visit-ulcinj.com\/blog\/2013\/01\/07\/maloljetnici-osumnjiceni-za-pljacku-skole-u-ulcinju\/#webpage\",\"url\":\"https:\/\/www.visit-ulcinj.com\/blog\/2013\/01\/07\/maloljetnici-osumnjiceni-za-pljacku-skole-u-ulcinju\/\",\"name\":\"Maloljetnici osumnji\u010deni za plja\u010dku \u0161kole u Ulcinju - Lajme nga Ulqini\",\"isPartOf\":{\"@id\":\"https:\/\/www.visit-ulcinj.com\/blog\/#website\"},\"primaryImageOfPage\":{\"@id\":\"https:\/\/www.visit-ulcinj.com\/blog\/2013\/01\/07\/maloljetnici-osumnjiceni-za-pljacku-skole-u-ulcinju\/#primaryimage\"},\"datePublished\":\"2013-01-07T18:43:30+00:00\",\"dateModified\":\"2013-01-07T18:44:19+00:00\",\"author\":{\"@id\":\"https:\/\/www.visit-ulcinj.com\/blog\/#\/schema\/person\/dcab619c614d3038751c63bc2aadc06d\"},\"description\":\"Osumnji\u010deni za te\u0161ku kra\u0111u u osnovnoj \u0161koli Slu\u017ebenici Ispostave policije Ulcinj podnijeli su danas, 07. januara 2013. godine, Osnovnom dr\u017eavnom tu\u017eiocu u\",\"breadcrumb\":{\"@id\":\"https:\/\/www.visit-ulcinj.com\/blog\/2013\/01\/07\/maloljetnici-osumnjiceni-za-pljacku-skole-u-ulcinju\/#breadcrumb\"},\"inLanguage\":\"en-US\",\"potentialAction\":[{\"@type\":\"ReadAction\",\"target\":[\"https:\/\/www.visit-ulcinj.com\/blog\/2013\/01\/07\/maloljetnici-osumnjiceni-za-pljacku-skole-u-ulcinju\/\"]}]},{\"@type\":\"BreadcrumbList\",\"@id\":\"https:\/\/www.visit-ulcinj.com\/blog\/2013\/01\/07\/maloljetnici-osumnjiceni-za-pljacku-skole-u-ulcinju\/#breadcrumb\",\"itemListElement\":[{\"@type\":\"ListItem\",\"position\":1,\"name\":\"Maloljetnici osumnji\u010deni za plja\u010dku \u0161kole u Ulcinju\"}]},{\"@type\":\"Person\",\"@id\":\"https:\/\/www.visit-ulcinj.com\/blog\/#\/schema\/person\/dcab619c614d3038751c63bc2aadc06d\",\"name\":\"ulqini\",\"sameAs\":[\"http:\/\/www.visit-ulcinj.com\"],\"url\":\"https:\/\/www.visit-ulcinj.com\/blog\/author\/admin\/\"}]}<\/script>\n<!-- \/ Yoast SEO plugin. -->","yoast_head_json":{"title":"Maloljetnici osumnji\u010deni za plja\u010dku \u0161kole u Ulcinju - Lajme nga Ulqini","description":"Osumnji\u010deni za te\u0161ku kra\u0111u u osnovnoj \u0161koli Slu\u017ebenici Ispostave policije Ulcinj podnijeli su danas, 07. januara 2013. godine, Osnovnom dr\u017eavnom tu\u017eiocu u","robots":{"index":"index","follow":"follow","max-snippet":"max-snippet:-1","max-image-preview":"max-image-preview:large","max-video-preview":"max-video-preview:-1"},"canonical":"https:\/\/www.visit-ulcinj.com\/blog\/2013\/01\/07\/maloljetnici-osumnjiceni-za-pljacku-skole-u-ulcinju\/","og_locale":"en_US","og_type":"article","og_title":"Maloljetnici osumnji\u010deni za plja\u010dku \u0161kole u Ulcinju - Lajme nga Ulqini","og_description":"Osumnji\u010deni za te\u0161ku kra\u0111u u osnovnoj \u0161koli Slu\u017ebenici Ispostave policije Ulcinj podnijeli su danas, 07. januara 2013. godine, Osnovnom dr\u017eavnom tu\u017eiocu u","og_url":"https:\/\/www.visit-ulcinj.com\/blog\/2013\/01\/07\/maloljetnici-osumnjiceni-za-pljacku-skole-u-ulcinju\/","og_site_name":"Lajme nga Ulqini","article_published_time":"2013-01-07T18:43:30+00:00","article_modified_time":"2013-01-07T18:44:19+00:00","og_image":[{"url":"http:\/\/www.visit-ulcinj.com\/blog\/wp-content\/uploads\/2013\/01\/Osnovna-Skolla-Marsal-Tito_Ulcinj.jpg"}],"twitter_misc":{"Written by":"ulqini","Est. reading time":"1 minute"},"schema":{"@context":"https:\/\/schema.org","@graph":[{"@type":"WebSite","@id":"https:\/\/www.visit-ulcinj.com\/blog\/#website","url":"https:\/\/www.visit-ulcinj.com\/blog\/","name":"Lajme nga Ulqini","description":"Lajme,Vijesti,Ulqini,Ulqin,Crna Gora,Mali i Zi","potentialAction":[{"@type":"SearchAction","target":{"@type":"EntryPoint","urlTemplate":"https:\/\/www.visit-ulcinj.com\/blog\/?s={search_term_string}"},"query-input":"required name=search_term_string"}],"inLanguage":"en-US"},{"@type":"ImageObject","inLanguage":"en-US","@id":"https:\/\/www.visit-ulcinj.com\/blog\/2013\/01\/07\/maloljetnici-osumnjiceni-za-pljacku-skole-u-ulcinju\/#primaryimage","url":"https:\/\/www.visit-ulcinj.com\/blog\/wp-content\/uploads\/2013\/01\/Osnovna-Skolla-Marsal-Tito_Ulcinj.jpg","contentUrl":"https:\/\/www.visit-ulcinj.com\/blog\/wp-content\/uploads\/2013\/01\/Osnovna-Skolla-Marsal-Tito_Ulcinj.jpg","width":646,"height":485},{"@type":"WebPage","@id":"https:\/\/www.visit-ulcinj.com\/blog\/2013\/01\/07\/maloljetnici-osumnjiceni-za-pljacku-skole-u-ulcinju\/#webpage","url":"https:\/\/www.visit-ulcinj.com\/blog\/2013\/01\/07\/maloljetnici-osumnjiceni-za-pljacku-skole-u-ulcinju\/","name":"Maloljetnici osumnji\u010deni za plja\u010dku \u0161kole u Ulcinju - Lajme nga Ulqini","isPartOf":{"@id":"https:\/\/www.visit-ulcinj.com\/blog\/#website"},"primaryImageOfPage":{"@id":"https:\/\/www.visit-ulcinj.com\/blog\/2013\/01\/07\/maloljetnici-osumnjiceni-za-pljacku-skole-u-ulcinju\/#primaryimage"},"datePublished":"2013-01-07T18:43:30+00:00","dateModified":"2013-01-07T18:44:19+00:00","author":{"@id":"https:\/\/www.visit-ulcinj.com\/blog\/#\/schema\/person\/dcab619c614d3038751c63bc2aadc06d"},"description":"Osumnji\u010deni za te\u0161ku kra\u0111u u osnovnoj \u0161koli Slu\u017ebenici Ispostave policije Ulcinj podnijeli su danas, 07. januara 2013. godine, Osnovnom dr\u017eavnom tu\u017eiocu u","breadcrumb":{"@id":"https:\/\/www.visit-ulcinj.com\/blog\/2013\/01\/07\/maloljetnici-osumnjiceni-za-pljacku-skole-u-ulcinju\/#breadcrumb"},"inLanguage":"en-US","potentialAction":[{"@type":"ReadAction","target":["https:\/\/www.visit-ulcinj.com\/blog\/2013\/01\/07\/maloljetnici-osumnjiceni-za-pljacku-skole-u-ulcinju\/"]}]},{"@type":"BreadcrumbList","@id":"https:\/\/www.visit-ulcinj.com\/blog\/2013\/01\/07\/maloljetnici-osumnjiceni-za-pljacku-skole-u-ulcinju\/#breadcrumb","itemListElement":[{"@type":"ListItem","position":1,"name":"Maloljetnici osumnji\u010deni za plja\u010dku \u0161kole u Ulcinju"}]},{"@type":"Person","@id":"https:\/\/www.visit-ulcinj.com\/blog\/#\/schema\/person\/dcab619c614d3038751c63bc2aadc06d","name":"ulqini","sameAs":["http:\/\/www.visit-ulcinj.com"],"url":"https:\/\/www.visit-ulcinj.com\/blog\/author\/admin\/"}]}},"jetpack_featured_media_url":"","jetpack_sharing_enabled":true,"jetpack_shortlink":"https:\/\/wp.me\/pe6lTn-hxF","_links":{"self":[{"href":"https:\/\/www.visit-ulcinj.com\/blog\/wp-json\/wp\/v2\/posts\/67435"}],"collection":[{"href":"https:\/\/www.visit-ulcinj.com\/blog\/wp-json\/wp\/v2\/posts"}],"about":[{"href":"https:\/\/www.visit-ulcinj.com\/blog\/wp-json\/wp\/v2\/types\/post"}],"author":[{"embeddable":true,"href":"https:\/\/www.visit-ulcinj.com\/blog\/wp-json\/wp\/v2\/users\/1"}],"replies":[{"embeddable":true,"href":"https:\/\/www.visit-ulcinj.com\/blog\/wp-json\/wp\/v2\/comments?post=67435"}],"version-history":[{"count":2,"href":"https:\/\/www.visit-ulcinj.com\/blog\/wp-json\/wp\/v2\/posts\/67435\/revisions"}],"predecessor-version":[{"id":67439,"href":"https:\/\/www.visit-ulcinj.com\/blog\/wp-json\/wp\/v2\/posts\/67435\/revisions\/67439"}],"wp:attachment":[{"href":"https:\/\/www.visit-ulcinj.com\/blog\/wp-json\/wp\/v2\/media?parent=67435"}],"wp:term":[{"taxonomy":"category","embeddable":true,"href":"https:\/\/www.visit-ulcinj.com\/blog\/wp-json\/wp\/v2\/categories?post=67435"},{"taxonomy":"post_tag","embeddable":true,"href":"https:\/\/www.visit-ulcinj.com\/blog\/wp-json\/wp\/v2\/tags?post=67435"}],"curies":[{"name":"wp","href":"https:\/\/api.w.org\/{rel}","templated":true}]}}