{"id":67447,"date":"2013-01-08T10:18:47","date_gmt":"2013-01-08T09:18:47","guid":{"rendered":"http:\/\/www.visit-ulcinj.com\/blog\/?p=67447"},"modified":"2013-01-12T17:37:38","modified_gmt":"2013-01-12T16:37:38","slug":"danas-referendum-gusinje-trazi-opstinu","status":"publish","type":"post","link":"https:\/\/www.visit-ulcinj.com\/blog\/2013\/01\/08\/danas-referendum-gusinje-trazi-opstinu\/","title":{"rendered":"Danas referendum: Gusinje tra\u017ei op\u0161tinu &#8211; Video"},"content":{"rendered":"<p><a href=\"http:\/\/www.visit-ulcinj.com\/blog\/wp-content\/uploads\/2013\/01\/gusinje-referendum.jpg\"><img loading=\"lazy\" class=\"alignleft  wp-image-67448\" alt=\"gusinje referendum\" src=\"http:\/\/www.visit-ulcinj.com\/blog\/wp-content\/uploads\/2013\/01\/gusinje-referendum.jpg\" width=\"350\" height=\"350\" srcset=\"https:\/\/www.visit-ulcinj.com\/blog\/wp-content\/uploads\/2013\/01\/gusinje-referendum.jpg 484w, https:\/\/www.visit-ulcinj.com\/blog\/wp-content\/uploads\/2013\/01\/gusinje-referendum-150x150.jpg 150w, https:\/\/www.visit-ulcinj.com\/blog\/wp-content\/uploads\/2013\/01\/gusinje-referendum-300x300.jpg 300w\" sizes=\"(max-width: 350px) 100vw, 350px\" \/><\/a>Stanovnici Plava danas \u0107e se na konsultativnom referendumu izja\u0161njavati o inicijativi da Gusinje ponovo dobije status op\u0161tine.<\/p>\n<p>Zbog izja\u0161njavanja i podr\u0161ke inicijativi, tokom proteklog vikenda u Plav su stigli i mnogi iz ovog kraja koji \u017eive u Njujorku, pi\u0161e Pobjeda.<\/p>\n<p>Na prekju\u010dera\u0161njem predreferendumskom skupu poru\u010dili su da \u0107e svi do jednog glasati za povra\u0107aj statusa op\u0161tine, te da je to njihov san.<\/p>\n<p>Predsjednik SO Plav dr Said \u010ceki\u0107 je kazao Pobjedi da o\u010dekuje pozivitan ishod glasanja na referendumu, te da \u0107e Gusinje uskoro ponovo biti op\u0161tina.<\/p>\n<p>Predsjednik Mjesne zajednice u Gusinju \u201e2. avgust\u201c dr Rusmin Lali\u010di\u0107 rekao je da \u0107e dobijanje statusa op\u0161tine omogu\u0107iti ovom kraju da \u201estane na noge\u201c.<\/p>\n<p>Grupa Gusinjana koji \u017eive i rade u Njujorku, a koji su ovih dana stigli da glasaju na referendumu rekli su da im je \u017eelja da se poslije radnog vijeka svi vrate u rodni kraj i ulo\u017ee ste\u010deni kapital.<\/p>\n<p>U Gusinju \u017eivi vi\u0161e od 30.000 stanovnika. Mje\u0161tani ka\u017eu da bi vra\u0107anje statusa op\u0161tine i izgradnja puta Gusinje \u2013 Podgorica motivisalo mnoge mlade ljude koji su stekli visoko obrazovanje da ostanu, dok bi se, ka\u017eu, veliki broj vratio iz svijeta.<\/p>\n<p><strong>Izvor: CDM<\/strong><br \/>\n<iframe loading=\"lazy\" width=\"506\" height=\"360\" src=\"http:\/\/www.youtube.com\/embed\/5H3k2Mc2SXA\" frameborder=\"0\" allowfullscreen><\/iframe><\/p>\n","protected":false},"excerpt":{"rendered":"<p>Stanovnici Plava danas \u0107e se na konsultativnom referendumu izja\u0161njavati o inicijativi da Gusinje ponovo dobije status op\u0161tine. Zbog izja\u0161njavanja i podr\u0161ke inicijativi, tokom proteklog vikenda u Plav su stigli i mnogi iz ovog kraja koji \u017eive u Njujorku, pi\u0161e Pobjeda. Na prekju\u010dera\u0161njem predreferendumskom skupu poru\u010dili su da \u0107e svi do jednog glasati za povra\u0107aj statusa [&hellip;]<\/p>\n","protected":false},"author":1,"featured_media":0,"comment_status":"open","ping_status":"closed","sticky":false,"template":"","format":"standard","meta":{"spay_email":"","jetpack_publicize_message":"","jetpack_is_tweetstorm":false,"jetpack_publicize_feature_enabled":true},"categories":[6950],"tags":[20,21676,1611],"jetpack_publicize_connections":[],"yoast_head":"<!-- This site is optimized with the Yoast SEO plugin v19.1 - https:\/\/yoast.com\/wordpress\/plugins\/seo\/ -->\n<title>Danas referendum: Gusinje tra\u017ei op\u0161tinu - Video - Lajme nga Ulqini<\/title>\n<meta name=\"description\" content=\"Stanovnici Plava danas \u0107e se na konsultativnom referendumu izja\u0161njavati o inicijativi da Gusinje ponovo dobije status op\u0161tine. Zbog izja\u0161njavanja i\" \/>\n<meta name=\"robots\" content=\"index, follow, max-snippet:-1, max-image-preview:large, max-video-preview:-1\" \/>\n<link rel=\"canonical\" href=\"https:\/\/www.visit-ulcinj.com\/blog\/2013\/01\/08\/danas-referendum-gusinje-trazi-opstinu\/\" \/>\n<meta property=\"og:locale\" content=\"en_US\" \/>\n<meta property=\"og:type\" content=\"article\" \/>\n<meta property=\"og:title\" content=\"Danas referendum: Gusinje tra\u017ei op\u0161tinu - Video - Lajme nga Ulqini\" \/>\n<meta property=\"og:description\" content=\"Stanovnici Plava danas \u0107e se na konsultativnom referendumu izja\u0161njavati o inicijativi da Gusinje ponovo dobije status op\u0161tine. Zbog izja\u0161njavanja i\" \/>\n<meta property=\"og:url\" content=\"https:\/\/www.visit-ulcinj.com\/blog\/2013\/01\/08\/danas-referendum-gusinje-trazi-opstinu\/\" \/>\n<meta property=\"og:site_name\" content=\"Lajme nga Ulqini\" \/>\n<meta property=\"article:published_time\" content=\"2013-01-08T09:18:47+00:00\" \/>\n<meta property=\"article:modified_time\" content=\"2013-01-12T16:37:38+00:00\" \/>\n<meta property=\"og:image\" content=\"http:\/\/www.visit-ulcinj.com\/blog\/wp-content\/uploads\/2013\/01\/gusinje-referendum.jpg\" \/>\n<meta name=\"twitter:label1\" content=\"Written by\" \/>\n\t<meta name=\"twitter:data1\" content=\"ulqini\" \/>\n\t<meta name=\"twitter:label2\" content=\"Est. reading time\" \/>\n\t<meta name=\"twitter:data2\" content=\"1 minute\" \/>\n<script type=\"application\/ld+json\" class=\"yoast-schema-graph\">{\"@context\":\"https:\/\/schema.org\",\"@graph\":[{\"@type\":\"WebSite\",\"@id\":\"https:\/\/www.visit-ulcinj.com\/blog\/#website\",\"url\":\"https:\/\/www.visit-ulcinj.com\/blog\/\",\"name\":\"Lajme nga Ulqini\",\"description\":\"Lajme,Vijesti,Ulqini,Ulqin,Crna Gora,Mali i Zi\",\"potentialAction\":[{\"@type\":\"SearchAction\",\"target\":{\"@type\":\"EntryPoint\",\"urlTemplate\":\"https:\/\/www.visit-ulcinj.com\/blog\/?s={search_term_string}\"},\"query-input\":\"required name=search_term_string\"}],\"inLanguage\":\"en-US\"},{\"@type\":\"ImageObject\",\"inLanguage\":\"en-US\",\"@id\":\"https:\/\/www.visit-ulcinj.com\/blog\/2013\/01\/08\/danas-referendum-gusinje-trazi-opstinu\/#primaryimage\",\"url\":\"https:\/\/www.visit-ulcinj.com\/blog\/wp-content\/uploads\/2013\/01\/gusinje-referendum.jpg\",\"contentUrl\":\"https:\/\/www.visit-ulcinj.com\/blog\/wp-content\/uploads\/2013\/01\/gusinje-referendum.jpg\",\"width\":484,\"height\":484},{\"@type\":\"WebPage\",\"@id\":\"https:\/\/www.visit-ulcinj.com\/blog\/2013\/01\/08\/danas-referendum-gusinje-trazi-opstinu\/#webpage\",\"url\":\"https:\/\/www.visit-ulcinj.com\/blog\/2013\/01\/08\/danas-referendum-gusinje-trazi-opstinu\/\",\"name\":\"Danas referendum: Gusinje tra\u017ei op\u0161tinu - Video - Lajme nga Ulqini\",\"isPartOf\":{\"@id\":\"https:\/\/www.visit-ulcinj.com\/blog\/#website\"},\"primaryImageOfPage\":{\"@id\":\"https:\/\/www.visit-ulcinj.com\/blog\/2013\/01\/08\/danas-referendum-gusinje-trazi-opstinu\/#primaryimage\"},\"datePublished\":\"2013-01-08T09:18:47+00:00\",\"dateModified\":\"2013-01-12T16:37:38+00:00\",\"author\":{\"@id\":\"https:\/\/www.visit-ulcinj.com\/blog\/#\/schema\/person\/dcab619c614d3038751c63bc2aadc06d\"},\"description\":\"Stanovnici Plava danas \u0107e se na konsultativnom referendumu izja\u0161njavati o inicijativi da Gusinje ponovo dobije status op\u0161tine. Zbog izja\u0161njavanja i\",\"breadcrumb\":{\"@id\":\"https:\/\/www.visit-ulcinj.com\/blog\/2013\/01\/08\/danas-referendum-gusinje-trazi-opstinu\/#breadcrumb\"},\"inLanguage\":\"en-US\",\"potentialAction\":[{\"@type\":\"ReadAction\",\"target\":[\"https:\/\/www.visit-ulcinj.com\/blog\/2013\/01\/08\/danas-referendum-gusinje-trazi-opstinu\/\"]}]},{\"@type\":\"BreadcrumbList\",\"@id\":\"https:\/\/www.visit-ulcinj.com\/blog\/2013\/01\/08\/danas-referendum-gusinje-trazi-opstinu\/#breadcrumb\",\"itemListElement\":[{\"@type\":\"ListItem\",\"position\":1,\"name\":\"Danas referendum: Gusinje tra\u017ei op\u0161tinu &#8211; Video\"}]},{\"@type\":\"Person\",\"@id\":\"https:\/\/www.visit-ulcinj.com\/blog\/#\/schema\/person\/dcab619c614d3038751c63bc2aadc06d\",\"name\":\"ulqini\",\"sameAs\":[\"http:\/\/www.visit-ulcinj.com\"],\"url\":\"https:\/\/www.visit-ulcinj.com\/blog\/author\/admin\/\"}]}<\/script>\n<!-- \/ Yoast SEO plugin. -->","yoast_head_json":{"title":"Danas referendum: Gusinje tra\u017ei op\u0161tinu - Video - Lajme nga Ulqini","description":"Stanovnici Plava danas \u0107e se na konsultativnom referendumu izja\u0161njavati o inicijativi da Gusinje ponovo dobije status op\u0161tine. Zbog izja\u0161njavanja i","robots":{"index":"index","follow":"follow","max-snippet":"max-snippet:-1","max-image-preview":"max-image-preview:large","max-video-preview":"max-video-preview:-1"},"canonical":"https:\/\/www.visit-ulcinj.com\/blog\/2013\/01\/08\/danas-referendum-gusinje-trazi-opstinu\/","og_locale":"en_US","og_type":"article","og_title":"Danas referendum: Gusinje tra\u017ei op\u0161tinu - Video - Lajme nga Ulqini","og_description":"Stanovnici Plava danas \u0107e se na konsultativnom referendumu izja\u0161njavati o inicijativi da Gusinje ponovo dobije status op\u0161tine. Zbog izja\u0161njavanja i","og_url":"https:\/\/www.visit-ulcinj.com\/blog\/2013\/01\/08\/danas-referendum-gusinje-trazi-opstinu\/","og_site_name":"Lajme nga Ulqini","article_published_time":"2013-01-08T09:18:47+00:00","article_modified_time":"2013-01-12T16:37:38+00:00","og_image":[{"url":"http:\/\/www.visit-ulcinj.com\/blog\/wp-content\/uploads\/2013\/01\/gusinje-referendum.jpg"}],"twitter_misc":{"Written by":"ulqini","Est. reading time":"1 minute"},"schema":{"@context":"https:\/\/schema.org","@graph":[{"@type":"WebSite","@id":"https:\/\/www.visit-ulcinj.com\/blog\/#website","url":"https:\/\/www.visit-ulcinj.com\/blog\/","name":"Lajme nga Ulqini","description":"Lajme,Vijesti,Ulqini,Ulqin,Crna Gora,Mali i Zi","potentialAction":[{"@type":"SearchAction","target":{"@type":"EntryPoint","urlTemplate":"https:\/\/www.visit-ulcinj.com\/blog\/?s={search_term_string}"},"query-input":"required name=search_term_string"}],"inLanguage":"en-US"},{"@type":"ImageObject","inLanguage":"en-US","@id":"https:\/\/www.visit-ulcinj.com\/blog\/2013\/01\/08\/danas-referendum-gusinje-trazi-opstinu\/#primaryimage","url":"https:\/\/www.visit-ulcinj.com\/blog\/wp-content\/uploads\/2013\/01\/gusinje-referendum.jpg","contentUrl":"https:\/\/www.visit-ulcinj.com\/blog\/wp-content\/uploads\/2013\/01\/gusinje-referendum.jpg","width":484,"height":484},{"@type":"WebPage","@id":"https:\/\/www.visit-ulcinj.com\/blog\/2013\/01\/08\/danas-referendum-gusinje-trazi-opstinu\/#webpage","url":"https:\/\/www.visit-ulcinj.com\/blog\/2013\/01\/08\/danas-referendum-gusinje-trazi-opstinu\/","name":"Danas referendum: Gusinje tra\u017ei op\u0161tinu - Video - Lajme nga Ulqini","isPartOf":{"@id":"https:\/\/www.visit-ulcinj.com\/blog\/#website"},"primaryImageOfPage":{"@id":"https:\/\/www.visit-ulcinj.com\/blog\/2013\/01\/08\/danas-referendum-gusinje-trazi-opstinu\/#primaryimage"},"datePublished":"2013-01-08T09:18:47+00:00","dateModified":"2013-01-12T16:37:38+00:00","author":{"@id":"https:\/\/www.visit-ulcinj.com\/blog\/#\/schema\/person\/dcab619c614d3038751c63bc2aadc06d"},"description":"Stanovnici Plava danas \u0107e se na konsultativnom referendumu izja\u0161njavati o inicijativi da Gusinje ponovo dobije status op\u0161tine. Zbog izja\u0161njavanja i","breadcrumb":{"@id":"https:\/\/www.visit-ulcinj.com\/blog\/2013\/01\/08\/danas-referendum-gusinje-trazi-opstinu\/#breadcrumb"},"inLanguage":"en-US","potentialAction":[{"@type":"ReadAction","target":["https:\/\/www.visit-ulcinj.com\/blog\/2013\/01\/08\/danas-referendum-gusinje-trazi-opstinu\/"]}]},{"@type":"BreadcrumbList","@id":"https:\/\/www.visit-ulcinj.com\/blog\/2013\/01\/08\/danas-referendum-gusinje-trazi-opstinu\/#breadcrumb","itemListElement":[{"@type":"ListItem","position":1,"name":"Danas referendum: Gusinje tra\u017ei op\u0161tinu &#8211; Video"}]},{"@type":"Person","@id":"https:\/\/www.visit-ulcinj.com\/blog\/#\/schema\/person\/dcab619c614d3038751c63bc2aadc06d","name":"ulqini","sameAs":["http:\/\/www.visit-ulcinj.com"],"url":"https:\/\/www.visit-ulcinj.com\/blog\/author\/admin\/"}]}},"jetpack_featured_media_url":"","jetpack_sharing_enabled":true,"jetpack_shortlink":"https:\/\/wp.me\/pe6lTn-hxR","_links":{"self":[{"href":"https:\/\/www.visit-ulcinj.com\/blog\/wp-json\/wp\/v2\/posts\/67447"}],"collection":[{"href":"https:\/\/www.visit-ulcinj.com\/blog\/wp-json\/wp\/v2\/posts"}],"about":[{"href":"https:\/\/www.visit-ulcinj.com\/blog\/wp-json\/wp\/v2\/types\/post"}],"author":[{"embeddable":true,"href":"https:\/\/www.visit-ulcinj.com\/blog\/wp-json\/wp\/v2\/users\/1"}],"replies":[{"embeddable":true,"href":"https:\/\/www.visit-ulcinj.com\/blog\/wp-json\/wp\/v2\/comments?post=67447"}],"version-history":[{"count":2,"href":"https:\/\/www.visit-ulcinj.com\/blog\/wp-json\/wp\/v2\/posts\/67447\/revisions"}],"predecessor-version":[{"id":67566,"href":"https:\/\/www.visit-ulcinj.com\/blog\/wp-json\/wp\/v2\/posts\/67447\/revisions\/67566"}],"wp:attachment":[{"href":"https:\/\/www.visit-ulcinj.com\/blog\/wp-json\/wp\/v2\/media?parent=67447"}],"wp:term":[{"taxonomy":"category","embeddable":true,"href":"https:\/\/www.visit-ulcinj.com\/blog\/wp-json\/wp\/v2\/categories?post=67447"},{"taxonomy":"post_tag","embeddable":true,"href":"https:\/\/www.visit-ulcinj.com\/blog\/wp-json\/wp\/v2\/tags?post=67447"}],"curies":[{"name":"wp","href":"https:\/\/api.w.org\/{rel}","templated":true}]}}