{"id":67450,"date":"2013-01-08T18:35:06","date_gmt":"2013-01-08T17:35:06","guid":{"rendered":"http:\/\/www.visit-ulcinj.com\/blog\/?p=67450"},"modified":"2013-01-08T18:36:02","modified_gmt":"2013-01-08T17:36:02","slug":"elvana-dhe-flori-bashke-edhe-ne-2013","status":"publish","type":"post","link":"https:\/\/www.visit-ulcinj.com\/blog\/2013\/01\/08\/elvana-dhe-flori-bashke-edhe-ne-2013\/","title":{"rendered":"Elvana dhe Flori, bashk\u00eb edhe n\u00eb 2013"},"content":{"rendered":"<p>Dy k\u00ebng\u00ebtar\u00ebt e njohur shqiptar, Florian Mumajesi dhe Elvana Gjata, vazhdojn\u00eb t\u00eb jen\u00eb bashk\u00ebpun\u00ebtor\u00eb t\u00eb ngusht\u00eb n\u00eb muzik\u00eb.Ata kan\u00eb filluar vitin 2013, duke performuar bashk\u00eb n\u00eb nat\u00ebn e par\u00eb t\u00eb k\u00ebtij viti, p\u00ebr fansat e tyre n\u00eb Zvic\u00ebr.<br \/>\n<a href=\"http:\/\/www.visit-ulcinj.com\/blog\/wp-content\/uploads\/2013\/01\/Elvana-dhe-Flori.jpg\"><img loading=\"lazy\" class=\"alignleft  wp-image-67451\" alt=\"Elvana dhe Flori\" src=\"http:\/\/www.visit-ulcinj.com\/blog\/wp-content\/uploads\/2013\/01\/Elvana-dhe-Flori.jpg\" width=\"508\" height=\"356\" \/><\/a><\/p>\n<p>Elvana \u00ebsht\u00eb shfaqur si gjithmon\u00eb energjike dhe t\u00ebrheq\u00ebse n\u00eb sken\u00eb, e veshur me nj\u00eb fustan t\u00eb ngjitur pas trupit.<\/p>\n<p><a href=\"http:\/\/www.visit-ulcinj.com\/blog\/wp-content\/uploads\/2013\/01\/Elvaneza-2013.jpg\"><img loading=\"lazy\" class=\"alignleft  wp-image-67452\" alt=\"Elvaneza-2013\" src=\"http:\/\/www.visit-ulcinj.com\/blog\/wp-content\/uploads\/2013\/01\/Elvaneza-2013.jpg\" width=\"508\" height=\"400\" \/><\/a><\/p>\n<p>\u00cbsht\u00eb p\u00ebrfolur shum\u00eb se dy nga k\u00ebng\u00ebtar\u00ebt m\u00eb t\u00eb d\u00ebgjuar n\u00eb hap\u00ebsir\u00ebn shqiptare kan\u00eb nj\u00eb lidhje, por ata kete e kan\u00eb mohuar ne vazhdimesi.<\/p>\n<p><a href=\"http:\/\/www.visit-ulcinj.com\/blog\/wp-content\/uploads\/2013\/01\/flori.jpg\"><img loading=\"lazy\" class=\"alignleft  wp-image-67453\" alt=\"flori\" src=\"http:\/\/www.visit-ulcinj.com\/blog\/wp-content\/uploads\/2013\/01\/flori.jpg\" width=\"508\" height=\"300\" \/><\/a><\/p>\n<p>T\u00eb njohur ndryshe si \u201cdyshja e famshme shqiptare\u201d, ata nuk kan\u00eb pushuar gjat\u00eb gjith\u00eb vitit t\u00eb shkuar, duke sjell\u00eb muzik\u00eb q\u00eb ka kapur majat, nd\u00ebrsa planifikojn\u00eb q\u00eb me suksese t\u00eb vazhdojn\u00eb edhe k\u00ebt\u00eb vit.<\/p>\n<p><strong>Vipat Info<\/strong><\/p>\n<p><strong>Elvana dhe Flori b\u00ebjn\u00eb publike lidhjen e dashuris\u00eb<\/strong><\/p>\n<p><a href=\"http:\/\/www.visit-ulcinj.com\/blog\/wp-content\/uploads\/2013\/01\/Flori_elvana2.jpg\"><img loading=\"lazy\" class=\"alignleft size-full wp-image-67454\" alt=\"Flori_elvana2\" src=\"http:\/\/www.visit-ulcinj.com\/blog\/wp-content\/uploads\/2013\/01\/Flori_elvana2.jpg\" width=\"400\" height=\"501\" \/><\/a><\/p>\n<p><strong>Aventura dashurie mes fansash n\u00eb Kanada e Amerik\u00eb.<\/strong><\/p>\n<p>Ky \u00ebsht\u00eb momenti i tyre dhe p\u00ebr k\u00ebt\u00eb nuk ka mjaftuar vet\u00ebm bashk\u00ebpunimi e realizimi i hiteve muzikore, p\u00ebr t\u00eb cilat jan\u00eb komentuar gjat\u00eb gjith\u00eb k\u00ebsaj periudhe. Por k\u00ebto vitet e fundit, q\u00eb kur Flori mori n\u00eb menaxhim k\u00ebng\u00ebtaren Elvana Gjata, komentet se pas k\u00ebtij bashk\u00ebpunimi t\u00eb fort\u00eb patjet\u00ebr fshihej di\u00e7ka m\u00eb shum\u00eb,natyrisht q\u00eb edhe u ka sh\u00ebrbyer dy k\u00ebng\u00ebtar\u00ebve p\u00ebr karrier\u00ebn e tyre. Dihet q\u00eb n\u00eb publik shkaktojn\u00eb impakt lidhje t\u00eb tilla, sidomos kur nj\u00eb dyshe artist\u00ebsh si e tyrja fansat e shohin si interesante. Dhe ja ku jan\u00eb Flori Mumajesi dhe Elvana Gjata n\u00eb nj\u00eb \u201clove story\u201d, q\u00eb nuk kan\u00eb pse ta fshehin m\u00eb. T\u00eb dy kan\u00eb statuset \u201csingle\u201d, pasi u kan\u00eb dh\u00ebn\u00eb fund lidhjeve t\u00eb m\u00ebparshme dhe tashm\u00eb kalojn\u00eb 24 or\u00eb n\u00eb 24 bashk\u00eb. Flori, krijues i shum\u00eb k\u00ebng\u00ebve \u201chit-e\u201d n\u00eb k\u00ebto vitet e fundit, pasi ka investuar mir\u00eb p\u00ebr emrin e tij, tashm\u00eb po i dedikohet s\u00eb pari vet\u00ebm Elvan\u00ebs. Ata kan\u00eb nj\u00eb axhend\u00eb t\u00eb mir\u00ebmenduar koncertesh, dhe viti 2011 ishte viti kur ata shkel\u00ebn Kanadan\u00eb e Nju Jorkun, n\u00eb koncertet e tyre shum\u00eb fitimprur\u00ebse. N\u00eb momentet e pushimit dhe relaksit, dy k\u00ebng\u00ebtar\u00ebt duke menduar se jan\u00eb shum\u00eb larg Shqip\u00ebris\u00eb ku mund t\u00eb komentohen p\u00ebr afrimitetin, sjelljet e tyre me nj\u00ebri-tjetrin, atje jan\u00eb ndier t\u00eb lir\u00eb duke mos u kursyer n\u00eb shk\u00ebmbimin e gjesteve t\u00eb dashuris\u00eb. Pas nj\u00eb pauze t\u00eb gjat\u00eb n\u00eb ekranet shqiptare, Elvana Gjata u shfaq n\u00eb Toronto (Kanada) n\u00eb mesin e n\u00ebntorit me pamje krejt\u00ebsisht t\u00eb transformuar, aq sa u hodh ideja se ajo kishte b\u00ebr\u00eb disa nd\u00ebrhyrje plastike n\u00eb pamjen e saj, nd\u00ebrsa p\u00ebr modelin e flok\u00ebve dukej origjinal si Beyonce. K\u00ebng\u00ebtarja ishte e\u00a0 ftuar s\u00eb bashku me Flori Mumajesin dhe Andy Gramm p\u00ebr t\u00eb mbajtur nj\u00eb koncert n\u00eb club-in \u201cMaro Super Club\u201d, koncert ky i organizuar nga \u201cMODO Productions\u201d. Gjat\u00eb mbajtjes s\u00eb k\u00ebtij koncerti, ku kan\u00eb qen\u00eb af\u00ebr 1 mij\u00eb veta t\u00eb pranish\u00ebm, Elvana dhe Flori n\u00eb momente pushimi apo jasht\u00eb koncertit nuk i kan\u00eb kursyer sjelljet intime me nj\u00ebri-tjetrin, duke l\u00ebn\u00eb p\u00ebrshtypjen e nj\u00eb \u00e7ifti t\u00eb dashuruarish, m\u00eb shum\u00eb sesa t\u00eb nj\u00eb k\u00ebng\u00ebtareje me kolegun apo menaxherin e saj. Gjat\u00eb atij koncerti u realizuan shum\u00eb foto, q\u00eb fiksuan dhe ekzaltimin e publikut nd\u00ebrsa ndiqnin koncertin e tyre t\u00eb shum\u00ebpritur, ku Elvana prezantohej me look krejt t\u00eb ndryshuar. Gjat\u00eb koncertit, k\u00ebng\u00ebtarja performoi k\u00ebng\u00eb vet\u00ebm, por edhe me Florin, p\u00ebr disa or\u00eb. Elvana dhe Flori ishin t\u00eb par\u00ebt k\u00ebng\u00ebtar\u00eb shqiptar\u00eb t\u00eb ftuar nga kjo kompani, e cila ka shtrir\u00eb tashm\u00eb aktivitetin edhe n\u00eb Shqip\u00ebri. Por kjo ishte aventura e tyre e par\u00eb shum\u00eb larg Shqip\u00ebris\u00eb, ku \u00e7ifti u ndie i lir\u00eb t\u00eb shfaqej ashtu si\u00e7 jan\u00eb n\u00eb t\u00eb v\u00ebrtet\u00eb, nj\u00eb \u00e7ift t\u00eb dashuruarish. Nd\u00ebrkoh\u00eb q\u00eb nuk dihet p\u00ebrse ata t\u00eb dy preferojn\u00eb ta mbajn\u00eb gjithmon\u00eb e m\u00eb shum\u00eb t\u00eb fsheht\u00eb n\u00eb syt\u00eb e medias shqiptare k\u00ebt\u00eb lidhje t\u00eb tyre.<br \/>\n<a href=\"http:\/\/www.visit-ulcinj.com\/blog\/wp-content\/uploads\/2013\/01\/elvana1_flori.jpg\"><img loading=\"lazy\" class=\"alignleft size-full wp-image-67455\" alt=\"elvana1_flori\" src=\"http:\/\/www.visit-ulcinj.com\/blog\/wp-content\/uploads\/2013\/01\/elvana1_flori.jpg\" width=\"400\" height=\"591\" \/><\/a>Udh\u00ebtimi i dyt\u00eb i gjat\u00eb, q\u00eb mund t\u00eb cil\u00ebsohet edhe pun\u00eb edhe qejf, p\u00ebr ta ishte ai drejt Nju Jorkut, q\u00eb n\u00eb faqet e gazetave u komentua si nj\u00eb projekt q\u00eb po detyronte \u00e7iftin t\u00eb linte pushimet e fundvitit p\u00ebr nj\u00eb koncert n\u00eb Shtetet e Bashkuara t\u00eb Amerik\u00ebs. Nd\u00ebrkoh\u00eb q\u00eb nga persona q\u00eb kan\u00eb qen\u00eb t\u00eb pranish\u00ebm, ky udh\u00ebtim i tyre do t\u00eb komentohej si nj\u00eb aventur\u00eb e v\u00ebrtet\u00eb dashurie. Elvana dhe Flori, deri tani t\u00eb komentuar si \u201cdyshja m\u00eb e famshme n\u00eb trojet shqiptare\u201d, nuk kan\u00eb pushuar p\u00ebr as nj\u00eb moment gjat\u00eb vitit 2011 duke sjell\u00eb hit pas hiti p\u00ebr publikun shqiptar, dhe duke u ndier t\u00eb favorizuarit e koncerteve jasht\u00eb vendit. Dhe prap\u00eb u ka mb\u00ebrritur kjo ftes\u00eb e bukur p\u00ebr Krishtlindje. Elvana sapo kishte\u00a0 p\u00ebrfunduar xhirimet e videos p\u00ebr k\u00ebng\u00ebn \u201cGjaku im\u201d, nd\u00ebrkoh\u00eb q\u00eb n\u00eb t\u00eb nj\u00ebjt\u00ebn koh\u00eb edhe Flori hodhi n\u00eb treg videon e tij t\u00eb re p\u00ebr k\u00ebng\u00ebn \u201cS\u2019t\u00eb mbaj inat\u201d, nj\u00eb bashk\u00ebpunim ky me Labinot Tahirin. K\u00ebng\u00ebtar\u00ebt performuan n\u00eb Nju Jork, s\u00eb bashku me Andy Gramm. Koncerti u organizua nga \u201cDukagjini Production\u201d dhe u mbajt n\u00eb \u201cHighline Ballroom\u201d (431 West 16 st Manhattan), nj\u00eb koncert fill pas atij t\u00eb mbajtur n\u00eb Kanada. \u00c7ifti atje ka sh\u00ebtitur vendet m\u00eb t\u00eb bukura t\u00eb Nju Jorkut dhe ka realizuar foto t\u00eb ndryshme me nj\u00ebri-tjetrin, q\u00eb d\u00ebshmojn\u00eb qart\u00eb afeksionin e tyre. Nuk dihet se si do jet\u00eb viti 2012 p\u00ebr Florin dhe Elvan\u00ebn. N\u00ebse do t\u00eb jen\u00eb t\u00eb preferuarit e menaxher\u00ebve s\u00ebrish, dhe n\u00ebse do t\u00eb hedhin nj\u00eb hap m\u00eb shum\u00eb n\u00eb marr\u00ebdh\u00ebnien q\u00eb kan\u00eb me nj\u00ebri-tjetrin. Gjithsesi, p\u00ebr ta viti 2011 ishte nj\u00eb vit me shum\u00eb shk\u00eblqim dhe mbresa. Nga nj\u00eb anket\u00eb e realizuar n\u00eb Kosov\u00eb n\u00eb dhjetor, me mendimin e vet\u00eb k\u00ebng\u00ebtar\u00ebve, ata ishin dy emrat q\u00eb u p\u00ebrmend\u00ebn m\u00eb shum\u00eb her\u00eb p\u00ebr hitet e tyre nga koleg\u00ebt. Nd\u00ebrkoh\u00eb q\u00eb si k\u00ebng\u00ebtar\u00ebt m\u00eb \u2018in\u201d p\u00ebr momentin n\u00eb trojet shqiptare e m\u00eb gjer\u00eb, Flori dhe Elvana nuk mund t\u00eb mungonin n\u00eb k\u00ebng\u00ebn \u201cJemi nj\u00eb\u201d, video e realizuar nga \u201cKlan Kosova\u201d, me pjes\u00ebmarrjen e Yllk\u00ebs, Teut\u00ebs, Lyrical Son, Julk\u00ebs, Vedatit dhe Vesa Lum\u00ebs. E n\u00eb fund t\u00eb fundit, ajo q\u00eb ka m\u00eb shum\u00eb vler\u00eb \u00ebsht\u00eb paraja, dhe ndoshta p\u00ebr hir t\u00eb k\u00ebsaj lidhjeje simpatike, \u00e7mimi i tyre p\u00ebr koncerte jasht\u00eb tashm\u00eb ka kapur shifr\u00ebn 5 mij\u00eb euro.<\/p>\n<p><strong>Panorama<\/strong><\/p>\n<p><iframe loading=\"lazy\" width=\"560\" height=\"360\" src=\"http:\/\/www.youtube.com\/embed\/FMOrLe8HA0E\" frameborder=\"0\" allowfullscreen><\/iframe><\/p>\n","protected":false},"excerpt":{"rendered":"<p>Dy k\u00ebng\u00ebtar\u00ebt e njohur shqiptar, Florian Mumajesi dhe Elvana Gjata, vazhdojn\u00eb t\u00eb jen\u00eb bashk\u00ebpun\u00ebtor\u00eb t\u00eb ngusht\u00eb n\u00eb muzik\u00eb.Ata kan\u00eb filluar vitin 2013, duke performuar bashk\u00eb n\u00eb nat\u00ebn e par\u00eb t\u00eb k\u00ebtij viti, p\u00ebr fansat e tyre n\u00eb Zvic\u00ebr. Elvana \u00ebsht\u00eb shfaqur si gjithmon\u00eb energjike dhe t\u00ebrheq\u00ebse n\u00eb sken\u00eb, e veshur me nj\u00eb fustan t\u00eb ngjitur [&hellip;]<\/p>\n","protected":false},"author":1,"featured_media":0,"comment_status":"open","ping_status":"closed","sticky":false,"template":"","format":"standard","meta":{"spay_email":"","jetpack_publicize_message":"","jetpack_is_tweetstorm":false,"jetpack_publicize_feature_enabled":true},"categories":[1],"tags":[19677,19805,7760,7895,19806,16036,19514,19511,19513,6693,4684,19460],"jetpack_publicize_connections":[],"yoast_head":"<!-- This site is optimized with the Yoast SEO plugin v19.1 - https:\/\/yoast.com\/wordpress\/plugins\/seo\/ -->\n<title>Elvana dhe Flori, bashk\u00eb edhe n\u00eb 2013 - Lajme nga Ulqini<\/title>\n<meta name=\"description\" content=\"Dy k\u00ebng\u00ebtar\u00ebt e njohur shqiptar, Florian Mumajesi dhe Elvana Gjata, vazhdojn\u00eb t\u00eb jen\u00eb bashk\u00ebpun\u00ebtor\u00eb t\u00eb ngusht\u00eb n\u00eb muzik\u00eb.Ata kan\u00eb filluar vitin 2013,\" \/>\n<meta name=\"robots\" content=\"index, follow, max-snippet:-1, max-image-preview:large, max-video-preview:-1\" \/>\n<link rel=\"canonical\" href=\"https:\/\/www.visit-ulcinj.com\/blog\/2013\/01\/08\/elvana-dhe-flori-bashke-edhe-ne-2013\/\" \/>\n<meta property=\"og:locale\" content=\"en_US\" \/>\n<meta property=\"og:type\" content=\"article\" \/>\n<meta property=\"og:title\" content=\"Elvana dhe Flori, bashk\u00eb edhe n\u00eb 2013 - Lajme nga Ulqini\" \/>\n<meta property=\"og:description\" content=\"Dy k\u00ebng\u00ebtar\u00ebt e njohur shqiptar, Florian Mumajesi dhe Elvana Gjata, vazhdojn\u00eb t\u00eb jen\u00eb bashk\u00ebpun\u00ebtor\u00eb t\u00eb ngusht\u00eb n\u00eb muzik\u00eb.Ata kan\u00eb filluar vitin 2013,\" \/>\n<meta property=\"og:url\" content=\"https:\/\/www.visit-ulcinj.com\/blog\/2013\/01\/08\/elvana-dhe-flori-bashke-edhe-ne-2013\/\" \/>\n<meta property=\"og:site_name\" content=\"Lajme nga Ulqini\" \/>\n<meta property=\"article:published_time\" content=\"2013-01-08T17:35:06+00:00\" \/>\n<meta property=\"article:modified_time\" content=\"2013-01-08T17:36:02+00:00\" \/>\n<meta property=\"og:image\" content=\"http:\/\/www.visit-ulcinj.com\/blog\/wp-content\/uploads\/2013\/01\/Elvana-dhe-Flori.jpg\" \/>\n<meta name=\"twitter:label1\" content=\"Written by\" \/>\n\t<meta name=\"twitter:data1\" content=\"ulqini\" \/>\n\t<meta name=\"twitter:label2\" content=\"Est. reading time\" \/>\n\t<meta name=\"twitter:data2\" content=\"6 minutes\" \/>\n<script type=\"application\/ld+json\" class=\"yoast-schema-graph\">{\"@context\":\"https:\/\/schema.org\",\"@graph\":[{\"@type\":\"WebSite\",\"@id\":\"https:\/\/www.visit-ulcinj.com\/blog\/#website\",\"url\":\"https:\/\/www.visit-ulcinj.com\/blog\/\",\"name\":\"Lajme nga Ulqini\",\"description\":\"Lajme,Vijesti,Ulqini,Ulqin,Crna Gora,Mali i Zi\",\"potentialAction\":[{\"@type\":\"SearchAction\",\"target\":{\"@type\":\"EntryPoint\",\"urlTemplate\":\"https:\/\/www.visit-ulcinj.com\/blog\/?s={search_term_string}\"},\"query-input\":\"required name=search_term_string\"}],\"inLanguage\":\"en-US\"},{\"@type\":\"ImageObject\",\"inLanguage\":\"en-US\",\"@id\":\"https:\/\/www.visit-ulcinj.com\/blog\/2013\/01\/08\/elvana-dhe-flori-bashke-edhe-ne-2013\/#primaryimage\",\"url\":\"http:\/\/www.visit-ulcinj.com\/blog\/wp-content\/uploads\/2013\/01\/Elvana-dhe-Flori.jpg\",\"contentUrl\":\"http:\/\/www.visit-ulcinj.com\/blog\/wp-content\/uploads\/2013\/01\/Elvana-dhe-Flori.jpg\"},{\"@type\":\"WebPage\",\"@id\":\"https:\/\/www.visit-ulcinj.com\/blog\/2013\/01\/08\/elvana-dhe-flori-bashke-edhe-ne-2013\/#webpage\",\"url\":\"https:\/\/www.visit-ulcinj.com\/blog\/2013\/01\/08\/elvana-dhe-flori-bashke-edhe-ne-2013\/\",\"name\":\"Elvana dhe Flori, bashk\u00eb edhe n\u00eb 2013 - Lajme nga Ulqini\",\"isPartOf\":{\"@id\":\"https:\/\/www.visit-ulcinj.com\/blog\/#website\"},\"primaryImageOfPage\":{\"@id\":\"https:\/\/www.visit-ulcinj.com\/blog\/2013\/01\/08\/elvana-dhe-flori-bashke-edhe-ne-2013\/#primaryimage\"},\"datePublished\":\"2013-01-08T17:35:06+00:00\",\"dateModified\":\"2013-01-08T17:36:02+00:00\",\"author\":{\"@id\":\"https:\/\/www.visit-ulcinj.com\/blog\/#\/schema\/person\/dcab619c614d3038751c63bc2aadc06d\"},\"description\":\"Dy k\u00ebng\u00ebtar\u00ebt e njohur shqiptar, Florian Mumajesi dhe Elvana Gjata, vazhdojn\u00eb t\u00eb jen\u00eb bashk\u00ebpun\u00ebtor\u00eb t\u00eb ngusht\u00eb n\u00eb muzik\u00eb.Ata kan\u00eb filluar vitin 2013,\",\"breadcrumb\":{\"@id\":\"https:\/\/www.visit-ulcinj.com\/blog\/2013\/01\/08\/elvana-dhe-flori-bashke-edhe-ne-2013\/#breadcrumb\"},\"inLanguage\":\"en-US\",\"potentialAction\":[{\"@type\":\"ReadAction\",\"target\":[\"https:\/\/www.visit-ulcinj.com\/blog\/2013\/01\/08\/elvana-dhe-flori-bashke-edhe-ne-2013\/\"]}]},{\"@type\":\"BreadcrumbList\",\"@id\":\"https:\/\/www.visit-ulcinj.com\/blog\/2013\/01\/08\/elvana-dhe-flori-bashke-edhe-ne-2013\/#breadcrumb\",\"itemListElement\":[{\"@type\":\"ListItem\",\"position\":1,\"name\":\"Elvana dhe Flori, bashk\u00eb edhe n\u00eb 2013\"}]},{\"@type\":\"Person\",\"@id\":\"https:\/\/www.visit-ulcinj.com\/blog\/#\/schema\/person\/dcab619c614d3038751c63bc2aadc06d\",\"name\":\"ulqini\",\"sameAs\":[\"http:\/\/www.visit-ulcinj.com\"],\"url\":\"https:\/\/www.visit-ulcinj.com\/blog\/author\/admin\/\"}]}<\/script>\n<!-- \/ Yoast SEO plugin. -->","yoast_head_json":{"title":"Elvana dhe Flori, bashk\u00eb edhe n\u00eb 2013 - Lajme nga Ulqini","description":"Dy k\u00ebng\u00ebtar\u00ebt e njohur shqiptar, Florian Mumajesi dhe Elvana Gjata, vazhdojn\u00eb t\u00eb jen\u00eb bashk\u00ebpun\u00ebtor\u00eb t\u00eb ngusht\u00eb n\u00eb muzik\u00eb.Ata kan\u00eb filluar vitin 2013,","robots":{"index":"index","follow":"follow","max-snippet":"max-snippet:-1","max-image-preview":"max-image-preview:large","max-video-preview":"max-video-preview:-1"},"canonical":"https:\/\/www.visit-ulcinj.com\/blog\/2013\/01\/08\/elvana-dhe-flori-bashke-edhe-ne-2013\/","og_locale":"en_US","og_type":"article","og_title":"Elvana dhe Flori, bashk\u00eb edhe n\u00eb 2013 - Lajme nga Ulqini","og_description":"Dy k\u00ebng\u00ebtar\u00ebt e njohur shqiptar, Florian Mumajesi dhe Elvana Gjata, vazhdojn\u00eb t\u00eb jen\u00eb bashk\u00ebpun\u00ebtor\u00eb t\u00eb ngusht\u00eb n\u00eb muzik\u00eb.Ata kan\u00eb filluar vitin 2013,","og_url":"https:\/\/www.visit-ulcinj.com\/blog\/2013\/01\/08\/elvana-dhe-flori-bashke-edhe-ne-2013\/","og_site_name":"Lajme nga Ulqini","article_published_time":"2013-01-08T17:35:06+00:00","article_modified_time":"2013-01-08T17:36:02+00:00","og_image":[{"url":"http:\/\/www.visit-ulcinj.com\/blog\/wp-content\/uploads\/2013\/01\/Elvana-dhe-Flori.jpg"}],"twitter_misc":{"Written by":"ulqini","Est. reading time":"6 minutes"},"schema":{"@context":"https:\/\/schema.org","@graph":[{"@type":"WebSite","@id":"https:\/\/www.visit-ulcinj.com\/blog\/#website","url":"https:\/\/www.visit-ulcinj.com\/blog\/","name":"Lajme nga Ulqini","description":"Lajme,Vijesti,Ulqini,Ulqin,Crna Gora,Mali i Zi","potentialAction":[{"@type":"SearchAction","target":{"@type":"EntryPoint","urlTemplate":"https:\/\/www.visit-ulcinj.com\/blog\/?s={search_term_string}"},"query-input":"required name=search_term_string"}],"inLanguage":"en-US"},{"@type":"ImageObject","inLanguage":"en-US","@id":"https:\/\/www.visit-ulcinj.com\/blog\/2013\/01\/08\/elvana-dhe-flori-bashke-edhe-ne-2013\/#primaryimage","url":"http:\/\/www.visit-ulcinj.com\/blog\/wp-content\/uploads\/2013\/01\/Elvana-dhe-Flori.jpg","contentUrl":"http:\/\/www.visit-ulcinj.com\/blog\/wp-content\/uploads\/2013\/01\/Elvana-dhe-Flori.jpg"},{"@type":"WebPage","@id":"https:\/\/www.visit-ulcinj.com\/blog\/2013\/01\/08\/elvana-dhe-flori-bashke-edhe-ne-2013\/#webpage","url":"https:\/\/www.visit-ulcinj.com\/blog\/2013\/01\/08\/elvana-dhe-flori-bashke-edhe-ne-2013\/","name":"Elvana dhe Flori, bashk\u00eb edhe n\u00eb 2013 - Lajme nga Ulqini","isPartOf":{"@id":"https:\/\/www.visit-ulcinj.com\/blog\/#website"},"primaryImageOfPage":{"@id":"https:\/\/www.visit-ulcinj.com\/blog\/2013\/01\/08\/elvana-dhe-flori-bashke-edhe-ne-2013\/#primaryimage"},"datePublished":"2013-01-08T17:35:06+00:00","dateModified":"2013-01-08T17:36:02+00:00","author":{"@id":"https:\/\/www.visit-ulcinj.com\/blog\/#\/schema\/person\/dcab619c614d3038751c63bc2aadc06d"},"description":"Dy k\u00ebng\u00ebtar\u00ebt e njohur shqiptar, Florian Mumajesi dhe Elvana Gjata, vazhdojn\u00eb t\u00eb jen\u00eb bashk\u00ebpun\u00ebtor\u00eb t\u00eb ngusht\u00eb n\u00eb muzik\u00eb.Ata kan\u00eb filluar vitin 2013,","breadcrumb":{"@id":"https:\/\/www.visit-ulcinj.com\/blog\/2013\/01\/08\/elvana-dhe-flori-bashke-edhe-ne-2013\/#breadcrumb"},"inLanguage":"en-US","potentialAction":[{"@type":"ReadAction","target":["https:\/\/www.visit-ulcinj.com\/blog\/2013\/01\/08\/elvana-dhe-flori-bashke-edhe-ne-2013\/"]}]},{"@type":"BreadcrumbList","@id":"https:\/\/www.visit-ulcinj.com\/blog\/2013\/01\/08\/elvana-dhe-flori-bashke-edhe-ne-2013\/#breadcrumb","itemListElement":[{"@type":"ListItem","position":1,"name":"Elvana dhe Flori, bashk\u00eb edhe n\u00eb 2013"}]},{"@type":"Person","@id":"https:\/\/www.visit-ulcinj.com\/blog\/#\/schema\/person\/dcab619c614d3038751c63bc2aadc06d","name":"ulqini","sameAs":["http:\/\/www.visit-ulcinj.com"],"url":"https:\/\/www.visit-ulcinj.com\/blog\/author\/admin\/"}]}},"jetpack_featured_media_url":"","jetpack_sharing_enabled":true,"jetpack_shortlink":"https:\/\/wp.me\/pe6lTn-hxU","_links":{"self":[{"href":"https:\/\/www.visit-ulcinj.com\/blog\/wp-json\/wp\/v2\/posts\/67450"}],"collection":[{"href":"https:\/\/www.visit-ulcinj.com\/blog\/wp-json\/wp\/v2\/posts"}],"about":[{"href":"https:\/\/www.visit-ulcinj.com\/blog\/wp-json\/wp\/v2\/types\/post"}],"author":[{"embeddable":true,"href":"https:\/\/www.visit-ulcinj.com\/blog\/wp-json\/wp\/v2\/users\/1"}],"replies":[{"embeddable":true,"href":"https:\/\/www.visit-ulcinj.com\/blog\/wp-json\/wp\/v2\/comments?post=67450"}],"version-history":[{"count":4,"href":"https:\/\/www.visit-ulcinj.com\/blog\/wp-json\/wp\/v2\/posts\/67450\/revisions"}],"predecessor-version":[{"id":67458,"href":"https:\/\/www.visit-ulcinj.com\/blog\/wp-json\/wp\/v2\/posts\/67450\/revisions\/67458"}],"wp:attachment":[{"href":"https:\/\/www.visit-ulcinj.com\/blog\/wp-json\/wp\/v2\/media?parent=67450"}],"wp:term":[{"taxonomy":"category","embeddable":true,"href":"https:\/\/www.visit-ulcinj.com\/blog\/wp-json\/wp\/v2\/categories?post=67450"},{"taxonomy":"post_tag","embeddable":true,"href":"https:\/\/www.visit-ulcinj.com\/blog\/wp-json\/wp\/v2\/tags?post=67450"}],"curies":[{"name":"wp","href":"https:\/\/api.w.org\/{rel}","templated":true}]}}