{"id":67460,"date":"2013-01-08T18:46:04","date_gmt":"2013-01-08T17:46:04","guid":{"rendered":"http:\/\/www.visit-ulcinj.com\/blog\/?p=67460"},"modified":"2013-01-08T18:48:58","modified_gmt":"2013-01-08T17:48:58","slug":"shpati-do-duet-me-tunen-video","status":"publish","type":"post","link":"https:\/\/www.visit-ulcinj.com\/blog\/2013\/01\/08\/shpati-do-duet-me-tunen-video\/","title":{"rendered":"Shpati do duet me Tunen &#8211; Video"},"content":{"rendered":"<p>Nuk ka munguar edhe k\u00ebt\u00eb vit k\u00ebng\u00ebtari nga Shkupi, Shpat Kasapi, n\u00eb nj\u00eb nga programet m\u00eb atraktive t\u00eb RTV21, ku sipas formatit ai ka fituar s\u00eb bashku me Tun\u00ebn n\u00eb konkursin ku ata kan\u00eb sh\u00ebrbyer si kamerier\u00eb n\u00eb Prishtin\u00eb p\u00ebr nj\u00eb or\u00eb.<br \/>\n<a href=\"http:\/\/www.visit-ulcinj.com\/blog\/wp-content\/uploads\/2013\/01\/TUNA-DHE-SHPATI.jpg\"><img loading=\"lazy\" class=\"alignleft  wp-image-67461\" alt=\"TUNA-DHE-SHPATI\" src=\"http:\/\/www.visit-ulcinj.com\/blog\/wp-content\/uploads\/2013\/01\/TUNA-DHE-SHPATI.jpg\" width=\"508\" height=\"350\" \/><\/a><br \/>\nDhe, sipas k\u00ebsaj loje komike, ata kan\u00eb fituar t\u00eb drejt\u00ebn t\u00eb b\u00ebjn\u00eb nj\u00eb duet dhe t\u00eb realizojn\u00eb nj\u00eb video falas. Si duket, Shpatit i ka p\u00eblqyer q\u00eb t\u00eb kishte nj\u00eb duet me Tun\u00ebn pse jo, por Altuna nuk ka dh\u00ebn\u00eb ende p\u00eblqimin e saj. M.GJ.<br \/>\n<strong><br \/>\nGazeta Express<\/strong><\/p>\n<p><iframe loading=\"lazy\" width=\"508\" height=\"360\" src=\"http:\/\/www.youtube.com\/embed\/hpO8IdRTz48\" frameborder=\"0\" allowfullscreen><\/iframe><\/p>\n","protected":false},"excerpt":{"rendered":"<p>Nuk ka munguar edhe k\u00ebt\u00eb vit k\u00ebng\u00ebtari nga Shkupi, Shpat Kasapi, n\u00eb nj\u00eb nga programet m\u00eb atraktive t\u00eb RTV21, ku sipas formatit ai ka fituar s\u00eb bashku me Tun\u00ebn n\u00eb konkursin ku ata kan\u00eb sh\u00ebrbyer si kamerier\u00eb n\u00eb Prishtin\u00eb p\u00ebr nj\u00eb or\u00eb. Dhe, sipas k\u00ebsaj loje komike, ata kan\u00eb fituar t\u00eb drejt\u00ebn t\u00eb b\u00ebjn\u00eb nj\u00eb [&hellip;]<\/p>\n","protected":false},"author":1,"featured_media":0,"comment_status":"open","ping_status":"closed","sticky":false,"template":"","format":"standard","meta":{"spay_email":"","jetpack_publicize_message":"","jetpack_is_tweetstorm":false,"jetpack_publicize_feature_enabled":true},"categories":[1],"tags":[4972,227,4970],"jetpack_publicize_connections":[],"yoast_head":"<!-- This site is optimized with the Yoast SEO plugin v19.1 - https:\/\/yoast.com\/wordpress\/plugins\/seo\/ -->\n<title>Shpati do duet me Tunen - Video - Lajme nga Ulqini<\/title>\n<meta name=\"description\" content=\"Nuk ka munguar edhe k\u00ebt\u00eb vit k\u00ebng\u00ebtari nga Shkupi, Shpat Kasapi, n\u00eb nj\u00eb nga programet m\u00eb atraktive t\u00eb RTV21, ku sipas formatit ai ka fituar s\u00eb bashku me\" \/>\n<meta name=\"robots\" content=\"index, follow, max-snippet:-1, max-image-preview:large, max-video-preview:-1\" \/>\n<link rel=\"canonical\" href=\"https:\/\/www.visit-ulcinj.com\/blog\/2013\/01\/08\/shpati-do-duet-me-tunen-video\/\" \/>\n<meta property=\"og:locale\" content=\"en_US\" \/>\n<meta property=\"og:type\" content=\"article\" \/>\n<meta property=\"og:title\" content=\"Shpati do duet me Tunen - Video - Lajme nga Ulqini\" \/>\n<meta property=\"og:description\" content=\"Nuk ka munguar edhe k\u00ebt\u00eb vit k\u00ebng\u00ebtari nga Shkupi, Shpat Kasapi, n\u00eb nj\u00eb nga programet m\u00eb atraktive t\u00eb RTV21, ku sipas formatit ai ka fituar s\u00eb bashku me\" \/>\n<meta property=\"og:url\" content=\"https:\/\/www.visit-ulcinj.com\/blog\/2013\/01\/08\/shpati-do-duet-me-tunen-video\/\" \/>\n<meta property=\"og:site_name\" content=\"Lajme nga Ulqini\" \/>\n<meta property=\"article:published_time\" content=\"2013-01-08T17:46:04+00:00\" \/>\n<meta property=\"article:modified_time\" content=\"2013-01-08T17:48:58+00:00\" \/>\n<meta property=\"og:image\" content=\"http:\/\/www.visit-ulcinj.com\/blog\/wp-content\/uploads\/2013\/01\/TUNA-DHE-SHPATI.jpg\" \/>\n<meta name=\"twitter:label1\" content=\"Written by\" \/>\n\t<meta name=\"twitter:data1\" content=\"ulqini\" \/>\n\t<meta name=\"twitter:label2\" content=\"Est. reading time\" \/>\n\t<meta name=\"twitter:data2\" content=\"1 minute\" \/>\n<script type=\"application\/ld+json\" class=\"yoast-schema-graph\">{\"@context\":\"https:\/\/schema.org\",\"@graph\":[{\"@type\":\"WebSite\",\"@id\":\"https:\/\/www.visit-ulcinj.com\/blog\/#website\",\"url\":\"https:\/\/www.visit-ulcinj.com\/blog\/\",\"name\":\"Lajme nga Ulqini\",\"description\":\"Lajme,Vijesti,Ulqini,Ulqin,Crna Gora,Mali i Zi\",\"potentialAction\":[{\"@type\":\"SearchAction\",\"target\":{\"@type\":\"EntryPoint\",\"urlTemplate\":\"https:\/\/www.visit-ulcinj.com\/blog\/?s={search_term_string}\"},\"query-input\":\"required name=search_term_string\"}],\"inLanguage\":\"en-US\"},{\"@type\":\"ImageObject\",\"inLanguage\":\"en-US\",\"@id\":\"https:\/\/www.visit-ulcinj.com\/blog\/2013\/01\/08\/shpati-do-duet-me-tunen-video\/#primaryimage\",\"url\":\"http:\/\/www.visit-ulcinj.com\/blog\/wp-content\/uploads\/2013\/01\/TUNA-DHE-SHPATI.jpg\",\"contentUrl\":\"http:\/\/www.visit-ulcinj.com\/blog\/wp-content\/uploads\/2013\/01\/TUNA-DHE-SHPATI.jpg\"},{\"@type\":\"WebPage\",\"@id\":\"https:\/\/www.visit-ulcinj.com\/blog\/2013\/01\/08\/shpati-do-duet-me-tunen-video\/#webpage\",\"url\":\"https:\/\/www.visit-ulcinj.com\/blog\/2013\/01\/08\/shpati-do-duet-me-tunen-video\/\",\"name\":\"Shpati do duet me Tunen - Video - Lajme nga Ulqini\",\"isPartOf\":{\"@id\":\"https:\/\/www.visit-ulcinj.com\/blog\/#website\"},\"primaryImageOfPage\":{\"@id\":\"https:\/\/www.visit-ulcinj.com\/blog\/2013\/01\/08\/shpati-do-duet-me-tunen-video\/#primaryimage\"},\"datePublished\":\"2013-01-08T17:46:04+00:00\",\"dateModified\":\"2013-01-08T17:48:58+00:00\",\"author\":{\"@id\":\"https:\/\/www.visit-ulcinj.com\/blog\/#\/schema\/person\/dcab619c614d3038751c63bc2aadc06d\"},\"description\":\"Nuk ka munguar edhe k\u00ebt\u00eb vit k\u00ebng\u00ebtari nga Shkupi, Shpat Kasapi, n\u00eb nj\u00eb nga programet m\u00eb atraktive t\u00eb RTV21, ku sipas formatit ai ka fituar s\u00eb bashku me\",\"breadcrumb\":{\"@id\":\"https:\/\/www.visit-ulcinj.com\/blog\/2013\/01\/08\/shpati-do-duet-me-tunen-video\/#breadcrumb\"},\"inLanguage\":\"en-US\",\"potentialAction\":[{\"@type\":\"ReadAction\",\"target\":[\"https:\/\/www.visit-ulcinj.com\/blog\/2013\/01\/08\/shpati-do-duet-me-tunen-video\/\"]}]},{\"@type\":\"BreadcrumbList\",\"@id\":\"https:\/\/www.visit-ulcinj.com\/blog\/2013\/01\/08\/shpati-do-duet-me-tunen-video\/#breadcrumb\",\"itemListElement\":[{\"@type\":\"ListItem\",\"position\":1,\"name\":\"Shpati do duet me Tunen &#8211; Video\"}]},{\"@type\":\"Person\",\"@id\":\"https:\/\/www.visit-ulcinj.com\/blog\/#\/schema\/person\/dcab619c614d3038751c63bc2aadc06d\",\"name\":\"ulqini\",\"sameAs\":[\"http:\/\/www.visit-ulcinj.com\"],\"url\":\"https:\/\/www.visit-ulcinj.com\/blog\/author\/admin\/\"}]}<\/script>\n<!-- \/ Yoast SEO plugin. -->","yoast_head_json":{"title":"Shpati do duet me Tunen - Video - Lajme nga Ulqini","description":"Nuk ka munguar edhe k\u00ebt\u00eb vit k\u00ebng\u00ebtari nga Shkupi, Shpat Kasapi, n\u00eb nj\u00eb nga programet m\u00eb atraktive t\u00eb RTV21, ku sipas formatit ai ka fituar s\u00eb bashku me","robots":{"index":"index","follow":"follow","max-snippet":"max-snippet:-1","max-image-preview":"max-image-preview:large","max-video-preview":"max-video-preview:-1"},"canonical":"https:\/\/www.visit-ulcinj.com\/blog\/2013\/01\/08\/shpati-do-duet-me-tunen-video\/","og_locale":"en_US","og_type":"article","og_title":"Shpati do duet me Tunen - Video - Lajme nga Ulqini","og_description":"Nuk ka munguar edhe k\u00ebt\u00eb vit k\u00ebng\u00ebtari nga Shkupi, Shpat Kasapi, n\u00eb nj\u00eb nga programet m\u00eb atraktive t\u00eb RTV21, ku sipas formatit ai ka fituar s\u00eb bashku me","og_url":"https:\/\/www.visit-ulcinj.com\/blog\/2013\/01\/08\/shpati-do-duet-me-tunen-video\/","og_site_name":"Lajme nga Ulqini","article_published_time":"2013-01-08T17:46:04+00:00","article_modified_time":"2013-01-08T17:48:58+00:00","og_image":[{"url":"http:\/\/www.visit-ulcinj.com\/blog\/wp-content\/uploads\/2013\/01\/TUNA-DHE-SHPATI.jpg"}],"twitter_misc":{"Written by":"ulqini","Est. reading time":"1 minute"},"schema":{"@context":"https:\/\/schema.org","@graph":[{"@type":"WebSite","@id":"https:\/\/www.visit-ulcinj.com\/blog\/#website","url":"https:\/\/www.visit-ulcinj.com\/blog\/","name":"Lajme nga Ulqini","description":"Lajme,Vijesti,Ulqini,Ulqin,Crna Gora,Mali i Zi","potentialAction":[{"@type":"SearchAction","target":{"@type":"EntryPoint","urlTemplate":"https:\/\/www.visit-ulcinj.com\/blog\/?s={search_term_string}"},"query-input":"required name=search_term_string"}],"inLanguage":"en-US"},{"@type":"ImageObject","inLanguage":"en-US","@id":"https:\/\/www.visit-ulcinj.com\/blog\/2013\/01\/08\/shpati-do-duet-me-tunen-video\/#primaryimage","url":"http:\/\/www.visit-ulcinj.com\/blog\/wp-content\/uploads\/2013\/01\/TUNA-DHE-SHPATI.jpg","contentUrl":"http:\/\/www.visit-ulcinj.com\/blog\/wp-content\/uploads\/2013\/01\/TUNA-DHE-SHPATI.jpg"},{"@type":"WebPage","@id":"https:\/\/www.visit-ulcinj.com\/blog\/2013\/01\/08\/shpati-do-duet-me-tunen-video\/#webpage","url":"https:\/\/www.visit-ulcinj.com\/blog\/2013\/01\/08\/shpati-do-duet-me-tunen-video\/","name":"Shpati do duet me Tunen - Video - Lajme nga Ulqini","isPartOf":{"@id":"https:\/\/www.visit-ulcinj.com\/blog\/#website"},"primaryImageOfPage":{"@id":"https:\/\/www.visit-ulcinj.com\/blog\/2013\/01\/08\/shpati-do-duet-me-tunen-video\/#primaryimage"},"datePublished":"2013-01-08T17:46:04+00:00","dateModified":"2013-01-08T17:48:58+00:00","author":{"@id":"https:\/\/www.visit-ulcinj.com\/blog\/#\/schema\/person\/dcab619c614d3038751c63bc2aadc06d"},"description":"Nuk ka munguar edhe k\u00ebt\u00eb vit k\u00ebng\u00ebtari nga Shkupi, Shpat Kasapi, n\u00eb nj\u00eb nga programet m\u00eb atraktive t\u00eb RTV21, ku sipas formatit ai ka fituar s\u00eb bashku me","breadcrumb":{"@id":"https:\/\/www.visit-ulcinj.com\/blog\/2013\/01\/08\/shpati-do-duet-me-tunen-video\/#breadcrumb"},"inLanguage":"en-US","potentialAction":[{"@type":"ReadAction","target":["https:\/\/www.visit-ulcinj.com\/blog\/2013\/01\/08\/shpati-do-duet-me-tunen-video\/"]}]},{"@type":"BreadcrumbList","@id":"https:\/\/www.visit-ulcinj.com\/blog\/2013\/01\/08\/shpati-do-duet-me-tunen-video\/#breadcrumb","itemListElement":[{"@type":"ListItem","position":1,"name":"Shpati do duet me Tunen &#8211; Video"}]},{"@type":"Person","@id":"https:\/\/www.visit-ulcinj.com\/blog\/#\/schema\/person\/dcab619c614d3038751c63bc2aadc06d","name":"ulqini","sameAs":["http:\/\/www.visit-ulcinj.com"],"url":"https:\/\/www.visit-ulcinj.com\/blog\/author\/admin\/"}]}},"jetpack_featured_media_url":"","jetpack_sharing_enabled":true,"jetpack_shortlink":"https:\/\/wp.me\/pe6lTn-hy4","_links":{"self":[{"href":"https:\/\/www.visit-ulcinj.com\/blog\/wp-json\/wp\/v2\/posts\/67460"}],"collection":[{"href":"https:\/\/www.visit-ulcinj.com\/blog\/wp-json\/wp\/v2\/posts"}],"about":[{"href":"https:\/\/www.visit-ulcinj.com\/blog\/wp-json\/wp\/v2\/types\/post"}],"author":[{"embeddable":true,"href":"https:\/\/www.visit-ulcinj.com\/blog\/wp-json\/wp\/v2\/users\/1"}],"replies":[{"embeddable":true,"href":"https:\/\/www.visit-ulcinj.com\/blog\/wp-json\/wp\/v2\/comments?post=67460"}],"version-history":[{"count":3,"href":"https:\/\/www.visit-ulcinj.com\/blog\/wp-json\/wp\/v2\/posts\/67460\/revisions"}],"predecessor-version":[{"id":67464,"href":"https:\/\/www.visit-ulcinj.com\/blog\/wp-json\/wp\/v2\/posts\/67460\/revisions\/67464"}],"wp:attachment":[{"href":"https:\/\/www.visit-ulcinj.com\/blog\/wp-json\/wp\/v2\/media?parent=67460"}],"wp:term":[{"taxonomy":"category","embeddable":true,"href":"https:\/\/www.visit-ulcinj.com\/blog\/wp-json\/wp\/v2\/categories?post=67460"},{"taxonomy":"post_tag","embeddable":true,"href":"https:\/\/www.visit-ulcinj.com\/blog\/wp-json\/wp\/v2\/tags?post=67460"}],"curies":[{"name":"wp","href":"https:\/\/api.w.org\/{rel}","templated":true}]}}