{"id":67465,"date":"2013-01-08T18:54:33","date_gmt":"2013-01-08T17:54:33","guid":{"rendered":"http:\/\/www.visit-ulcinj.com\/blog\/?p=67465"},"modified":"2013-01-08T18:54:33","modified_gmt":"2013-01-08T17:54:33","slug":"rezarta-shkurta-i-hyn-spiritualizmit","status":"publish","type":"post","link":"https:\/\/www.visit-ulcinj.com\/blog\/2013\/01\/08\/rezarta-shkurta-i-hyn-spiritualizmit\/","title":{"rendered":"Rezarta Shkurta i hyn spiritualizmit"},"content":{"rendered":"<p>Nuk \u00ebsht\u00eb hera e par\u00eb q\u00eb nj\u00eb personazh publik nis t\u00eb besoj\u00eb n\u00eb nj\u00eb doktrin\u00eb t\u00eb caktuar duke ndryshuar kryek\u00ebput jet\u00ebn. Mesa duket doktrina q\u00eb ka ndryshuar jet\u00ebn e k\u00ebng\u00ebtares Rezarta Shkurt\u00ebs \u00ebsht\u00eb Spiritualizmi.<\/p>\n<p><a href=\"http:\/\/www.visit-ulcinj.com\/blog\/wp-content\/uploads\/2013\/01\/Rezarta-Shkurta1.jpg\"><img loading=\"lazy\" class=\"alignleft size-full wp-image-67467\" alt=\"Rezarta Shkurta\" src=\"http:\/\/www.visit-ulcinj.com\/blog\/wp-content\/uploads\/2013\/01\/Rezarta-Shkurta1.jpg\" width=\"508\" height=\"360\" \/><\/a><br \/>\nM\u00ebsohet se k\u00ebng\u00ebtarja prej koh\u00ebsh ka nisur t\u00eb besoj\u00eb n\u00eb k\u00ebt\u00eb doktrin\u00eb, madje ka gjetur paqen shpirt\u00ebrore duke i besuar. Baza e k\u00ebsaj doktrine \u00ebsht\u00eb t\u00eb kuptuarit e Universit si nj\u00eb energji n\u00eb ndryshim t\u00eb vazhduesh\u00ebm. Gjith\u00e7ka \u00ebsht\u00eb energji dhe energjia \u00ebsht\u00eb n\u00eb ndryshim t\u00eb vazhduesh\u00ebm.<\/p>\n<p><strong>Bluetooth<\/strong><br \/>\n<iframe loading=\"lazy\" width=\"508\" height=\"360\" src=\"http:\/\/www.youtube.com\/embed\/gXrHkX3piEU\" frameborder=\"0\" allowfullscreen><\/iframe><\/p>\n","protected":false},"excerpt":{"rendered":"<p>Nuk \u00ebsht\u00eb hera e par\u00eb q\u00eb nj\u00eb personazh publik nis t\u00eb besoj\u00eb n\u00eb nj\u00eb doktrin\u00eb t\u00eb caktuar duke ndryshuar kryek\u00ebput jet\u00ebn. Mesa duket doktrina q\u00eb ka ndryshuar jet\u00ebn e k\u00ebng\u00ebtares Rezarta Shkurt\u00ebs \u00ebsht\u00eb Spiritualizmi. M\u00ebsohet se k\u00ebng\u00ebtarja prej koh\u00ebsh ka nisur t\u00eb besoj\u00eb n\u00eb k\u00ebt\u00eb doktrin\u00eb, madje ka gjetur paqen shpirt\u00ebrore duke i besuar. Baza [&hellip;]<\/p>\n","protected":false},"author":1,"featured_media":0,"comment_status":"open","ping_status":"closed","sticky":false,"template":"","format":"standard","meta":{"spay_email":"","jetpack_publicize_message":"","jetpack_is_tweetstorm":false,"jetpack_publicize_feature_enabled":true},"categories":[1],"tags":[19677,19806,16036,19514,19511,4953,6693,4684,19460],"jetpack_publicize_connections":[],"yoast_head":"<!-- This site is optimized with the Yoast SEO plugin v19.1 - https:\/\/yoast.com\/wordpress\/plugins\/seo\/ -->\n<title>Rezarta Shkurta i hyn spiritualizmit - Lajme nga Ulqini<\/title>\n<meta name=\"description\" content=\"Nuk \u00ebsht\u00eb hera e par\u00eb q\u00eb nj\u00eb personazh publik nis t\u00eb besoj\u00eb n\u00eb nj\u00eb doktrin\u00eb t\u00eb caktuar duke ndryshuar kryek\u00ebput jet\u00ebn. Mesa duket doktrina q\u00eb ka ndryshuar\" \/>\n<meta name=\"robots\" content=\"index, follow, max-snippet:-1, max-image-preview:large, max-video-preview:-1\" \/>\n<link rel=\"canonical\" href=\"https:\/\/www.visit-ulcinj.com\/blog\/2013\/01\/08\/rezarta-shkurta-i-hyn-spiritualizmit\/\" \/>\n<meta property=\"og:locale\" content=\"en_US\" \/>\n<meta property=\"og:type\" content=\"article\" \/>\n<meta property=\"og:title\" content=\"Rezarta Shkurta i hyn spiritualizmit - Lajme nga Ulqini\" \/>\n<meta property=\"og:description\" content=\"Nuk \u00ebsht\u00eb hera e par\u00eb q\u00eb nj\u00eb personazh publik nis t\u00eb besoj\u00eb n\u00eb nj\u00eb doktrin\u00eb t\u00eb caktuar duke ndryshuar kryek\u00ebput jet\u00ebn. Mesa duket doktrina q\u00eb ka ndryshuar\" \/>\n<meta property=\"og:url\" content=\"https:\/\/www.visit-ulcinj.com\/blog\/2013\/01\/08\/rezarta-shkurta-i-hyn-spiritualizmit\/\" \/>\n<meta property=\"og:site_name\" content=\"Lajme nga Ulqini\" \/>\n<meta property=\"article:published_time\" content=\"2013-01-08T17:54:33+00:00\" \/>\n<meta property=\"og:image\" content=\"http:\/\/www.visit-ulcinj.com\/blog\/wp-content\/uploads\/2013\/01\/Rezarta-Shkurta1.jpg\" \/>\n<meta name=\"twitter:label1\" content=\"Written by\" \/>\n\t<meta name=\"twitter:data1\" content=\"ulqini\" \/>\n<script type=\"application\/ld+json\" class=\"yoast-schema-graph\">{\"@context\":\"https:\/\/schema.org\",\"@graph\":[{\"@type\":\"WebSite\",\"@id\":\"https:\/\/www.visit-ulcinj.com\/blog\/#website\",\"url\":\"https:\/\/www.visit-ulcinj.com\/blog\/\",\"name\":\"Lajme nga Ulqini\",\"description\":\"Lajme,Vijesti,Ulqini,Ulqin,Crna Gora,Mali i Zi\",\"potentialAction\":[{\"@type\":\"SearchAction\",\"target\":{\"@type\":\"EntryPoint\",\"urlTemplate\":\"https:\/\/www.visit-ulcinj.com\/blog\/?s={search_term_string}\"},\"query-input\":\"required name=search_term_string\"}],\"inLanguage\":\"en-US\"},{\"@type\":\"ImageObject\",\"inLanguage\":\"en-US\",\"@id\":\"https:\/\/www.visit-ulcinj.com\/blog\/2013\/01\/08\/rezarta-shkurta-i-hyn-spiritualizmit\/#primaryimage\",\"url\":\"https:\/\/www.visit-ulcinj.com\/blog\/wp-content\/uploads\/2013\/01\/Rezarta-Shkurta1.jpg\",\"contentUrl\":\"https:\/\/www.visit-ulcinj.com\/blog\/wp-content\/uploads\/2013\/01\/Rezarta-Shkurta1.jpg\",\"width\":936,\"height\":427},{\"@type\":\"WebPage\",\"@id\":\"https:\/\/www.visit-ulcinj.com\/blog\/2013\/01\/08\/rezarta-shkurta-i-hyn-spiritualizmit\/#webpage\",\"url\":\"https:\/\/www.visit-ulcinj.com\/blog\/2013\/01\/08\/rezarta-shkurta-i-hyn-spiritualizmit\/\",\"name\":\"Rezarta Shkurta i hyn spiritualizmit - Lajme nga Ulqini\",\"isPartOf\":{\"@id\":\"https:\/\/www.visit-ulcinj.com\/blog\/#website\"},\"primaryImageOfPage\":{\"@id\":\"https:\/\/www.visit-ulcinj.com\/blog\/2013\/01\/08\/rezarta-shkurta-i-hyn-spiritualizmit\/#primaryimage\"},\"datePublished\":\"2013-01-08T17:54:33+00:00\",\"dateModified\":\"2013-01-08T17:54:33+00:00\",\"author\":{\"@id\":\"https:\/\/www.visit-ulcinj.com\/blog\/#\/schema\/person\/dcab619c614d3038751c63bc2aadc06d\"},\"description\":\"Nuk \u00ebsht\u00eb hera e par\u00eb q\u00eb nj\u00eb personazh publik nis t\u00eb besoj\u00eb n\u00eb nj\u00eb doktrin\u00eb t\u00eb caktuar duke ndryshuar kryek\u00ebput jet\u00ebn. Mesa duket doktrina q\u00eb ka ndryshuar\",\"breadcrumb\":{\"@id\":\"https:\/\/www.visit-ulcinj.com\/blog\/2013\/01\/08\/rezarta-shkurta-i-hyn-spiritualizmit\/#breadcrumb\"},\"inLanguage\":\"en-US\",\"potentialAction\":[{\"@type\":\"ReadAction\",\"target\":[\"https:\/\/www.visit-ulcinj.com\/blog\/2013\/01\/08\/rezarta-shkurta-i-hyn-spiritualizmit\/\"]}]},{\"@type\":\"BreadcrumbList\",\"@id\":\"https:\/\/www.visit-ulcinj.com\/blog\/2013\/01\/08\/rezarta-shkurta-i-hyn-spiritualizmit\/#breadcrumb\",\"itemListElement\":[{\"@type\":\"ListItem\",\"position\":1,\"name\":\"Rezarta Shkurta i hyn spiritualizmit\"}]},{\"@type\":\"Person\",\"@id\":\"https:\/\/www.visit-ulcinj.com\/blog\/#\/schema\/person\/dcab619c614d3038751c63bc2aadc06d\",\"name\":\"ulqini\",\"sameAs\":[\"http:\/\/www.visit-ulcinj.com\"],\"url\":\"https:\/\/www.visit-ulcinj.com\/blog\/author\/admin\/\"}]}<\/script>\n<!-- \/ Yoast SEO plugin. -->","yoast_head_json":{"title":"Rezarta Shkurta i hyn spiritualizmit - Lajme nga Ulqini","description":"Nuk \u00ebsht\u00eb hera e par\u00eb q\u00eb nj\u00eb personazh publik nis t\u00eb besoj\u00eb n\u00eb nj\u00eb doktrin\u00eb t\u00eb caktuar duke ndryshuar kryek\u00ebput jet\u00ebn. Mesa duket doktrina q\u00eb ka ndryshuar","robots":{"index":"index","follow":"follow","max-snippet":"max-snippet:-1","max-image-preview":"max-image-preview:large","max-video-preview":"max-video-preview:-1"},"canonical":"https:\/\/www.visit-ulcinj.com\/blog\/2013\/01\/08\/rezarta-shkurta-i-hyn-spiritualizmit\/","og_locale":"en_US","og_type":"article","og_title":"Rezarta Shkurta i hyn spiritualizmit - Lajme nga Ulqini","og_description":"Nuk \u00ebsht\u00eb hera e par\u00eb q\u00eb nj\u00eb personazh publik nis t\u00eb besoj\u00eb n\u00eb nj\u00eb doktrin\u00eb t\u00eb caktuar duke ndryshuar kryek\u00ebput jet\u00ebn. Mesa duket doktrina q\u00eb ka ndryshuar","og_url":"https:\/\/www.visit-ulcinj.com\/blog\/2013\/01\/08\/rezarta-shkurta-i-hyn-spiritualizmit\/","og_site_name":"Lajme nga Ulqini","article_published_time":"2013-01-08T17:54:33+00:00","og_image":[{"url":"http:\/\/www.visit-ulcinj.com\/blog\/wp-content\/uploads\/2013\/01\/Rezarta-Shkurta1.jpg"}],"twitter_misc":{"Written by":"ulqini"},"schema":{"@context":"https:\/\/schema.org","@graph":[{"@type":"WebSite","@id":"https:\/\/www.visit-ulcinj.com\/blog\/#website","url":"https:\/\/www.visit-ulcinj.com\/blog\/","name":"Lajme nga Ulqini","description":"Lajme,Vijesti,Ulqini,Ulqin,Crna Gora,Mali i Zi","potentialAction":[{"@type":"SearchAction","target":{"@type":"EntryPoint","urlTemplate":"https:\/\/www.visit-ulcinj.com\/blog\/?s={search_term_string}"},"query-input":"required name=search_term_string"}],"inLanguage":"en-US"},{"@type":"ImageObject","inLanguage":"en-US","@id":"https:\/\/www.visit-ulcinj.com\/blog\/2013\/01\/08\/rezarta-shkurta-i-hyn-spiritualizmit\/#primaryimage","url":"https:\/\/www.visit-ulcinj.com\/blog\/wp-content\/uploads\/2013\/01\/Rezarta-Shkurta1.jpg","contentUrl":"https:\/\/www.visit-ulcinj.com\/blog\/wp-content\/uploads\/2013\/01\/Rezarta-Shkurta1.jpg","width":936,"height":427},{"@type":"WebPage","@id":"https:\/\/www.visit-ulcinj.com\/blog\/2013\/01\/08\/rezarta-shkurta-i-hyn-spiritualizmit\/#webpage","url":"https:\/\/www.visit-ulcinj.com\/blog\/2013\/01\/08\/rezarta-shkurta-i-hyn-spiritualizmit\/","name":"Rezarta Shkurta i hyn spiritualizmit - Lajme nga Ulqini","isPartOf":{"@id":"https:\/\/www.visit-ulcinj.com\/blog\/#website"},"primaryImageOfPage":{"@id":"https:\/\/www.visit-ulcinj.com\/blog\/2013\/01\/08\/rezarta-shkurta-i-hyn-spiritualizmit\/#primaryimage"},"datePublished":"2013-01-08T17:54:33+00:00","dateModified":"2013-01-08T17:54:33+00:00","author":{"@id":"https:\/\/www.visit-ulcinj.com\/blog\/#\/schema\/person\/dcab619c614d3038751c63bc2aadc06d"},"description":"Nuk \u00ebsht\u00eb hera e par\u00eb q\u00eb nj\u00eb personazh publik nis t\u00eb besoj\u00eb n\u00eb nj\u00eb doktrin\u00eb t\u00eb caktuar duke ndryshuar kryek\u00ebput jet\u00ebn. Mesa duket doktrina q\u00eb ka ndryshuar","breadcrumb":{"@id":"https:\/\/www.visit-ulcinj.com\/blog\/2013\/01\/08\/rezarta-shkurta-i-hyn-spiritualizmit\/#breadcrumb"},"inLanguage":"en-US","potentialAction":[{"@type":"ReadAction","target":["https:\/\/www.visit-ulcinj.com\/blog\/2013\/01\/08\/rezarta-shkurta-i-hyn-spiritualizmit\/"]}]},{"@type":"BreadcrumbList","@id":"https:\/\/www.visit-ulcinj.com\/blog\/2013\/01\/08\/rezarta-shkurta-i-hyn-spiritualizmit\/#breadcrumb","itemListElement":[{"@type":"ListItem","position":1,"name":"Rezarta Shkurta i hyn spiritualizmit"}]},{"@type":"Person","@id":"https:\/\/www.visit-ulcinj.com\/blog\/#\/schema\/person\/dcab619c614d3038751c63bc2aadc06d","name":"ulqini","sameAs":["http:\/\/www.visit-ulcinj.com"],"url":"https:\/\/www.visit-ulcinj.com\/blog\/author\/admin\/"}]}},"jetpack_featured_media_url":"","jetpack_sharing_enabled":true,"jetpack_shortlink":"https:\/\/wp.me\/pe6lTn-hy9","_links":{"self":[{"href":"https:\/\/www.visit-ulcinj.com\/blog\/wp-json\/wp\/v2\/posts\/67465"}],"collection":[{"href":"https:\/\/www.visit-ulcinj.com\/blog\/wp-json\/wp\/v2\/posts"}],"about":[{"href":"https:\/\/www.visit-ulcinj.com\/blog\/wp-json\/wp\/v2\/types\/post"}],"author":[{"embeddable":true,"href":"https:\/\/www.visit-ulcinj.com\/blog\/wp-json\/wp\/v2\/users\/1"}],"replies":[{"embeddable":true,"href":"https:\/\/www.visit-ulcinj.com\/blog\/wp-json\/wp\/v2\/comments?post=67465"}],"version-history":[{"count":2,"href":"https:\/\/www.visit-ulcinj.com\/blog\/wp-json\/wp\/v2\/posts\/67465\/revisions"}],"predecessor-version":[{"id":67469,"href":"https:\/\/www.visit-ulcinj.com\/blog\/wp-json\/wp\/v2\/posts\/67465\/revisions\/67469"}],"wp:attachment":[{"href":"https:\/\/www.visit-ulcinj.com\/blog\/wp-json\/wp\/v2\/media?parent=67465"}],"wp:term":[{"taxonomy":"category","embeddable":true,"href":"https:\/\/www.visit-ulcinj.com\/blog\/wp-json\/wp\/v2\/categories?post=67465"},{"taxonomy":"post_tag","embeddable":true,"href":"https:\/\/www.visit-ulcinj.com\/blog\/wp-json\/wp\/v2\/tags?post=67465"}],"curies":[{"name":"wp","href":"https:\/\/api.w.org\/{rel}","templated":true}]}}