{"id":67470,"date":"2013-01-08T19:37:25","date_gmt":"2013-01-08T18:37:25","guid":{"rendered":"http:\/\/www.visit-ulcinj.com\/blog\/?p=67470"},"modified":"2013-01-08T19:37:25","modified_gmt":"2013-01-08T18:37:25","slug":"sot-ne-plave-mbahet-referendumi-per-statusin-e-komunes-se-gucise","status":"publish","type":"post","link":"https:\/\/www.visit-ulcinj.com\/blog\/2013\/01\/08\/sot-ne-plave-mbahet-referendumi-per-statusin-e-komunes-se-gucise\/","title":{"rendered":"Sot n\u00eb Plav\u00eb mbahet referendumi p\u00ebr statusin e Komun\u00ebs s\u00eb Gucis\u00eb"},"content":{"rendered":"<p><a href=\"http:\/\/www.visit-ulcinj.com\/blog\/wp-content\/uploads\/2013\/01\/gusinje-referendum.jpg\"><img loading=\"lazy\" class=\"alignleft  wp-image-67448\" alt=\"gusinje referendum\" src=\"http:\/\/www.visit-ulcinj.com\/blog\/wp-content\/uploads\/2013\/01\/gusinje-referendum.jpg\" width=\"350\" height=\"400\" \/><\/a>Banor\u00ebt e Plav\u00ebs deklarohen sot n\u00eb referendumin konsultativ p\u00ebr iniciativ\u00ebn q\u00eb Gucia s\u00ebrish t\u00eb ket\u00eb statusin e Komun\u00ebs.<\/p>\n<p>Kryetari i Kuvendit komunal t\u00eb Plav\u00ebs Said \u00c7ekiq ka deklaruar se pret rezultat pozitiv t\u00eb votimit n\u00eb referendum dhe se Gucia s\u00eb shpejti do t\u00eb jet\u00eb Komun\u00eb n\u00eb vete.<\/p>\n<p>Sipas fjal\u00ebve t\u00eb tij ministria p\u00ebr pun\u00eb t\u00eb brendshme dhe administrat\u00eb publike do t\u00eb formoj\u00eb Komisionin t\u00eb cilin do ta p\u00ebrb\u00ebjn\u00eb p\u00ebrfaq\u00ebsuesit e qeveris\u00eb si dhe nj\u00eb p\u00ebrfaq\u00ebsues i iniciativ\u00ebs , pra i Kuvendit komunal t\u00eb Plav\u00ebs.<\/p>\n<p>Komisioni do t\u00eb shqyrtoj\u00eb rezultatet e referendumit dhe do t\u00eb p\u00ebrgatis amendamente p\u00ebr ndryshimin e ligjit p\u00ebr organizimin territorial. M\u00eb pas komplet dokumentacioni do ti dor\u00ebzohet Kuvendit t\u00eb Malit t\u00eb Zi p\u00ebr shqyrtim dhe deklarim , ka thkesuar \u00c7ekiq.<\/p>\n<p>P\u00ebrndryshe, n\u00eb nj\u00eb takimi t\u00eb zhvilluar n\u00eb muajin e kaluar, partit\u00eb nacionale shqiptare q\u00eb veprojn\u00eb n\u00eb Komun\u00ebn e Plav\u00ebs, Lidhja Demokratike n\u00eb Mal t\u00eb Zi, Unioni Demokratik i Shqiptar\u00ebve dhe Forca e Re Demokratike, kan\u00eb marr\u00eb q\u00ebndrim t\u00eb p\u00ebrbashk\u00ebt q\u00eb referendumi konsultativ p\u00ebr formimin e Komun\u00ebs s\u00eb Gucis\u00eb duhet bojkotuar.<\/p>\n<p>Ata apelojn\u00eb te t\u00eb gjith\u00eb qytetar\u00ebt e Komun\u00ebs s\u00eb Plav\u00ebs, pjes\u00eb e s\u00eb cil\u00ebs \u00ebsht\u00eb edhe Gucia, q\u00eb sot, kur po zhvillohet referendumi, t\u00eb mos dalin n\u00eb votime dhe t\u00eb bojkotojn\u00eb k\u00ebt\u00eb referendum.<\/p>\n<p>TVCG<\/p>\n","protected":false},"excerpt":{"rendered":"<p>Banor\u00ebt e Plav\u00ebs deklarohen sot n\u00eb referendumin konsultativ p\u00ebr iniciativ\u00ebn q\u00eb Gucia s\u00ebrish t\u00eb ket\u00eb statusin e Komun\u00ebs. Kryetari i Kuvendit komunal t\u00eb Plav\u00ebs Said \u00c7ekiq ka deklaruar se pret rezultat pozitiv t\u00eb votimit n\u00eb referendum dhe se Gucia s\u00eb shpejti do t\u00eb jet\u00eb Komun\u00eb n\u00eb vete. Sipas fjal\u00ebve t\u00eb tij ministria p\u00ebr pun\u00eb t\u00eb [&hellip;]<\/p>\n","protected":false},"author":1,"featured_media":0,"comment_status":"open","ping_status":"closed","sticky":false,"template":"","format":"standard","meta":{"spay_email":"","jetpack_publicize_message":"","jetpack_is_tweetstorm":false,"jetpack_publicize_feature_enabled":true},"categories":[14],"tags":[7699,5314,21677],"jetpack_publicize_connections":[],"yoast_head":"<!-- This site is optimized with the Yoast SEO plugin v19.1 - https:\/\/yoast.com\/wordpress\/plugins\/seo\/ -->\n<title>Sot n\u00eb Plav\u00eb mbahet referendumi p\u00ebr statusin e Komun\u00ebs s\u00eb Gucis\u00eb - Lajme nga Ulqini<\/title>\n<meta name=\"description\" content=\"Banor\u00ebt e Plav\u00ebs deklarohen sot n\u00eb referendumin konsultativ p\u00ebr iniciativ\u00ebn q\u00eb Gucia s\u00ebrish t\u00eb ket\u00eb statusin e Komun\u00ebs. Kryetari i Kuvendit komunal t\u00eb\" \/>\n<meta name=\"robots\" content=\"index, follow, max-snippet:-1, max-image-preview:large, max-video-preview:-1\" \/>\n<link rel=\"canonical\" href=\"https:\/\/www.visit-ulcinj.com\/blog\/2013\/01\/08\/sot-ne-plave-mbahet-referendumi-per-statusin-e-komunes-se-gucise\/\" \/>\n<meta property=\"og:locale\" content=\"en_US\" \/>\n<meta property=\"og:type\" content=\"article\" \/>\n<meta property=\"og:title\" content=\"Sot n\u00eb Plav\u00eb mbahet referendumi p\u00ebr statusin e Komun\u00ebs s\u00eb Gucis\u00eb - Lajme nga Ulqini\" \/>\n<meta property=\"og:description\" content=\"Banor\u00ebt e Plav\u00ebs deklarohen sot n\u00eb referendumin konsultativ p\u00ebr iniciativ\u00ebn q\u00eb Gucia s\u00ebrish t\u00eb ket\u00eb statusin e Komun\u00ebs. Kryetari i Kuvendit komunal t\u00eb\" \/>\n<meta property=\"og:url\" content=\"https:\/\/www.visit-ulcinj.com\/blog\/2013\/01\/08\/sot-ne-plave-mbahet-referendumi-per-statusin-e-komunes-se-gucise\/\" \/>\n<meta property=\"og:site_name\" content=\"Lajme nga Ulqini\" \/>\n<meta property=\"article:published_time\" content=\"2013-01-08T18:37:25+00:00\" \/>\n<meta property=\"og:image\" content=\"http:\/\/www.visit-ulcinj.com\/blog\/wp-content\/uploads\/2013\/01\/gusinje-referendum.jpg\" \/>\n<meta name=\"twitter:label1\" content=\"Written by\" \/>\n\t<meta name=\"twitter:data1\" content=\"ulqini\" \/>\n\t<meta name=\"twitter:label2\" content=\"Est. reading time\" \/>\n\t<meta name=\"twitter:data2\" content=\"1 minute\" \/>\n<script type=\"application\/ld+json\" class=\"yoast-schema-graph\">{\"@context\":\"https:\/\/schema.org\",\"@graph\":[{\"@type\":\"WebSite\",\"@id\":\"https:\/\/www.visit-ulcinj.com\/blog\/#website\",\"url\":\"https:\/\/www.visit-ulcinj.com\/blog\/\",\"name\":\"Lajme nga Ulqini\",\"description\":\"Lajme,Vijesti,Ulqini,Ulqin,Crna Gora,Mali i Zi\",\"potentialAction\":[{\"@type\":\"SearchAction\",\"target\":{\"@type\":\"EntryPoint\",\"urlTemplate\":\"https:\/\/www.visit-ulcinj.com\/blog\/?s={search_term_string}\"},\"query-input\":\"required name=search_term_string\"}],\"inLanguage\":\"en-US\"},{\"@type\":\"ImageObject\",\"inLanguage\":\"en-US\",\"@id\":\"https:\/\/www.visit-ulcinj.com\/blog\/2013\/01\/08\/sot-ne-plave-mbahet-referendumi-per-statusin-e-komunes-se-gucise\/#primaryimage\",\"url\":\"https:\/\/www.visit-ulcinj.com\/blog\/wp-content\/uploads\/2013\/01\/gusinje-referendum.jpg\",\"contentUrl\":\"https:\/\/www.visit-ulcinj.com\/blog\/wp-content\/uploads\/2013\/01\/gusinje-referendum.jpg\",\"width\":484,\"height\":484},{\"@type\":\"WebPage\",\"@id\":\"https:\/\/www.visit-ulcinj.com\/blog\/2013\/01\/08\/sot-ne-plave-mbahet-referendumi-per-statusin-e-komunes-se-gucise\/#webpage\",\"url\":\"https:\/\/www.visit-ulcinj.com\/blog\/2013\/01\/08\/sot-ne-plave-mbahet-referendumi-per-statusin-e-komunes-se-gucise\/\",\"name\":\"Sot n\u00eb Plav\u00eb mbahet referendumi p\u00ebr statusin e Komun\u00ebs s\u00eb Gucis\u00eb - Lajme nga Ulqini\",\"isPartOf\":{\"@id\":\"https:\/\/www.visit-ulcinj.com\/blog\/#website\"},\"primaryImageOfPage\":{\"@id\":\"https:\/\/www.visit-ulcinj.com\/blog\/2013\/01\/08\/sot-ne-plave-mbahet-referendumi-per-statusin-e-komunes-se-gucise\/#primaryimage\"},\"datePublished\":\"2013-01-08T18:37:25+00:00\",\"dateModified\":\"2013-01-08T18:37:25+00:00\",\"author\":{\"@id\":\"https:\/\/www.visit-ulcinj.com\/blog\/#\/schema\/person\/dcab619c614d3038751c63bc2aadc06d\"},\"description\":\"Banor\u00ebt e Plav\u00ebs deklarohen sot n\u00eb referendumin konsultativ p\u00ebr iniciativ\u00ebn q\u00eb Gucia s\u00ebrish t\u00eb ket\u00eb statusin e Komun\u00ebs. Kryetari i Kuvendit komunal t\u00eb\",\"breadcrumb\":{\"@id\":\"https:\/\/www.visit-ulcinj.com\/blog\/2013\/01\/08\/sot-ne-plave-mbahet-referendumi-per-statusin-e-komunes-se-gucise\/#breadcrumb\"},\"inLanguage\":\"en-US\",\"potentialAction\":[{\"@type\":\"ReadAction\",\"target\":[\"https:\/\/www.visit-ulcinj.com\/blog\/2013\/01\/08\/sot-ne-plave-mbahet-referendumi-per-statusin-e-komunes-se-gucise\/\"]}]},{\"@type\":\"BreadcrumbList\",\"@id\":\"https:\/\/www.visit-ulcinj.com\/blog\/2013\/01\/08\/sot-ne-plave-mbahet-referendumi-per-statusin-e-komunes-se-gucise\/#breadcrumb\",\"itemListElement\":[{\"@type\":\"ListItem\",\"position\":1,\"name\":\"Sot n\u00eb Plav\u00eb mbahet referendumi p\u00ebr statusin e Komun\u00ebs s\u00eb Gucis\u00eb\"}]},{\"@type\":\"Person\",\"@id\":\"https:\/\/www.visit-ulcinj.com\/blog\/#\/schema\/person\/dcab619c614d3038751c63bc2aadc06d\",\"name\":\"ulqini\",\"sameAs\":[\"http:\/\/www.visit-ulcinj.com\"],\"url\":\"https:\/\/www.visit-ulcinj.com\/blog\/author\/admin\/\"}]}<\/script>\n<!-- \/ Yoast SEO plugin. -->","yoast_head_json":{"title":"Sot n\u00eb Plav\u00eb mbahet referendumi p\u00ebr statusin e Komun\u00ebs s\u00eb Gucis\u00eb - Lajme nga Ulqini","description":"Banor\u00ebt e Plav\u00ebs deklarohen sot n\u00eb referendumin konsultativ p\u00ebr iniciativ\u00ebn q\u00eb Gucia s\u00ebrish t\u00eb ket\u00eb statusin e Komun\u00ebs. Kryetari i Kuvendit komunal t\u00eb","robots":{"index":"index","follow":"follow","max-snippet":"max-snippet:-1","max-image-preview":"max-image-preview:large","max-video-preview":"max-video-preview:-1"},"canonical":"https:\/\/www.visit-ulcinj.com\/blog\/2013\/01\/08\/sot-ne-plave-mbahet-referendumi-per-statusin-e-komunes-se-gucise\/","og_locale":"en_US","og_type":"article","og_title":"Sot n\u00eb Plav\u00eb mbahet referendumi p\u00ebr statusin e Komun\u00ebs s\u00eb Gucis\u00eb - Lajme nga Ulqini","og_description":"Banor\u00ebt e Plav\u00ebs deklarohen sot n\u00eb referendumin konsultativ p\u00ebr iniciativ\u00ebn q\u00eb Gucia s\u00ebrish t\u00eb ket\u00eb statusin e Komun\u00ebs. Kryetari i Kuvendit komunal t\u00eb","og_url":"https:\/\/www.visit-ulcinj.com\/blog\/2013\/01\/08\/sot-ne-plave-mbahet-referendumi-per-statusin-e-komunes-se-gucise\/","og_site_name":"Lajme nga Ulqini","article_published_time":"2013-01-08T18:37:25+00:00","og_image":[{"url":"http:\/\/www.visit-ulcinj.com\/blog\/wp-content\/uploads\/2013\/01\/gusinje-referendum.jpg"}],"twitter_misc":{"Written by":"ulqini","Est. reading time":"1 minute"},"schema":{"@context":"https:\/\/schema.org","@graph":[{"@type":"WebSite","@id":"https:\/\/www.visit-ulcinj.com\/blog\/#website","url":"https:\/\/www.visit-ulcinj.com\/blog\/","name":"Lajme nga Ulqini","description":"Lajme,Vijesti,Ulqini,Ulqin,Crna Gora,Mali i Zi","potentialAction":[{"@type":"SearchAction","target":{"@type":"EntryPoint","urlTemplate":"https:\/\/www.visit-ulcinj.com\/blog\/?s={search_term_string}"},"query-input":"required name=search_term_string"}],"inLanguage":"en-US"},{"@type":"ImageObject","inLanguage":"en-US","@id":"https:\/\/www.visit-ulcinj.com\/blog\/2013\/01\/08\/sot-ne-plave-mbahet-referendumi-per-statusin-e-komunes-se-gucise\/#primaryimage","url":"https:\/\/www.visit-ulcinj.com\/blog\/wp-content\/uploads\/2013\/01\/gusinje-referendum.jpg","contentUrl":"https:\/\/www.visit-ulcinj.com\/blog\/wp-content\/uploads\/2013\/01\/gusinje-referendum.jpg","width":484,"height":484},{"@type":"WebPage","@id":"https:\/\/www.visit-ulcinj.com\/blog\/2013\/01\/08\/sot-ne-plave-mbahet-referendumi-per-statusin-e-komunes-se-gucise\/#webpage","url":"https:\/\/www.visit-ulcinj.com\/blog\/2013\/01\/08\/sot-ne-plave-mbahet-referendumi-per-statusin-e-komunes-se-gucise\/","name":"Sot n\u00eb Plav\u00eb mbahet referendumi p\u00ebr statusin e Komun\u00ebs s\u00eb Gucis\u00eb - Lajme nga Ulqini","isPartOf":{"@id":"https:\/\/www.visit-ulcinj.com\/blog\/#website"},"primaryImageOfPage":{"@id":"https:\/\/www.visit-ulcinj.com\/blog\/2013\/01\/08\/sot-ne-plave-mbahet-referendumi-per-statusin-e-komunes-se-gucise\/#primaryimage"},"datePublished":"2013-01-08T18:37:25+00:00","dateModified":"2013-01-08T18:37:25+00:00","author":{"@id":"https:\/\/www.visit-ulcinj.com\/blog\/#\/schema\/person\/dcab619c614d3038751c63bc2aadc06d"},"description":"Banor\u00ebt e Plav\u00ebs deklarohen sot n\u00eb referendumin konsultativ p\u00ebr iniciativ\u00ebn q\u00eb Gucia s\u00ebrish t\u00eb ket\u00eb statusin e Komun\u00ebs. Kryetari i Kuvendit komunal t\u00eb","breadcrumb":{"@id":"https:\/\/www.visit-ulcinj.com\/blog\/2013\/01\/08\/sot-ne-plave-mbahet-referendumi-per-statusin-e-komunes-se-gucise\/#breadcrumb"},"inLanguage":"en-US","potentialAction":[{"@type":"ReadAction","target":["https:\/\/www.visit-ulcinj.com\/blog\/2013\/01\/08\/sot-ne-plave-mbahet-referendumi-per-statusin-e-komunes-se-gucise\/"]}]},{"@type":"BreadcrumbList","@id":"https:\/\/www.visit-ulcinj.com\/blog\/2013\/01\/08\/sot-ne-plave-mbahet-referendumi-per-statusin-e-komunes-se-gucise\/#breadcrumb","itemListElement":[{"@type":"ListItem","position":1,"name":"Sot n\u00eb Plav\u00eb mbahet referendumi p\u00ebr statusin e Komun\u00ebs s\u00eb Gucis\u00eb"}]},{"@type":"Person","@id":"https:\/\/www.visit-ulcinj.com\/blog\/#\/schema\/person\/dcab619c614d3038751c63bc2aadc06d","name":"ulqini","sameAs":["http:\/\/www.visit-ulcinj.com"],"url":"https:\/\/www.visit-ulcinj.com\/blog\/author\/admin\/"}]}},"jetpack_featured_media_url":"","jetpack_sharing_enabled":true,"jetpack_shortlink":"https:\/\/wp.me\/pe6lTn-hye","_links":{"self":[{"href":"https:\/\/www.visit-ulcinj.com\/blog\/wp-json\/wp\/v2\/posts\/67470"}],"collection":[{"href":"https:\/\/www.visit-ulcinj.com\/blog\/wp-json\/wp\/v2\/posts"}],"about":[{"href":"https:\/\/www.visit-ulcinj.com\/blog\/wp-json\/wp\/v2\/types\/post"}],"author":[{"embeddable":true,"href":"https:\/\/www.visit-ulcinj.com\/blog\/wp-json\/wp\/v2\/users\/1"}],"replies":[{"embeddable":true,"href":"https:\/\/www.visit-ulcinj.com\/blog\/wp-json\/wp\/v2\/comments?post=67470"}],"version-history":[{"count":1,"href":"https:\/\/www.visit-ulcinj.com\/blog\/wp-json\/wp\/v2\/posts\/67470\/revisions"}],"predecessor-version":[{"id":67471,"href":"https:\/\/www.visit-ulcinj.com\/blog\/wp-json\/wp\/v2\/posts\/67470\/revisions\/67471"}],"wp:attachment":[{"href":"https:\/\/www.visit-ulcinj.com\/blog\/wp-json\/wp\/v2\/media?parent=67470"}],"wp:term":[{"taxonomy":"category","embeddable":true,"href":"https:\/\/www.visit-ulcinj.com\/blog\/wp-json\/wp\/v2\/categories?post=67470"},{"taxonomy":"post_tag","embeddable":true,"href":"https:\/\/www.visit-ulcinj.com\/blog\/wp-json\/wp\/v2\/tags?post=67470"}],"curies":[{"name":"wp","href":"https:\/\/api.w.org\/{rel}","templated":true}]}}