{"id":67485,"date":"2013-01-09T15:52:04","date_gmt":"2013-01-09T14:52:04","guid":{"rendered":"http:\/\/www.visit-ulcinj.com\/blog\/?p=67485"},"modified":"2013-01-12T08:31:17","modified_gmt":"2013-01-12T07:31:17","slug":"sportistet-e-vitit-2012-ne-komunen-e-ulqinit","status":"publish","type":"post","link":"https:\/\/www.visit-ulcinj.com\/blog\/2013\/01\/09\/sportistet-e-vitit-2012-ne-komunen-e-ulqinit\/","title":{"rendered":"Sportist\u00ebt e vitit 2012 n\u00eb komun\u00ebn e Ulqinit + Foto"},"content":{"rendered":"<p><strong><a href=\"http:\/\/www.visit-ulcinj.com\/blog\/wp-content\/uploads\/2013\/01\/Sportistet-e-vitit-2012-te-Ulqinit.jpg\"><img loading=\"lazy\" class=\"alignleft  wp-image-67486\" alt=\"Sportistet e vitit 2012  te Ulqinit\" src=\"http:\/\/www.visit-ulcinj.com\/blog\/wp-content\/uploads\/2013\/01\/Sportistet-e-vitit-2012-te-Ulqinit.jpg\" width=\"508\" height=\"360\" \/><\/a>Komuna e Ulqinit ka ndar\u00eb shp\u00ebrblime p\u00ebr sportistet m\u00eb t\u00eb dalluar t\u00eb qytetit ton\u00eb<\/strong><\/p>\n<p>N\u00ebn organizimin e Sekretariatit p\u00ebr Administrat\u00eb, dispozita, kuadro dhe veprimtari shoq\u00ebrore, n\u00eb sall\u00ebn e Kuvendit komunal, u organizua ceremonia e ndarjes s\u00eb \u00e7mimeve p\u00ebr sportist\u00ebt dhe klubet sportive t\u00eb komun\u00ebs s\u00eb Ulqinit. \u00c7mimet u ndan\u00eb p\u00ebr sportistin m\u00eb t\u00eb mir\u00eb t\u00eb vitit, klubin m\u00eb i mir\u00eb n\u00eb sportet individuale, klubin m\u00eb t\u00eb mir\u00eb n\u00eb sportet kolektive si dhe sportistin m\u00eb me perspektiv\u00eb n\u00eb komun\u00ebn e Ulqinit p\u00ebr vitin 2012.<\/p>\n<ul>\n<li>\u00a0Sportisti m\u00eb i mir\u00eb p\u00ebr vitin 2012 u shpall Dardan Ceka nga Klubi i Krates Ulqini.<\/li>\n<li>\u00a0Klubi m\u00eb i mire n\u00eb sportet individuale u shpall Klubi i Taekwondos Ulqini.<\/li>\n<li>\u00a0Klubi m\u00eb i mire n\u00eb sportet kolektive u shpall Klubi i Hendbollit Ulqini.<\/li>\n<li>\u00a0Sportistja m\u00eb me perspektiv\u00eb p\u00ebr vitin 2012 u shpall Ardiana Karamanaga nga Klubi i Taekwondo Ulqini.<\/li>\n<\/ul>\n<p>N\u00eb k\u00ebt\u00eb ceremoni u ndan\u00eb edhe mir\u00ebnjohjet p\u00ebr sportist\u00ebt m\u00eb t\u00eb dalluar t\u00eb qytetit t\u00eb Ulqinit. K\u00ebto mir\u00ebnjohe i&#8217;u ndan\u00eb Rrezart Cungut nga Klubi i Tenisit Belvi, Edon Pultit dhe Meri Elezoviqit nga Klubi i Pingpongut Valdanos, Nikolla Hot dhe Faruk Hasanages nga Klubi i Arteve Marciale Albulena, Artan Ficit nga Klubi i Taekwondos Ulqin, Henrik Lleshajt dhe Nikolla Kova\u00e7eviqit nga Klubi i Hendbollit Ulqin, Ermin Qoroviqit dhe Adonis Markashit nga Klubi i Karates Champion, Diell\u00ebza Rames nga Klubi i Karates Ulqin, Millan Llatkoviqit dhe \u00c7elis Taflajt nga Klubi i Basketbollit Ulqin, Adem Tivarit dhe Kenan Tafiqit nga Klubi i Futbollit Federal si dhe Edita Divanoviqit nga Klubi i Futbollit p\u00ebr femra Ulqin.<\/p>\n<p><strong>Op\u0161tina Ulcinj \/ Komuna e Ulqinit<\/strong><br \/>\nTel: +382 30 412 050<br \/>\nFax: +382 30 412 413<br \/>\nAdresa: Bul. Skenderbeu bb, 85360 Ulcinj, MNE<\/p>\n\n\t\t<style type=\"text\/css\">\n\t\t\t#gallery-1 {\n\t\t\t\tmargin: auto;\n\t\t\t}\n\t\t\t#gallery-1 .gallery-item {\n\t\t\t\tfloat: left;\n\t\t\t\tmargin-top: 10px;\n\t\t\t\ttext-align: center;\n\t\t\t\twidth: 33%;\n\t\t\t}\n\t\t\t#gallery-1 img {\n\t\t\t\tborder: 2px solid #cfcfcf;\n\t\t\t}\n\t\t\t#gallery-1 .gallery-caption {\n\t\t\t\tmargin-left: 0;\n\t\t\t}\n\t\t\t\/* see gallery_shortcode() in wp-includes\/media.php *\/\n\t\t<\/style>\n\t\t<div id='gallery-1' class='gallery galleryid-67485 gallery-columns-3 gallery-size-thumbnail'><dl class='gallery-item'>\n\t\t\t<dt class='gallery-icon landscape'>\n\t\t\t\t<a href='https:\/\/www.visit-ulcinj.com\/blog\/2013\/01\/09\/sportistet-e-vitit-2012-ne-komunen-e-ulqinit\/sportistet-e-vitit-2012-te-ulqinit-6\/'><img width=\"150\" height=\"150\" src=\"https:\/\/www.visit-ulcinj.com\/blog\/wp-content\/uploads\/2013\/01\/Sportistet-e-vitit-2012-te-Ulqinit.6-150x150.jpg\" class=\"attachment-thumbnail size-thumbnail\" alt=\"\" loading=\"lazy\" \/><\/a>\n\t\t\t<\/dt><\/dl><dl class='gallery-item'>\n\t\t\t<dt class='gallery-icon landscape'>\n\t\t\t\t<a href='https:\/\/www.visit-ulcinj.com\/blog\/2013\/01\/09\/sportistet-e-vitit-2012-ne-komunen-e-ulqinit\/sportistet-e-vitit-2012-te-ulqinit-15\/'><img width=\"150\" height=\"150\" src=\"https:\/\/www.visit-ulcinj.com\/blog\/wp-content\/uploads\/2013\/01\/Sportistet-e-vitit-2012-te-Ulqinit.15-150x150.jpg\" class=\"attachment-thumbnail size-thumbnail\" alt=\"\" loading=\"lazy\" \/><\/a>\n\t\t\t<\/dt><\/dl><dl class='gallery-item'>\n\t\t\t<dt class='gallery-icon portrait'>\n\t\t\t\t<a href='https:\/\/www.visit-ulcinj.com\/blog\/2013\/01\/09\/sportistet-e-vitit-2012-ne-komunen-e-ulqinit\/sportistet-e-vitit-2012-te-ulqinit-14\/'><img width=\"150\" height=\"150\" src=\"https:\/\/www.visit-ulcinj.com\/blog\/wp-content\/uploads\/2013\/01\/Sportistet-e-vitit-2012-te-Ulqinit.14-150x150.jpg\" class=\"attachment-thumbnail size-thumbnail\" alt=\"\" loading=\"lazy\" \/><\/a>\n\t\t\t<\/dt><\/dl><br style=\"clear: both\" \/><dl class='gallery-item'>\n\t\t\t<dt class='gallery-icon landscape'>\n\t\t\t\t<a href='https:\/\/www.visit-ulcinj.com\/blog\/2013\/01\/09\/sportistet-e-vitit-2012-ne-komunen-e-ulqinit\/sportistet-e-vitit-2012-te-ulqinit-10\/'><img width=\"150\" height=\"150\" src=\"https:\/\/www.visit-ulcinj.com\/blog\/wp-content\/uploads\/2013\/01\/Sportistet-e-vitit-2012-te-Ulqinit.10-150x150.jpg\" class=\"attachment-thumbnail size-thumbnail\" alt=\"\" loading=\"lazy\" \/><\/a>\n\t\t\t<\/dt><\/dl><dl class='gallery-item'>\n\t\t\t<dt class='gallery-icon landscape'>\n\t\t\t\t<a href='https:\/\/www.visit-ulcinj.com\/blog\/2013\/01\/09\/sportistet-e-vitit-2012-ne-komunen-e-ulqinit\/sportistet-e-vitit-2012-te-ulqinit-2\/'><img width=\"150\" height=\"150\" src=\"https:\/\/www.visit-ulcinj.com\/blog\/wp-content\/uploads\/2013\/01\/Sportistet-e-vitit-2012-te-Ulqinit.2-150x150.jpg\" class=\"attachment-thumbnail size-thumbnail\" alt=\"\" loading=\"lazy\" \/><\/a>\n\t\t\t<\/dt><\/dl><dl class='gallery-item'>\n\t\t\t<dt class='gallery-icon portrait'>\n\t\t\t\t<a href='https:\/\/www.visit-ulcinj.com\/blog\/2013\/01\/09\/sportistet-e-vitit-2012-ne-komunen-e-ulqinit\/sportistet-e-vitit-2012-te-ulqinit-9\/'><img width=\"150\" height=\"150\" src=\"https:\/\/www.visit-ulcinj.com\/blog\/wp-content\/uploads\/2013\/01\/Sportistet-e-vitit-2012-te-Ulqinit.9-150x150.jpg\" class=\"attachment-thumbnail size-thumbnail\" alt=\"\" loading=\"lazy\" \/><\/a>\n\t\t\t<\/dt><\/dl><br style=\"clear: both\" \/><dl class='gallery-item'>\n\t\t\t<dt class='gallery-icon landscape'>\n\t\t\t\t<a href='https:\/\/www.visit-ulcinj.com\/blog\/2013\/01\/09\/sportistet-e-vitit-2012-ne-komunen-e-ulqinit\/sportistet-e-vitit-2012-te-ulqinit-5\/'><img width=\"150\" height=\"150\" src=\"https:\/\/www.visit-ulcinj.com\/blog\/wp-content\/uploads\/2013\/01\/Sportistet-e-vitit-2012-te-Ulqinit.5-150x150.jpg\" class=\"attachment-thumbnail size-thumbnail\" alt=\"\" loading=\"lazy\" \/><\/a>\n\t\t\t<\/dt><\/dl><dl class='gallery-item'>\n\t\t\t<dt class='gallery-icon portrait'>\n\t\t\t\t<a href='https:\/\/www.visit-ulcinj.com\/blog\/2013\/01\/09\/sportistet-e-vitit-2012-ne-komunen-e-ulqinit\/sportistet-e-vitit-2012-te-ulqinit-12\/'><img width=\"150\" height=\"150\" src=\"https:\/\/www.visit-ulcinj.com\/blog\/wp-content\/uploads\/2013\/01\/Sportistet-e-vitit-2012-te-Ulqinit.12-150x150.jpg\" class=\"attachment-thumbnail size-thumbnail\" alt=\"\" loading=\"lazy\" \/><\/a>\n\t\t\t<\/dt><\/dl><dl class='gallery-item'>\n\t\t\t<dt class='gallery-icon portrait'>\n\t\t\t\t<a href='https:\/\/www.visit-ulcinj.com\/blog\/2013\/01\/09\/sportistet-e-vitit-2012-ne-komunen-e-ulqinit\/sportistet-e-vitit-2012-te-ulqinit-8\/'><img width=\"150\" height=\"150\" src=\"https:\/\/www.visit-ulcinj.com\/blog\/wp-content\/uploads\/2013\/01\/Sportistet-e-vitit-2012-te-Ulqinit.8-150x150.jpg\" class=\"attachment-thumbnail size-thumbnail\" alt=\"\" loading=\"lazy\" \/><\/a>\n\t\t\t<\/dt><\/dl><br style=\"clear: both\" \/><dl class='gallery-item'>\n\t\t\t<dt class='gallery-icon landscape'>\n\t\t\t\t<a href='https:\/\/www.visit-ulcinj.com\/blog\/2013\/01\/09\/sportistet-e-vitit-2012-ne-komunen-e-ulqinit\/sportistet-e-vitit-2012-te-ulqinit-4\/'><img width=\"150\" height=\"150\" src=\"https:\/\/www.visit-ulcinj.com\/blog\/wp-content\/uploads\/2013\/01\/Sportistet-e-vitit-2012-te-Ulqinit.4-150x150.jpg\" class=\"attachment-thumbnail size-thumbnail\" alt=\"\" loading=\"lazy\" \/><\/a>\n\t\t\t<\/dt><\/dl><dl class='gallery-item'>\n\t\t\t<dt class='gallery-icon landscape'>\n\t\t\t\t<a href='https:\/\/www.visit-ulcinj.com\/blog\/2013\/01\/09\/sportistet-e-vitit-2012-ne-komunen-e-ulqinit\/sportiste-te-vitit-2012-te-ulqinit\/'><img width=\"150\" height=\"150\" src=\"https:\/\/www.visit-ulcinj.com\/blog\/wp-content\/uploads\/2013\/01\/Sportiste-te-vitit-2012-te-Ulqinit-150x150.jpg\" class=\"attachment-thumbnail size-thumbnail\" alt=\"\" loading=\"lazy\" \/><\/a>\n\t\t\t<\/dt><\/dl><dl class='gallery-item'>\n\t\t\t<dt class='gallery-icon landscape'>\n\t\t\t\t<a href='https:\/\/www.visit-ulcinj.com\/blog\/2013\/01\/09\/sportistet-e-vitit-2012-ne-komunen-e-ulqinit\/sportistet-e-vitit-2012-te-ulqinit-11\/'><img width=\"150\" height=\"150\" src=\"https:\/\/www.visit-ulcinj.com\/blog\/wp-content\/uploads\/2013\/01\/Sportistet-e-vitit-2012-te-Ulqinit.11-150x150.jpg\" class=\"attachment-thumbnail size-thumbnail\" alt=\"\" loading=\"lazy\" \/><\/a>\n\t\t\t<\/dt><\/dl><br style=\"clear: both\" \/><dl class='gallery-item'>\n\t\t\t<dt class='gallery-icon landscape'>\n\t\t\t\t<a href='https:\/\/www.visit-ulcinj.com\/blog\/2013\/01\/09\/sportistet-e-vitit-2012-ne-komunen-e-ulqinit\/sportistet-e-vitit-2012-te-ulqinit-7\/'><img width=\"150\" height=\"150\" src=\"https:\/\/www.visit-ulcinj.com\/blog\/wp-content\/uploads\/2013\/01\/Sportistet-e-vitit-2012-te-Ulqinit.7-150x150.jpg\" class=\"attachment-thumbnail size-thumbnail\" alt=\"\" loading=\"lazy\" \/><\/a>\n\t\t\t<\/dt><\/dl><dl class='gallery-item'>\n\t\t\t<dt class='gallery-icon landscape'>\n\t\t\t\t<a href='https:\/\/www.visit-ulcinj.com\/blog\/2013\/01\/09\/sportistet-e-vitit-2012-ne-komunen-e-ulqinit\/sportistet-e-vitit-2012-te-ulqinit-3\/'><img width=\"150\" height=\"150\" src=\"https:\/\/www.visit-ulcinj.com\/blog\/wp-content\/uploads\/2013\/01\/Sportistet-e-vitit-2012-te-Ulqinit.3-150x150.jpg\" class=\"attachment-thumbnail size-thumbnail\" alt=\"\" loading=\"lazy\" \/><\/a>\n\t\t\t<\/dt><\/dl><dl class='gallery-item'>\n\t\t\t<dt class='gallery-icon landscape'>\n\t\t\t\t<a href='https:\/\/www.visit-ulcinj.com\/blog\/2013\/01\/09\/komuna-ulqinit-shperblen-sportitstet-per-vitin-2012\/klubi-i-taekwondo-se-ulqini_shperblimi\/'><img width=\"150\" height=\"150\" src=\"https:\/\/www.visit-ulcinj.com\/blog\/wp-content\/uploads\/2013\/01\/Klubi-i-Taekwondo-s\u00eb-Ulqini_shperblimi-150x150.jpg\" class=\"attachment-thumbnail size-thumbnail\" alt=\"\" loading=\"lazy\" \/><\/a>\n\t\t\t<\/dt><\/dl><br style=\"clear: both\" \/>\n\t\t<\/div>\n\n","protected":false},"excerpt":{"rendered":"<p>Komuna e Ulqinit ka ndar\u00eb shp\u00ebrblime p\u00ebr sportistet m\u00eb t\u00eb dalluar t\u00eb qytetit ton\u00eb N\u00ebn organizimin e Sekretariatit p\u00ebr Administrat\u00eb, dispozita, kuadro dhe veprimtari shoq\u00ebrore, n\u00eb sall\u00ebn e Kuvendit komunal, u organizua ceremonia e ndarjes s\u00eb \u00e7mimeve p\u00ebr sportist\u00ebt dhe klubet sportive t\u00eb komun\u00ebs s\u00eb Ulqinit. \u00c7mimet u ndan\u00eb p\u00ebr sportistin m\u00eb t\u00eb mir\u00eb t\u00eb [&hellip;]<\/p>\n","protected":false},"author":1,"featured_media":0,"comment_status":"open","ping_status":"closed","sticky":false,"template":"","format":"standard","meta":{"spay_email":"","jetpack_publicize_message":"","jetpack_is_tweetstorm":false,"jetpack_publicize_feature_enabled":true},"categories":[1,3],"tags":[297],"jetpack_publicize_connections":[],"yoast_head":"<!-- This site is optimized with the Yoast SEO plugin v19.1 - https:\/\/yoast.com\/wordpress\/plugins\/seo\/ -->\n<title>Sportist\u00ebt e vitit 2012 n\u00eb komun\u00ebn e Ulqinit + Foto - Lajme nga Ulqini<\/title>\n<meta name=\"description\" content=\"Komuna e Ulqinit ka ndar\u00eb shp\u00ebrblime p\u00ebr sportistet m\u00eb t\u00eb dalluar t\u00eb qytetit ton\u00eb N\u00ebn organizimin e Sekretariatit p\u00ebr Administrat\u00eb, dispozita, kuadro dhe\" \/>\n<meta name=\"robots\" content=\"index, follow, max-snippet:-1, max-image-preview:large, max-video-preview:-1\" \/>\n<link rel=\"canonical\" href=\"https:\/\/www.visit-ulcinj.com\/blog\/2013\/01\/09\/sportistet-e-vitit-2012-ne-komunen-e-ulqinit\/\" \/>\n<meta property=\"og:locale\" content=\"en_US\" \/>\n<meta property=\"og:type\" content=\"article\" \/>\n<meta property=\"og:title\" content=\"Sportist\u00ebt e vitit 2012 n\u00eb komun\u00ebn e Ulqinit + Foto - Lajme nga Ulqini\" \/>\n<meta property=\"og:description\" content=\"Komuna e Ulqinit ka ndar\u00eb shp\u00ebrblime p\u00ebr sportistet m\u00eb t\u00eb dalluar t\u00eb qytetit ton\u00eb N\u00ebn organizimin e Sekretariatit p\u00ebr Administrat\u00eb, dispozita, kuadro dhe\" \/>\n<meta property=\"og:url\" content=\"https:\/\/www.visit-ulcinj.com\/blog\/2013\/01\/09\/sportistet-e-vitit-2012-ne-komunen-e-ulqinit\/\" \/>\n<meta property=\"og:site_name\" content=\"Lajme nga Ulqini\" \/>\n<meta property=\"article:published_time\" content=\"2013-01-09T14:52:04+00:00\" \/>\n<meta property=\"article:modified_time\" content=\"2013-01-12T07:31:17+00:00\" \/>\n<meta property=\"og:image\" content=\"https:\/\/www.visit-ulcinj.com\/blog\/wp-content\/uploads\/2013\/01\/Sportistet-e-vitit-2012-te-Ulqinit.6-150x150.jpg\" \/>\n<meta name=\"twitter:label1\" content=\"Written by\" \/>\n\t<meta name=\"twitter:data1\" content=\"ulqini\" \/>\n\t<meta name=\"twitter:label2\" content=\"Est. reading time\" \/>\n\t<meta name=\"twitter:data2\" content=\"1 minute\" \/>\n<script type=\"application\/ld+json\" class=\"yoast-schema-graph\">{\"@context\":\"https:\/\/schema.org\",\"@graph\":[{\"@type\":\"WebSite\",\"@id\":\"https:\/\/www.visit-ulcinj.com\/blog\/#website\",\"url\":\"https:\/\/www.visit-ulcinj.com\/blog\/\",\"name\":\"Lajme nga Ulqini\",\"description\":\"Lajme,Vijesti,Ulqini,Ulqin,Crna Gora,Mali i Zi\",\"potentialAction\":[{\"@type\":\"SearchAction\",\"target\":{\"@type\":\"EntryPoint\",\"urlTemplate\":\"https:\/\/www.visit-ulcinj.com\/blog\/?s={search_term_string}\"},\"query-input\":\"required name=search_term_string\"}],\"inLanguage\":\"en-US\"},{\"@type\":\"ImageObject\",\"inLanguage\":\"en-US\",\"@id\":\"https:\/\/www.visit-ulcinj.com\/blog\/2013\/01\/09\/sportistet-e-vitit-2012-ne-komunen-e-ulqinit\/#primaryimage\",\"url\":\"https:\/\/www.visit-ulcinj.com\/blog\/wp-content\/uploads\/2013\/01\/Sportistet-e-vitit-2012-te-Ulqinit.jpg\",\"contentUrl\":\"https:\/\/www.visit-ulcinj.com\/blog\/wp-content\/uploads\/2013\/01\/Sportistet-e-vitit-2012-te-Ulqinit.jpg\",\"width\":640,\"height\":424},{\"@type\":\"WebPage\",\"@id\":\"https:\/\/www.visit-ulcinj.com\/blog\/2013\/01\/09\/sportistet-e-vitit-2012-ne-komunen-e-ulqinit\/#webpage\",\"url\":\"https:\/\/www.visit-ulcinj.com\/blog\/2013\/01\/09\/sportistet-e-vitit-2012-ne-komunen-e-ulqinit\/\",\"name\":\"Sportist\u00ebt e vitit 2012 n\u00eb komun\u00ebn e Ulqinit + Foto - Lajme nga Ulqini\",\"isPartOf\":{\"@id\":\"https:\/\/www.visit-ulcinj.com\/blog\/#website\"},\"primaryImageOfPage\":{\"@id\":\"https:\/\/www.visit-ulcinj.com\/blog\/2013\/01\/09\/sportistet-e-vitit-2012-ne-komunen-e-ulqinit\/#primaryimage\"},\"datePublished\":\"2013-01-09T14:52:04+00:00\",\"dateModified\":\"2013-01-12T07:31:17+00:00\",\"author\":{\"@id\":\"https:\/\/www.visit-ulcinj.com\/blog\/#\/schema\/person\/dcab619c614d3038751c63bc2aadc06d\"},\"description\":\"Komuna e Ulqinit ka ndar\u00eb shp\u00ebrblime p\u00ebr sportistet m\u00eb t\u00eb dalluar t\u00eb qytetit ton\u00eb N\u00ebn organizimin e Sekretariatit p\u00ebr Administrat\u00eb, dispozita, kuadro dhe\",\"breadcrumb\":{\"@id\":\"https:\/\/www.visit-ulcinj.com\/blog\/2013\/01\/09\/sportistet-e-vitit-2012-ne-komunen-e-ulqinit\/#breadcrumb\"},\"inLanguage\":\"en-US\",\"potentialAction\":[{\"@type\":\"ReadAction\",\"target\":[\"https:\/\/www.visit-ulcinj.com\/blog\/2013\/01\/09\/sportistet-e-vitit-2012-ne-komunen-e-ulqinit\/\"]}]},{\"@type\":\"BreadcrumbList\",\"@id\":\"https:\/\/www.visit-ulcinj.com\/blog\/2013\/01\/09\/sportistet-e-vitit-2012-ne-komunen-e-ulqinit\/#breadcrumb\",\"itemListElement\":[{\"@type\":\"ListItem\",\"position\":1,\"name\":\"Sportist\u00ebt e vitit 2012 n\u00eb komun\u00ebn e Ulqinit + Foto\"}]},{\"@type\":\"Person\",\"@id\":\"https:\/\/www.visit-ulcinj.com\/blog\/#\/schema\/person\/dcab619c614d3038751c63bc2aadc06d\",\"name\":\"ulqini\",\"sameAs\":[\"http:\/\/www.visit-ulcinj.com\"],\"url\":\"https:\/\/www.visit-ulcinj.com\/blog\/author\/admin\/\"}]}<\/script>\n<!-- \/ Yoast SEO plugin. -->","yoast_head_json":{"title":"Sportist\u00ebt e vitit 2012 n\u00eb komun\u00ebn e Ulqinit + Foto - Lajme nga Ulqini","description":"Komuna e Ulqinit ka ndar\u00eb shp\u00ebrblime p\u00ebr sportistet m\u00eb t\u00eb dalluar t\u00eb qytetit ton\u00eb N\u00ebn organizimin e Sekretariatit p\u00ebr Administrat\u00eb, dispozita, kuadro dhe","robots":{"index":"index","follow":"follow","max-snippet":"max-snippet:-1","max-image-preview":"max-image-preview:large","max-video-preview":"max-video-preview:-1"},"canonical":"https:\/\/www.visit-ulcinj.com\/blog\/2013\/01\/09\/sportistet-e-vitit-2012-ne-komunen-e-ulqinit\/","og_locale":"en_US","og_type":"article","og_title":"Sportist\u00ebt e vitit 2012 n\u00eb komun\u00ebn e Ulqinit + Foto - Lajme nga Ulqini","og_description":"Komuna e Ulqinit ka ndar\u00eb shp\u00ebrblime p\u00ebr sportistet m\u00eb t\u00eb dalluar t\u00eb qytetit ton\u00eb N\u00ebn organizimin e Sekretariatit p\u00ebr Administrat\u00eb, dispozita, kuadro dhe","og_url":"https:\/\/www.visit-ulcinj.com\/blog\/2013\/01\/09\/sportistet-e-vitit-2012-ne-komunen-e-ulqinit\/","og_site_name":"Lajme nga Ulqini","article_published_time":"2013-01-09T14:52:04+00:00","article_modified_time":"2013-01-12T07:31:17+00:00","og_image":[{"url":"https:\/\/www.visit-ulcinj.com\/blog\/wp-content\/uploads\/2013\/01\/Sportistet-e-vitit-2012-te-Ulqinit.6-150x150.jpg"}],"twitter_misc":{"Written by":"ulqini","Est. reading time":"1 minute"},"schema":{"@context":"https:\/\/schema.org","@graph":[{"@type":"WebSite","@id":"https:\/\/www.visit-ulcinj.com\/blog\/#website","url":"https:\/\/www.visit-ulcinj.com\/blog\/","name":"Lajme nga Ulqini","description":"Lajme,Vijesti,Ulqini,Ulqin,Crna Gora,Mali i Zi","potentialAction":[{"@type":"SearchAction","target":{"@type":"EntryPoint","urlTemplate":"https:\/\/www.visit-ulcinj.com\/blog\/?s={search_term_string}"},"query-input":"required name=search_term_string"}],"inLanguage":"en-US"},{"@type":"ImageObject","inLanguage":"en-US","@id":"https:\/\/www.visit-ulcinj.com\/blog\/2013\/01\/09\/sportistet-e-vitit-2012-ne-komunen-e-ulqinit\/#primaryimage","url":"https:\/\/www.visit-ulcinj.com\/blog\/wp-content\/uploads\/2013\/01\/Sportistet-e-vitit-2012-te-Ulqinit.jpg","contentUrl":"https:\/\/www.visit-ulcinj.com\/blog\/wp-content\/uploads\/2013\/01\/Sportistet-e-vitit-2012-te-Ulqinit.jpg","width":640,"height":424},{"@type":"WebPage","@id":"https:\/\/www.visit-ulcinj.com\/blog\/2013\/01\/09\/sportistet-e-vitit-2012-ne-komunen-e-ulqinit\/#webpage","url":"https:\/\/www.visit-ulcinj.com\/blog\/2013\/01\/09\/sportistet-e-vitit-2012-ne-komunen-e-ulqinit\/","name":"Sportist\u00ebt e vitit 2012 n\u00eb komun\u00ebn e Ulqinit + Foto - Lajme nga Ulqini","isPartOf":{"@id":"https:\/\/www.visit-ulcinj.com\/blog\/#website"},"primaryImageOfPage":{"@id":"https:\/\/www.visit-ulcinj.com\/blog\/2013\/01\/09\/sportistet-e-vitit-2012-ne-komunen-e-ulqinit\/#primaryimage"},"datePublished":"2013-01-09T14:52:04+00:00","dateModified":"2013-01-12T07:31:17+00:00","author":{"@id":"https:\/\/www.visit-ulcinj.com\/blog\/#\/schema\/person\/dcab619c614d3038751c63bc2aadc06d"},"description":"Komuna e Ulqinit ka ndar\u00eb shp\u00ebrblime p\u00ebr sportistet m\u00eb t\u00eb dalluar t\u00eb qytetit ton\u00eb N\u00ebn organizimin e Sekretariatit p\u00ebr Administrat\u00eb, dispozita, kuadro dhe","breadcrumb":{"@id":"https:\/\/www.visit-ulcinj.com\/blog\/2013\/01\/09\/sportistet-e-vitit-2012-ne-komunen-e-ulqinit\/#breadcrumb"},"inLanguage":"en-US","potentialAction":[{"@type":"ReadAction","target":["https:\/\/www.visit-ulcinj.com\/blog\/2013\/01\/09\/sportistet-e-vitit-2012-ne-komunen-e-ulqinit\/"]}]},{"@type":"BreadcrumbList","@id":"https:\/\/www.visit-ulcinj.com\/blog\/2013\/01\/09\/sportistet-e-vitit-2012-ne-komunen-e-ulqinit\/#breadcrumb","itemListElement":[{"@type":"ListItem","position":1,"name":"Sportist\u00ebt e vitit 2012 n\u00eb komun\u00ebn e Ulqinit + Foto"}]},{"@type":"Person","@id":"https:\/\/www.visit-ulcinj.com\/blog\/#\/schema\/person\/dcab619c614d3038751c63bc2aadc06d","name":"ulqini","sameAs":["http:\/\/www.visit-ulcinj.com"],"url":"https:\/\/www.visit-ulcinj.com\/blog\/author\/admin\/"}]}},"jetpack_featured_media_url":"","jetpack_sharing_enabled":true,"jetpack_shortlink":"https:\/\/wp.me\/pe6lTn-hyt","_links":{"self":[{"href":"https:\/\/www.visit-ulcinj.com\/blog\/wp-json\/wp\/v2\/posts\/67485"}],"collection":[{"href":"https:\/\/www.visit-ulcinj.com\/blog\/wp-json\/wp\/v2\/posts"}],"about":[{"href":"https:\/\/www.visit-ulcinj.com\/blog\/wp-json\/wp\/v2\/types\/post"}],"author":[{"embeddable":true,"href":"https:\/\/www.visit-ulcinj.com\/blog\/wp-json\/wp\/v2\/users\/1"}],"replies":[{"embeddable":true,"href":"https:\/\/www.visit-ulcinj.com\/blog\/wp-json\/wp\/v2\/comments?post=67485"}],"version-history":[{"count":5,"href":"https:\/\/www.visit-ulcinj.com\/blog\/wp-json\/wp\/v2\/posts\/67485\/revisions"}],"predecessor-version":[{"id":67559,"href":"https:\/\/www.visit-ulcinj.com\/blog\/wp-json\/wp\/v2\/posts\/67485\/revisions\/67559"}],"wp:attachment":[{"href":"https:\/\/www.visit-ulcinj.com\/blog\/wp-json\/wp\/v2\/media?parent=67485"}],"wp:term":[{"taxonomy":"category","embeddable":true,"href":"https:\/\/www.visit-ulcinj.com\/blog\/wp-json\/wp\/v2\/categories?post=67485"},{"taxonomy":"post_tag","embeddable":true,"href":"https:\/\/www.visit-ulcinj.com\/blog\/wp-json\/wp\/v2\/tags?post=67485"}],"curies":[{"name":"wp","href":"https:\/\/api.w.org\/{rel}","templated":true}]}}