{"id":6749,"date":"2008-12-04T13:26:53","date_gmt":"2008-12-04T12:26:53","guid":{"rendered":"http:\/\/www.visit-ulcinj.com\/blog\/?p=6749"},"modified":"2008-12-04T13:28:14","modified_gmt":"2008-12-04T12:28:14","slug":"planule-akcije-solane","status":"publish","type":"post","link":"https:\/\/www.visit-ulcinj.com\/blog\/2008\/12\/04\/planule-akcije-solane\/","title":{"rendered":"Planule akcije Solane"},"content":{"rendered":"<p><a href=\"http:\/\/www.visit-ulcinj.com\/blog\/wp-content\/uploads\/2008\/12\/solana-ulcinj.jpg\"><img loading=\"lazy\" class=\"alignleft size-medium wp-image-6750\" title=\"solana-ulcinj\" src=\"http:\/\/www.visit-ulcinj.com\/blog\/wp-content\/uploads\/2008\/12\/solana-ulcinj.jpg\" alt=\"\" width=\"353\" height=\"190\" \/><\/a>Na crnogorskom tr\u017ei\u0161tu kapitala proteklu sedmicu obilje\u017eio zna?ajan rast prometa, koji je zahvaljuju?i blokovskom prometu akcijama ulcinjske Solane, bio ?etiri put ve?i nego prethodnih sedam dana i iznosio oko 5,1 milion eura.<br \/>\nU prvoj blokovskoj transakciji na Montenegroberzi, u utorak, prodato je 4,6 odsto akcija Solane za 1,49 miliona eura, dok je u petak obavljen promet skoro jednakog udjela za 1,48 eura .Prema pouzdanim saznanjima Republike, akcije Solane su kupovali doma?i biznismeni, jer vjeruju da ?e ih kasnije mo?i prodati Arapima po znatno ve?im cijenama.<br \/>\nIzvr\u0161ni direktor Dru\u0161tva za upravljanje fondom zajedni?kog ulaganja Eurofond Boj\u0161a \u0160otra je nedavno kazao Republici da o?ekuje da ?e arapske kompanije kupovati akcije tog fonda i Solane.<br \/>\nKao dodatni razlog prodaje akcija Solane, dobro upu?eni sagovornici na\u0161eg lista tvrde da su u pitanju velika nelikvidnost u kojima su zapali ve?inski vlasnici Eurofonda.<br \/>\nAkcijama Solane u prvoj transakciji trgovano je po cijeni od 8,2 eura, u drugoj po 8,15, ali je zaklju?enje sedmi?nog trgovanja zavr\u0161ila na 5,89 eura na obje crnogorske berze.<\/p>\n<p><strong>Izvor \/ Republika<\/strong><\/p>\n","protected":false},"excerpt":{"rendered":"<p>Na crnogorskom tr\u017ei\u0161tu kapitala proteklu sedmicu obilje\u017eio zna?ajan rast prometa, koji je zahvaljuju?i blokovskom prometu akcijama ulcinjske Solane, bio ?etiri put ve?i nego prethodnih sedam dana i iznosio oko 5,1 milion eura. U prvoj blokovskoj transakciji na Montenegroberzi, u utorak, prodato je 4,6 odsto akcija Solane za 1,49 miliona eura, dok je u petak obavljen [&hellip;]<\/p>\n","protected":false},"author":1,"featured_media":0,"comment_status":"open","ping_status":"closed","sticky":false,"template":"","format":"standard","meta":{"spay_email":"","jetpack_publicize_message":"","jetpack_is_tweetstorm":false,"jetpack_publicize_feature_enabled":true},"categories":[10],"tags":[4575,5143],"jetpack_publicize_connections":[],"yoast_head":"<!-- This site is optimized with the Yoast SEO plugin v19.1 - https:\/\/yoast.com\/wordpress\/plugins\/seo\/ -->\n<title>Planule akcije Solane - Lajme nga Ulqini<\/title>\n<meta name=\"description\" content=\"Na crnogorskom tr\u017ei\u0161tu kapitala proteklu sedmicu obilje\u017eio zna?ajan rast prometa, koji je zahvaljuju?i blokovskom prometu akcijama ulcinjske Solane, bio\" \/>\n<meta name=\"robots\" content=\"index, follow, max-snippet:-1, max-image-preview:large, max-video-preview:-1\" \/>\n<link rel=\"canonical\" href=\"https:\/\/www.visit-ulcinj.com\/blog\/2008\/12\/04\/planule-akcije-solane\/\" \/>\n<meta property=\"og:locale\" content=\"en_US\" \/>\n<meta property=\"og:type\" content=\"article\" \/>\n<meta property=\"og:title\" content=\"Planule akcije Solane - Lajme nga Ulqini\" \/>\n<meta property=\"og:description\" content=\"Na crnogorskom tr\u017ei\u0161tu kapitala proteklu sedmicu obilje\u017eio zna?ajan rast prometa, koji je zahvaljuju?i blokovskom prometu akcijama ulcinjske Solane, bio\" \/>\n<meta property=\"og:url\" content=\"https:\/\/www.visit-ulcinj.com\/blog\/2008\/12\/04\/planule-akcije-solane\/\" \/>\n<meta property=\"og:site_name\" content=\"Lajme nga Ulqini\" \/>\n<meta property=\"article:published_time\" content=\"2008-12-04T12:26:53+00:00\" \/>\n<meta property=\"article:modified_time\" content=\"2008-12-04T12:28:14+00:00\" \/>\n<meta property=\"og:image\" content=\"http:\/\/www.visit-ulcinj.com\/blog\/wp-content\/uploads\/2008\/12\/solana-ulcinj.jpg\" \/>\n<meta name=\"twitter:label1\" content=\"Written by\" \/>\n\t<meta name=\"twitter:data1\" content=\"ulqini\" \/>\n\t<meta name=\"twitter:label2\" content=\"Est. reading time\" \/>\n\t<meta name=\"twitter:data2\" content=\"1 minute\" \/>\n<script type=\"application\/ld+json\" class=\"yoast-schema-graph\">{\"@context\":\"https:\/\/schema.org\",\"@graph\":[{\"@type\":\"WebSite\",\"@id\":\"https:\/\/www.visit-ulcinj.com\/blog\/#website\",\"url\":\"https:\/\/www.visit-ulcinj.com\/blog\/\",\"name\":\"Lajme nga Ulqini\",\"description\":\"Lajme,Vijesti,Ulqini,Ulqin,Crna Gora,Mali i Zi\",\"potentialAction\":[{\"@type\":\"SearchAction\",\"target\":{\"@type\":\"EntryPoint\",\"urlTemplate\":\"https:\/\/www.visit-ulcinj.com\/blog\/?s={search_term_string}\"},\"query-input\":\"required name=search_term_string\"}],\"inLanguage\":\"en-US\"},{\"@type\":\"ImageObject\",\"inLanguage\":\"en-US\",\"@id\":\"https:\/\/www.visit-ulcinj.com\/blog\/2008\/12\/04\/planule-akcije-solane\/#primaryimage\",\"url\":\"http:\/\/www.visit-ulcinj.com\/blog\/wp-content\/uploads\/2008\/12\/solana-ulcinj.jpg\",\"contentUrl\":\"http:\/\/www.visit-ulcinj.com\/blog\/wp-content\/uploads\/2008\/12\/solana-ulcinj.jpg\"},{\"@type\":\"WebPage\",\"@id\":\"https:\/\/www.visit-ulcinj.com\/blog\/2008\/12\/04\/planule-akcije-solane\/#webpage\",\"url\":\"https:\/\/www.visit-ulcinj.com\/blog\/2008\/12\/04\/planule-akcije-solane\/\",\"name\":\"Planule akcije Solane - Lajme nga Ulqini\",\"isPartOf\":{\"@id\":\"https:\/\/www.visit-ulcinj.com\/blog\/#website\"},\"primaryImageOfPage\":{\"@id\":\"https:\/\/www.visit-ulcinj.com\/blog\/2008\/12\/04\/planule-akcije-solane\/#primaryimage\"},\"datePublished\":\"2008-12-04T12:26:53+00:00\",\"dateModified\":\"2008-12-04T12:28:14+00:00\",\"author\":{\"@id\":\"https:\/\/www.visit-ulcinj.com\/blog\/#\/schema\/person\/dcab619c614d3038751c63bc2aadc06d\"},\"description\":\"Na crnogorskom tr\u017ei\u0161tu kapitala proteklu sedmicu obilje\u017eio zna?ajan rast prometa, koji je zahvaljuju?i blokovskom prometu akcijama ulcinjske Solane, bio\",\"breadcrumb\":{\"@id\":\"https:\/\/www.visit-ulcinj.com\/blog\/2008\/12\/04\/planule-akcije-solane\/#breadcrumb\"},\"inLanguage\":\"en-US\",\"potentialAction\":[{\"@type\":\"ReadAction\",\"target\":[\"https:\/\/www.visit-ulcinj.com\/blog\/2008\/12\/04\/planule-akcije-solane\/\"]}]},{\"@type\":\"BreadcrumbList\",\"@id\":\"https:\/\/www.visit-ulcinj.com\/blog\/2008\/12\/04\/planule-akcije-solane\/#breadcrumb\",\"itemListElement\":[{\"@type\":\"ListItem\",\"position\":1,\"name\":\"Planule akcije Solane\"}]},{\"@type\":\"Person\",\"@id\":\"https:\/\/www.visit-ulcinj.com\/blog\/#\/schema\/person\/dcab619c614d3038751c63bc2aadc06d\",\"name\":\"ulqini\",\"sameAs\":[\"http:\/\/www.visit-ulcinj.com\"],\"url\":\"https:\/\/www.visit-ulcinj.com\/blog\/author\/admin\/\"}]}<\/script>\n<!-- \/ Yoast SEO plugin. -->","yoast_head_json":{"title":"Planule akcije Solane - Lajme nga Ulqini","description":"Na crnogorskom tr\u017ei\u0161tu kapitala proteklu sedmicu obilje\u017eio zna?ajan rast prometa, koji je zahvaljuju?i blokovskom prometu akcijama ulcinjske Solane, bio","robots":{"index":"index","follow":"follow","max-snippet":"max-snippet:-1","max-image-preview":"max-image-preview:large","max-video-preview":"max-video-preview:-1"},"canonical":"https:\/\/www.visit-ulcinj.com\/blog\/2008\/12\/04\/planule-akcije-solane\/","og_locale":"en_US","og_type":"article","og_title":"Planule akcije Solane - Lajme nga Ulqini","og_description":"Na crnogorskom tr\u017ei\u0161tu kapitala proteklu sedmicu obilje\u017eio zna?ajan rast prometa, koji je zahvaljuju?i blokovskom prometu akcijama ulcinjske Solane, bio","og_url":"https:\/\/www.visit-ulcinj.com\/blog\/2008\/12\/04\/planule-akcije-solane\/","og_site_name":"Lajme nga Ulqini","article_published_time":"2008-12-04T12:26:53+00:00","article_modified_time":"2008-12-04T12:28:14+00:00","og_image":[{"url":"http:\/\/www.visit-ulcinj.com\/blog\/wp-content\/uploads\/2008\/12\/solana-ulcinj.jpg"}],"twitter_misc":{"Written by":"ulqini","Est. reading time":"1 minute"},"schema":{"@context":"https:\/\/schema.org","@graph":[{"@type":"WebSite","@id":"https:\/\/www.visit-ulcinj.com\/blog\/#website","url":"https:\/\/www.visit-ulcinj.com\/blog\/","name":"Lajme nga Ulqini","description":"Lajme,Vijesti,Ulqini,Ulqin,Crna Gora,Mali i Zi","potentialAction":[{"@type":"SearchAction","target":{"@type":"EntryPoint","urlTemplate":"https:\/\/www.visit-ulcinj.com\/blog\/?s={search_term_string}"},"query-input":"required name=search_term_string"}],"inLanguage":"en-US"},{"@type":"ImageObject","inLanguage":"en-US","@id":"https:\/\/www.visit-ulcinj.com\/blog\/2008\/12\/04\/planule-akcije-solane\/#primaryimage","url":"http:\/\/www.visit-ulcinj.com\/blog\/wp-content\/uploads\/2008\/12\/solana-ulcinj.jpg","contentUrl":"http:\/\/www.visit-ulcinj.com\/blog\/wp-content\/uploads\/2008\/12\/solana-ulcinj.jpg"},{"@type":"WebPage","@id":"https:\/\/www.visit-ulcinj.com\/blog\/2008\/12\/04\/planule-akcije-solane\/#webpage","url":"https:\/\/www.visit-ulcinj.com\/blog\/2008\/12\/04\/planule-akcije-solane\/","name":"Planule akcije Solane - Lajme nga Ulqini","isPartOf":{"@id":"https:\/\/www.visit-ulcinj.com\/blog\/#website"},"primaryImageOfPage":{"@id":"https:\/\/www.visit-ulcinj.com\/blog\/2008\/12\/04\/planule-akcije-solane\/#primaryimage"},"datePublished":"2008-12-04T12:26:53+00:00","dateModified":"2008-12-04T12:28:14+00:00","author":{"@id":"https:\/\/www.visit-ulcinj.com\/blog\/#\/schema\/person\/dcab619c614d3038751c63bc2aadc06d"},"description":"Na crnogorskom tr\u017ei\u0161tu kapitala proteklu sedmicu obilje\u017eio zna?ajan rast prometa, koji je zahvaljuju?i blokovskom prometu akcijama ulcinjske Solane, bio","breadcrumb":{"@id":"https:\/\/www.visit-ulcinj.com\/blog\/2008\/12\/04\/planule-akcije-solane\/#breadcrumb"},"inLanguage":"en-US","potentialAction":[{"@type":"ReadAction","target":["https:\/\/www.visit-ulcinj.com\/blog\/2008\/12\/04\/planule-akcije-solane\/"]}]},{"@type":"BreadcrumbList","@id":"https:\/\/www.visit-ulcinj.com\/blog\/2008\/12\/04\/planule-akcije-solane\/#breadcrumb","itemListElement":[{"@type":"ListItem","position":1,"name":"Planule akcije Solane"}]},{"@type":"Person","@id":"https:\/\/www.visit-ulcinj.com\/blog\/#\/schema\/person\/dcab619c614d3038751c63bc2aadc06d","name":"ulqini","sameAs":["http:\/\/www.visit-ulcinj.com"],"url":"https:\/\/www.visit-ulcinj.com\/blog\/author\/admin\/"}]}},"jetpack_featured_media_url":"","jetpack_sharing_enabled":true,"jetpack_shortlink":"https:\/\/wp.me\/pe6lTn-1KR","_links":{"self":[{"href":"https:\/\/www.visit-ulcinj.com\/blog\/wp-json\/wp\/v2\/posts\/6749"}],"collection":[{"href":"https:\/\/www.visit-ulcinj.com\/blog\/wp-json\/wp\/v2\/posts"}],"about":[{"href":"https:\/\/www.visit-ulcinj.com\/blog\/wp-json\/wp\/v2\/types\/post"}],"author":[{"embeddable":true,"href":"https:\/\/www.visit-ulcinj.com\/blog\/wp-json\/wp\/v2\/users\/1"}],"replies":[{"embeddable":true,"href":"https:\/\/www.visit-ulcinj.com\/blog\/wp-json\/wp\/v2\/comments?post=6749"}],"version-history":[{"count":0,"href":"https:\/\/www.visit-ulcinj.com\/blog\/wp-json\/wp\/v2\/posts\/6749\/revisions"}],"wp:attachment":[{"href":"https:\/\/www.visit-ulcinj.com\/blog\/wp-json\/wp\/v2\/media?parent=6749"}],"wp:term":[{"taxonomy":"category","embeddable":true,"href":"https:\/\/www.visit-ulcinj.com\/blog\/wp-json\/wp\/v2\/categories?post=6749"},{"taxonomy":"post_tag","embeddable":true,"href":"https:\/\/www.visit-ulcinj.com\/blog\/wp-json\/wp\/v2\/tags?post=6749"}],"curies":[{"name":"wp","href":"https:\/\/api.w.org\/{rel}","templated":true}]}}