{"id":67499,"date":"2013-01-09T18:59:13","date_gmt":"2013-01-09T17:59:13","guid":{"rendered":"http:\/\/www.visit-ulcinj.com\/blog\/?p=67499"},"modified":"2013-01-09T18:59:13","modified_gmt":"2013-01-09T17:59:13","slug":"qytetaret-e-gucise-votuan-pro-komune-video","status":"publish","type":"post","link":"https:\/\/www.visit-ulcinj.com\/blog\/2013\/01\/09\/qytetaret-e-gucise-votuan-pro-komune-video\/","title":{"rendered":"Qytetar\u00ebt e Gucis\u00eb votuan pro-Komun\u00eb &#8211; Video"},"content":{"rendered":"<p><a href=\"http:\/\/www.visit-ulcinj.com\/blog\/wp-content\/uploads\/2013\/01\/gucia-feston-referendumin.jpg\"><img loading=\"lazy\" class=\"alignleft  wp-image-67500\" alt=\"gucia-feston-referendumin\" src=\"http:\/\/www.visit-ulcinj.com\/blog\/wp-content\/uploads\/2013\/01\/gucia-feston-referendumin.jpg\" width=\"508\" height=\"360\" \/><\/a>Sipas t\u00eb dh\u00ebnave t\u00eb K\u00ebshillit Koordinues, n\u00eb Guci votuan 2.669 votues, nga t\u00eb cil\u00ebt vet\u00ebm 3 vota ishin kund\u00ebr formimit t\u00eb Komun\u00ebs s\u00eb Gucis\u00eb, shkruan CDM.<\/p>\n<p>N\u00eb referendumin konsultativ p\u00ebr formimin e Komun\u00ebs s\u00eb Gucis\u00eb, sipas rezultateve t\u00eb para preliminare, n\u00eb referendum dol\u00ebn vet\u00ebm 35% t\u00eb votuesve n\u00eb Komun\u00eb t\u00eb Plav\u00ebs kurse n\u00eb Guci rreth 58% t\u00eb votuesve.<\/p>\n<p>Sipas ligjit p\u00ebr organizimin territorial, s\u00eb parit rezultatin e referendumit konsultativ e konfirmon Kuvendi Komunal i komun\u00ebs nga e cila formohet komuna e re, n\u00eb k\u00ebt\u00eb rast Kuvendi Komunal i Plav\u00ebs, e pastaj ky vendim i d\u00ebrgohet Qeveris\u00eb.<br \/>\nPasi komisioni i posa\u00e7\u00ebm shqyrton iniciativ\u00ebn dhe jep vendimin e tij, vendimin p\u00ebrfundimtar\u00eb jep Qeveria dhe Parlamenti.<\/p>\n<p>Edhe p\u00ebrkund\u00ebr thirrjeve t\u00eb partive shqiptare t\u00eb cilat veprojn\u00eb n\u00eb Plav\u00eb e Guci, sipas informatave jo-zyrtare jan\u00eb rreth 40% t\u00eb shqiptar\u00ebve t\u00eb cil\u00ebt dol\u00ebn n\u00eb referendum, shkruan Vijesti.<\/p>\n<p>P\u00ebr pjes\u00ebmarrje n\u00eb referendum n\u00eb Guci erdh\u00ebn num\u00ebr i madh i m\u00ebrgimtar\u00ebve nga SHBA-t\u00eb, Gjermania, Franca, Suedia, Holanda etj.<\/p>\n<p>Pas Petnjices, qytetar\u00ebt e t\u00eb cil\u00ebs vitin e kaluar gjithashtu votuan pro-Komun\u00ebs, dhe pritet q\u00eb n\u00eb pranver\u00eb t\u00eb kalojn\u00eb n\u00eb shqyrtim n\u00eb Parlamentin republikan, tashm\u00eb edhe Gucia votoi p\u00ebr Komun\u00eb n\u00eb vete.<\/p>\n<p>Festimi i qytetareve t\u00eb Gucis\u00eb nisi pas shpalljes s\u00eb rezultatit preliminar\u00eb, me fishekzjarr\u00eb nga nd\u00ebrtesa e Bashk\u00ebsis\u00eb Lokale e Gucis\u00eb, e cila \u00ebsht\u00eb n\u00eb nd\u00ebrtim e sip\u00ebr, dhe do t\u00eb sh\u00ebrbej p\u00ebr administrat\u00ebn e komun\u00ebs s\u00eb ardhshme.<\/p>\n<p>Rikujtojm\u00eb se iniciativa p\u00ebr formimin e Komun\u00ebs s\u00eb Mal\u00ebsis\u00eb u nis shum\u00eb koh\u00eb m\u00eb par\u00eb se n\u00eb Petnjice dhe Guci, por q\u00eb premtimet e datat shtyhen vit mbas viti edhe pse Mal\u00ebsia si nga territori, numri i popullsis\u00eb e sigurisht edhe nga q\u00ebndrueshm\u00ebria socio-ekonomike \u00ebsht\u00eb n\u00eb gjendje shum\u00eb m\u00eb t\u00eb mir\u00eb se zonat e lartp\u00ebrmendura. \/Malesia.Org\/<\/p>\n<p><iframe loading=\"lazy\" src=\"http:\/\/www.youtube.com\/embed\/FM4Zw2p_COk\" height=\"360\" width=\"508\" allowfullscreen=\"\" frameborder=\"0\"><\/iframe><\/p>\n","protected":false},"excerpt":{"rendered":"<p>Sipas t\u00eb dh\u00ebnave t\u00eb K\u00ebshillit Koordinues, n\u00eb Guci votuan 2.669 votues, nga t\u00eb cil\u00ebt vet\u00ebm 3 vota ishin kund\u00ebr formimit t\u00eb Komun\u00ebs s\u00eb Gucis\u00eb, shkruan CDM. N\u00eb referendumin konsultativ p\u00ebr formimin e Komun\u00ebs s\u00eb Gucis\u00eb, sipas rezultateve t\u00eb para preliminare, n\u00eb referendum dol\u00ebn vet\u00ebm 35% t\u00eb votuesve n\u00eb Komun\u00eb t\u00eb Plav\u00ebs kurse n\u00eb Guci rreth [&hellip;]<\/p>\n","protected":false},"author":1,"featured_media":0,"comment_status":"open","ping_status":"closed","sticky":false,"template":"","format":"standard","meta":{"spay_email":"","jetpack_publicize_message":"","jetpack_is_tweetstorm":false,"jetpack_publicize_feature_enabled":true},"categories":[14],"tags":[7699,6299],"jetpack_publicize_connections":[],"yoast_head":"<!-- This site is optimized with the Yoast SEO plugin v19.1 - https:\/\/yoast.com\/wordpress\/plugins\/seo\/ -->\n<title>Qytetar\u00ebt e Gucis\u00eb votuan pro-Komun\u00eb - Video - Lajme nga Ulqini<\/title>\n<meta name=\"description\" content=\"Sipas t\u00eb dh\u00ebnave t\u00eb K\u00ebshillit Koordinues, n\u00eb Guci votuan 2.669 votues, nga t\u00eb cil\u00ebt vet\u00ebm 3 vota ishin kund\u00ebr formimit t\u00eb Komun\u00ebs s\u00eb Gucis\u00eb, shkruan CDM.\" \/>\n<meta name=\"robots\" content=\"index, follow, max-snippet:-1, max-image-preview:large, max-video-preview:-1\" \/>\n<link rel=\"canonical\" href=\"https:\/\/www.visit-ulcinj.com\/blog\/2013\/01\/09\/qytetaret-e-gucise-votuan-pro-komune-video\/\" \/>\n<meta property=\"og:locale\" content=\"en_US\" \/>\n<meta property=\"og:type\" content=\"article\" \/>\n<meta property=\"og:title\" content=\"Qytetar\u00ebt e Gucis\u00eb votuan pro-Komun\u00eb - Video - Lajme nga Ulqini\" \/>\n<meta property=\"og:description\" content=\"Sipas t\u00eb dh\u00ebnave t\u00eb K\u00ebshillit Koordinues, n\u00eb Guci votuan 2.669 votues, nga t\u00eb cil\u00ebt vet\u00ebm 3 vota ishin kund\u00ebr formimit t\u00eb Komun\u00ebs s\u00eb Gucis\u00eb, shkruan CDM.\" \/>\n<meta property=\"og:url\" content=\"https:\/\/www.visit-ulcinj.com\/blog\/2013\/01\/09\/qytetaret-e-gucise-votuan-pro-komune-video\/\" \/>\n<meta property=\"og:site_name\" content=\"Lajme nga Ulqini\" \/>\n<meta property=\"article:published_time\" content=\"2013-01-09T17:59:13+00:00\" \/>\n<meta property=\"og:image\" content=\"http:\/\/www.visit-ulcinj.com\/blog\/wp-content\/uploads\/2013\/01\/gucia-feston-referendumin.jpg\" \/>\n<meta name=\"twitter:label1\" content=\"Written by\" \/>\n\t<meta name=\"twitter:data1\" content=\"ulqini\" \/>\n\t<meta name=\"twitter:label2\" content=\"Est. reading time\" \/>\n\t<meta name=\"twitter:data2\" content=\"2 minutes\" \/>\n<script type=\"application\/ld+json\" class=\"yoast-schema-graph\">{\"@context\":\"https:\/\/schema.org\",\"@graph\":[{\"@type\":\"WebSite\",\"@id\":\"https:\/\/www.visit-ulcinj.com\/blog\/#website\",\"url\":\"https:\/\/www.visit-ulcinj.com\/blog\/\",\"name\":\"Lajme nga Ulqini\",\"description\":\"Lajme,Vijesti,Ulqini,Ulqin,Crna Gora,Mali i Zi\",\"potentialAction\":[{\"@type\":\"SearchAction\",\"target\":{\"@type\":\"EntryPoint\",\"urlTemplate\":\"https:\/\/www.visit-ulcinj.com\/blog\/?s={search_term_string}\"},\"query-input\":\"required name=search_term_string\"}],\"inLanguage\":\"en-US\"},{\"@type\":\"ImageObject\",\"inLanguage\":\"en-US\",\"@id\":\"https:\/\/www.visit-ulcinj.com\/blog\/2013\/01\/09\/qytetaret-e-gucise-votuan-pro-komune-video\/#primaryimage\",\"url\":\"https:\/\/www.visit-ulcinj.com\/blog\/wp-content\/uploads\/2013\/01\/gucia-feston-referendumin.jpg\",\"contentUrl\":\"https:\/\/www.visit-ulcinj.com\/blog\/wp-content\/uploads\/2013\/01\/gucia-feston-referendumin.jpg\",\"width\":1000,\"height\":750},{\"@type\":\"WebPage\",\"@id\":\"https:\/\/www.visit-ulcinj.com\/blog\/2013\/01\/09\/qytetaret-e-gucise-votuan-pro-komune-video\/#webpage\",\"url\":\"https:\/\/www.visit-ulcinj.com\/blog\/2013\/01\/09\/qytetaret-e-gucise-votuan-pro-komune-video\/\",\"name\":\"Qytetar\u00ebt e Gucis\u00eb votuan pro-Komun\u00eb - Video - Lajme nga Ulqini\",\"isPartOf\":{\"@id\":\"https:\/\/www.visit-ulcinj.com\/blog\/#website\"},\"primaryImageOfPage\":{\"@id\":\"https:\/\/www.visit-ulcinj.com\/blog\/2013\/01\/09\/qytetaret-e-gucise-votuan-pro-komune-video\/#primaryimage\"},\"datePublished\":\"2013-01-09T17:59:13+00:00\",\"dateModified\":\"2013-01-09T17:59:13+00:00\",\"author\":{\"@id\":\"https:\/\/www.visit-ulcinj.com\/blog\/#\/schema\/person\/dcab619c614d3038751c63bc2aadc06d\"},\"description\":\"Sipas t\u00eb dh\u00ebnave t\u00eb K\u00ebshillit Koordinues, n\u00eb Guci votuan 2.669 votues, nga t\u00eb cil\u00ebt vet\u00ebm 3 vota ishin kund\u00ebr formimit t\u00eb Komun\u00ebs s\u00eb Gucis\u00eb, shkruan CDM.\",\"breadcrumb\":{\"@id\":\"https:\/\/www.visit-ulcinj.com\/blog\/2013\/01\/09\/qytetaret-e-gucise-votuan-pro-komune-video\/#breadcrumb\"},\"inLanguage\":\"en-US\",\"potentialAction\":[{\"@type\":\"ReadAction\",\"target\":[\"https:\/\/www.visit-ulcinj.com\/blog\/2013\/01\/09\/qytetaret-e-gucise-votuan-pro-komune-video\/\"]}]},{\"@type\":\"BreadcrumbList\",\"@id\":\"https:\/\/www.visit-ulcinj.com\/blog\/2013\/01\/09\/qytetaret-e-gucise-votuan-pro-komune-video\/#breadcrumb\",\"itemListElement\":[{\"@type\":\"ListItem\",\"position\":1,\"name\":\"Qytetar\u00ebt e Gucis\u00eb votuan pro-Komun\u00eb &#8211; Video\"}]},{\"@type\":\"Person\",\"@id\":\"https:\/\/www.visit-ulcinj.com\/blog\/#\/schema\/person\/dcab619c614d3038751c63bc2aadc06d\",\"name\":\"ulqini\",\"sameAs\":[\"http:\/\/www.visit-ulcinj.com\"],\"url\":\"https:\/\/www.visit-ulcinj.com\/blog\/author\/admin\/\"}]}<\/script>\n<!-- \/ Yoast SEO plugin. -->","yoast_head_json":{"title":"Qytetar\u00ebt e Gucis\u00eb votuan pro-Komun\u00eb - Video - Lajme nga Ulqini","description":"Sipas t\u00eb dh\u00ebnave t\u00eb K\u00ebshillit Koordinues, n\u00eb Guci votuan 2.669 votues, nga t\u00eb cil\u00ebt vet\u00ebm 3 vota ishin kund\u00ebr formimit t\u00eb Komun\u00ebs s\u00eb Gucis\u00eb, shkruan CDM.","robots":{"index":"index","follow":"follow","max-snippet":"max-snippet:-1","max-image-preview":"max-image-preview:large","max-video-preview":"max-video-preview:-1"},"canonical":"https:\/\/www.visit-ulcinj.com\/blog\/2013\/01\/09\/qytetaret-e-gucise-votuan-pro-komune-video\/","og_locale":"en_US","og_type":"article","og_title":"Qytetar\u00ebt e Gucis\u00eb votuan pro-Komun\u00eb - Video - Lajme nga Ulqini","og_description":"Sipas t\u00eb dh\u00ebnave t\u00eb K\u00ebshillit Koordinues, n\u00eb Guci votuan 2.669 votues, nga t\u00eb cil\u00ebt vet\u00ebm 3 vota ishin kund\u00ebr formimit t\u00eb Komun\u00ebs s\u00eb Gucis\u00eb, shkruan CDM.","og_url":"https:\/\/www.visit-ulcinj.com\/blog\/2013\/01\/09\/qytetaret-e-gucise-votuan-pro-komune-video\/","og_site_name":"Lajme nga Ulqini","article_published_time":"2013-01-09T17:59:13+00:00","og_image":[{"url":"http:\/\/www.visit-ulcinj.com\/blog\/wp-content\/uploads\/2013\/01\/gucia-feston-referendumin.jpg"}],"twitter_misc":{"Written by":"ulqini","Est. reading time":"2 minutes"},"schema":{"@context":"https:\/\/schema.org","@graph":[{"@type":"WebSite","@id":"https:\/\/www.visit-ulcinj.com\/blog\/#website","url":"https:\/\/www.visit-ulcinj.com\/blog\/","name":"Lajme nga Ulqini","description":"Lajme,Vijesti,Ulqini,Ulqin,Crna Gora,Mali i Zi","potentialAction":[{"@type":"SearchAction","target":{"@type":"EntryPoint","urlTemplate":"https:\/\/www.visit-ulcinj.com\/blog\/?s={search_term_string}"},"query-input":"required name=search_term_string"}],"inLanguage":"en-US"},{"@type":"ImageObject","inLanguage":"en-US","@id":"https:\/\/www.visit-ulcinj.com\/blog\/2013\/01\/09\/qytetaret-e-gucise-votuan-pro-komune-video\/#primaryimage","url":"https:\/\/www.visit-ulcinj.com\/blog\/wp-content\/uploads\/2013\/01\/gucia-feston-referendumin.jpg","contentUrl":"https:\/\/www.visit-ulcinj.com\/blog\/wp-content\/uploads\/2013\/01\/gucia-feston-referendumin.jpg","width":1000,"height":750},{"@type":"WebPage","@id":"https:\/\/www.visit-ulcinj.com\/blog\/2013\/01\/09\/qytetaret-e-gucise-votuan-pro-komune-video\/#webpage","url":"https:\/\/www.visit-ulcinj.com\/blog\/2013\/01\/09\/qytetaret-e-gucise-votuan-pro-komune-video\/","name":"Qytetar\u00ebt e Gucis\u00eb votuan pro-Komun\u00eb - Video - Lajme nga Ulqini","isPartOf":{"@id":"https:\/\/www.visit-ulcinj.com\/blog\/#website"},"primaryImageOfPage":{"@id":"https:\/\/www.visit-ulcinj.com\/blog\/2013\/01\/09\/qytetaret-e-gucise-votuan-pro-komune-video\/#primaryimage"},"datePublished":"2013-01-09T17:59:13+00:00","dateModified":"2013-01-09T17:59:13+00:00","author":{"@id":"https:\/\/www.visit-ulcinj.com\/blog\/#\/schema\/person\/dcab619c614d3038751c63bc2aadc06d"},"description":"Sipas t\u00eb dh\u00ebnave t\u00eb K\u00ebshillit Koordinues, n\u00eb Guci votuan 2.669 votues, nga t\u00eb cil\u00ebt vet\u00ebm 3 vota ishin kund\u00ebr formimit t\u00eb Komun\u00ebs s\u00eb Gucis\u00eb, shkruan CDM.","breadcrumb":{"@id":"https:\/\/www.visit-ulcinj.com\/blog\/2013\/01\/09\/qytetaret-e-gucise-votuan-pro-komune-video\/#breadcrumb"},"inLanguage":"en-US","potentialAction":[{"@type":"ReadAction","target":["https:\/\/www.visit-ulcinj.com\/blog\/2013\/01\/09\/qytetaret-e-gucise-votuan-pro-komune-video\/"]}]},{"@type":"BreadcrumbList","@id":"https:\/\/www.visit-ulcinj.com\/blog\/2013\/01\/09\/qytetaret-e-gucise-votuan-pro-komune-video\/#breadcrumb","itemListElement":[{"@type":"ListItem","position":1,"name":"Qytetar\u00ebt e Gucis\u00eb votuan pro-Komun\u00eb &#8211; Video"}]},{"@type":"Person","@id":"https:\/\/www.visit-ulcinj.com\/blog\/#\/schema\/person\/dcab619c614d3038751c63bc2aadc06d","name":"ulqini","sameAs":["http:\/\/www.visit-ulcinj.com"],"url":"https:\/\/www.visit-ulcinj.com\/blog\/author\/admin\/"}]}},"jetpack_featured_media_url":"","jetpack_sharing_enabled":true,"jetpack_shortlink":"https:\/\/wp.me\/pe6lTn-hyH","_links":{"self":[{"href":"https:\/\/www.visit-ulcinj.com\/blog\/wp-json\/wp\/v2\/posts\/67499"}],"collection":[{"href":"https:\/\/www.visit-ulcinj.com\/blog\/wp-json\/wp\/v2\/posts"}],"about":[{"href":"https:\/\/www.visit-ulcinj.com\/blog\/wp-json\/wp\/v2\/types\/post"}],"author":[{"embeddable":true,"href":"https:\/\/www.visit-ulcinj.com\/blog\/wp-json\/wp\/v2\/users\/1"}],"replies":[{"embeddable":true,"href":"https:\/\/www.visit-ulcinj.com\/blog\/wp-json\/wp\/v2\/comments?post=67499"}],"version-history":[{"count":1,"href":"https:\/\/www.visit-ulcinj.com\/blog\/wp-json\/wp\/v2\/posts\/67499\/revisions"}],"predecessor-version":[{"id":67501,"href":"https:\/\/www.visit-ulcinj.com\/blog\/wp-json\/wp\/v2\/posts\/67499\/revisions\/67501"}],"wp:attachment":[{"href":"https:\/\/www.visit-ulcinj.com\/blog\/wp-json\/wp\/v2\/media?parent=67499"}],"wp:term":[{"taxonomy":"category","embeddable":true,"href":"https:\/\/www.visit-ulcinj.com\/blog\/wp-json\/wp\/v2\/categories?post=67499"},{"taxonomy":"post_tag","embeddable":true,"href":"https:\/\/www.visit-ulcinj.com\/blog\/wp-json\/wp\/v2\/tags?post=67499"}],"curies":[{"name":"wp","href":"https:\/\/api.w.org\/{rel}","templated":true}]}}