{"id":675,"date":"2008-02-27T07:51:10","date_gmt":"2008-02-27T12:51:10","guid":{"rendered":"http:\/\/www.visit-ulcinj.com\/blog\/2008\/02\/27\/staatsminister-erler-reist-nach-montenegro\/"},"modified":"2008-02-27T14:20:31","modified_gmt":"2008-02-27T19:20:31","slug":"staatsminister-erler-reist-nach-montenegro","status":"publish","type":"post","link":"https:\/\/www.visit-ulcinj.com\/blog\/2008\/02\/27\/staatsminister-erler-reist-nach-montenegro\/","title":{"rendered":"Staatsminister Erler reist nach Montenegro"},"content":{"rendered":"<p><a rel=\"lightbox[pics675]\" href=\"http:\/\/www.visit-ulcinj.com\/blog\/wp-content\/uploads\/2008\/02\/gernot-erler.jpg\" title=\"Gernot Erler\"><\/a><img loading=\"lazy\" border=\"0\" align=\"left\" width=\"142\" src=\"http:\/\/www.visit-ulcinj.com\/blog\/wp-content\/uploads\/2008\/02\/gernot-erler.thumbnail.jpg\" alt=\"Gernot Erler\" height=\"200\" \/>Der Staatsminister im Ausw\u00e4rtigen Amt, Gernot Erler, wird vom 27. bis 29. Februar zu politischen Gespr\u00e4chen nach Montenegro reisen. In Podgorica wird er unter anderen mit dem designierten Premierminister Milo Djukanovic und Au\u00dfenminister Milan Rocen sowie Parlamentspr\u00e4sident Ranko Krivokapic zusammentreffen. Im Zentrum der Gespr\u00e4che wird die Unabh\u00e4ngigkeitserkl\u00e4rung des Kosovo vom 17. Februar und ihre Auswirkungen auf die regionale Stabilit\u00e4t stehen. Zudem wird es um die weiteren Schritte Montenegros im Prozess der euro-atlantischen Ann\u00e4herung gehen. Die EU und Montenegro hatten am 15. Oktober 2007 ein Stabilisierungs- und Assoziierungsabkommen unterzeichnet. Am 1. Januar 2008 ist das Visaerleichterungs-abkommen zwischen der EU und Montenegro in Kraft getreten. Letzte Woche hat die EU-Kommission Gespr\u00e4che \u00fcber weitere M\u00f6glichkeiten der Vereinfachung des Visaverfahrens begonnen.<\/p>\n<p>Im Vorfeld der Pr\u00e4sidentschaftswahl, die f\u00fcr den 6. April anberaumt ist, wird Staatsminister Erler sich zudem in Gespr\u00e4chen mit den Pr\u00e4sidentschaftskandidaten \u00fcber den angelaufenen Wahlkampf informieren. Des weiteren sind Treffen mit Vertretern von Nichtregierungsorganisationen vorgesehen.<\/p>\n<p><a target=\"_blank\" href=\"http:\/\/www.auswaertiges-amt.de\/\" title=\"blocked::http:\/\/www.auswaertiges-amt.de\/\">www.auswaertiges-amt.de<\/a><\/p>\n","protected":false},"excerpt":{"rendered":"<p><img loading=\"lazy\" border=\"0\" align=\"left\" width=\"140\" src=\"http:\/\/www.visit-ulcinj.com\/blog\/wp-content\/uploads\/2008\/02\/gernot-erler.thumbnail.jpg\" alt=\"Gernot Erler\" height=\"140\" \/><\/p>\n","protected":false},"author":1,"featured_media":0,"comment_status":"open","ping_status":"closed","sticky":false,"template":"","format":"standard","meta":{"spay_email":"","jetpack_publicize_message":"","jetpack_is_tweetstorm":false,"jetpack_publicize_feature_enabled":true},"categories":[1],"tags":[1965,1966,1749,1963,788,1683,1618,1964,79,92,1587,1967],"jetpack_publicize_connections":[],"yoast_head":"<!-- This site is optimized with the Yoast SEO plugin v19.1 - https:\/\/yoast.com\/wordpress\/plugins\/seo\/ -->\n<title>Staatsminister Erler reist nach Montenegro - Lajme nga Ulqini<\/title>\n<meta name=\"robots\" content=\"index, follow, max-snippet:-1, max-image-preview:large, max-video-preview:-1\" \/>\n<link rel=\"canonical\" href=\"https:\/\/www.visit-ulcinj.com\/blog\/2008\/02\/27\/staatsminister-erler-reist-nach-montenegro\/\" \/>\n<meta property=\"og:locale\" content=\"en_US\" \/>\n<meta property=\"og:type\" content=\"article\" \/>\n<meta property=\"og:title\" content=\"Staatsminister Erler reist nach Montenegro - Lajme nga Ulqini\" \/>\n<meta property=\"og:url\" content=\"https:\/\/www.visit-ulcinj.com\/blog\/2008\/02\/27\/staatsminister-erler-reist-nach-montenegro\/\" \/>\n<meta property=\"og:site_name\" content=\"Lajme nga Ulqini\" \/>\n<meta property=\"article:published_time\" content=\"2008-02-27T12:51:10+00:00\" \/>\n<meta property=\"article:modified_time\" content=\"2008-02-27T19:20:31+00:00\" \/>\n<meta property=\"og:image\" content=\"http:\/\/www.visit-ulcinj.com\/blog\/wp-content\/uploads\/2008\/02\/gernot-erler.thumbnail.jpg\" \/>\n<meta name=\"twitter:label1\" content=\"Written by\" \/>\n\t<meta name=\"twitter:data1\" content=\"ulqini\" \/>\n\t<meta name=\"twitter:label2\" content=\"Est. reading time\" \/>\n\t<meta name=\"twitter:data2\" content=\"1 minute\" \/>\n<script type=\"application\/ld+json\" class=\"yoast-schema-graph\">{\"@context\":\"https:\/\/schema.org\",\"@graph\":[{\"@type\":\"WebSite\",\"@id\":\"https:\/\/www.visit-ulcinj.com\/blog\/#website\",\"url\":\"https:\/\/www.visit-ulcinj.com\/blog\/\",\"name\":\"Lajme nga Ulqini\",\"description\":\"Lajme,Vijesti,Ulqini,Ulqin,Crna Gora,Mali i Zi\",\"potentialAction\":[{\"@type\":\"SearchAction\",\"target\":{\"@type\":\"EntryPoint\",\"urlTemplate\":\"https:\/\/www.visit-ulcinj.com\/blog\/?s={search_term_string}\"},\"query-input\":\"required name=search_term_string\"}],\"inLanguage\":\"en-US\"},{\"@type\":\"ImageObject\",\"inLanguage\":\"en-US\",\"@id\":\"https:\/\/www.visit-ulcinj.com\/blog\/2008\/02\/27\/staatsminister-erler-reist-nach-montenegro\/#primaryimage\",\"url\":\"http:\/\/www.visit-ulcinj.com\/blog\/wp-content\/uploads\/2008\/02\/gernot-erler.thumbnail.jpg\",\"contentUrl\":\"http:\/\/www.visit-ulcinj.com\/blog\/wp-content\/uploads\/2008\/02\/gernot-erler.thumbnail.jpg\"},{\"@type\":\"WebPage\",\"@id\":\"https:\/\/www.visit-ulcinj.com\/blog\/2008\/02\/27\/staatsminister-erler-reist-nach-montenegro\/#webpage\",\"url\":\"https:\/\/www.visit-ulcinj.com\/blog\/2008\/02\/27\/staatsminister-erler-reist-nach-montenegro\/\",\"name\":\"Staatsminister Erler reist nach Montenegro - Lajme nga Ulqini\",\"isPartOf\":{\"@id\":\"https:\/\/www.visit-ulcinj.com\/blog\/#website\"},\"primaryImageOfPage\":{\"@id\":\"https:\/\/www.visit-ulcinj.com\/blog\/2008\/02\/27\/staatsminister-erler-reist-nach-montenegro\/#primaryimage\"},\"datePublished\":\"2008-02-27T12:51:10+00:00\",\"dateModified\":\"2008-02-27T19:20:31+00:00\",\"author\":{\"@id\":\"https:\/\/www.visit-ulcinj.com\/blog\/#\/schema\/person\/dcab619c614d3038751c63bc2aadc06d\"},\"breadcrumb\":{\"@id\":\"https:\/\/www.visit-ulcinj.com\/blog\/2008\/02\/27\/staatsminister-erler-reist-nach-montenegro\/#breadcrumb\"},\"inLanguage\":\"en-US\",\"potentialAction\":[{\"@type\":\"ReadAction\",\"target\":[\"https:\/\/www.visit-ulcinj.com\/blog\/2008\/02\/27\/staatsminister-erler-reist-nach-montenegro\/\"]}]},{\"@type\":\"BreadcrumbList\",\"@id\":\"https:\/\/www.visit-ulcinj.com\/blog\/2008\/02\/27\/staatsminister-erler-reist-nach-montenegro\/#breadcrumb\",\"itemListElement\":[{\"@type\":\"ListItem\",\"position\":1,\"name\":\"Staatsminister Erler reist nach Montenegro\"}]},{\"@type\":\"Person\",\"@id\":\"https:\/\/www.visit-ulcinj.com\/blog\/#\/schema\/person\/dcab619c614d3038751c63bc2aadc06d\",\"name\":\"ulqini\",\"sameAs\":[\"http:\/\/www.visit-ulcinj.com\"],\"url\":\"https:\/\/www.visit-ulcinj.com\/blog\/author\/admin\/\"}]}<\/script>\n<!-- \/ Yoast SEO plugin. -->","yoast_head_json":{"title":"Staatsminister Erler reist nach Montenegro - Lajme nga Ulqini","robots":{"index":"index","follow":"follow","max-snippet":"max-snippet:-1","max-image-preview":"max-image-preview:large","max-video-preview":"max-video-preview:-1"},"canonical":"https:\/\/www.visit-ulcinj.com\/blog\/2008\/02\/27\/staatsminister-erler-reist-nach-montenegro\/","og_locale":"en_US","og_type":"article","og_title":"Staatsminister Erler reist nach Montenegro - Lajme nga Ulqini","og_url":"https:\/\/www.visit-ulcinj.com\/blog\/2008\/02\/27\/staatsminister-erler-reist-nach-montenegro\/","og_site_name":"Lajme nga Ulqini","article_published_time":"2008-02-27T12:51:10+00:00","article_modified_time":"2008-02-27T19:20:31+00:00","og_image":[{"url":"http:\/\/www.visit-ulcinj.com\/blog\/wp-content\/uploads\/2008\/02\/gernot-erler.thumbnail.jpg"}],"twitter_misc":{"Written by":"ulqini","Est. reading time":"1 minute"},"schema":{"@context":"https:\/\/schema.org","@graph":[{"@type":"WebSite","@id":"https:\/\/www.visit-ulcinj.com\/blog\/#website","url":"https:\/\/www.visit-ulcinj.com\/blog\/","name":"Lajme nga Ulqini","description":"Lajme,Vijesti,Ulqini,Ulqin,Crna Gora,Mali i Zi","potentialAction":[{"@type":"SearchAction","target":{"@type":"EntryPoint","urlTemplate":"https:\/\/www.visit-ulcinj.com\/blog\/?s={search_term_string}"},"query-input":"required name=search_term_string"}],"inLanguage":"en-US"},{"@type":"ImageObject","inLanguage":"en-US","@id":"https:\/\/www.visit-ulcinj.com\/blog\/2008\/02\/27\/staatsminister-erler-reist-nach-montenegro\/#primaryimage","url":"http:\/\/www.visit-ulcinj.com\/blog\/wp-content\/uploads\/2008\/02\/gernot-erler.thumbnail.jpg","contentUrl":"http:\/\/www.visit-ulcinj.com\/blog\/wp-content\/uploads\/2008\/02\/gernot-erler.thumbnail.jpg"},{"@type":"WebPage","@id":"https:\/\/www.visit-ulcinj.com\/blog\/2008\/02\/27\/staatsminister-erler-reist-nach-montenegro\/#webpage","url":"https:\/\/www.visit-ulcinj.com\/blog\/2008\/02\/27\/staatsminister-erler-reist-nach-montenegro\/","name":"Staatsminister Erler reist nach Montenegro - Lajme nga Ulqini","isPartOf":{"@id":"https:\/\/www.visit-ulcinj.com\/blog\/#website"},"primaryImageOfPage":{"@id":"https:\/\/www.visit-ulcinj.com\/blog\/2008\/02\/27\/staatsminister-erler-reist-nach-montenegro\/#primaryimage"},"datePublished":"2008-02-27T12:51:10+00:00","dateModified":"2008-02-27T19:20:31+00:00","author":{"@id":"https:\/\/www.visit-ulcinj.com\/blog\/#\/schema\/person\/dcab619c614d3038751c63bc2aadc06d"},"breadcrumb":{"@id":"https:\/\/www.visit-ulcinj.com\/blog\/2008\/02\/27\/staatsminister-erler-reist-nach-montenegro\/#breadcrumb"},"inLanguage":"en-US","potentialAction":[{"@type":"ReadAction","target":["https:\/\/www.visit-ulcinj.com\/blog\/2008\/02\/27\/staatsminister-erler-reist-nach-montenegro\/"]}]},{"@type":"BreadcrumbList","@id":"https:\/\/www.visit-ulcinj.com\/blog\/2008\/02\/27\/staatsminister-erler-reist-nach-montenegro\/#breadcrumb","itemListElement":[{"@type":"ListItem","position":1,"name":"Staatsminister Erler reist nach Montenegro"}]},{"@type":"Person","@id":"https:\/\/www.visit-ulcinj.com\/blog\/#\/schema\/person\/dcab619c614d3038751c63bc2aadc06d","name":"ulqini","sameAs":["http:\/\/www.visit-ulcinj.com"],"url":"https:\/\/www.visit-ulcinj.com\/blog\/author\/admin\/"}]}},"jetpack_featured_media_url":"","jetpack_sharing_enabled":true,"jetpack_shortlink":"https:\/\/wp.me\/pe6lTn-aT","_links":{"self":[{"href":"https:\/\/www.visit-ulcinj.com\/blog\/wp-json\/wp\/v2\/posts\/675"}],"collection":[{"href":"https:\/\/www.visit-ulcinj.com\/blog\/wp-json\/wp\/v2\/posts"}],"about":[{"href":"https:\/\/www.visit-ulcinj.com\/blog\/wp-json\/wp\/v2\/types\/post"}],"author":[{"embeddable":true,"href":"https:\/\/www.visit-ulcinj.com\/blog\/wp-json\/wp\/v2\/users\/1"}],"replies":[{"embeddable":true,"href":"https:\/\/www.visit-ulcinj.com\/blog\/wp-json\/wp\/v2\/comments?post=675"}],"version-history":[{"count":0,"href":"https:\/\/www.visit-ulcinj.com\/blog\/wp-json\/wp\/v2\/posts\/675\/revisions"}],"wp:attachment":[{"href":"https:\/\/www.visit-ulcinj.com\/blog\/wp-json\/wp\/v2\/media?parent=675"}],"wp:term":[{"taxonomy":"category","embeddable":true,"href":"https:\/\/www.visit-ulcinj.com\/blog\/wp-json\/wp\/v2\/categories?post=675"},{"taxonomy":"post_tag","embeddable":true,"href":"https:\/\/www.visit-ulcinj.com\/blog\/wp-json\/wp\/v2\/tags?post=675"}],"curies":[{"name":"wp","href":"https:\/\/api.w.org\/{rel}","templated":true}]}}