{"id":6753,"date":"2008-12-04T13:36:03","date_gmt":"2008-12-04T12:36:03","guid":{"rendered":"http:\/\/www.visit-ulcinj.com\/blog\/?p=6753"},"modified":"2008-12-17T17:39:25","modified_gmt":"2008-12-17T16:39:25","slug":"ditelindja-me-e-bukur-e-unionit-demokratik-te-shqiptareve-ne-mal-te-zi","status":"publish","type":"post","link":"https:\/\/www.visit-ulcinj.com\/blog\/2008\/12\/04\/ditelindja-me-e-bukur-e-unionit-demokratik-te-shqiptareve-ne-mal-te-zi\/","title":{"rendered":"Dit\u00eblindja m\u00eb e bukur e Unionit Demokratik t\u00eb Shqiptar\u00ebve n\u00eb Mal t\u00eb Zi"},"content":{"rendered":"<p><a href=\"http:\/\/www.visit-ulcinj.com\/blog\/wp-content\/uploads\/2008\/12\/unioni-demokratik-i-shqiptareve-kremtoi-te-premten-ne-ulqin-15-vjetorin-e-themelimit.jpg\"><img loading=\"lazy\" class=\"alignleft size-medium wp-image-6754\" title=\"unioni-demokratik-i-shqiptareve-kremtoi-te-premten-ne-ulqin-15-vjetorin-e-themelimit\" src=\"http:\/\/www.visit-ulcinj.com\/blog\/wp-content\/uploads\/2008\/12\/unioni-demokratik-i-shqiptareve-kremtoi-te-premten-ne-ulqin-15-vjetorin-e-themelimit.jpg\" alt=\"\" width=\"393\" height=\"235\" \/><\/a>Ulqin &#8211; Unioni Demokratik i Shqiptar\u00ebve kremtoi t\u00eb premten n\u00eb Ulqin 15 &#8211; vjetorin e themelimit t\u00eb vet.<br \/>\nKryetari i k\u00ebsaj partie Ferhat Dinosha e cil\u00ebsoi k\u00ebt\u00eb p\u00ebrvjetor si dit\u00eblindjen m\u00eb t\u00eb bukur t\u00eb UDSH-s\u00eb deri m\u00eb sot.<br \/>\n&#8220;Keni ardhur n\u00eb dit\u00eblindjen m\u00eb t\u00eb bukur deri m\u00eb sot t\u00eb UDSH-s\u00eb, partis\u00eb m\u00eb t\u00eb fort\u00eb shqiptare n\u00eb Mal t\u00eb Zi. Thash\u00eb se kjo \u00ebsht\u00eb dit\u00eblindja m\u00eb e bukur e jona p\u00ebr arsye se ky \u00ebsht\u00eb viti m\u00eb i bukur i shqiptar\u00ebve n\u00eb historin\u00eb e tyre m\u00eb t\u00eb re&#8221;, ka th\u00ebn\u00eb Dinosha duke iu drejtuar t\u00eb pranishm\u00ebve n\u00eb sall\u00ebn e Qendr\u00ebs s\u00eb Kultur\u00ebs n\u00eb Ulqin.<br \/>\nDuke vazhduar arsyetimin e tij, Dinosha ka th\u00ebn\u00eb se ekzistojn\u00eb tri gj\u00ebra q\u00eb na b\u00ebjn\u00eb t\u00eb lumtur.<br \/>\n&#8220;Viti 2008 ka b\u00ebr\u00eb Kosov\u00ebn shtet, ka \u00e7elur dyert e NATO-s p\u00ebr Shqip\u00ebrin\u00eb dhe ka sjell\u00eb njohjen e Kosov\u00ebs shtet nga ana e Malit t\u00eb Zi&#8221;, ka th\u00ebn\u00eb ai.<br \/>\nN\u00eb ceremonin\u00eb e organizuar me k\u00ebt\u00eb rast kan\u00eb marr\u00eb pjes\u00eb nd\u00ebr t\u00eb tjer\u00eb ambasadori Leopold Maurer, shef i Delegacionit t\u00eb Komisionit Evropian n\u00eb Mal t\u00eb Zi, ambasadori i Austris\u00eb n\u00eb Mal t\u00eb Zi, Florian Rauning, ambasadori i Republik\u00ebs s\u00eb Shqip\u00ebris\u00eb n\u00eb Mal t\u00eb Zi, Tonin Beci, pastaj prof. Novak Kilibarda, etj.<br \/>\nN\u00eb k\u00ebt\u00eb mbr\u00ebmje nuk kan\u00eb marr\u00eb pjes\u00eb p\u00ebrfaq\u00ebsuesit e partive t\u00eb tjera shqiptare. Nga UDSH kan\u00eb b\u00ebr\u00eb t\u00eb ditur se ata nuk ishin ftuar t\u00eb marrin pjes\u00eb n\u00eb k\u00ebt\u00eb ceremoni.<br \/>\nGjat\u00eb mbr\u00ebmjes u hap nj\u00eb ekspozit\u00eb dhe u shfaq nj\u00eb film dokumentar kushtuar rrug\u00ebs 15-vje\u00e7are t\u00eb k\u00ebsaj partie.<br \/>\nN\u00eb pjes\u00ebn tjet\u00ebr t\u00eb ceremonis\u00eb t\u00eb pranishmit i arg\u00ebtuan k\u00ebng\u00ebtaret Manjola Nallbani dhe Valbona Mema.<br \/>\nUDSH u themelua n\u00eb vitin 1993 dhe \u00ebsht\u00eb partia e dyt\u00eb shqiptare e themeluar me radh\u00eb pas Lidhjes Demokratike n\u00eb Mal t\u00eb Zi, e cila u themelua n\u00eb vitin 1990.<br \/>\n<strong>I.Kallaba<br \/>\nKoha Javore<\/strong><\/p>\n<!--YouTube Error: bad URL entered-->\n","protected":false},"excerpt":{"rendered":"<p>Ulqin &#8211; Unioni Demokratik i Shqiptar\u00ebve kremtoi t\u00eb premten n\u00eb Ulqin 15 &#8211; vjetorin e themelimit t\u00eb vet. Kryetari i k\u00ebsaj partie Ferhat Dinosha e cil\u00ebsoi k\u00ebt\u00eb p\u00ebrvjetor si dit\u00eblindjen m\u00eb t\u00eb bukur t\u00eb UDSH-s\u00eb deri m\u00eb sot. &#8220;Keni ardhur n\u00eb dit\u00eblindjen m\u00eb t\u00eb bukur deri m\u00eb sot t\u00eb UDSH-s\u00eb, partis\u00eb m\u00eb t\u00eb fort\u00eb shqiptare [&hellip;]<\/p>\n","protected":false},"author":1,"featured_media":0,"comment_status":"open","ping_status":"closed","sticky":false,"template":"","format":"standard","meta":{"spay_email":"","jetpack_publicize_message":"","jetpack_is_tweetstorm":false,"jetpack_publicize_feature_enabled":true},"categories":[6],"tags":[5279,5144],"jetpack_publicize_connections":[],"yoast_head":"<!-- This site is optimized with the Yoast SEO plugin v19.1 - https:\/\/yoast.com\/wordpress\/plugins\/seo\/ -->\n<title>Dit\u00eblindja m\u00eb e bukur e Unionit Demokratik t\u00eb Shqiptar\u00ebve n\u00eb Mal t\u00eb Zi - Lajme nga Ulqini<\/title>\n<meta name=\"description\" content=\"Ulqin - Unioni Demokratik i Shqiptar\u00ebve kremtoi t\u00eb premten n\u00eb Ulqin 15 - vjetorin e themelimit t\u00eb vet. Kryetari i k\u00ebsaj partie Ferhat Dinosha e cil\u00ebsoi\" \/>\n<meta name=\"robots\" content=\"index, follow, max-snippet:-1, max-image-preview:large, max-video-preview:-1\" \/>\n<link rel=\"canonical\" href=\"https:\/\/www.visit-ulcinj.com\/blog\/2008\/12\/04\/ditelindja-me-e-bukur-e-unionit-demokratik-te-shqiptareve-ne-mal-te-zi\/\" \/>\n<meta property=\"og:locale\" content=\"en_US\" \/>\n<meta property=\"og:type\" content=\"article\" \/>\n<meta property=\"og:title\" content=\"Dit\u00eblindja m\u00eb e bukur e Unionit Demokratik t\u00eb Shqiptar\u00ebve n\u00eb Mal t\u00eb Zi - Lajme nga Ulqini\" \/>\n<meta property=\"og:description\" content=\"Ulqin - Unioni Demokratik i Shqiptar\u00ebve kremtoi t\u00eb premten n\u00eb Ulqin 15 - vjetorin e themelimit t\u00eb vet. Kryetari i k\u00ebsaj partie Ferhat Dinosha e cil\u00ebsoi\" \/>\n<meta property=\"og:url\" content=\"https:\/\/www.visit-ulcinj.com\/blog\/2008\/12\/04\/ditelindja-me-e-bukur-e-unionit-demokratik-te-shqiptareve-ne-mal-te-zi\/\" \/>\n<meta property=\"og:site_name\" content=\"Lajme nga Ulqini\" \/>\n<meta property=\"article:published_time\" content=\"2008-12-04T12:36:03+00:00\" \/>\n<meta property=\"article:modified_time\" content=\"2008-12-17T16:39:25+00:00\" \/>\n<meta property=\"og:image\" content=\"http:\/\/www.visit-ulcinj.com\/blog\/wp-content\/uploads\/2008\/12\/unioni-demokratik-i-shqiptareve-kremtoi-te-premten-ne-ulqin-15-vjetorin-e-themelimit.jpg\" \/>\n<meta name=\"twitter:label1\" content=\"Written by\" \/>\n\t<meta name=\"twitter:data1\" content=\"ulqini\" \/>\n\t<meta name=\"twitter:label2\" content=\"Est. reading time\" \/>\n\t<meta name=\"twitter:data2\" content=\"2 minutes\" \/>\n<script type=\"application\/ld+json\" class=\"yoast-schema-graph\">{\"@context\":\"https:\/\/schema.org\",\"@graph\":[{\"@type\":\"WebSite\",\"@id\":\"https:\/\/www.visit-ulcinj.com\/blog\/#website\",\"url\":\"https:\/\/www.visit-ulcinj.com\/blog\/\",\"name\":\"Lajme nga Ulqini\",\"description\":\"Lajme,Vijesti,Ulqini,Ulqin,Crna Gora,Mali i Zi\",\"potentialAction\":[{\"@type\":\"SearchAction\",\"target\":{\"@type\":\"EntryPoint\",\"urlTemplate\":\"https:\/\/www.visit-ulcinj.com\/blog\/?s={search_term_string}\"},\"query-input\":\"required name=search_term_string\"}],\"inLanguage\":\"en-US\"},{\"@type\":\"ImageObject\",\"inLanguage\":\"en-US\",\"@id\":\"https:\/\/www.visit-ulcinj.com\/blog\/2008\/12\/04\/ditelindja-me-e-bukur-e-unionit-demokratik-te-shqiptareve-ne-mal-te-zi\/#primaryimage\",\"url\":\"http:\/\/www.visit-ulcinj.com\/blog\/wp-content\/uploads\/2008\/12\/unioni-demokratik-i-shqiptareve-kremtoi-te-premten-ne-ulqin-15-vjetorin-e-themelimit.jpg\",\"contentUrl\":\"http:\/\/www.visit-ulcinj.com\/blog\/wp-content\/uploads\/2008\/12\/unioni-demokratik-i-shqiptareve-kremtoi-te-premten-ne-ulqin-15-vjetorin-e-themelimit.jpg\"},{\"@type\":\"WebPage\",\"@id\":\"https:\/\/www.visit-ulcinj.com\/blog\/2008\/12\/04\/ditelindja-me-e-bukur-e-unionit-demokratik-te-shqiptareve-ne-mal-te-zi\/#webpage\",\"url\":\"https:\/\/www.visit-ulcinj.com\/blog\/2008\/12\/04\/ditelindja-me-e-bukur-e-unionit-demokratik-te-shqiptareve-ne-mal-te-zi\/\",\"name\":\"Dit\u00eblindja m\u00eb e bukur e Unionit Demokratik t\u00eb Shqiptar\u00ebve n\u00eb Mal t\u00eb Zi - Lajme nga Ulqini\",\"isPartOf\":{\"@id\":\"https:\/\/www.visit-ulcinj.com\/blog\/#website\"},\"primaryImageOfPage\":{\"@id\":\"https:\/\/www.visit-ulcinj.com\/blog\/2008\/12\/04\/ditelindja-me-e-bukur-e-unionit-demokratik-te-shqiptareve-ne-mal-te-zi\/#primaryimage\"},\"datePublished\":\"2008-12-04T12:36:03+00:00\",\"dateModified\":\"2008-12-17T16:39:25+00:00\",\"author\":{\"@id\":\"https:\/\/www.visit-ulcinj.com\/blog\/#\/schema\/person\/dcab619c614d3038751c63bc2aadc06d\"},\"description\":\"Ulqin - Unioni Demokratik i Shqiptar\u00ebve kremtoi t\u00eb premten n\u00eb Ulqin 15 - vjetorin e themelimit t\u00eb vet. Kryetari i k\u00ebsaj partie Ferhat Dinosha e cil\u00ebsoi\",\"breadcrumb\":{\"@id\":\"https:\/\/www.visit-ulcinj.com\/blog\/2008\/12\/04\/ditelindja-me-e-bukur-e-unionit-demokratik-te-shqiptareve-ne-mal-te-zi\/#breadcrumb\"},\"inLanguage\":\"en-US\",\"potentialAction\":[{\"@type\":\"ReadAction\",\"target\":[\"https:\/\/www.visit-ulcinj.com\/blog\/2008\/12\/04\/ditelindja-me-e-bukur-e-unionit-demokratik-te-shqiptareve-ne-mal-te-zi\/\"]}]},{\"@type\":\"BreadcrumbList\",\"@id\":\"https:\/\/www.visit-ulcinj.com\/blog\/2008\/12\/04\/ditelindja-me-e-bukur-e-unionit-demokratik-te-shqiptareve-ne-mal-te-zi\/#breadcrumb\",\"itemListElement\":[{\"@type\":\"ListItem\",\"position\":1,\"name\":\"Dit\u00eblindja m\u00eb e bukur e Unionit Demokratik t\u00eb Shqiptar\u00ebve n\u00eb Mal t\u00eb Zi\"}]},{\"@type\":\"Person\",\"@id\":\"https:\/\/www.visit-ulcinj.com\/blog\/#\/schema\/person\/dcab619c614d3038751c63bc2aadc06d\",\"name\":\"ulqini\",\"sameAs\":[\"http:\/\/www.visit-ulcinj.com\"],\"url\":\"https:\/\/www.visit-ulcinj.com\/blog\/author\/admin\/\"}]}<\/script>\n<!-- \/ Yoast SEO plugin. -->","yoast_head_json":{"title":"Dit\u00eblindja m\u00eb e bukur e Unionit Demokratik t\u00eb Shqiptar\u00ebve n\u00eb Mal t\u00eb Zi - Lajme nga Ulqini","description":"Ulqin - Unioni Demokratik i Shqiptar\u00ebve kremtoi t\u00eb premten n\u00eb Ulqin 15 - vjetorin e themelimit t\u00eb vet. Kryetari i k\u00ebsaj partie Ferhat Dinosha e cil\u00ebsoi","robots":{"index":"index","follow":"follow","max-snippet":"max-snippet:-1","max-image-preview":"max-image-preview:large","max-video-preview":"max-video-preview:-1"},"canonical":"https:\/\/www.visit-ulcinj.com\/blog\/2008\/12\/04\/ditelindja-me-e-bukur-e-unionit-demokratik-te-shqiptareve-ne-mal-te-zi\/","og_locale":"en_US","og_type":"article","og_title":"Dit\u00eblindja m\u00eb e bukur e Unionit Demokratik t\u00eb Shqiptar\u00ebve n\u00eb Mal t\u00eb Zi - Lajme nga Ulqini","og_description":"Ulqin - Unioni Demokratik i Shqiptar\u00ebve kremtoi t\u00eb premten n\u00eb Ulqin 15 - vjetorin e themelimit t\u00eb vet. Kryetari i k\u00ebsaj partie Ferhat Dinosha e cil\u00ebsoi","og_url":"https:\/\/www.visit-ulcinj.com\/blog\/2008\/12\/04\/ditelindja-me-e-bukur-e-unionit-demokratik-te-shqiptareve-ne-mal-te-zi\/","og_site_name":"Lajme nga Ulqini","article_published_time":"2008-12-04T12:36:03+00:00","article_modified_time":"2008-12-17T16:39:25+00:00","og_image":[{"url":"http:\/\/www.visit-ulcinj.com\/blog\/wp-content\/uploads\/2008\/12\/unioni-demokratik-i-shqiptareve-kremtoi-te-premten-ne-ulqin-15-vjetorin-e-themelimit.jpg"}],"twitter_misc":{"Written by":"ulqini","Est. reading time":"2 minutes"},"schema":{"@context":"https:\/\/schema.org","@graph":[{"@type":"WebSite","@id":"https:\/\/www.visit-ulcinj.com\/blog\/#website","url":"https:\/\/www.visit-ulcinj.com\/blog\/","name":"Lajme nga Ulqini","description":"Lajme,Vijesti,Ulqini,Ulqin,Crna Gora,Mali i Zi","potentialAction":[{"@type":"SearchAction","target":{"@type":"EntryPoint","urlTemplate":"https:\/\/www.visit-ulcinj.com\/blog\/?s={search_term_string}"},"query-input":"required name=search_term_string"}],"inLanguage":"en-US"},{"@type":"ImageObject","inLanguage":"en-US","@id":"https:\/\/www.visit-ulcinj.com\/blog\/2008\/12\/04\/ditelindja-me-e-bukur-e-unionit-demokratik-te-shqiptareve-ne-mal-te-zi\/#primaryimage","url":"http:\/\/www.visit-ulcinj.com\/blog\/wp-content\/uploads\/2008\/12\/unioni-demokratik-i-shqiptareve-kremtoi-te-premten-ne-ulqin-15-vjetorin-e-themelimit.jpg","contentUrl":"http:\/\/www.visit-ulcinj.com\/blog\/wp-content\/uploads\/2008\/12\/unioni-demokratik-i-shqiptareve-kremtoi-te-premten-ne-ulqin-15-vjetorin-e-themelimit.jpg"},{"@type":"WebPage","@id":"https:\/\/www.visit-ulcinj.com\/blog\/2008\/12\/04\/ditelindja-me-e-bukur-e-unionit-demokratik-te-shqiptareve-ne-mal-te-zi\/#webpage","url":"https:\/\/www.visit-ulcinj.com\/blog\/2008\/12\/04\/ditelindja-me-e-bukur-e-unionit-demokratik-te-shqiptareve-ne-mal-te-zi\/","name":"Dit\u00eblindja m\u00eb e bukur e Unionit Demokratik t\u00eb Shqiptar\u00ebve n\u00eb Mal t\u00eb Zi - Lajme nga Ulqini","isPartOf":{"@id":"https:\/\/www.visit-ulcinj.com\/blog\/#website"},"primaryImageOfPage":{"@id":"https:\/\/www.visit-ulcinj.com\/blog\/2008\/12\/04\/ditelindja-me-e-bukur-e-unionit-demokratik-te-shqiptareve-ne-mal-te-zi\/#primaryimage"},"datePublished":"2008-12-04T12:36:03+00:00","dateModified":"2008-12-17T16:39:25+00:00","author":{"@id":"https:\/\/www.visit-ulcinj.com\/blog\/#\/schema\/person\/dcab619c614d3038751c63bc2aadc06d"},"description":"Ulqin - Unioni Demokratik i Shqiptar\u00ebve kremtoi t\u00eb premten n\u00eb Ulqin 15 - vjetorin e themelimit t\u00eb vet. Kryetari i k\u00ebsaj partie Ferhat Dinosha e cil\u00ebsoi","breadcrumb":{"@id":"https:\/\/www.visit-ulcinj.com\/blog\/2008\/12\/04\/ditelindja-me-e-bukur-e-unionit-demokratik-te-shqiptareve-ne-mal-te-zi\/#breadcrumb"},"inLanguage":"en-US","potentialAction":[{"@type":"ReadAction","target":["https:\/\/www.visit-ulcinj.com\/blog\/2008\/12\/04\/ditelindja-me-e-bukur-e-unionit-demokratik-te-shqiptareve-ne-mal-te-zi\/"]}]},{"@type":"BreadcrumbList","@id":"https:\/\/www.visit-ulcinj.com\/blog\/2008\/12\/04\/ditelindja-me-e-bukur-e-unionit-demokratik-te-shqiptareve-ne-mal-te-zi\/#breadcrumb","itemListElement":[{"@type":"ListItem","position":1,"name":"Dit\u00eblindja m\u00eb e bukur e Unionit Demokratik t\u00eb Shqiptar\u00ebve n\u00eb Mal t\u00eb Zi"}]},{"@type":"Person","@id":"https:\/\/www.visit-ulcinj.com\/blog\/#\/schema\/person\/dcab619c614d3038751c63bc2aadc06d","name":"ulqini","sameAs":["http:\/\/www.visit-ulcinj.com"],"url":"https:\/\/www.visit-ulcinj.com\/blog\/author\/admin\/"}]}},"jetpack_featured_media_url":"","jetpack_sharing_enabled":true,"jetpack_shortlink":"https:\/\/wp.me\/pe6lTn-1KV","_links":{"self":[{"href":"https:\/\/www.visit-ulcinj.com\/blog\/wp-json\/wp\/v2\/posts\/6753"}],"collection":[{"href":"https:\/\/www.visit-ulcinj.com\/blog\/wp-json\/wp\/v2\/posts"}],"about":[{"href":"https:\/\/www.visit-ulcinj.com\/blog\/wp-json\/wp\/v2\/types\/post"}],"author":[{"embeddable":true,"href":"https:\/\/www.visit-ulcinj.com\/blog\/wp-json\/wp\/v2\/users\/1"}],"replies":[{"embeddable":true,"href":"https:\/\/www.visit-ulcinj.com\/blog\/wp-json\/wp\/v2\/comments?post=6753"}],"version-history":[{"count":0,"href":"https:\/\/www.visit-ulcinj.com\/blog\/wp-json\/wp\/v2\/posts\/6753\/revisions"}],"wp:attachment":[{"href":"https:\/\/www.visit-ulcinj.com\/blog\/wp-json\/wp\/v2\/media?parent=6753"}],"wp:term":[{"taxonomy":"category","embeddable":true,"href":"https:\/\/www.visit-ulcinj.com\/blog\/wp-json\/wp\/v2\/categories?post=6753"},{"taxonomy":"post_tag","embeddable":true,"href":"https:\/\/www.visit-ulcinj.com\/blog\/wp-json\/wp\/v2\/tags?post=6753"}],"curies":[{"name":"wp","href":"https:\/\/api.w.org\/{rel}","templated":true}]}}