{"id":67548,"date":"2013-01-11T20:43:48","date_gmt":"2013-01-11T19:43:48","guid":{"rendered":"http:\/\/www.visit-ulcinj.com\/blog\/?p=67548"},"modified":"2013-01-11T20:43:48","modified_gmt":"2013-01-11T19:43:48","slug":"atleticari-novog-pazara-u-ulcinju","status":"publish","type":"post","link":"https:\/\/www.visit-ulcinj.com\/blog\/2013\/01\/11\/atleticari-novog-pazara-u-ulcinju\/","title":{"rendered":"Atleti\u010dari Novog Pazara u Ulcinju"},"content":{"rendered":"<div><a href=\"http:\/\/www.visit-ulcinj.com\/blog\/wp-content\/uploads\/2013\/01\/Sportski-direktor-novopazarskog-atletskog-kluba-Edin-Zukovic.jpg\"><img loading=\"lazy\" class=\"alignleft  wp-image-67549\" alt=\"Sportski direktor novopazarskog atletskog kluba Edin Zukovic\" src=\"http:\/\/www.visit-ulcinj.com\/blog\/wp-content\/uploads\/2013\/01\/Sportski-direktor-novopazarskog-atletskog-kluba-Edin-Zukovic.jpg\" width=\"508\" height=\"360\" \/><\/a>Atleti\u010dari Novog Pazara otputova\u0107e sutra u Ulcinj, gde \u0107e u narednih 15 dana obaviti prvi ciklus priprema za nastupaju\u0107u sezonu.<\/div>\n<div>\n<p>Sportski direktor novopazarskog atletskog kluba Edin Zukovi\u0107 izjavio je da \u0107e, osim reprezentativaca Amele Terzi\u0107 i Teodore Simovi\u0107, sa trenerom Rifatom Zilki\u0107em na crnogorskom primorju trenirati jo\u0161 sedmoro takmi\u010dara.<\/p>\n<p>&#8220;Krajem januara o\u010dekuju nas Svetosavska trka u Valjevu i Beli kros, a 23. februara odr\u017ea\u0107e se Prvenstvo Srbije u krosu. Na dr\u017eavnom prvenstvu poku\u0161a\u0107emo da osvojimo \u0161to vi\u0161e medalja&#8221;, rekao je Zukovi\u0107.<br \/>\n<a href=\"http:\/\/www.visit-ulcinj.com\/blog\/wp-content\/uploads\/2013\/01\/Atleticari-Novog-Pazara-u-Ulcinj_Ulcinjska-rivijera.jpg\"><img loading=\"lazy\" class=\"alignleft  wp-image-67550\" alt=\"Atleticari-Novog-Pazara-u-Ulcinj_Ulcinjska-rivijera\" src=\"http:\/\/www.visit-ulcinj.com\/blog\/wp-content\/uploads\/2013\/01\/Atleticari-Novog-Pazara-u-Ulcinj_Ulcinjska-rivijera.jpg\" width=\"508\" height=\"300\" \/><\/a><br \/>\nAtletski savez Srbije snosi\u0107e tro\u0161kove za Terzi\u0107evu, Simovi\u0107evu i trenera Zilki\u0107a, dok \u0107e klub finansirati pripreme Jasmina Ljaji\u0107a, Muamera Hasanovi\u0107a, Nenada Radanovi\u0107a, Ilde Dautovi\u0107, Elvedine Zorni\u0107, Darjana \u0110urkovi\u0107a i Adema Ziljki\u0107a.<\/p>\n<h3><strong>Miljan Mini\u0107<br \/>\nSandzak Info<br \/>\n<\/strong><\/h3>\n<!--YouTube Error: bad URL entered-->\n<\/div>\n","protected":false},"excerpt":{"rendered":"<p>Atleti\u010dari Novog Pazara otputova\u0107e sutra u Ulcinj, gde \u0107e u narednih 15 dana obaviti prvi ciklus priprema za nastupaju\u0107u sezonu. Sportski direktor novopazarskog atletskog kluba Edin Zukovi\u0107 izjavio je da \u0107e, osim reprezentativaca Amele Terzi\u0107 i Teodore Simovi\u0107, sa trenerom Rifatom Zilki\u0107em na crnogorskom primorju trenirati jo\u0161 sedmoro takmi\u010dara. &#8220;Krajem januara o\u010dekuju nas Svetosavska trka [&hellip;]<\/p>\n","protected":false},"author":1,"featured_media":0,"comment_status":"open","ping_status":"closed","sticky":false,"template":"","format":"standard","meta":{"spay_email":"","jetpack_publicize_message":"","jetpack_is_tweetstorm":false,"jetpack_publicize_feature_enabled":true},"categories":[6950],"tags":[21681,19],"jetpack_publicize_connections":[],"yoast_head":"<!-- This site is optimized with the Yoast SEO plugin v19.1 - https:\/\/yoast.com\/wordpress\/plugins\/seo\/ -->\n<title>Atleti\u010dari Novog Pazara u Ulcinju - Lajme nga Ulqini<\/title>\n<meta name=\"description\" content=\"Atleti\u010dari Novog Pazara otputova\u0107e sutra u Ulcinj, gde \u0107e u narednih 15 dana obaviti prvi ciklus priprema za nastupaju\u0107u sezonu. Sportski direktor\" \/>\n<meta name=\"robots\" content=\"index, follow, max-snippet:-1, max-image-preview:large, max-video-preview:-1\" \/>\n<link rel=\"canonical\" href=\"https:\/\/www.visit-ulcinj.com\/blog\/2013\/01\/11\/atleticari-novog-pazara-u-ulcinju\/\" \/>\n<meta property=\"og:locale\" content=\"en_US\" \/>\n<meta property=\"og:type\" content=\"article\" \/>\n<meta property=\"og:title\" content=\"Atleti\u010dari Novog Pazara u Ulcinju - Lajme nga Ulqini\" \/>\n<meta property=\"og:description\" content=\"Atleti\u010dari Novog Pazara otputova\u0107e sutra u Ulcinj, gde \u0107e u narednih 15 dana obaviti prvi ciklus priprema za nastupaju\u0107u sezonu. Sportski direktor\" \/>\n<meta property=\"og:url\" content=\"https:\/\/www.visit-ulcinj.com\/blog\/2013\/01\/11\/atleticari-novog-pazara-u-ulcinju\/\" \/>\n<meta property=\"og:site_name\" content=\"Lajme nga Ulqini\" \/>\n<meta property=\"article:published_time\" content=\"2013-01-11T19:43:48+00:00\" \/>\n<meta property=\"og:image\" content=\"http:\/\/www.visit-ulcinj.com\/blog\/wp-content\/uploads\/2013\/01\/Sportski-direktor-novopazarskog-atletskog-kluba-Edin-Zukovic.jpg\" \/>\n<meta name=\"twitter:label1\" content=\"Written by\" \/>\n\t<meta name=\"twitter:data1\" content=\"ulqini\" \/>\n\t<meta name=\"twitter:label2\" content=\"Est. reading time\" \/>\n\t<meta name=\"twitter:data2\" content=\"1 minute\" \/>\n<script type=\"application\/ld+json\" class=\"yoast-schema-graph\">{\"@context\":\"https:\/\/schema.org\",\"@graph\":[{\"@type\":\"WebSite\",\"@id\":\"https:\/\/www.visit-ulcinj.com\/blog\/#website\",\"url\":\"https:\/\/www.visit-ulcinj.com\/blog\/\",\"name\":\"Lajme nga Ulqini\",\"description\":\"Lajme,Vijesti,Ulqini,Ulqin,Crna Gora,Mali i Zi\",\"potentialAction\":[{\"@type\":\"SearchAction\",\"target\":{\"@type\":\"EntryPoint\",\"urlTemplate\":\"https:\/\/www.visit-ulcinj.com\/blog\/?s={search_term_string}\"},\"query-input\":\"required name=search_term_string\"}],\"inLanguage\":\"en-US\"},{\"@type\":\"ImageObject\",\"inLanguage\":\"en-US\",\"@id\":\"https:\/\/www.visit-ulcinj.com\/blog\/2013\/01\/11\/atleticari-novog-pazara-u-ulcinju\/#primaryimage\",\"url\":\"https:\/\/www.visit-ulcinj.com\/blog\/wp-content\/uploads\/2013\/01\/Sportski-direktor-novopazarskog-atletskog-kluba-Edin-Zukovic.jpg\",\"contentUrl\":\"https:\/\/www.visit-ulcinj.com\/blog\/wp-content\/uploads\/2013\/01\/Sportski-direktor-novopazarskog-atletskog-kluba-Edin-Zukovic.jpg\",\"width\":616,\"height\":462},{\"@type\":\"WebPage\",\"@id\":\"https:\/\/www.visit-ulcinj.com\/blog\/2013\/01\/11\/atleticari-novog-pazara-u-ulcinju\/#webpage\",\"url\":\"https:\/\/www.visit-ulcinj.com\/blog\/2013\/01\/11\/atleticari-novog-pazara-u-ulcinju\/\",\"name\":\"Atleti\u010dari Novog Pazara u Ulcinju - Lajme nga Ulqini\",\"isPartOf\":{\"@id\":\"https:\/\/www.visit-ulcinj.com\/blog\/#website\"},\"primaryImageOfPage\":{\"@id\":\"https:\/\/www.visit-ulcinj.com\/blog\/2013\/01\/11\/atleticari-novog-pazara-u-ulcinju\/#primaryimage\"},\"datePublished\":\"2013-01-11T19:43:48+00:00\",\"dateModified\":\"2013-01-11T19:43:48+00:00\",\"author\":{\"@id\":\"https:\/\/www.visit-ulcinj.com\/blog\/#\/schema\/person\/dcab619c614d3038751c63bc2aadc06d\"},\"description\":\"Atleti\u010dari Novog Pazara otputova\u0107e sutra u Ulcinj, gde \u0107e u narednih 15 dana obaviti prvi ciklus priprema za nastupaju\u0107u sezonu. Sportski direktor\",\"breadcrumb\":{\"@id\":\"https:\/\/www.visit-ulcinj.com\/blog\/2013\/01\/11\/atleticari-novog-pazara-u-ulcinju\/#breadcrumb\"},\"inLanguage\":\"en-US\",\"potentialAction\":[{\"@type\":\"ReadAction\",\"target\":[\"https:\/\/www.visit-ulcinj.com\/blog\/2013\/01\/11\/atleticari-novog-pazara-u-ulcinju\/\"]}]},{\"@type\":\"BreadcrumbList\",\"@id\":\"https:\/\/www.visit-ulcinj.com\/blog\/2013\/01\/11\/atleticari-novog-pazara-u-ulcinju\/#breadcrumb\",\"itemListElement\":[{\"@type\":\"ListItem\",\"position\":1,\"name\":\"Atleti\u010dari Novog Pazara u Ulcinju\"}]},{\"@type\":\"Person\",\"@id\":\"https:\/\/www.visit-ulcinj.com\/blog\/#\/schema\/person\/dcab619c614d3038751c63bc2aadc06d\",\"name\":\"ulqini\",\"sameAs\":[\"http:\/\/www.visit-ulcinj.com\"],\"url\":\"https:\/\/www.visit-ulcinj.com\/blog\/author\/admin\/\"}]}<\/script>\n<!-- \/ Yoast SEO plugin. -->","yoast_head_json":{"title":"Atleti\u010dari Novog Pazara u Ulcinju - Lajme nga Ulqini","description":"Atleti\u010dari Novog Pazara otputova\u0107e sutra u Ulcinj, gde \u0107e u narednih 15 dana obaviti prvi ciklus priprema za nastupaju\u0107u sezonu. Sportski direktor","robots":{"index":"index","follow":"follow","max-snippet":"max-snippet:-1","max-image-preview":"max-image-preview:large","max-video-preview":"max-video-preview:-1"},"canonical":"https:\/\/www.visit-ulcinj.com\/blog\/2013\/01\/11\/atleticari-novog-pazara-u-ulcinju\/","og_locale":"en_US","og_type":"article","og_title":"Atleti\u010dari Novog Pazara u Ulcinju - Lajme nga Ulqini","og_description":"Atleti\u010dari Novog Pazara otputova\u0107e sutra u Ulcinj, gde \u0107e u narednih 15 dana obaviti prvi ciklus priprema za nastupaju\u0107u sezonu. Sportski direktor","og_url":"https:\/\/www.visit-ulcinj.com\/blog\/2013\/01\/11\/atleticari-novog-pazara-u-ulcinju\/","og_site_name":"Lajme nga Ulqini","article_published_time":"2013-01-11T19:43:48+00:00","og_image":[{"url":"http:\/\/www.visit-ulcinj.com\/blog\/wp-content\/uploads\/2013\/01\/Sportski-direktor-novopazarskog-atletskog-kluba-Edin-Zukovic.jpg"}],"twitter_misc":{"Written by":"ulqini","Est. reading time":"1 minute"},"schema":{"@context":"https:\/\/schema.org","@graph":[{"@type":"WebSite","@id":"https:\/\/www.visit-ulcinj.com\/blog\/#website","url":"https:\/\/www.visit-ulcinj.com\/blog\/","name":"Lajme nga Ulqini","description":"Lajme,Vijesti,Ulqini,Ulqin,Crna Gora,Mali i Zi","potentialAction":[{"@type":"SearchAction","target":{"@type":"EntryPoint","urlTemplate":"https:\/\/www.visit-ulcinj.com\/blog\/?s={search_term_string}"},"query-input":"required name=search_term_string"}],"inLanguage":"en-US"},{"@type":"ImageObject","inLanguage":"en-US","@id":"https:\/\/www.visit-ulcinj.com\/blog\/2013\/01\/11\/atleticari-novog-pazara-u-ulcinju\/#primaryimage","url":"https:\/\/www.visit-ulcinj.com\/blog\/wp-content\/uploads\/2013\/01\/Sportski-direktor-novopazarskog-atletskog-kluba-Edin-Zukovic.jpg","contentUrl":"https:\/\/www.visit-ulcinj.com\/blog\/wp-content\/uploads\/2013\/01\/Sportski-direktor-novopazarskog-atletskog-kluba-Edin-Zukovic.jpg","width":616,"height":462},{"@type":"WebPage","@id":"https:\/\/www.visit-ulcinj.com\/blog\/2013\/01\/11\/atleticari-novog-pazara-u-ulcinju\/#webpage","url":"https:\/\/www.visit-ulcinj.com\/blog\/2013\/01\/11\/atleticari-novog-pazara-u-ulcinju\/","name":"Atleti\u010dari Novog Pazara u Ulcinju - Lajme nga Ulqini","isPartOf":{"@id":"https:\/\/www.visit-ulcinj.com\/blog\/#website"},"primaryImageOfPage":{"@id":"https:\/\/www.visit-ulcinj.com\/blog\/2013\/01\/11\/atleticari-novog-pazara-u-ulcinju\/#primaryimage"},"datePublished":"2013-01-11T19:43:48+00:00","dateModified":"2013-01-11T19:43:48+00:00","author":{"@id":"https:\/\/www.visit-ulcinj.com\/blog\/#\/schema\/person\/dcab619c614d3038751c63bc2aadc06d"},"description":"Atleti\u010dari Novog Pazara otputova\u0107e sutra u Ulcinj, gde \u0107e u narednih 15 dana obaviti prvi ciklus priprema za nastupaju\u0107u sezonu. Sportski direktor","breadcrumb":{"@id":"https:\/\/www.visit-ulcinj.com\/blog\/2013\/01\/11\/atleticari-novog-pazara-u-ulcinju\/#breadcrumb"},"inLanguage":"en-US","potentialAction":[{"@type":"ReadAction","target":["https:\/\/www.visit-ulcinj.com\/blog\/2013\/01\/11\/atleticari-novog-pazara-u-ulcinju\/"]}]},{"@type":"BreadcrumbList","@id":"https:\/\/www.visit-ulcinj.com\/blog\/2013\/01\/11\/atleticari-novog-pazara-u-ulcinju\/#breadcrumb","itemListElement":[{"@type":"ListItem","position":1,"name":"Atleti\u010dari Novog Pazara u Ulcinju"}]},{"@type":"Person","@id":"https:\/\/www.visit-ulcinj.com\/blog\/#\/schema\/person\/dcab619c614d3038751c63bc2aadc06d","name":"ulqini","sameAs":["http:\/\/www.visit-ulcinj.com"],"url":"https:\/\/www.visit-ulcinj.com\/blog\/author\/admin\/"}]}},"jetpack_featured_media_url":"","jetpack_sharing_enabled":true,"jetpack_shortlink":"https:\/\/wp.me\/pe6lTn-hzu","_links":{"self":[{"href":"https:\/\/www.visit-ulcinj.com\/blog\/wp-json\/wp\/v2\/posts\/67548"}],"collection":[{"href":"https:\/\/www.visit-ulcinj.com\/blog\/wp-json\/wp\/v2\/posts"}],"about":[{"href":"https:\/\/www.visit-ulcinj.com\/blog\/wp-json\/wp\/v2\/types\/post"}],"author":[{"embeddable":true,"href":"https:\/\/www.visit-ulcinj.com\/blog\/wp-json\/wp\/v2\/users\/1"}],"replies":[{"embeddable":true,"href":"https:\/\/www.visit-ulcinj.com\/blog\/wp-json\/wp\/v2\/comments?post=67548"}],"version-history":[{"count":1,"href":"https:\/\/www.visit-ulcinj.com\/blog\/wp-json\/wp\/v2\/posts\/67548\/revisions"}],"predecessor-version":[{"id":67551,"href":"https:\/\/www.visit-ulcinj.com\/blog\/wp-json\/wp\/v2\/posts\/67548\/revisions\/67551"}],"wp:attachment":[{"href":"https:\/\/www.visit-ulcinj.com\/blog\/wp-json\/wp\/v2\/media?parent=67548"}],"wp:term":[{"taxonomy":"category","embeddable":true,"href":"https:\/\/www.visit-ulcinj.com\/blog\/wp-json\/wp\/v2\/categories?post=67548"},{"taxonomy":"post_tag","embeddable":true,"href":"https:\/\/www.visit-ulcinj.com\/blog\/wp-json\/wp\/v2\/tags?post=67548"}],"curies":[{"name":"wp","href":"https:\/\/api.w.org\/{rel}","templated":true}]}}