{"id":67553,"date":"2013-01-12T08:26:07","date_gmt":"2013-01-12T07:26:07","guid":{"rendered":"http:\/\/www.visit-ulcinj.com\/blog\/?p=67553"},"modified":"2013-01-14T10:53:31","modified_gmt":"2013-01-14T09:53:31","slug":"dino-zhygjeli-finalisti-i-the-voice-of-albania-2","status":"publish","type":"post","link":"https:\/\/www.visit-ulcinj.com\/blog\/2013\/01\/12\/dino-zhygjeli-finalisti-i-the-voice-of-albania-2\/","title":{"rendered":"Dino Zhygjeli, finalisti i \u201cThe Voice of Albania 2\u201d"},"content":{"rendered":"<p><a href=\"http:\/\/www.visit-ulcinj.com\/blog\/wp-content\/uploads\/2013\/01\/Dino-Zhygjeli-ne-Voice-of-Albania2.5.jpg\"><img loading=\"lazy\" class=\"alignleft  wp-image-67554\" alt=\"Dino Zhygjeli ne Voice of Albania2.5\" src=\"http:\/\/www.visit-ulcinj.com\/blog\/wp-content\/uploads\/2013\/01\/Dino-Zhygjeli-ne-Voice-of-Albania2.5.jpg\" width=\"508\" height=\"360\" \/><\/a>Mbrem\u00eb n\u00eb emisionin\u00a0 Voice of Albania u b\u00eb e ditur se Aleksandri, Matej, Jozefina, Dino, Mjellma, Keleri, Venera dhe Lindi jane gjysmefinalistet e Voice of Albania 2!<\/p>\n<p>Dino Zhygjeli nj\u00eb em\u00ebr q\u00eb ka kapluar shume zemra dhe admirues nga Shqiperia,Kosova\u00a0 nga Mali i Zi e sidomos nga vendlindja e tij\u00ebUlqini. U shfaq koh\u00ebt e fundit si nj\u00eb talent n\u00eb spektaklin m\u00eb t\u00eb njohur p\u00ebr p\u00ebrzgjedhje t\u00eb talenteve \u201cThe Voice of Albania 2\u201d, nga ku sot, para finales se madhe pas disa shfaqjesh, n\u00eb m\u00ebnyr\u00eb ekzemplare kualifikohet, p\u00ebrmes televotimit dhe p\u00ebrzgjedhjes se trajner\u00ebve eminente, ndodhet mes gjasht\u00eb \u00a0z\u00ebrave me te mire n\u00eb k\u00ebt\u00eb finale.<\/p>\n<p><a href=\"http:\/\/www.visit-ulcinj.com\/blog\/wp-content\/uploads\/2013\/01\/Dino-Zhygjeli-ne-Voice-of-Albania2.2.jpg\"><img loading=\"lazy\" class=\"alignleft  wp-image-67555\" alt=\"Dino Zhygjeli ne Voice of Albania2.2\" src=\"http:\/\/www.visit-ulcinj.com\/blog\/wp-content\/uploads\/2013\/01\/Dino-Zhygjeli-ne-Voice-of-Albania2.2.jpg\" width=\"300\" height=\"350\" \/><\/a>Dino Zhygjeli \u00ebsht\u00eb nga Ulqini dhe studion n\u00eb Tiran\u00eb p\u00ebr artitektur\u00eb. Mbrem\u00eb Dini \u00a0esht\u00eb i nominuar p\u00ebr gjysmefinalistet e Voice of Albania 2.<\/p>\n<p>Dino Zhygjeli ka lindur n\u00eb Ulqin t\u00eb Malit t\u00eb Zi, ku kreu shkoll\u00ebn fillore dhe te mesme, nd\u00ebrsa studion n\u00eb Tiran\u00eb p\u00ebr artitektur\u00eb. Rrjedh nga nj\u00eb familje qytetaresh, me tradite intelektuale dhe kulturore. Dini, edhe pse talentin e tij prej k\u00ebng\u00ebtari e nxori papritur para ca koh\u00ebsh, ai \u00e7do here ka qene i pasionuar ne jet\u00ebn kulturore, me pjes\u00ebmarrje ne organizimin e aktivitete te ndryshme.<\/p>\n<p>Dino Zhygjeli \u00ebsht\u00eb tip shume i dashur, i af\u00ebrt, modest dhe tep\u00ebr spontan ne paraqitjen para publikut, gj\u00eb qe e b\u00ebn\u00eb te dashur ne rrethin ku jeton.<br \/>\n<a href=\"http:\/\/www.visit-ulcinj.com\/blog\/wp-content\/uploads\/2013\/01\/Dino-Zhygjeli-ne-Voice-of-Albania2.3.jpg\"><img loading=\"lazy\" class=\"alignleft  wp-image-67556\" alt=\"Dino Zhygjeli ne Voice of Albania2.3\" src=\"http:\/\/www.visit-ulcinj.com\/blog\/wp-content\/uploads\/2013\/01\/Dino-Zhygjeli-ne-Voice-of-Albania2.3.jpg\" width=\"508\" height=\"300\" \/><\/a><\/p>\n<p>Lajme nga Ulqini ju sjell nj\u00eb intervist\u00eb ekskluzive me Dino Zhygjelin, finalistin e \u201cThe Voice of Albania 2\u201d e p\u00ebrgaditur nga Ilir Berisha.<\/p>\n<p><strong>Tashme jeni pjes e dhe voic of albania 2 , \u00e7ka ju shtyri t\u00eb merrni pjes n\u00eb k\u00ebt\u00eb kompeticion?<\/strong><\/p>\n<p>Besoj\u00eb se arsya dhe shtysa kryesore q\u00eb morra pjes\u00eb n\u00eb The Voice \u00ebsht\u00eb fakti q\u00eb mua m\u00eb p\u00eblqejn\u00eb sfidat.E paramendoja si nj\u00eb rrug\u00eb ku perfshihesh n\u00eb Televizion, ke publikun t\u00ebnd dhe n\u00eb \u00e7do moment ke njerzit q\u00eb t\u00eb mb\u00ebshtesin dhe kjo \u00ebsht\u00eb nj\u00eb ndjenj\u00eb shum\u00eb e ve\u00e7ant\u00eb.<\/p>\n<p><strong>\u00a0Qka pritni nga dhe voic of albania ?<\/strong><\/p>\n<p>Tashme q\u00eb jam pjes\u00eb e The Voice pritshmerite e mia jan\u00eb realizuar q\u00eb tani, dhe puna e p\u00ebrditshme me trajnerin Almen, si dhe shoqeria q\u00eb kemi n\u00eb vet anetaret tek voice, \u00ebsht\u00eb di\u00e7ka q\u00eb e zbukuron edhe me shum\u00eb k\u00ebt\u00eb experience.<br \/>\n<a href=\"http:\/\/www.visit-ulcinj.com\/blog\/wp-content\/uploads\/2013\/01\/Dino-Zhygjeli_Grupi-BURN_Tirana.jpg\"><img loading=\"lazy\" class=\"alignleft  wp-image-67557\" alt=\"Dino Zhygjeli_Grupi BURN_Tirana\" src=\"http:\/\/www.visit-ulcinj.com\/blog\/wp-content\/uploads\/2013\/01\/Dino-Zhygjeli_Grupi-BURN_Tirana.jpg\" width=\"508\" height=\"300\" \/><\/a><\/p>\n<p><strong>\u00a0Tashm\u00eb edhe vokalist i grupit BURN si lindi ky bashkpunim?<\/strong><\/p>\n<p>Djemt\u00eb nga Burn m\u00eb degjuan tek Top Fest, dhe s kaluan shum\u00eb kohe deri ke momenti q\u00eb m\u00eb kontaktuan dhe m\u00eb b\u00ebn\u00eb ftes\u00ebn p\u00ebr t\u00eb qen\u00eb dhe un\u00eb an\u00ebtar i grupit Burn.Shum\u00eb shpejt\u00eb u familjarizova me \u00e7unat, filluam menj\u00ebher me provat p\u00ebr live n\u00eb Tiran\u00eb<\/p>\n<p><strong>Studioni artitektur n\u00ebse do ishit p\u00ebrball\u00eb nj\u00eb zgjedhje n\u00eb mes muzikes dhe shkoll\u00ebs cilen do e zgjidhje?<\/strong><\/p>\n<p>Nuk i ndaj, sepse t\u00eb dyjat i shoh baraz t\u00eb r\u00ebndesishme n\u00eb jeten time..<\/p>\n<p><strong>\u00a0Projekti juaj q\u00eb po punoni tani ?<\/strong><\/p>\n<p>Tani p\u00ebr tani,me grupin Burn kemi p\u00ebrfunduar incizimet e kenges s\u00eb re, e cila do lancohet s\u00eb shpejti n\u00eb treg. P\u00ebr k\u00ebt\u00eb t\u00eb fundit do xhirohet dhe nj\u00eb videoklip.<\/p>\n<p><strong>\u00a0Flm p\u00ebr biseden diqka p\u00ebr fund?<\/strong><\/p>\n<p>Ju falenderoj p\u00ebr intervisten,dhe shihemi s\u00eb shpejti.<\/p>\n<p><strong>Lajme nga Ulqini<\/strong><\/p>\n<p><iframe loading=\"lazy\" src=\"http:\/\/www.youtube.com\/embed\/qRuiscl9c4M\" height=\"360\" width=\"508\" allowfullscreen=\"\" frameborder=\"0\"><\/iframe><\/p>\n","protected":false},"excerpt":{"rendered":"<p>Mbrem\u00eb n\u00eb emisionin\u00a0 Voice of Albania u b\u00eb e ditur se Aleksandri, Matej, Jozefina, Dino, Mjellma, Keleri, Venera dhe Lindi jane gjysmefinalistet e Voice of Albania 2! Dino Zhygjeli nj\u00eb em\u00ebr q\u00eb ka kapluar shume zemra dhe admirues nga Shqiperia,Kosova\u00a0 nga Mali i Zi e sidomos nga vendlindja e tij\u00ebUlqini. U shfaq koh\u00ebt e fundit [&hellip;]<\/p>\n","protected":false},"author":1,"featured_media":0,"comment_status":"open","ping_status":"closed","sticky":false,"template":"","format":"standard","meta":{"spay_email":"","jetpack_publicize_message":"","jetpack_is_tweetstorm":false,"jetpack_publicize_feature_enabled":true},"categories":[1],"tags":[11609,21509,21512,17977,212,17828,21239,17834,21237,18370,17811,4031,21242,20884,7930,17831,21652,18362,14353,17808,14354,12340,17840,17839,18363,21221,21222,18532,19677,17835,21240,17814,17810,17816,17071,2319,21246,17807,21253,21468,21469,19517,3516,14652,17837,17827,21219,21416,8470,21244,21654,4607,21494,2338,21653,21238,21248,14358,19806,222,2321,17802,17812,17803,2323,3584,17820,16036,1499,21236,21250,17825,17817,17805,21252,3169,8966,305,21251,840,17823,17832,3506,17818,214,21231,3993,5913,17680,14362,14363,18371,21493,21230,21241,21513,3507,730,21471,21249,17800,498,3500,21421,21228,21255,19514,115,14364,21234,18694,21254,21223,21418,17799,3327,21226,17841,3944,17826,15213,18236,3512,17806,18399,11648,18289,21233,17838,95,2348,21427,17813,17804,15141,347,19495,17836,14366,21510,3875,79,17073,18294,318,118,18368,18369,21417,21662,21661,19511,21257,21258,1653,21420,21426,21419,11584,2304,21261,21232,1909,21243,21224,14367,21235,2354,5380,17801,2306,2334,2335,21470,18360,21227,3577,17822,14368,14369,21225,21492,17824,14370,21247,18291,16228,21259,2083,3231,14371,21220,41,3617,5040,3582,2350,21684,3722,21260,14372,17844,17821,18372,21256,17830,17077,18295,14375,17833,17829,899,21245,20894,21682,21683,3797,21229,4684,19,200,18,17819,19460,4243,16445,17809,2340,14376],"jetpack_publicize_connections":[],"yoast_head":"<!-- This site is optimized with the Yoast SEO plugin v19.1 - https:\/\/yoast.com\/wordpress\/plugins\/seo\/ -->\n<title>Dino Zhygjeli, finalisti i \u201cThe Voice of Albania 2\u201d - Lajme nga Ulqini<\/title>\n<meta name=\"description\" content=\"Mbrem\u00eb n\u00eb emisionin\u00a0 Voice of Albania u b\u00eb e ditur se Aleksandri, Matej, Jozefina, Dino, Mjellma, Keleri, Venera dhe Lindi jane gjysmefinalistet e Voice\" \/>\n<meta name=\"robots\" content=\"index, follow, max-snippet:-1, max-image-preview:large, max-video-preview:-1\" \/>\n<link rel=\"canonical\" href=\"https:\/\/www.visit-ulcinj.com\/blog\/2013\/01\/12\/dino-zhygjeli-finalisti-i-the-voice-of-albania-2\/\" \/>\n<meta property=\"og:locale\" content=\"en_US\" \/>\n<meta property=\"og:type\" content=\"article\" \/>\n<meta property=\"og:title\" content=\"Dino Zhygjeli, finalisti i \u201cThe Voice of Albania 2\u201d - Lajme nga Ulqini\" \/>\n<meta property=\"og:description\" content=\"Mbrem\u00eb n\u00eb emisionin\u00a0 Voice of Albania u b\u00eb e ditur se Aleksandri, Matej, Jozefina, Dino, Mjellma, Keleri, Venera dhe Lindi jane gjysmefinalistet e Voice\" \/>\n<meta property=\"og:url\" content=\"https:\/\/www.visit-ulcinj.com\/blog\/2013\/01\/12\/dino-zhygjeli-finalisti-i-the-voice-of-albania-2\/\" \/>\n<meta property=\"og:site_name\" content=\"Lajme nga Ulqini\" \/>\n<meta property=\"article:published_time\" content=\"2013-01-12T07:26:07+00:00\" \/>\n<meta property=\"article:modified_time\" content=\"2013-01-14T09:53:31+00:00\" \/>\n<meta property=\"og:image\" content=\"http:\/\/www.visit-ulcinj.com\/blog\/wp-content\/uploads\/2013\/01\/Dino-Zhygjeli-ne-Voice-of-Albania2.5.jpg\" \/>\n<meta name=\"twitter:label1\" content=\"Written by\" \/>\n\t<meta name=\"twitter:data1\" content=\"ulqini\" \/>\n\t<meta name=\"twitter:label2\" content=\"Est. reading time\" \/>\n\t<meta name=\"twitter:data2\" content=\"3 minutes\" \/>\n<script type=\"application\/ld+json\" class=\"yoast-schema-graph\">{\"@context\":\"https:\/\/schema.org\",\"@graph\":[{\"@type\":\"WebSite\",\"@id\":\"https:\/\/www.visit-ulcinj.com\/blog\/#website\",\"url\":\"https:\/\/www.visit-ulcinj.com\/blog\/\",\"name\":\"Lajme nga Ulqini\",\"description\":\"Lajme,Vijesti,Ulqini,Ulqin,Crna Gora,Mali i Zi\",\"potentialAction\":[{\"@type\":\"SearchAction\",\"target\":{\"@type\":\"EntryPoint\",\"urlTemplate\":\"https:\/\/www.visit-ulcinj.com\/blog\/?s={search_term_string}\"},\"query-input\":\"required name=search_term_string\"}],\"inLanguage\":\"en-US\"},{\"@type\":\"ImageObject\",\"inLanguage\":\"en-US\",\"@id\":\"https:\/\/www.visit-ulcinj.com\/blog\/2013\/01\/12\/dino-zhygjeli-finalisti-i-the-voice-of-albania-2\/#primaryimage\",\"url\":\"http:\/\/www.visit-ulcinj.com\/blog\/wp-content\/uploads\/2013\/01\/Dino-Zhygjeli-ne-Voice-of-Albania2.5.jpg\",\"contentUrl\":\"http:\/\/www.visit-ulcinj.com\/blog\/wp-content\/uploads\/2013\/01\/Dino-Zhygjeli-ne-Voice-of-Albania2.5.jpg\"},{\"@type\":\"WebPage\",\"@id\":\"https:\/\/www.visit-ulcinj.com\/blog\/2013\/01\/12\/dino-zhygjeli-finalisti-i-the-voice-of-albania-2\/#webpage\",\"url\":\"https:\/\/www.visit-ulcinj.com\/blog\/2013\/01\/12\/dino-zhygjeli-finalisti-i-the-voice-of-albania-2\/\",\"name\":\"Dino Zhygjeli, finalisti i \u201cThe Voice of Albania 2\u201d - Lajme nga Ulqini\",\"isPartOf\":{\"@id\":\"https:\/\/www.visit-ulcinj.com\/blog\/#website\"},\"primaryImageOfPage\":{\"@id\":\"https:\/\/www.visit-ulcinj.com\/blog\/2013\/01\/12\/dino-zhygjeli-finalisti-i-the-voice-of-albania-2\/#primaryimage\"},\"datePublished\":\"2013-01-12T07:26:07+00:00\",\"dateModified\":\"2013-01-14T09:53:31+00:00\",\"author\":{\"@id\":\"https:\/\/www.visit-ulcinj.com\/blog\/#\/schema\/person\/dcab619c614d3038751c63bc2aadc06d\"},\"description\":\"Mbrem\u00eb n\u00eb emisionin\u00a0 Voice of Albania u b\u00eb e ditur se Aleksandri, Matej, Jozefina, Dino, Mjellma, Keleri, Venera dhe Lindi jane gjysmefinalistet e Voice\",\"breadcrumb\":{\"@id\":\"https:\/\/www.visit-ulcinj.com\/blog\/2013\/01\/12\/dino-zhygjeli-finalisti-i-the-voice-of-albania-2\/#breadcrumb\"},\"inLanguage\":\"en-US\",\"potentialAction\":[{\"@type\":\"ReadAction\",\"target\":[\"https:\/\/www.visit-ulcinj.com\/blog\/2013\/01\/12\/dino-zhygjeli-finalisti-i-the-voice-of-albania-2\/\"]}]},{\"@type\":\"BreadcrumbList\",\"@id\":\"https:\/\/www.visit-ulcinj.com\/blog\/2013\/01\/12\/dino-zhygjeli-finalisti-i-the-voice-of-albania-2\/#breadcrumb\",\"itemListElement\":[{\"@type\":\"ListItem\",\"position\":1,\"name\":\"Dino Zhygjeli, finalisti i \u201cThe Voice of Albania 2\u201d\"}]},{\"@type\":\"Person\",\"@id\":\"https:\/\/www.visit-ulcinj.com\/blog\/#\/schema\/person\/dcab619c614d3038751c63bc2aadc06d\",\"name\":\"ulqini\",\"sameAs\":[\"http:\/\/www.visit-ulcinj.com\"],\"url\":\"https:\/\/www.visit-ulcinj.com\/blog\/author\/admin\/\"}]}<\/script>\n<!-- \/ Yoast SEO plugin. -->","yoast_head_json":{"title":"Dino Zhygjeli, finalisti i \u201cThe Voice of Albania 2\u201d - Lajme nga Ulqini","description":"Mbrem\u00eb n\u00eb emisionin\u00a0 Voice of Albania u b\u00eb e ditur se Aleksandri, Matej, Jozefina, Dino, Mjellma, Keleri, Venera dhe Lindi jane gjysmefinalistet e Voice","robots":{"index":"index","follow":"follow","max-snippet":"max-snippet:-1","max-image-preview":"max-image-preview:large","max-video-preview":"max-video-preview:-1"},"canonical":"https:\/\/www.visit-ulcinj.com\/blog\/2013\/01\/12\/dino-zhygjeli-finalisti-i-the-voice-of-albania-2\/","og_locale":"en_US","og_type":"article","og_title":"Dino Zhygjeli, finalisti i \u201cThe Voice of Albania 2\u201d - Lajme nga Ulqini","og_description":"Mbrem\u00eb n\u00eb emisionin\u00a0 Voice of Albania u b\u00eb e ditur se Aleksandri, Matej, Jozefina, Dino, Mjellma, Keleri, Venera dhe Lindi jane gjysmefinalistet e Voice","og_url":"https:\/\/www.visit-ulcinj.com\/blog\/2013\/01\/12\/dino-zhygjeli-finalisti-i-the-voice-of-albania-2\/","og_site_name":"Lajme nga Ulqini","article_published_time":"2013-01-12T07:26:07+00:00","article_modified_time":"2013-01-14T09:53:31+00:00","og_image":[{"url":"http:\/\/www.visit-ulcinj.com\/blog\/wp-content\/uploads\/2013\/01\/Dino-Zhygjeli-ne-Voice-of-Albania2.5.jpg"}],"twitter_misc":{"Written by":"ulqini","Est. reading time":"3 minutes"},"schema":{"@context":"https:\/\/schema.org","@graph":[{"@type":"WebSite","@id":"https:\/\/www.visit-ulcinj.com\/blog\/#website","url":"https:\/\/www.visit-ulcinj.com\/blog\/","name":"Lajme nga Ulqini","description":"Lajme,Vijesti,Ulqini,Ulqin,Crna Gora,Mali i Zi","potentialAction":[{"@type":"SearchAction","target":{"@type":"EntryPoint","urlTemplate":"https:\/\/www.visit-ulcinj.com\/blog\/?s={search_term_string}"},"query-input":"required name=search_term_string"}],"inLanguage":"en-US"},{"@type":"ImageObject","inLanguage":"en-US","@id":"https:\/\/www.visit-ulcinj.com\/blog\/2013\/01\/12\/dino-zhygjeli-finalisti-i-the-voice-of-albania-2\/#primaryimage","url":"http:\/\/www.visit-ulcinj.com\/blog\/wp-content\/uploads\/2013\/01\/Dino-Zhygjeli-ne-Voice-of-Albania2.5.jpg","contentUrl":"http:\/\/www.visit-ulcinj.com\/blog\/wp-content\/uploads\/2013\/01\/Dino-Zhygjeli-ne-Voice-of-Albania2.5.jpg"},{"@type":"WebPage","@id":"https:\/\/www.visit-ulcinj.com\/blog\/2013\/01\/12\/dino-zhygjeli-finalisti-i-the-voice-of-albania-2\/#webpage","url":"https:\/\/www.visit-ulcinj.com\/blog\/2013\/01\/12\/dino-zhygjeli-finalisti-i-the-voice-of-albania-2\/","name":"Dino Zhygjeli, finalisti i \u201cThe Voice of Albania 2\u201d - Lajme nga Ulqini","isPartOf":{"@id":"https:\/\/www.visit-ulcinj.com\/blog\/#website"},"primaryImageOfPage":{"@id":"https:\/\/www.visit-ulcinj.com\/blog\/2013\/01\/12\/dino-zhygjeli-finalisti-i-the-voice-of-albania-2\/#primaryimage"},"datePublished":"2013-01-12T07:26:07+00:00","dateModified":"2013-01-14T09:53:31+00:00","author":{"@id":"https:\/\/www.visit-ulcinj.com\/blog\/#\/schema\/person\/dcab619c614d3038751c63bc2aadc06d"},"description":"Mbrem\u00eb n\u00eb emisionin\u00a0 Voice of Albania u b\u00eb e ditur se Aleksandri, Matej, Jozefina, Dino, Mjellma, Keleri, Venera dhe Lindi jane gjysmefinalistet e Voice","breadcrumb":{"@id":"https:\/\/www.visit-ulcinj.com\/blog\/2013\/01\/12\/dino-zhygjeli-finalisti-i-the-voice-of-albania-2\/#breadcrumb"},"inLanguage":"en-US","potentialAction":[{"@type":"ReadAction","target":["https:\/\/www.visit-ulcinj.com\/blog\/2013\/01\/12\/dino-zhygjeli-finalisti-i-the-voice-of-albania-2\/"]}]},{"@type":"BreadcrumbList","@id":"https:\/\/www.visit-ulcinj.com\/blog\/2013\/01\/12\/dino-zhygjeli-finalisti-i-the-voice-of-albania-2\/#breadcrumb","itemListElement":[{"@type":"ListItem","position":1,"name":"Dino Zhygjeli, finalisti i \u201cThe Voice of Albania 2\u201d"}]},{"@type":"Person","@id":"https:\/\/www.visit-ulcinj.com\/blog\/#\/schema\/person\/dcab619c614d3038751c63bc2aadc06d","name":"ulqini","sameAs":["http:\/\/www.visit-ulcinj.com"],"url":"https:\/\/www.visit-ulcinj.com\/blog\/author\/admin\/"}]}},"jetpack_featured_media_url":"","jetpack_sharing_enabled":true,"jetpack_shortlink":"https:\/\/wp.me\/pe6lTn-hzz","_links":{"self":[{"href":"https:\/\/www.visit-ulcinj.com\/blog\/wp-json\/wp\/v2\/posts\/67553"}],"collection":[{"href":"https:\/\/www.visit-ulcinj.com\/blog\/wp-json\/wp\/v2\/posts"}],"about":[{"href":"https:\/\/www.visit-ulcinj.com\/blog\/wp-json\/wp\/v2\/types\/post"}],"author":[{"embeddable":true,"href":"https:\/\/www.visit-ulcinj.com\/blog\/wp-json\/wp\/v2\/users\/1"}],"replies":[{"embeddable":true,"href":"https:\/\/www.visit-ulcinj.com\/blog\/wp-json\/wp\/v2\/comments?post=67553"}],"version-history":[{"count":2,"href":"https:\/\/www.visit-ulcinj.com\/blog\/wp-json\/wp\/v2\/posts\/67553\/revisions"}],"predecessor-version":[{"id":67576,"href":"https:\/\/www.visit-ulcinj.com\/blog\/wp-json\/wp\/v2\/posts\/67553\/revisions\/67576"}],"wp:attachment":[{"href":"https:\/\/www.visit-ulcinj.com\/blog\/wp-json\/wp\/v2\/media?parent=67553"}],"wp:term":[{"taxonomy":"category","embeddable":true,"href":"https:\/\/www.visit-ulcinj.com\/blog\/wp-json\/wp\/v2\/categories?post=67553"},{"taxonomy":"post_tag","embeddable":true,"href":"https:\/\/www.visit-ulcinj.com\/blog\/wp-json\/wp\/v2\/tags?post=67553"}],"curies":[{"name":"wp","href":"https:\/\/api.w.org\/{rel}","templated":true}]}}